{"id":31012,"date":"2017-08-25T12:50:37","date_gmt":"2017-08-25T09:50:37","guid":{"rendered":"http:\/\/btv.md\/?p=31012"},"modified":"2019-03-14T14:52:46","modified_gmt":"2019-03-14T12:52:46","slug":"moldova-nu-va-primi-din-partea-ue-27-milioane-euro","status":"publish","type":"post","link":"https:\/\/www.btv.md\/ro\/moldova-nu-va-primi-din-partea-ue-27-milioane-euro\/","title":{"rendered":"Moldova nu va primi din partea UE 27 milioane euro"},"content":{"rendered":"<p><strong>Republica Moldova nu va primi din partea UE 27 milioane de euro pentru reforma justi\u021biei, despre aceasta scrie portalul de \u0219tiri News Maker, cit\u00e2nd surse inclusiv din cadrul structurilor Guvernului.<\/strong><\/p>\n<p>\u00cenghe\u021barea finan\u021b\u0103rii ar fi fost cauzat\u0103 de faptului c\u0103 Uniunea European\u0103 nu vede niciun progres \u00een reformarea sistemului judiciar al \u021b\u0103rii. Ministerul Justi\u021biei nu \u0219tie \u00eenc\u0103 despre decizia de la Bruxelles. \u00cen UE, \u00eentre timp, se vorbe\u0219te deschis despre criza de \u00eencredere \u00een rela\u021biile cu Chi\u0219in\u0103ul.<\/p>\n<p>Oficial, UE nu a anun\u021bat \u00eenc\u0103 autorit\u0103\u021bilor moldovene\u0219ti cu privire la decizia luat\u0103 &#8211; acest lucru se va face \u00een viitorul apropiat.<\/p>\n<p>Ajutorul bugetar sectorial care vizeaz\u0103 reformarea sistemului judiciar a fost de 58,2 milioane de euro, din care 15 milioane de euro au fost alocate \u00een noiembrie 2013. Alte 13,2 milioane de euro au fost primite \u00een luna august 2014. A treia tran\u0219\u0103 era de 14,057 milioane de euro, iar cea de-a patra tran\u0219\u0103 &#8211; 13,067 de milioane de euro.<\/p>\n<p>Astfel ultimele dou\u0103 tran\u0219e de 27,124 de milioane de euro nu vor ajunge \u00een Moldova, a declarat una dintre sursele\u00a0<a href=\"http:\/\/newsmaker.md\/rus\/novosti\/derzhi-karman-uzhe-minyust-moldovy-ne-poluchit-ot-es-27-mln-na-reformy-33178\">News Maker<\/a>, citat de<a href=\"http:\/\/unimedia.info\/stiri\/news-maker-republica-moldova-nu-va-primi-din-partea-ue-27-milioane-euro-pentru-reforma-justitiei-138396.html\">\u00a0unimedia<\/a>.<\/p>\n<p>Strategia de reformare a justi\u021biei moldovene\u0219ti a fost conceput\u0103 pentru perioada 2011-2016. A fost prelungit\u0103 p\u00e2n\u0103 la adoptarea unei noi strategii. Sursa NM a men\u021bionat c\u0103 a fost \u00eenfiin\u021bat un grup de lucru pentru a dezvolta aceast\u0103 strategie, dar a avut o singur\u0103 \u00eent\u00e2lnire. Noua strategie nu a fost dezvoltat\u0103 \u00eenc\u0103.<\/p>\n<p>Ministerul Justi\u021biei, potrivit sursei citate, nu a respectat toate prevederile prev\u0103zute de strategia de reformare a justi\u021biei. \u00cen special, Protocolul nr. 12 la Conven\u021bia pentru ap\u0103rarea drepturilor omului \u0219i a libert\u0103\u021bilor fundamentale, care asigur\u0103 egalitatea, nu a fost ratificat. De asemenea, nu au existat amendamente la Constitu\u021bie, modific\u00e2nd principiul numirii judec\u0103torilor \u0219i membrilor Consiliului Superior al Magistraturii.<\/p>\n<p>\u201eNu este vorba despre cantitate, ci despre calitatea justi\u021biei. \u00cen loc de progres, vedem o regresie: nu exist\u0103 nicio independen\u021b\u0103 a sistemului judiciar\u201d, a declarat pentru NM un oficial din structurile UE care a cerut s\u0103 nu i se men\u021bioneze numele.<\/p>\n<p>De asemenea, el a atras aten\u021bia asupra faptului c\u0103 justi\u021bia \u00een Republica Moldova este \u00eenc\u0103 selectiv\u0103. Acest lucru este confirmat de procesele politice puternice, inclusiv de cazul grupului Petrenko.<\/p>\n<p>Ministrului Justi\u021biei, Vladimir Cebotari, nu \u0219tie despre decizia UE. \u201e\u00cenc\u0103 nu \u0219tim nimic despre asta. Prin urmare, nu putem comenta acest lucru\u201d, a declarat ministrul pentru NM.<\/p>\n","protected":false},"excerpt":{"rendered":"<p>Republica Moldova nu va primi din partea UE 27 milioane de euro pentru reforma justi\u021biei, despre aceasta scrie portalul de \u0219tiri News Maker, cit\u00e2nd surse inclusiv din cadrul structurilor Guvernului. \u00cenghe\u021barea finan\u021b\u0103rii ar fi fost cauzat\u0103 de faptului c\u0103 Uniunea European\u0103 nu vede niciun progres \u00een reformarea sistemului judiciar al \u021b\u0103rii. Ministerul Justi\u021biei nu \u0219tie [&hellip;]<\/p>\n","protected":false},"author":4,"featured_media":31013,"comment_status":"closed","ping_status":"closed","sticky":false,"template":"","format":"standard","meta":{"footnotes":""},"categories":[6349],"tags":[],"class_list":["post-31012","post","type-post","status-publish","format-standard","has-post-thumbnail","hentry","category-social"],"yoast_head":"<!-- This site is optimized with the Yoast SEO plugin v27.4 - https:\/\/yoast.com\/product\/yoast-seo-wordpress\/ -->\n<title>\u041c\u0438\u043d\u044e\u0441\u0442 \u041c\u043e\u043b\u0434\u043e\u0432\u044b \u043d\u0435 \u043f\u043e\u043b\u0443\u0447\u0438\u0442 \u043e\u0442 \u0435\u0441 \u20ac27 \u043c\u043b\u043d \u043d\u0430 \u0440\u0435\u0444\u043e\u0440\u043c\u044b<\/title>\n<meta name=\"description\" content=\"\u041a\u0430\u043a \u0441\u0442\u0430\u043b\u043e \u0438\u0437\u0432\u0435\u0441\u0442\u043d\u043e newsmaker.md, \u041c\u043e\u043b\u0434\u043e\u0432\u0430 \u043d\u0435 \u043f\u043e\u043b\u0443\u0447\u0438\u0442 \u043e\u0442 \u0415\u0421 \u20ac27 \u043c\u043b\u043d \u0441\u0435\u043a\u0442\u043e\u0440\u0430\u043b\u044c\u043d\u043e\u0439 \u0431\u044e\u0434\u0436\u0435\u0442\u043d\u043e\u0439 \u043f\u043e\u043c\u043e\u0449\u0438 \u043d\u0430 \u0440\u0435\u0444\u043e\u0440\u043c\u044b \u0432 \u044e\u0441\u0442\u0438\u0446\u0438\u0438........\" \/>\n<meta name=\"robots\" content=\"index, follow, max-snippet:-1, max-image-preview:large, max-video-preview:-1\" \/>\n<link rel=\"canonical\" href=\"https:\/\/www.btv.md\/ro\/moldova-nu-va-primi-din-partea-ue-27-milioane-euro\/\" \/>\n<meta property=\"og:locale\" content=\"ro_RO\" \/>\n<meta property=\"og:type\" content=\"article\" \/>\n<meta property=\"og:title\" content=\"\u041c\u0438\u043d\u044e\u0441\u0442 \u041c\u043e\u043b\u0434\u043e\u0432\u044b \u043d\u0435 \u043f\u043e\u043b\u0443\u0447\u0438\u0442 \u043e\u0442 \u0435\u0441 \u20ac27 \u043c\u043b\u043d \u043d\u0430 \u0440\u0435\u0444\u043e\u0440\u043c\u044b\" \/>\n<meta property=\"og:description\" content=\"\u041a\u0430\u043a \u0441\u0442\u0430\u043b\u043e \u0438\u0437\u0432\u0435\u0441\u0442\u043d\u043e newsmaker.md, \u041c\u043e\u043b\u0434\u043e\u0432\u0430 \u043d\u0435 \u043f\u043e\u043b\u0443\u0447\u0438\u0442 \u043e\u0442 \u0415\u0421 \u20ac27 \u043c\u043b\u043d \u0441\u0435\u043a\u0442\u043e\u0440\u0430\u043b\u044c\u043d\u043e\u0439 \u0431\u044e\u0434\u0436\u0435\u0442\u043d\u043e\u0439 \u043f\u043e\u043c\u043e\u0449\u0438 \u043d\u0430 \u0440\u0435\u0444\u043e\u0440\u043c\u044b \u0432 \u044e\u0441\u0442\u0438\u0446\u0438\u0438. \u041e\u0431 \u044d\u0442\u043e\u043c NM \u043d\u0430 \u0443\u0441\u043b\u043e\u0432\u0438\u044f\u0445 \u0430\u043d\u043e\u043d\u0438\u043c\u043d\u043e\u0441\u0442\u0438 \u0440\u0430\u0441\u0441\u043a\u0430\u0437\u0430\u043b\u0438 \u0442\u0440\u0438 \u0438\u043d\u0444\u043e\u0440\u043c\u0438\u0440\u043e\u0432\u0430\u043d\u043d\u044b\u0445 \u0441\u043e\u0431\u0435\u0441\u0435\u0434\u043d\u0438\u043a\u0430.\" \/>\n<meta property=\"og:url\" content=\"https:\/\/www.btv.md\/ro\/moldova-nu-va-primi-din-partea-ue-27-milioane-euro\/\" \/>\n<meta property=\"og:site_name\" content=\"BTV\" \/>\n<meta property=\"article:publisher\" content=\"https:\/\/www.facebook.com\/btvmoldova\/\" \/>\n<meta property=\"article:published_time\" content=\"2017-08-25T09:50:37+00:00\" \/>\n<meta property=\"article:modified_time\" content=\"2019-03-14T12:52:46+00:00\" \/>\n<meta property=\"og:image\" content=\"https:\/\/www.btv.md\/wp-content\/uploads\/2017\/08\/euro-1.jpg\" \/>\n\t<meta property=\"og:image:width\" content=\"800\" \/>\n\t<meta property=\"og:image:height\" content=\"533\" \/>\n\t<meta property=\"og:image:type\" content=\"image\/jpeg\" \/>\n<meta name=\"author\" content=\"admin\" \/>\n<meta name=\"twitter:label1\" content=\"Scris de\" \/>\n\t<meta name=\"twitter:data1\" content=\"admin\" \/>\n\t<meta name=\"twitter:label2\" content=\"Timp estimat pentru citire\" \/>\n\t<meta name=\"twitter:data2\" content=\"2 minute\" \/>\n<script type=\"application\/ld+json\" class=\"yoast-schema-graph\">{\"@context\":\"https:\\\/\\\/schema.org\",\"@graph\":[{\"@type\":\"Article\",\"@id\":\"https:\\\/\\\/www.btv.md\\\/ro\\\/moldova-nu-va-primi-din-partea-ue-27-milioane-euro\\\/#article\",\"isPartOf\":{\"@id\":\"https:\\\/\\\/www.btv.md\\\/ro\\\/moldova-nu-va-primi-din-partea-ue-27-milioane-euro\\\/\"},\"author\":{\"name\":\"admin\",\"@id\":\"https:\\\/\\\/www.btv.md\\\/#\\\/schema\\\/person\\\/8fadce81561b3ce2c34c46dadc4ccbf2\"},\"headline\":\"Moldova nu va primi din partea UE 27 milioane euro\",\"datePublished\":\"2017-08-25T09:50:37+00:00\",\"dateModified\":\"2019-03-14T12:52:46+00:00\",\"mainEntityOfPage\":{\"@id\":\"https:\\\/\\\/www.btv.md\\\/ro\\\/moldova-nu-va-primi-din-partea-ue-27-milioane-euro\\\/\"},\"wordCount\":419,\"image\":{\"@id\":\"https:\\\/\\\/www.btv.md\\\/ro\\\/moldova-nu-va-primi-din-partea-ue-27-milioane-euro\\\/#primaryimage\"},\"thumbnailUrl\":\"https:\\\/\\\/www.btv.md\\\/wp-content\\\/uploads\\\/2017\\\/08\\\/euro-1.jpg\",\"articleSection\":[\"Social\"],\"inLanguage\":\"ro-RO\"},{\"@type\":\"WebPage\",\"@id\":\"https:\\\/\\\/www.btv.md\\\/ro\\\/moldova-nu-va-primi-din-partea-ue-27-milioane-euro\\\/\",\"url\":\"https:\\\/\\\/www.btv.md\\\/ro\\\/moldova-nu-va-primi-din-partea-ue-27-milioane-euro\\\/\",\"name\":\"\u041c\u0438\u043d\u044e\u0441\u0442 \u041c\u043e\u043b\u0434\u043e\u0432\u044b \u043d\u0435 \u043f\u043e\u043b\u0443\u0447\u0438\u0442 \u043e\u0442 \u0435\u0441 \u20ac27 \u043c\u043b\u043d \u043d\u0430 \u0440\u0435\u0444\u043e\u0440\u043c\u044b\",\"isPartOf\":{\"@id\":\"https:\\\/\\\/www.btv.md\\\/#website\"},\"primaryImageOfPage\":{\"@id\":\"https:\\\/\\\/www.btv.md\\\/ro\\\/moldova-nu-va-primi-din-partea-ue-27-milioane-euro\\\/#primaryimage\"},\"image\":{\"@id\":\"https:\\\/\\\/www.btv.md\\\/ro\\\/moldova-nu-va-primi-din-partea-ue-27-milioane-euro\\\/#primaryimage\"},\"thumbnailUrl\":\"https:\\\/\\\/www.btv.md\\\/wp-content\\\/uploads\\\/2017\\\/08\\\/euro-1.jpg\",\"datePublished\":\"2017-08-25T09:50:37+00:00\",\"dateModified\":\"2019-03-14T12:52:46+00:00\",\"author\":{\"@id\":\"https:\\\/\\\/www.btv.md\\\/#\\\/schema\\\/person\\\/8fadce81561b3ce2c34c46dadc4ccbf2\"},\"description\":\"\u041a\u0430\u043a \u0441\u0442\u0430\u043b\u043e \u0438\u0437\u0432\u0435\u0441\u0442\u043d\u043e newsmaker.md, \u041c\u043e\u043b\u0434\u043e\u0432\u0430 \u043d\u0435 \u043f\u043e\u043b\u0443\u0447\u0438\u0442 \u043e\u0442 \u0415\u0421 \u20ac27 \u043c\u043b\u043d \u0441\u0435\u043a\u0442\u043e\u0440\u0430\u043b\u044c\u043d\u043e\u0439 \u0431\u044e\u0434\u0436\u0435\u0442\u043d\u043e\u0439 \u043f\u043e\u043c\u043e\u0449\u0438 \u043d\u0430 \u0440\u0435\u0444\u043e\u0440\u043c\u044b \u0432 \u044e\u0441\u0442\u0438\u0446\u0438\u0438........\",\"inLanguage\":\"ro-RO\",\"potentialAction\":[{\"@type\":\"ReadAction\",\"target\":[\"https:\\\/\\\/www.btv.md\\\/ro\\\/moldova-nu-va-primi-din-partea-ue-27-milioane-euro\\\/\"]}]},{\"@type\":\"ImageObject\",\"inLanguage\":\"ro-RO\",\"@id\":\"https:\\\/\\\/www.btv.md\\\/ro\\\/moldova-nu-va-primi-din-partea-ue-27-milioane-euro\\\/#primaryimage\",\"url\":\"https:\\\/\\\/www.btv.md\\\/wp-content\\\/uploads\\\/2017\\\/08\\\/euro-1.jpg\",\"contentUrl\":\"https:\\\/\\\/www.btv.md\\\/wp-content\\\/uploads\\\/2017\\\/08\\\/euro-1.jpg\",\"width\":800,\"height\":533,\"caption\":\"\u041f\u0430\u0447\u043a\u0438 \u043a\u0443\u043f\u044e\u0440 \u0435\u0432\u0440\u043e \u0432 \u0446\u0435\u043d\u0442\u0440\u0430\u043b\u044c\u043d\u043e\u043c \u043e\u0444\u0438\u0441\u0435 GSA Austria (Money Service Austria) \u0432 \u0412\u0435\u043d\u0435 22 \u0438\u044e\u043b\u044f 2013 \u0433\u043e\u0434\u0430. \u0415\u0432\u0440\u043ec\u043e\u044e\u0437 \u0432\u044b\u0434\u0435\u043b\u0438\u043b 500 \u043c\u0438\u043b\u043b\u0438\u043e\u043d\u043e\u0432 \u0435\u0432\u0440\u043e ($617 \u043c\u0438\u043b\u043b\u0438\u043e\u043d\u043e\u0432) \u043e\u0431\u0440\u0435\u043c\u0435\u043d\u0435\u043d\u043d\u043e\u0439 \u0434\u043e\u043b\u0433\u0430\u043c\u0438 \u0423\u043a\u0440\u0430\u0438\u043d\u0435, \u0447\u044c\u0438 \u0432\u0430\u043b\u044e\u0442\u043d\u044b\u0435 \u0440\u0435\u0437\u0435\u0440\u0432\u044b \u0443\u043f\u0430\u043b\u0438 \u0434\u043e \u0441\u0430\u043c\u043e\u0433\u043e \u043d\u0438\u0437\u043a\u043e\u0433\u043e \u0443\u0440\u043e\u0432\u043d\u044f \u0441 2005 \u0433\u043e\u0434\u0430 \u0438\u0437-\u0437\u0430 \u044d\u043a\u043e\u043d\u043e\u043c\u0438\u0447\u0435\u0441\u043a\u043e\u0433\u043e \u043a\u0440\u0438\u0437\u0438\u0441\u0430 \u0438 \u0432\u043e\u0439\u043d\u044b \u0441 \u043f\u0440\u043e\u0440\u043e\u0441\u0441\u0438\u0439\u0441\u043a\u0438\u043c\u0438 \u0441\u0435\u043f\u0430\u0440\u0430\u0442\u0438\u0441\u0442\u0430\u043c\u0438 \u043d\u0430 \u0432\u043e\u0441\u0442\u043e\u043a\u0435. REUTERS\\\/Leonhard Foeger\"},{\"@type\":\"WebSite\",\"@id\":\"https:\\\/\\\/www.btv.md\\\/#website\",\"url\":\"https:\\\/\\\/www.btv.md\\\/\",\"name\":\"BTV\",\"description\":\"\u0411\u0435\u043b\u044c\u0446\u043a\u043e\u0435 \u0442\u0435\u043b\u0435\u0432\u0438\u0434\u0435\u043d\u0438\u0435\",\"potentialAction\":[{\"@type\":\"SearchAction\",\"target\":{\"@type\":\"EntryPoint\",\"urlTemplate\":\"https:\\\/\\\/www.btv.md\\\/?s={search_term_string}\"},\"query-input\":{\"@type\":\"PropertyValueSpecification\",\"valueRequired\":true,\"valueName\":\"search_term_string\"}}],\"inLanguage\":\"ro-RO\"},{\"@type\":\"Person\",\"@id\":\"https:\\\/\\\/www.btv.md\\\/#\\\/schema\\\/person\\\/8fadce81561b3ce2c34c46dadc4ccbf2\",\"name\":\"admin\"}]}<\/script>\n<!-- \/ Yoast SEO plugin. -->","yoast_head_json":{"title":"\u041c\u0438\u043d\u044e\u0441\u0442 \u041c\u043e\u043b\u0434\u043e\u0432\u044b \u043d\u0435 \u043f\u043e\u043b\u0443\u0447\u0438\u0442 \u043e\u0442 \u0435\u0441 \u20ac27 \u043c\u043b\u043d \u043d\u0430 \u0440\u0435\u0444\u043e\u0440\u043c\u044b","description":"\u041a\u0430\u043a \u0441\u0442\u0430\u043b\u043e \u0438\u0437\u0432\u0435\u0441\u0442\u043d\u043e newsmaker.md, \u041c\u043e\u043b\u0434\u043e\u0432\u0430 \u043d\u0435 \u043f\u043e\u043b\u0443\u0447\u0438\u0442 \u043e\u0442 \u0415\u0421 \u20ac27 \u043c\u043b\u043d \u0441\u0435\u043a\u0442\u043e\u0440\u0430\u043b\u044c\u043d\u043e\u0439 \u0431\u044e\u0434\u0436\u0435\u0442\u043d\u043e\u0439 \u043f\u043e\u043c\u043e\u0449\u0438 \u043d\u0430 \u0440\u0435\u0444\u043e\u0440\u043c\u044b \u0432 \u044e\u0441\u0442\u0438\u0446\u0438\u0438........","robots":{"index":"index","follow":"follow","max-snippet":"max-snippet:-1","max-image-preview":"max-image-preview:large","max-video-preview":"max-video-preview:-1"},"canonical":"https:\/\/www.btv.md\/ro\/moldova-nu-va-primi-din-partea-ue-27-milioane-euro\/","og_locale":"ro_RO","og_type":"article","og_title":"\u041c\u0438\u043d\u044e\u0441\u0442 \u041c\u043e\u043b\u0434\u043e\u0432\u044b \u043d\u0435 \u043f\u043e\u043b\u0443\u0447\u0438\u0442 \u043e\u0442 \u0435\u0441 \u20ac27 \u043c\u043b\u043d \u043d\u0430 \u0440\u0435\u0444\u043e\u0440\u043c\u044b","og_description":"\u041a\u0430\u043a \u0441\u0442\u0430\u043b\u043e \u0438\u0437\u0432\u0435\u0441\u0442\u043d\u043e newsmaker.md, \u041c\u043e\u043b\u0434\u043e\u0432\u0430 \u043d\u0435 \u043f\u043e\u043b\u0443\u0447\u0438\u0442 \u043e\u0442 \u0415\u0421 \u20ac27 \u043c\u043b\u043d \u0441\u0435\u043a\u0442\u043e\u0440\u0430\u043b\u044c\u043d\u043e\u0439 \u0431\u044e\u0434\u0436\u0435\u0442\u043d\u043e\u0439 \u043f\u043e\u043c\u043e\u0449\u0438 \u043d\u0430 \u0440\u0435\u0444\u043e\u0440\u043c\u044b \u0432 \u044e\u0441\u0442\u0438\u0446\u0438\u0438. \u041e\u0431 \u044d\u0442\u043e\u043c NM \u043d\u0430 \u0443\u0441\u043b\u043e\u0432\u0438\u044f\u0445 \u0430\u043d\u043e\u043d\u0438\u043c\u043d\u043e\u0441\u0442\u0438 \u0440\u0430\u0441\u0441\u043a\u0430\u0437\u0430\u043b\u0438 \u0442\u0440\u0438 \u0438\u043d\u0444\u043e\u0440\u043c\u0438\u0440\u043e\u0432\u0430\u043d\u043d\u044b\u0445 \u0441\u043e\u0431\u0435\u0441\u0435\u0434\u043d\u0438\u043a\u0430.","og_url":"https:\/\/www.btv.md\/ro\/moldova-nu-va-primi-din-partea-ue-27-milioane-euro\/","og_site_name":"BTV","article_publisher":"https:\/\/www.facebook.com\/btvmoldova\/","article_published_time":"2017-08-25T09:50:37+00:00","article_modified_time":"2019-03-14T12:52:46+00:00","og_image":[{"width":800,"height":533,"url":"https:\/\/www.btv.md\/wp-content\/uploads\/2017\/08\/euro-1.jpg","type":"image\/jpeg"}],"author":"admin","twitter_misc":{"Scris de":"admin","Timp estimat pentru citire":"2 minute"},"schema":{"@context":"https:\/\/schema.org","@graph":[{"@type":"Article","@id":"https:\/\/www.btv.md\/ro\/moldova-nu-va-primi-din-partea-ue-27-milioane-euro\/#article","isPartOf":{"@id":"https:\/\/www.btv.md\/ro\/moldova-nu-va-primi-din-partea-ue-27-milioane-euro\/"},"author":{"name":"admin","@id":"https:\/\/www.btv.md\/#\/schema\/person\/8fadce81561b3ce2c34c46dadc4ccbf2"},"headline":"Moldova nu va primi din partea UE 27 milioane euro","datePublished":"2017-08-25T09:50:37+00:00","dateModified":"2019-03-14T12:52:46+00:00","mainEntityOfPage":{"@id":"https:\/\/www.btv.md\/ro\/moldova-nu-va-primi-din-partea-ue-27-milioane-euro\/"},"wordCount":419,"image":{"@id":"https:\/\/www.btv.md\/ro\/moldova-nu-va-primi-din-partea-ue-27-milioane-euro\/#primaryimage"},"thumbnailUrl":"https:\/\/www.btv.md\/wp-content\/uploads\/2017\/08\/euro-1.jpg","articleSection":["Social"],"inLanguage":"ro-RO"},{"@type":"WebPage","@id":"https:\/\/www.btv.md\/ro\/moldova-nu-va-primi-din-partea-ue-27-milioane-euro\/","url":"https:\/\/www.btv.md\/ro\/moldova-nu-va-primi-din-partea-ue-27-milioane-euro\/","name":"\u041c\u0438\u043d\u044e\u0441\u0442 \u041c\u043e\u043b\u0434\u043e\u0432\u044b \u043d\u0435 \u043f\u043e\u043b\u0443\u0447\u0438\u0442 \u043e\u0442 \u0435\u0441 \u20ac27 \u043c\u043b\u043d \u043d\u0430 \u0440\u0435\u0444\u043e\u0440\u043c\u044b","isPartOf":{"@id":"https:\/\/www.btv.md\/#website"},"primaryImageOfPage":{"@id":"https:\/\/www.btv.md\/ro\/moldova-nu-va-primi-din-partea-ue-27-milioane-euro\/#primaryimage"},"image":{"@id":"https:\/\/www.btv.md\/ro\/moldova-nu-va-primi-din-partea-ue-27-milioane-euro\/#primaryimage"},"thumbnailUrl":"https:\/\/www.btv.md\/wp-content\/uploads\/2017\/08\/euro-1.jpg","datePublished":"2017-08-25T09:50:37+00:00","dateModified":"2019-03-14T12:52:46+00:00","author":{"@id":"https:\/\/www.btv.md\/#\/schema\/person\/8fadce81561b3ce2c34c46dadc4ccbf2"},"description":"\u041a\u0430\u043a \u0441\u0442\u0430\u043b\u043e \u0438\u0437\u0432\u0435\u0441\u0442\u043d\u043e newsmaker.md, \u041c\u043e\u043b\u0434\u043e\u0432\u0430 \u043d\u0435 \u043f\u043e\u043b\u0443\u0447\u0438\u0442 \u043e\u0442 \u0415\u0421 \u20ac27 \u043c\u043b\u043d \u0441\u0435\u043a\u0442\u043e\u0440\u0430\u043b\u044c\u043d\u043e\u0439 \u0431\u044e\u0434\u0436\u0435\u0442\u043d\u043e\u0439 \u043f\u043e\u043c\u043e\u0449\u0438 \u043d\u0430 \u0440\u0435\u0444\u043e\u0440\u043c\u044b \u0432 \u044e\u0441\u0442\u0438\u0446\u0438\u0438........","inLanguage":"ro-RO","potentialAction":[{"@type":"ReadAction","target":["https:\/\/www.btv.md\/ro\/moldova-nu-va-primi-din-partea-ue-27-milioane-euro\/"]}]},{"@type":"ImageObject","inLanguage":"ro-RO","@id":"https:\/\/www.btv.md\/ro\/moldova-nu-va-primi-din-partea-ue-27-milioane-euro\/#primaryimage","url":"https:\/\/www.btv.md\/wp-content\/uploads\/2017\/08\/euro-1.jpg","contentUrl":"https:\/\/www.btv.md\/wp-content\/uploads\/2017\/08\/euro-1.jpg","width":800,"height":533,"caption":"\u041f\u0430\u0447\u043a\u0438 \u043a\u0443\u043f\u044e\u0440 \u0435\u0432\u0440\u043e \u0432 \u0446\u0435\u043d\u0442\u0440\u0430\u043b\u044c\u043d\u043e\u043c \u043e\u0444\u0438\u0441\u0435 GSA Austria (Money Service Austria) \u0432 \u0412\u0435\u043d\u0435 22 \u0438\u044e\u043b\u044f 2013 \u0433\u043e\u0434\u0430. \u0415\u0432\u0440\u043ec\u043e\u044e\u0437 \u0432\u044b\u0434\u0435\u043b\u0438\u043b 500 \u043c\u0438\u043b\u043b\u0438\u043e\u043d\u043e\u0432 \u0435\u0432\u0440\u043e ($617 \u043c\u0438\u043b\u043b\u0438\u043e\u043d\u043e\u0432) \u043e\u0431\u0440\u0435\u043c\u0435\u043d\u0435\u043d\u043d\u043e\u0439 \u0434\u043e\u043b\u0433\u0430\u043c\u0438 \u0423\u043a\u0440\u0430\u0438\u043d\u0435, \u0447\u044c\u0438 \u0432\u0430\u043b\u044e\u0442\u043d\u044b\u0435 \u0440\u0435\u0437\u0435\u0440\u0432\u044b \u0443\u043f\u0430\u043b\u0438 \u0434\u043e \u0441\u0430\u043c\u043e\u0433\u043e \u043d\u0438\u0437\u043a\u043e\u0433\u043e \u0443\u0440\u043e\u0432\u043d\u044f \u0441 2005 \u0433\u043e\u0434\u0430 \u0438\u0437-\u0437\u0430 \u044d\u043a\u043e\u043d\u043e\u043c\u0438\u0447\u0435\u0441\u043a\u043e\u0433\u043e \u043a\u0440\u0438\u0437\u0438\u0441\u0430 \u0438 \u0432\u043e\u0439\u043d\u044b \u0441 \u043f\u0440\u043e\u0440\u043e\u0441\u0441\u0438\u0439\u0441\u043a\u0438\u043c\u0438 \u0441\u0435\u043f\u0430\u0440\u0430\u0442\u0438\u0441\u0442\u0430\u043c\u0438 \u043d\u0430 \u0432\u043e\u0441\u0442\u043e\u043a\u0435. REUTERS\/Leonhard Foeger"},{"@type":"WebSite","@id":"https:\/\/www.btv.md\/#website","url":"https:\/\/www.btv.md\/","name":"BTV","description":"\u0411\u0435\u043b\u044c\u0446\u043a\u043e\u0435 \u0442\u0435\u043b\u0435\u0432\u0438\u0434\u0435\u043d\u0438\u0435","potentialAction":[{"@type":"SearchAction","target":{"@type":"EntryPoint","urlTemplate":"https:\/\/www.btv.md\/?s={search_term_string}"},"query-input":{"@type":"PropertyValueSpecification","valueRequired":true,"valueName":"search_term_string"}}],"inLanguage":"ro-RO"},{"@type":"Person","@id":"https:\/\/www.btv.md\/#\/schema\/person\/8fadce81561b3ce2c34c46dadc4ccbf2","name":"admin"}]}},"_links":{"self":[{"href":"https:\/\/www.btv.md\/ro\/wp-json\/wp\/v2\/posts\/31012","targetHints":{"allow":["GET"]}}],"collection":[{"href":"https:\/\/www.btv.md\/ro\/wp-json\/wp\/v2\/posts"}],"about":[{"href":"https:\/\/www.btv.md\/ro\/wp-json\/wp\/v2\/types\/post"}],"author":[{"embeddable":true,"href":"https:\/\/www.btv.md\/ro\/wp-json\/wp\/v2\/users\/4"}],"replies":[{"embeddable":true,"href":"https:\/\/www.btv.md\/ro\/wp-json\/wp\/v2\/comments?post=31012"}],"version-history":[{"count":0,"href":"https:\/\/www.btv.md\/ro\/wp-json\/wp\/v2\/posts\/31012\/revisions"}],"wp:featuredmedia":[{"embeddable":true,"href":"https:\/\/www.btv.md\/ro\/wp-json\/wp\/v2\/media\/31013"}],"wp:attachment":[{"href":"https:\/\/www.btv.md\/ro\/wp-json\/wp\/v2\/media?parent=31012"}],"wp:term":[{"taxonomy":"category","embeddable":true,"href":"https:\/\/www.btv.md\/ro\/wp-json\/wp\/v2\/categories?post=31012"},{"taxonomy":"post_tag","embeddable":true,"href":"https:\/\/www.btv.md\/ro\/wp-json\/wp\/v2\/tags?post=31012"}],"curies":[{"name":"wp","href":"https:\/\/api.w.org\/{rel}","templated":true}]}}