{"id":31261,"date":"2017-08-30T17:03:12","date_gmt":"2017-08-30T14:03:12","guid":{"rendered":"http:\/\/btv.md\/?p=31261"},"modified":"2019-03-14T16:27:08","modified_gmt":"2019-03-14T14:27:08","slug":"400-tone-de-gunoi-evacuate-de-o-intreprindere-municipala-la-balti","status":"publish","type":"post","link":"https:\/\/www.btv.md\/ro\/400-tone-de-gunoi-evacuate-de-o-intreprindere-municipala-la-balti\/","title":{"rendered":"400 tone de gunoi evacuate de o \u00eentreprindere municipal\u0103 la B\u0103l\u021bi"},"content":{"rendered":"<p><strong>Angaja\u021bii \u00eentreprinderii municipale \u201eGospod\u0103ria Locativ Comunal\u0103 B\u0103l\u021bi\u201d evacueaz\u0103 gunoiul de pe platformele de acumulare \u0219i teritoriul adiacent lor, dar \u00een zadar. \u00cen total, \u00een doar o s\u0103pt\u0103m\u00e2n\u0103, muncitorii au evacuat 400 metri cubi de de\u0219euri. Cu toate acestea mormanele de gunoi nu se las\u0103 mult a\u0219teptate. Potrivit \u0219efei \u00eentreprinderii sus men\u021bionate, Tatiana Parascan, lucrul este anevoios. Astfel, la peste \u0219aizeci de platforme, lucrul trebuie pornit de la zero.<\/strong><\/p>\n<p style=\"text-align: center;\"><iframe data-src=\"https:\/\/www.youtube.com\/embed\/x75xhfEowWY\" width=\"854\" height=\"480\" frameborder=\"0\" allowfullscreen=\"allowfullscreen\" src=\"data:image\/svg+xml;base64,PHN2ZyB3aWR0aD0iMSIgaGVpZ2h0PSIxIiB4bWxucz0iaHR0cDovL3d3dy53My5vcmcvMjAwMC9zdmciPjwvc3ZnPg==\" class=\"lazyload\" data-load-mode=\"1\"><\/iframe><\/p>\n<p>\u00cen cadrul \u0219edin\u021bei cu \u0219efii \u00eentreprinderilor municipale, viceprimarul de B\u0103l\u021bi, Igor \u0218eremet, a solicitat ca fiecare obiect salubrizat \u00een locul companiei private \u201eSalubrity Solutions\u201d, s\u0103 fie dovedit documental.<\/p>\n<p>Viceprimarul a men\u021bionat c\u0103 situa\u021bia se va schimba treptat. \u00cen primul r\u00e2nd, odat\u0103 cu achizi\u021bionarea mai multor containere \u0219i monitorizarea situa\u021biei pe fiecare sector.<\/p>\n<p>\u0218eremet a mai ad\u0103ugat c\u0103 au fost desf\u0103\u0219urate deja dou\u0103 \u0219edin\u021be \u00een care s-a discutat \u0219i modificarea tarifului pentru evacuarea gunoiului.<\/p>\n<p>Problema gunoiului a \u00eenceput din cauza c\u0103 \u201eSalubrity Solutions\u201d, responsabil\u0103 de colectarea de\u0219eurile, nu \u00ee\u0219i onoreaz\u0103 obliga\u021biunile. Angaja\u021bii companiei evacueaz\u0103 numai gunoiul din containerele amplasate pe platformele special amenajate nu \u0219i cel adiacent.<\/p>\n","protected":false},"excerpt":{"rendered":"<p>Angaja\u021bii \u00eentreprinderii municipale \u201eGospod\u0103ria Locativ Comunal\u0103 B\u0103l\u021bi\u201d evacueaz\u0103 gunoiul de pe platformele de acumulare \u0219i teritoriul adiacent lor, dar \u00een zadar. \u00cen total, \u00een doar o s\u0103pt\u0103m\u00e2n\u0103, muncitorii au evacuat 400 metri cubi de de\u0219euri. Cu toate acestea mormanele de gunoi nu se las\u0103 mult a\u0219teptate. Potrivit \u0219efei \u00eentreprinderii sus men\u021bionate, Tatiana Parascan, lucrul este [&hellip;]<\/p>\n","protected":false},"author":4,"featured_media":31265,"comment_status":"closed","ping_status":"closed","sticky":false,"template":"","format":"standard","meta":{"footnotes":""},"categories":[6353,6377],"tags":[6752],"class_list":["post-31261","post","type-post","status-publish","format-standard","has-post-thumbnail","hentry","category-oras","category-stiri","tag-gunoi-ro"],"yoast_head":"<!-- This site is optimized with the Yoast SEO plugin v27.4 - https:\/\/yoast.com\/product\/yoast-seo-wordpress\/ -->\n<title>400 tone de gunoi evacuate de o \u00eentreprindere municipal\u0103 la B\u0103l\u021bi<\/title>\n<meta name=\"description\" content=\"Angaja\u021bii \u00eentreprinderii municipale \u201eGospod\u0103ria Locativ Comunal\u0103 B\u0103l\u021bi\u201d evacueaz\u0103 gunoiul de pe platformele de acumulare \u0219i teritoriul adiacent lor.\" \/>\n<meta name=\"robots\" content=\"index, follow, max-snippet:-1, max-image-preview:large, max-video-preview:-1\" \/>\n<link rel=\"canonical\" href=\"https:\/\/www.btv.md\/ro\/400-tone-de-gunoi-evacuate-de-o-intreprindere-municipala-la-balti\/\" \/>\n<meta property=\"og:locale\" content=\"ro_RO\" \/>\n<meta property=\"og:type\" content=\"article\" \/>\n<meta property=\"og:title\" content=\"400 tone de gunoi evacuate de o \u00eentreprindere municipal\u0103 la B\u0103l\u021bi\" \/>\n<meta property=\"og:description\" content=\"Angaja\u021bii \u00eentreprinderii municipale \u201eGospod\u0103ria Locativ Comunal\u0103 B\u0103l\u021bi\u201d evacueaz\u0103 gunoiul de pe platformele de acumulare \u0219i teritoriul adiacent lor, dar \u00een zadar.\" \/>\n<meta property=\"og:url\" content=\"https:\/\/www.btv.md\/ro\/400-tone-de-gunoi-evacuate-de-o-intreprindere-municipala-la-balti\/\" \/>\n<meta property=\"og:site_name\" content=\"BTV\" \/>\n<meta property=\"article:publisher\" content=\"https:\/\/www.facebook.com\/btvmoldova\/\" \/>\n<meta property=\"article:published_time\" content=\"2017-08-30T14:03:12+00:00\" \/>\n<meta property=\"article:modified_time\" content=\"2019-03-14T14:27:08+00:00\" \/>\n<meta property=\"og:image\" content=\"https:\/\/www.btv.md\/wp-content\/uploads\/2017\/08\/gunoi-2.png\" \/>\n\t<meta property=\"og:image:width\" content=\"1366\" \/>\n\t<meta property=\"og:image:height\" content=\"620\" \/>\n\t<meta property=\"og:image:type\" content=\"image\/png\" \/>\n<meta name=\"author\" content=\"admin\" \/>\n<meta name=\"twitter:label1\" content=\"Scris de\" \/>\n\t<meta name=\"twitter:data1\" content=\"admin\" \/>\n\t<meta name=\"twitter:label2\" content=\"Timp estimat pentru citire\" \/>\n\t<meta name=\"twitter:data2\" content=\"1 minut\" \/>\n<script type=\"application\/ld+json\" class=\"yoast-schema-graph\">{\"@context\":\"https:\\\/\\\/schema.org\",\"@graph\":[{\"@type\":\"Article\",\"@id\":\"https:\\\/\\\/www.btv.md\\\/ro\\\/400-tone-de-gunoi-evacuate-de-o-intreprindere-municipala-la-balti\\\/#article\",\"isPartOf\":{\"@id\":\"https:\\\/\\\/www.btv.md\\\/ro\\\/400-tone-de-gunoi-evacuate-de-o-intreprindere-municipala-la-balti\\\/\"},\"author\":{\"name\":\"admin\",\"@id\":\"https:\\\/\\\/www.btv.md\\\/#\\\/schema\\\/person\\\/8fadce81561b3ce2c34c46dadc4ccbf2\"},\"headline\":\"400 tone de gunoi evacuate de o \u00eentreprindere municipal\u0103 la B\u0103l\u021bi\",\"datePublished\":\"2017-08-30T14:03:12+00:00\",\"dateModified\":\"2019-03-14T14:27:08+00:00\",\"mainEntityOfPage\":{\"@id\":\"https:\\\/\\\/www.btv.md\\\/ro\\\/400-tone-de-gunoi-evacuate-de-o-intreprindere-municipala-la-balti\\\/\"},\"wordCount\":209,\"image\":{\"@id\":\"https:\\\/\\\/www.btv.md\\\/ro\\\/400-tone-de-gunoi-evacuate-de-o-intreprindere-municipala-la-balti\\\/#primaryimage\"},\"thumbnailUrl\":\"https:\\\/\\\/www.btv.md\\\/wp-content\\\/uploads\\\/2017\\\/08\\\/gunoi-2.png\",\"keywords\":[\"gunoi\"],\"articleSection\":[\"Ora\u0219\",\"\u0218tiri\"],\"inLanguage\":\"ro-RO\"},{\"@type\":\"WebPage\",\"@id\":\"https:\\\/\\\/www.btv.md\\\/ro\\\/400-tone-de-gunoi-evacuate-de-o-intreprindere-municipala-la-balti\\\/\",\"url\":\"https:\\\/\\\/www.btv.md\\\/ro\\\/400-tone-de-gunoi-evacuate-de-o-intreprindere-municipala-la-balti\\\/\",\"name\":\"400 tone de gunoi evacuate de o \u00eentreprindere municipal\u0103 la B\u0103l\u021bi\",\"isPartOf\":{\"@id\":\"https:\\\/\\\/www.btv.md\\\/#website\"},\"primaryImageOfPage\":{\"@id\":\"https:\\\/\\\/www.btv.md\\\/ro\\\/400-tone-de-gunoi-evacuate-de-o-intreprindere-municipala-la-balti\\\/#primaryimage\"},\"image\":{\"@id\":\"https:\\\/\\\/www.btv.md\\\/ro\\\/400-tone-de-gunoi-evacuate-de-o-intreprindere-municipala-la-balti\\\/#primaryimage\"},\"thumbnailUrl\":\"https:\\\/\\\/www.btv.md\\\/wp-content\\\/uploads\\\/2017\\\/08\\\/gunoi-2.png\",\"datePublished\":\"2017-08-30T14:03:12+00:00\",\"dateModified\":\"2019-03-14T14:27:08+00:00\",\"author\":{\"@id\":\"https:\\\/\\\/www.btv.md\\\/#\\\/schema\\\/person\\\/8fadce81561b3ce2c34c46dadc4ccbf2\"},\"description\":\"Angaja\u021bii \u00eentreprinderii municipale \u201eGospod\u0103ria Locativ Comunal\u0103 B\u0103l\u021bi\u201d evacueaz\u0103 gunoiul de pe platformele de acumulare \u0219i teritoriul adiacent lor.\",\"inLanguage\":\"ro-RO\",\"potentialAction\":[{\"@type\":\"ReadAction\",\"target\":[\"https:\\\/\\\/www.btv.md\\\/ro\\\/400-tone-de-gunoi-evacuate-de-o-intreprindere-municipala-la-balti\\\/\"]}]},{\"@type\":\"ImageObject\",\"inLanguage\":\"ro-RO\",\"@id\":\"https:\\\/\\\/www.btv.md\\\/ro\\\/400-tone-de-gunoi-evacuate-de-o-intreprindere-municipala-la-balti\\\/#primaryimage\",\"url\":\"https:\\\/\\\/www.btv.md\\\/wp-content\\\/uploads\\\/2017\\\/08\\\/gunoi-2.png\",\"contentUrl\":\"https:\\\/\\\/www.btv.md\\\/wp-content\\\/uploads\\\/2017\\\/08\\\/gunoi-2.png\",\"width\":1366,\"height\":620,\"caption\":\"gunoi\"},{\"@type\":\"WebSite\",\"@id\":\"https:\\\/\\\/www.btv.md\\\/#website\",\"url\":\"https:\\\/\\\/www.btv.md\\\/\",\"name\":\"BTV\",\"description\":\"\u0411\u0435\u043b\u044c\u0446\u043a\u043e\u0435 \u0442\u0435\u043b\u0435\u0432\u0438\u0434\u0435\u043d\u0438\u0435\",\"potentialAction\":[{\"@type\":\"SearchAction\",\"target\":{\"@type\":\"EntryPoint\",\"urlTemplate\":\"https:\\\/\\\/www.btv.md\\\/?s={search_term_string}\"},\"query-input\":{\"@type\":\"PropertyValueSpecification\",\"valueRequired\":true,\"valueName\":\"search_term_string\"}}],\"inLanguage\":\"ro-RO\"},{\"@type\":\"Person\",\"@id\":\"https:\\\/\\\/www.btv.md\\\/#\\\/schema\\\/person\\\/8fadce81561b3ce2c34c46dadc4ccbf2\",\"name\":\"admin\"}]}<\/script>\n<!-- \/ Yoast SEO plugin. -->","yoast_head_json":{"title":"400 tone de gunoi evacuate de o \u00eentreprindere municipal\u0103 la B\u0103l\u021bi","description":"Angaja\u021bii \u00eentreprinderii municipale \u201eGospod\u0103ria Locativ Comunal\u0103 B\u0103l\u021bi\u201d evacueaz\u0103 gunoiul de pe platformele de acumulare \u0219i teritoriul adiacent lor.","robots":{"index":"index","follow":"follow","max-snippet":"max-snippet:-1","max-image-preview":"max-image-preview:large","max-video-preview":"max-video-preview:-1"},"canonical":"https:\/\/www.btv.md\/ro\/400-tone-de-gunoi-evacuate-de-o-intreprindere-municipala-la-balti\/","og_locale":"ro_RO","og_type":"article","og_title":"400 tone de gunoi evacuate de o \u00eentreprindere municipal\u0103 la B\u0103l\u021bi","og_description":"Angaja\u021bii \u00eentreprinderii municipale \u201eGospod\u0103ria Locativ Comunal\u0103 B\u0103l\u021bi\u201d evacueaz\u0103 gunoiul de pe platformele de acumulare \u0219i teritoriul adiacent lor, dar \u00een zadar.","og_url":"https:\/\/www.btv.md\/ro\/400-tone-de-gunoi-evacuate-de-o-intreprindere-municipala-la-balti\/","og_site_name":"BTV","article_publisher":"https:\/\/www.facebook.com\/btvmoldova\/","article_published_time":"2017-08-30T14:03:12+00:00","article_modified_time":"2019-03-14T14:27:08+00:00","og_image":[{"width":1366,"height":620,"url":"https:\/\/www.btv.md\/wp-content\/uploads\/2017\/08\/gunoi-2.png","type":"image\/png"}],"author":"admin","twitter_misc":{"Scris de":"admin","Timp estimat pentru citire":"1 minut"},"schema":{"@context":"https:\/\/schema.org","@graph":[{"@type":"Article","@id":"https:\/\/www.btv.md\/ro\/400-tone-de-gunoi-evacuate-de-o-intreprindere-municipala-la-balti\/#article","isPartOf":{"@id":"https:\/\/www.btv.md\/ro\/400-tone-de-gunoi-evacuate-de-o-intreprindere-municipala-la-balti\/"},"author":{"name":"admin","@id":"https:\/\/www.btv.md\/#\/schema\/person\/8fadce81561b3ce2c34c46dadc4ccbf2"},"headline":"400 tone de gunoi evacuate de o \u00eentreprindere municipal\u0103 la B\u0103l\u021bi","datePublished":"2017-08-30T14:03:12+00:00","dateModified":"2019-03-14T14:27:08+00:00","mainEntityOfPage":{"@id":"https:\/\/www.btv.md\/ro\/400-tone-de-gunoi-evacuate-de-o-intreprindere-municipala-la-balti\/"},"wordCount":209,"image":{"@id":"https:\/\/www.btv.md\/ro\/400-tone-de-gunoi-evacuate-de-o-intreprindere-municipala-la-balti\/#primaryimage"},"thumbnailUrl":"https:\/\/www.btv.md\/wp-content\/uploads\/2017\/08\/gunoi-2.png","keywords":["gunoi"],"articleSection":["Ora\u0219","\u0218tiri"],"inLanguage":"ro-RO"},{"@type":"WebPage","@id":"https:\/\/www.btv.md\/ro\/400-tone-de-gunoi-evacuate-de-o-intreprindere-municipala-la-balti\/","url":"https:\/\/www.btv.md\/ro\/400-tone-de-gunoi-evacuate-de-o-intreprindere-municipala-la-balti\/","name":"400 tone de gunoi evacuate de o \u00eentreprindere municipal\u0103 la B\u0103l\u021bi","isPartOf":{"@id":"https:\/\/www.btv.md\/#website"},"primaryImageOfPage":{"@id":"https:\/\/www.btv.md\/ro\/400-tone-de-gunoi-evacuate-de-o-intreprindere-municipala-la-balti\/#primaryimage"},"image":{"@id":"https:\/\/www.btv.md\/ro\/400-tone-de-gunoi-evacuate-de-o-intreprindere-municipala-la-balti\/#primaryimage"},"thumbnailUrl":"https:\/\/www.btv.md\/wp-content\/uploads\/2017\/08\/gunoi-2.png","datePublished":"2017-08-30T14:03:12+00:00","dateModified":"2019-03-14T14:27:08+00:00","author":{"@id":"https:\/\/www.btv.md\/#\/schema\/person\/8fadce81561b3ce2c34c46dadc4ccbf2"},"description":"Angaja\u021bii \u00eentreprinderii municipale \u201eGospod\u0103ria Locativ Comunal\u0103 B\u0103l\u021bi\u201d evacueaz\u0103 gunoiul de pe platformele de acumulare \u0219i teritoriul adiacent lor.","inLanguage":"ro-RO","potentialAction":[{"@type":"ReadAction","target":["https:\/\/www.btv.md\/ro\/400-tone-de-gunoi-evacuate-de-o-intreprindere-municipala-la-balti\/"]}]},{"@type":"ImageObject","inLanguage":"ro-RO","@id":"https:\/\/www.btv.md\/ro\/400-tone-de-gunoi-evacuate-de-o-intreprindere-municipala-la-balti\/#primaryimage","url":"https:\/\/www.btv.md\/wp-content\/uploads\/2017\/08\/gunoi-2.png","contentUrl":"https:\/\/www.btv.md\/wp-content\/uploads\/2017\/08\/gunoi-2.png","width":1366,"height":620,"caption":"gunoi"},{"@type":"WebSite","@id":"https:\/\/www.btv.md\/#website","url":"https:\/\/www.btv.md\/","name":"BTV","description":"\u0411\u0435\u043b\u044c\u0446\u043a\u043e\u0435 \u0442\u0435\u043b\u0435\u0432\u0438\u0434\u0435\u043d\u0438\u0435","potentialAction":[{"@type":"SearchAction","target":{"@type":"EntryPoint","urlTemplate":"https:\/\/www.btv.md\/?s={search_term_string}"},"query-input":{"@type":"PropertyValueSpecification","valueRequired":true,"valueName":"search_term_string"}}],"inLanguage":"ro-RO"},{"@type":"Person","@id":"https:\/\/www.btv.md\/#\/schema\/person\/8fadce81561b3ce2c34c46dadc4ccbf2","name":"admin"}]}},"_links":{"self":[{"href":"https:\/\/www.btv.md\/ro\/wp-json\/wp\/v2\/posts\/31261","targetHints":{"allow":["GET"]}}],"collection":[{"href":"https:\/\/www.btv.md\/ro\/wp-json\/wp\/v2\/posts"}],"about":[{"href":"https:\/\/www.btv.md\/ro\/wp-json\/wp\/v2\/types\/post"}],"author":[{"embeddable":true,"href":"https:\/\/www.btv.md\/ro\/wp-json\/wp\/v2\/users\/4"}],"replies":[{"embeddable":true,"href":"https:\/\/www.btv.md\/ro\/wp-json\/wp\/v2\/comments?post=31261"}],"version-history":[{"count":0,"href":"https:\/\/www.btv.md\/ro\/wp-json\/wp\/v2\/posts\/31261\/revisions"}],"wp:featuredmedia":[{"embeddable":true,"href":"https:\/\/www.btv.md\/ro\/wp-json\/wp\/v2\/media\/31265"}],"wp:attachment":[{"href":"https:\/\/www.btv.md\/ro\/wp-json\/wp\/v2\/media?parent=31261"}],"wp:term":[{"taxonomy":"category","embeddable":true,"href":"https:\/\/www.btv.md\/ro\/wp-json\/wp\/v2\/categories?post=31261"},{"taxonomy":"post_tag","embeddable":true,"href":"https:\/\/www.btv.md\/ro\/wp-json\/wp\/v2\/tags?post=31261"}],"curies":[{"name":"wp","href":"https:\/\/api.w.org\/{rel}","templated":true}]}}