{"id":31297,"date":"2017-08-31T14:30:18","date_gmt":"2017-08-31T11:30:18","guid":{"rendered":"http:\/\/btv.md\/?p=31297"},"modified":"2017-08-31T16:05:34","modified_gmt":"2017-08-31T13:05:34","slug":"limba-este-un-instrument-de-comunicare-nu-subiect-de-dispute","status":"publish","type":"post","link":"https:\/\/www.btv.md\/ro\/limba-este-un-instrument-de-comunicare-nu-subiect-de-dispute\/","title":{"rendered":"Limba este un instrument de comunicare nu subiect de dispute"},"content":{"rendered":"<p><strong>\u201eLimba Noastr\u0103\u201d este o s\u0103rb\u0103toare na\u021bional\u0103 celebrat\u0103 \u00een Republica Moldova pe 31 august. Dar c\u00e2t de important\u0103 este marcarea acestei s\u0103rb\u0103tori, am \u00een cercat s\u0103 afl\u0103m de la b\u0103l\u021beni \u00eentr-un Vox Populi.<\/strong><\/p>\n<p style=\"text-align: center;\"><iframe data-src=\"https:\/\/www.youtube.com\/embed\/zoiaS5rKz7c\" width=\"854\" height=\"480\" frameborder=\"0\" allowfullscreen=\"allowfullscreen\" src=\"data:image\/svg+xml;base64,PHN2ZyB3aWR0aD0iMSIgaGVpZ2h0PSIxIiB4bWxucz0iaHR0cDovL3d3dy53My5vcmcvMjAwMC9zdmciPjwvc3ZnPg==\" class=\"lazyload\" data-load-mode=\"1\"><\/iframe><\/p>\n<p>\u00cen fiecare an cu ocazia s\u0103rb\u0103torii \u201eLimba Noastr\u0103 &#8221; se organizeaz\u0103 o suit\u0103 \u00eentreag\u0103 de manifesta\u021bii culturale: expozi\u0163ii, prezent\u0103ri de carte, master class-uri, evolu\u021bii ale colectivelor artistice.<\/p>\n","protected":false},"excerpt":{"rendered":"<p>\u201eLimba Noastr\u0103\u201d este o s\u0103rb\u0103toare na\u021bional\u0103 celebrat\u0103 \u00een Republica Moldova pe 31 august. Dar c\u00e2t de important\u0103 este marcarea acestei s\u0103rb\u0103tori, am \u00een cercat s\u0103 afl\u0103m de la b\u0103l\u021beni \u00eentr-un Vox Populi. \u00cen fiecare an cu ocazia s\u0103rb\u0103torii \u201eLimba Noastr\u0103 &#8221; se organizeaz\u0103 o suit\u0103 \u00eentreag\u0103 de manifesta\u021bii culturale: expozi\u0163ii, prezent\u0103ri de carte, master class-uri, [&hellip;]<\/p>\n","protected":false},"author":4,"featured_media":31314,"comment_status":"closed","ping_status":"closed","sticky":false,"template":"","format":"standard","meta":{"footnotes":""},"categories":[259,8],"tags":[],"class_list":["post-31297","post","type-post","status-publish","format-standard","has-post-thumbnail","hentry","category-novosti","category-obshestvo"],"yoast_head":"<!-- This site is optimized with the Yoast SEO plugin v27.4 - https:\/\/yoast.com\/product\/yoast-seo-wordpress\/ -->\n<title>Limba este un instrument de comunicare nu subiect de dispute<\/title>\n<meta name=\"description\" content=\"\u201eLimba Noastr\u0103\u201d este o s\u0103rb\u0103toare na\u021bional\u0103 celebrat\u0103 \u00een Republica Moldova pe 31 august. Dar c\u00e2t de important\u0103 este marcarea acestei s\u0103rb\u0103tori?\" \/>\n<meta name=\"robots\" content=\"index, follow, max-snippet:-1, max-image-preview:large, max-video-preview:-1\" \/>\n<link rel=\"canonical\" href=\"https:\/\/www.btv.md\/ro\/amp\/limba-este-un-instrument-de-comunicare-nu-subiect-de-dispute\/\" \/>\n<meta property=\"og:locale\" content=\"ro_RO\" \/>\n<meta property=\"og:type\" content=\"article\" \/>\n<meta property=\"og:title\" content=\"Limba este un instrument de comunicare nu subiect de dispute\" \/>\n<meta property=\"og:description\" content=\"\u201eLimba Noastr\u0103\u201d este o s\u0103rb\u0103toare na\u021bional\u0103 celebrat\u0103 \u00een Republica Moldova pe 31 august. Dar c\u00e2t de important\u0103 este marcarea acestei s\u0103rb\u0103tori, am \u00een cercat s\u0103 afl\u0103m de la b\u0103l\u021beni \u00eentr-un Vox Populi.\" \/>\n<meta property=\"og:url\" content=\"https:\/\/www.btv.md\/ro\/amp\/limba-este-un-instrument-de-comunicare-nu-subiect-de-dispute\/\" \/>\n<meta property=\"og:site_name\" content=\"BTV\" \/>\n<meta property=\"article:publisher\" content=\"https:\/\/www.facebook.com\/btvmoldova\/\" \/>\n<meta property=\"article:published_time\" content=\"2017-08-31T11:30:18+00:00\" \/>\n<meta property=\"article:modified_time\" content=\"2017-08-31T13:05:34+00:00\" \/>\n<meta property=\"og:image\" content=\"https:\/\/www.btv.md\/wp-content\/uploads\/2017\/08\/limba-noastra.png\" \/>\n\t<meta property=\"og:image:width\" content=\"1366\" \/>\n\t<meta property=\"og:image:height\" content=\"626\" \/>\n\t<meta property=\"og:image:type\" content=\"image\/png\" \/>\n<meta name=\"author\" content=\"admin\" \/>\n<meta name=\"twitter:label1\" content=\"Scris de\" \/>\n\t<meta name=\"twitter:data1\" content=\"admin\" \/>\n<script type=\"application\/ld+json\" class=\"yoast-schema-graph\">{\"@context\":\"https:\\\/\\\/schema.org\",\"@graph\":[{\"@type\":\"Article\",\"@id\":\"https:\\\/\\\/www.btv.md\\\/ro\\\/amp\\\/limba-este-un-instrument-de-comunicare-nu-subiect-de-dispute\\\/#article\",\"isPartOf\":{\"@id\":\"https:\\\/\\\/www.btv.md\\\/ro\\\/amp\\\/limba-este-un-instrument-de-comunicare-nu-subiect-de-dispute\\\/\"},\"author\":{\"name\":\"admin\",\"@id\":\"https:\\\/\\\/www.btv.md\\\/#\\\/schema\\\/person\\\/8fadce81561b3ce2c34c46dadc4ccbf2\"},\"headline\":\"Limba este un instrument de comunicare nu subiect de dispute\",\"datePublished\":\"2017-08-31T11:30:18+00:00\",\"dateModified\":\"2017-08-31T13:05:34+00:00\",\"mainEntityOfPage\":{\"@id\":\"https:\\\/\\\/www.btv.md\\\/ro\\\/amp\\\/limba-este-un-instrument-de-comunicare-nu-subiect-de-dispute\\\/\"},\"wordCount\":82,\"image\":{\"@id\":\"https:\\\/\\\/www.btv.md\\\/ro\\\/amp\\\/limba-este-un-instrument-de-comunicare-nu-subiect-de-dispute\\\/#primaryimage\"},\"thumbnailUrl\":\"https:\\\/\\\/www.btv.md\\\/wp-content\\\/uploads\\\/2017\\\/08\\\/limba-noastra.png\",\"articleSection\":[\"\u041d\u043e\u0432\u043e\u0441\u0442\u0438\",\"\u041e\u0431\u0449\u0435\u0441\u0442\u0432\u043e\"],\"inLanguage\":\"ro-RO\"},{\"@type\":\"WebPage\",\"@id\":\"https:\\\/\\\/www.btv.md\\\/ro\\\/amp\\\/limba-este-un-instrument-de-comunicare-nu-subiect-de-dispute\\\/\",\"url\":\"https:\\\/\\\/www.btv.md\\\/ro\\\/amp\\\/limba-este-un-instrument-de-comunicare-nu-subiect-de-dispute\\\/\",\"name\":\"Limba este un instrument de comunicare nu subiect de dispute\",\"isPartOf\":{\"@id\":\"https:\\\/\\\/www.btv.md\\\/#website\"},\"primaryImageOfPage\":{\"@id\":\"https:\\\/\\\/www.btv.md\\\/ro\\\/amp\\\/limba-este-un-instrument-de-comunicare-nu-subiect-de-dispute\\\/#primaryimage\"},\"image\":{\"@id\":\"https:\\\/\\\/www.btv.md\\\/ro\\\/amp\\\/limba-este-un-instrument-de-comunicare-nu-subiect-de-dispute\\\/#primaryimage\"},\"thumbnailUrl\":\"https:\\\/\\\/www.btv.md\\\/wp-content\\\/uploads\\\/2017\\\/08\\\/limba-noastra.png\",\"datePublished\":\"2017-08-31T11:30:18+00:00\",\"dateModified\":\"2017-08-31T13:05:34+00:00\",\"author\":{\"@id\":\"https:\\\/\\\/www.btv.md\\\/#\\\/schema\\\/person\\\/8fadce81561b3ce2c34c46dadc4ccbf2\"},\"description\":\"\u201eLimba Noastr\u0103\u201d este o s\u0103rb\u0103toare na\u021bional\u0103 celebrat\u0103 \u00een Republica Moldova pe 31 august. Dar c\u00e2t de important\u0103 este marcarea acestei s\u0103rb\u0103tori?\",\"inLanguage\":\"ro-RO\",\"potentialAction\":[{\"@type\":\"ReadAction\",\"target\":[\"https:\\\/\\\/www.btv.md\\\/ro\\\/amp\\\/limba-este-un-instrument-de-comunicare-nu-subiect-de-dispute\\\/\"]}]},{\"@type\":\"ImageObject\",\"inLanguage\":\"ro-RO\",\"@id\":\"https:\\\/\\\/www.btv.md\\\/ro\\\/amp\\\/limba-este-un-instrument-de-comunicare-nu-subiect-de-dispute\\\/#primaryimage\",\"url\":\"https:\\\/\\\/www.btv.md\\\/wp-content\\\/uploads\\\/2017\\\/08\\\/limba-noastra.png\",\"contentUrl\":\"https:\\\/\\\/www.btv.md\\\/wp-content\\\/uploads\\\/2017\\\/08\\\/limba-noastra.png\",\"width\":1366,\"height\":626,\"caption\":\"limba instrument de comunicare\"},{\"@type\":\"WebSite\",\"@id\":\"https:\\\/\\\/www.btv.md\\\/#website\",\"url\":\"https:\\\/\\\/www.btv.md\\\/\",\"name\":\"BTV\",\"description\":\"\u0411\u0435\u043b\u044c\u0446\u043a\u043e\u0435 \u0442\u0435\u043b\u0435\u0432\u0438\u0434\u0435\u043d\u0438\u0435\",\"potentialAction\":[{\"@type\":\"SearchAction\",\"target\":{\"@type\":\"EntryPoint\",\"urlTemplate\":\"https:\\\/\\\/www.btv.md\\\/?s={search_term_string}\"},\"query-input\":{\"@type\":\"PropertyValueSpecification\",\"valueRequired\":true,\"valueName\":\"search_term_string\"}}],\"inLanguage\":\"ro-RO\"},{\"@type\":\"Person\",\"@id\":\"https:\\\/\\\/www.btv.md\\\/#\\\/schema\\\/person\\\/8fadce81561b3ce2c34c46dadc4ccbf2\",\"name\":\"admin\"}]}<\/script>\n<!-- \/ Yoast SEO plugin. -->","yoast_head_json":{"title":"Limba este un instrument de comunicare nu subiect de dispute","description":"\u201eLimba Noastr\u0103\u201d este o s\u0103rb\u0103toare na\u021bional\u0103 celebrat\u0103 \u00een Republica Moldova pe 31 august. Dar c\u00e2t de important\u0103 este marcarea acestei s\u0103rb\u0103tori?","robots":{"index":"index","follow":"follow","max-snippet":"max-snippet:-1","max-image-preview":"max-image-preview:large","max-video-preview":"max-video-preview:-1"},"canonical":"https:\/\/www.btv.md\/ro\/amp\/limba-este-un-instrument-de-comunicare-nu-subiect-de-dispute\/","og_locale":"ro_RO","og_type":"article","og_title":"Limba este un instrument de comunicare nu subiect de dispute","og_description":"\u201eLimba Noastr\u0103\u201d este o s\u0103rb\u0103toare na\u021bional\u0103 celebrat\u0103 \u00een Republica Moldova pe 31 august. Dar c\u00e2t de important\u0103 este marcarea acestei s\u0103rb\u0103tori, am \u00een cercat s\u0103 afl\u0103m de la b\u0103l\u021beni \u00eentr-un Vox Populi.","og_url":"https:\/\/www.btv.md\/ro\/amp\/limba-este-un-instrument-de-comunicare-nu-subiect-de-dispute\/","og_site_name":"BTV","article_publisher":"https:\/\/www.facebook.com\/btvmoldova\/","article_published_time":"2017-08-31T11:30:18+00:00","article_modified_time":"2017-08-31T13:05:34+00:00","og_image":[{"width":1366,"height":626,"url":"https:\/\/www.btv.md\/wp-content\/uploads\/2017\/08\/limba-noastra.png","type":"image\/png"}],"author":"admin","twitter_misc":{"Scris de":"admin"},"schema":{"@context":"https:\/\/schema.org","@graph":[{"@type":"Article","@id":"https:\/\/www.btv.md\/ro\/amp\/limba-este-un-instrument-de-comunicare-nu-subiect-de-dispute\/#article","isPartOf":{"@id":"https:\/\/www.btv.md\/ro\/amp\/limba-este-un-instrument-de-comunicare-nu-subiect-de-dispute\/"},"author":{"name":"admin","@id":"https:\/\/www.btv.md\/#\/schema\/person\/8fadce81561b3ce2c34c46dadc4ccbf2"},"headline":"Limba este un instrument de comunicare nu subiect de dispute","datePublished":"2017-08-31T11:30:18+00:00","dateModified":"2017-08-31T13:05:34+00:00","mainEntityOfPage":{"@id":"https:\/\/www.btv.md\/ro\/amp\/limba-este-un-instrument-de-comunicare-nu-subiect-de-dispute\/"},"wordCount":82,"image":{"@id":"https:\/\/www.btv.md\/ro\/amp\/limba-este-un-instrument-de-comunicare-nu-subiect-de-dispute\/#primaryimage"},"thumbnailUrl":"https:\/\/www.btv.md\/wp-content\/uploads\/2017\/08\/limba-noastra.png","articleSection":["\u041d\u043e\u0432\u043e\u0441\u0442\u0438","\u041e\u0431\u0449\u0435\u0441\u0442\u0432\u043e"],"inLanguage":"ro-RO"},{"@type":"WebPage","@id":"https:\/\/www.btv.md\/ro\/amp\/limba-este-un-instrument-de-comunicare-nu-subiect-de-dispute\/","url":"https:\/\/www.btv.md\/ro\/amp\/limba-este-un-instrument-de-comunicare-nu-subiect-de-dispute\/","name":"Limba este un instrument de comunicare nu subiect de dispute","isPartOf":{"@id":"https:\/\/www.btv.md\/#website"},"primaryImageOfPage":{"@id":"https:\/\/www.btv.md\/ro\/amp\/limba-este-un-instrument-de-comunicare-nu-subiect-de-dispute\/#primaryimage"},"image":{"@id":"https:\/\/www.btv.md\/ro\/amp\/limba-este-un-instrument-de-comunicare-nu-subiect-de-dispute\/#primaryimage"},"thumbnailUrl":"https:\/\/www.btv.md\/wp-content\/uploads\/2017\/08\/limba-noastra.png","datePublished":"2017-08-31T11:30:18+00:00","dateModified":"2017-08-31T13:05:34+00:00","author":{"@id":"https:\/\/www.btv.md\/#\/schema\/person\/8fadce81561b3ce2c34c46dadc4ccbf2"},"description":"\u201eLimba Noastr\u0103\u201d este o s\u0103rb\u0103toare na\u021bional\u0103 celebrat\u0103 \u00een Republica Moldova pe 31 august. Dar c\u00e2t de important\u0103 este marcarea acestei s\u0103rb\u0103tori?","inLanguage":"ro-RO","potentialAction":[{"@type":"ReadAction","target":["https:\/\/www.btv.md\/ro\/amp\/limba-este-un-instrument-de-comunicare-nu-subiect-de-dispute\/"]}]},{"@type":"ImageObject","inLanguage":"ro-RO","@id":"https:\/\/www.btv.md\/ro\/amp\/limba-este-un-instrument-de-comunicare-nu-subiect-de-dispute\/#primaryimage","url":"https:\/\/www.btv.md\/wp-content\/uploads\/2017\/08\/limba-noastra.png","contentUrl":"https:\/\/www.btv.md\/wp-content\/uploads\/2017\/08\/limba-noastra.png","width":1366,"height":626,"caption":"limba instrument de comunicare"},{"@type":"WebSite","@id":"https:\/\/www.btv.md\/#website","url":"https:\/\/www.btv.md\/","name":"BTV","description":"\u0411\u0435\u043b\u044c\u0446\u043a\u043e\u0435 \u0442\u0435\u043b\u0435\u0432\u0438\u0434\u0435\u043d\u0438\u0435","potentialAction":[{"@type":"SearchAction","target":{"@type":"EntryPoint","urlTemplate":"https:\/\/www.btv.md\/?s={search_term_string}"},"query-input":{"@type":"PropertyValueSpecification","valueRequired":true,"valueName":"search_term_string"}}],"inLanguage":"ro-RO"},{"@type":"Person","@id":"https:\/\/www.btv.md\/#\/schema\/person\/8fadce81561b3ce2c34c46dadc4ccbf2","name":"admin"}]}},"_links":{"self":[{"href":"https:\/\/www.btv.md\/ro\/wp-json\/wp\/v2\/posts\/31297","targetHints":{"allow":["GET"]}}],"collection":[{"href":"https:\/\/www.btv.md\/ro\/wp-json\/wp\/v2\/posts"}],"about":[{"href":"https:\/\/www.btv.md\/ro\/wp-json\/wp\/v2\/types\/post"}],"author":[{"embeddable":true,"href":"https:\/\/www.btv.md\/ro\/wp-json\/wp\/v2\/users\/4"}],"replies":[{"embeddable":true,"href":"https:\/\/www.btv.md\/ro\/wp-json\/wp\/v2\/comments?post=31297"}],"version-history":[{"count":0,"href":"https:\/\/www.btv.md\/ro\/wp-json\/wp\/v2\/posts\/31297\/revisions"}],"wp:featuredmedia":[{"embeddable":true,"href":"https:\/\/www.btv.md\/ro\/wp-json\/wp\/v2\/media\/31314"}],"wp:attachment":[{"href":"https:\/\/www.btv.md\/ro\/wp-json\/wp\/v2\/media?parent=31297"}],"wp:term":[{"taxonomy":"category","embeddable":true,"href":"https:\/\/www.btv.md\/ro\/wp-json\/wp\/v2\/categories?post=31297"},{"taxonomy":"post_tag","embeddable":true,"href":"https:\/\/www.btv.md\/ro\/wp-json\/wp\/v2\/tags?post=31297"}],"curies":[{"name":"wp","href":"https:\/\/api.w.org\/{rel}","templated":true}]}}