{"id":31309,"date":"2017-08-31T16:04:07","date_gmt":"2017-08-31T13:04:07","guid":{"rendered":"http:\/\/btv.md\/?p=31309"},"modified":"2017-08-31T16:04:34","modified_gmt":"2017-08-31T13:04:34","slug":"o-balteanca-trebuie-sa-fim-mandri-ca-suntem-moldoveni","status":"publish","type":"post","link":"https:\/\/www.btv.md\/ro\/o-balteanca-trebuie-sa-fim-mandri-ca-suntem-moldoveni\/","title":{"rendered":"O b\u0103l\u021beanc\u0103: Trebuie s\u0103 fim m\u00e2ndri c\u0103 suntem moldoveni"},"content":{"rendered":"<p><strong>B\u0103l\u021benii au marcat s\u0103rb\u0103toarea na\u021bional\u0103 \u201eLimba Noastr\u0103\u201d. \u00cen diminea\u021ba de joi, 31 august, ace\u0219tia au depus flori la busturile scriitorilor de pe Aleea Clasicilor. Pe fundalul melodiilor patriotice, oamenii au \u00eencercat s\u0103 de-a o not\u0103 importan\u021bei acestei zile, care este celebrat\u0103 din anul 1989.<\/strong><\/p>\n<p style=\"text-align: center;\"><iframe data-src=\"https:\/\/www.youtube.com\/embed\/d6lbkkFbSwM\" width=\"854\" height=\"480\" frameborder=\"0\" allowfullscreen=\"allowfullscreen\" src=\"data:image\/svg+xml;base64,PHN2ZyB3aWR0aD0iMSIgaGVpZ2h0PSIxIiB4bWxucz0iaHR0cDovL3d3dy53My5vcmcvMjAwMC9zdmciPjwvc3ZnPg==\" class=\"lazyload\" data-load-mode=\"1\"><\/iframe><\/p>\n<p>Unii b\u0103l\u021beni cred c\u0103 tradi\u021bia de a marca aceast\u0103 s\u0103rb\u0103toare trebuie s\u0103 r\u0103m\u00e2n\u0103 ve\u0219nic\u0103.<\/p>\n<p>S\u0103rb\u0103toarea \u201eLimba Noastr\u0103&#8221; s-a n\u0103scut \u00een v\u00e2ltoarea mi\u0219c\u0103rii de rena\u0219tere na\u021bional\u0103 de la sf\u00e2r\u0219itul anilor &#8217;80 din RSSM.\u00a0La\u00a0<a href=\"http:\/\/m.moldovenii.md\/md\/events\/27\/8\/\">27 august<\/a>\u00a01989 la Chi\u0219in\u0103u a avut loc Marea Adunare Na\u021bional\u0103, la care au participat circa 750.000 de oameni. \u00cen cadrul adun\u0103rii, s-a cerut declararea limbii moldovene\u0219ti ca limb\u0103 de stat \u0219i trecerea la grafia latin\u0103.<\/p>\n<p>Pe 31 august 1989 \u00een Sovietul Suprem al RSSM a fost votat\u0103 cea mai mare parte a legisla\u021biei privitoare la limba de stat \u0219i alfabet. Ulterior, ziua de 31 august este declarat\u0103 s\u0103rb\u0103toare na\u021bional\u0103 \u00een Republica Moldova \u0219i zi de odihn\u0103.<\/p>\n","protected":false},"excerpt":{"rendered":"<p>B\u0103l\u021benii au marcat s\u0103rb\u0103toarea na\u021bional\u0103 \u201eLimba Noastr\u0103\u201d. \u00cen diminea\u021ba de joi, 31 august, ace\u0219tia au depus flori la busturile scriitorilor de pe Aleea Clasicilor. Pe fundalul melodiilor patriotice, oamenii au \u00eencercat s\u0103 de-a o not\u0103 importan\u021bei acestei zile, care este celebrat\u0103 din anul 1989. Unii b\u0103l\u021beni cred c\u0103 tradi\u021bia de a marca aceast\u0103 s\u0103rb\u0103toare trebuie [&hellip;]<\/p>\n","protected":false},"author":4,"featured_media":31312,"comment_status":"closed","ping_status":"closed","sticky":false,"template":"","format":"standard","meta":{"footnotes":""},"categories":[6353,6377],"tags":[],"class_list":["post-31309","post","type-post","status-publish","format-standard","has-post-thumbnail","hentry","category-oras","category-stiri"],"yoast_head":"<!-- This site is optimized with the Yoast SEO plugin v27.4 - https:\/\/yoast.com\/product\/yoast-seo-wordpress\/ -->\n<title>O b\u0103l\u021beanc\u0103: Trebuie s\u0103 fim m\u00e2ndri c\u0103 suntem moldoveni<\/title>\n<meta name=\"description\" content=\"B\u0103l\u021benii au marcat s\u0103rb\u0103toarea na\u021bional\u0103 \u201eLimba Noastr\u0103\u201d. \u00cen diminea\u021ba de joi, 31 august, ace\u0219tia au depus flori la busturile scriitorilor.\" \/>\n<meta name=\"robots\" content=\"index, follow, max-snippet:-1, max-image-preview:large, max-video-preview:-1\" \/>\n<link rel=\"canonical\" href=\"https:\/\/www.btv.md\/ro\/amp\/o-balteanca-trebuie-sa-fim-mandri-ca-suntem-moldoveni\/\" \/>\n<meta property=\"og:locale\" content=\"ro_RO\" \/>\n<meta property=\"og:type\" content=\"article\" \/>\n<meta property=\"og:title\" content=\"O b\u0103l\u021beanc\u0103: Trebuie s\u0103 fim m\u00e2ndri c\u0103 suntem moldoveni\" \/>\n<meta property=\"og:description\" content=\"B\u0103l\u021benii au marcat s\u0103rb\u0103toarea na\u021bional\u0103 \u201eLimba Noastr\u0103\u201d. \u00cen diminea\u021ba de joi, 31 august, ace\u0219tia au depus flori la busturile scriitorilor de pe Aleea Clasicilor.\" \/>\n<meta property=\"og:url\" content=\"https:\/\/www.btv.md\/ro\/amp\/o-balteanca-trebuie-sa-fim-mandri-ca-suntem-moldoveni\/\" \/>\n<meta property=\"og:site_name\" content=\"BTV\" \/>\n<meta property=\"article:publisher\" content=\"https:\/\/www.facebook.com\/btvmoldova\/\" \/>\n<meta property=\"article:published_time\" content=\"2017-08-31T13:04:07+00:00\" \/>\n<meta property=\"article:modified_time\" content=\"2017-08-31T13:04:34+00:00\" \/>\n<meta property=\"og:image\" content=\"https:\/\/www.btv.md\/wp-content\/uploads\/2017\/08\/balteni-imn.png\" \/>\n\t<meta property=\"og:image:width\" content=\"1239\" \/>\n\t<meta property=\"og:image:height\" content=\"622\" \/>\n\t<meta property=\"og:image:type\" content=\"image\/png\" \/>\n<meta name=\"author\" content=\"admin\" \/>\n<meta name=\"twitter:label1\" content=\"Scris de\" \/>\n\t<meta name=\"twitter:data1\" content=\"admin\" \/>\n\t<meta name=\"twitter:label2\" content=\"Timp estimat pentru citire\" \/>\n\t<meta name=\"twitter:data2\" content=\"1 minut\" \/>\n<script type=\"application\/ld+json\" class=\"yoast-schema-graph\">{\"@context\":\"https:\\\/\\\/schema.org\",\"@graph\":[{\"@type\":\"Article\",\"@id\":\"https:\\\/\\\/www.btv.md\\\/ro\\\/amp\\\/o-balteanca-trebuie-sa-fim-mandri-ca-suntem-moldoveni\\\/#article\",\"isPartOf\":{\"@id\":\"https:\\\/\\\/www.btv.md\\\/ro\\\/amp\\\/o-balteanca-trebuie-sa-fim-mandri-ca-suntem-moldoveni\\\/\"},\"author\":{\"name\":\"admin\",\"@id\":\"https:\\\/\\\/www.btv.md\\\/#\\\/schema\\\/person\\\/8fadce81561b3ce2c34c46dadc4ccbf2\"},\"headline\":\"O b\u0103l\u021beanc\u0103: Trebuie s\u0103 fim m\u00e2ndri c\u0103 suntem moldoveni\",\"datePublished\":\"2017-08-31T13:04:07+00:00\",\"dateModified\":\"2017-08-31T13:04:34+00:00\",\"mainEntityOfPage\":{\"@id\":\"https:\\\/\\\/www.btv.md\\\/ro\\\/amp\\\/o-balteanca-trebuie-sa-fim-mandri-ca-suntem-moldoveni\\\/\"},\"wordCount\":192,\"image\":{\"@id\":\"https:\\\/\\\/www.btv.md\\\/ro\\\/amp\\\/o-balteanca-trebuie-sa-fim-mandri-ca-suntem-moldoveni\\\/#primaryimage\"},\"thumbnailUrl\":\"https:\\\/\\\/www.btv.md\\\/wp-content\\\/uploads\\\/2017\\\/08\\\/balteni-imn.png\",\"articleSection\":[\"Ora\u0219\",\"\u0218tiri\"],\"inLanguage\":\"ro-RO\"},{\"@type\":\"WebPage\",\"@id\":\"https:\\\/\\\/www.btv.md\\\/ro\\\/amp\\\/o-balteanca-trebuie-sa-fim-mandri-ca-suntem-moldoveni\\\/\",\"url\":\"https:\\\/\\\/www.btv.md\\\/ro\\\/amp\\\/o-balteanca-trebuie-sa-fim-mandri-ca-suntem-moldoveni\\\/\",\"name\":\"O b\u0103l\u021beanc\u0103: Trebuie s\u0103 fim m\u00e2ndri c\u0103 suntem moldoveni\",\"isPartOf\":{\"@id\":\"https:\\\/\\\/www.btv.md\\\/#website\"},\"primaryImageOfPage\":{\"@id\":\"https:\\\/\\\/www.btv.md\\\/ro\\\/amp\\\/o-balteanca-trebuie-sa-fim-mandri-ca-suntem-moldoveni\\\/#primaryimage\"},\"image\":{\"@id\":\"https:\\\/\\\/www.btv.md\\\/ro\\\/amp\\\/o-balteanca-trebuie-sa-fim-mandri-ca-suntem-moldoveni\\\/#primaryimage\"},\"thumbnailUrl\":\"https:\\\/\\\/www.btv.md\\\/wp-content\\\/uploads\\\/2017\\\/08\\\/balteni-imn.png\",\"datePublished\":\"2017-08-31T13:04:07+00:00\",\"dateModified\":\"2017-08-31T13:04:34+00:00\",\"author\":{\"@id\":\"https:\\\/\\\/www.btv.md\\\/#\\\/schema\\\/person\\\/8fadce81561b3ce2c34c46dadc4ccbf2\"},\"description\":\"B\u0103l\u021benii au marcat s\u0103rb\u0103toarea na\u021bional\u0103 \u201eLimba Noastr\u0103\u201d. \u00cen diminea\u021ba de joi, 31 august, ace\u0219tia au depus flori la busturile scriitorilor.\",\"inLanguage\":\"ro-RO\",\"potentialAction\":[{\"@type\":\"ReadAction\",\"target\":[\"https:\\\/\\\/www.btv.md\\\/ro\\\/amp\\\/o-balteanca-trebuie-sa-fim-mandri-ca-suntem-moldoveni\\\/\"]}]},{\"@type\":\"ImageObject\",\"inLanguage\":\"ro-RO\",\"@id\":\"https:\\\/\\\/www.btv.md\\\/ro\\\/amp\\\/o-balteanca-trebuie-sa-fim-mandri-ca-suntem-moldoveni\\\/#primaryimage\",\"url\":\"https:\\\/\\\/www.btv.md\\\/wp-content\\\/uploads\\\/2017\\\/08\\\/balteni-imn.png\",\"contentUrl\":\"https:\\\/\\\/www.btv.md\\\/wp-content\\\/uploads\\\/2017\\\/08\\\/balteni-imn.png\",\"width\":1239,\"height\":622,\"caption\":\"imnul \u021b\u0103rii\"},{\"@type\":\"WebSite\",\"@id\":\"https:\\\/\\\/www.btv.md\\\/#website\",\"url\":\"https:\\\/\\\/www.btv.md\\\/\",\"name\":\"BTV\",\"description\":\"\u0411\u0435\u043b\u044c\u0446\u043a\u043e\u0435 \u0442\u0435\u043b\u0435\u0432\u0438\u0434\u0435\u043d\u0438\u0435\",\"potentialAction\":[{\"@type\":\"SearchAction\",\"target\":{\"@type\":\"EntryPoint\",\"urlTemplate\":\"https:\\\/\\\/www.btv.md\\\/?s={search_term_string}\"},\"query-input\":{\"@type\":\"PropertyValueSpecification\",\"valueRequired\":true,\"valueName\":\"search_term_string\"}}],\"inLanguage\":\"ro-RO\"},{\"@type\":\"Person\",\"@id\":\"https:\\\/\\\/www.btv.md\\\/#\\\/schema\\\/person\\\/8fadce81561b3ce2c34c46dadc4ccbf2\",\"name\":\"admin\"}]}<\/script>\n<!-- \/ Yoast SEO plugin. -->","yoast_head_json":{"title":"O b\u0103l\u021beanc\u0103: Trebuie s\u0103 fim m\u00e2ndri c\u0103 suntem moldoveni","description":"B\u0103l\u021benii au marcat s\u0103rb\u0103toarea na\u021bional\u0103 \u201eLimba Noastr\u0103\u201d. \u00cen diminea\u021ba de joi, 31 august, ace\u0219tia au depus flori la busturile scriitorilor.","robots":{"index":"index","follow":"follow","max-snippet":"max-snippet:-1","max-image-preview":"max-image-preview:large","max-video-preview":"max-video-preview:-1"},"canonical":"https:\/\/www.btv.md\/ro\/amp\/o-balteanca-trebuie-sa-fim-mandri-ca-suntem-moldoveni\/","og_locale":"ro_RO","og_type":"article","og_title":"O b\u0103l\u021beanc\u0103: Trebuie s\u0103 fim m\u00e2ndri c\u0103 suntem moldoveni","og_description":"B\u0103l\u021benii au marcat s\u0103rb\u0103toarea na\u021bional\u0103 \u201eLimba Noastr\u0103\u201d. \u00cen diminea\u021ba de joi, 31 august, ace\u0219tia au depus flori la busturile scriitorilor de pe Aleea Clasicilor.","og_url":"https:\/\/www.btv.md\/ro\/amp\/o-balteanca-trebuie-sa-fim-mandri-ca-suntem-moldoveni\/","og_site_name":"BTV","article_publisher":"https:\/\/www.facebook.com\/btvmoldova\/","article_published_time":"2017-08-31T13:04:07+00:00","article_modified_time":"2017-08-31T13:04:34+00:00","og_image":[{"width":1239,"height":622,"url":"https:\/\/www.btv.md\/wp-content\/uploads\/2017\/08\/balteni-imn.png","type":"image\/png"}],"author":"admin","twitter_misc":{"Scris de":"admin","Timp estimat pentru citire":"1 minut"},"schema":{"@context":"https:\/\/schema.org","@graph":[{"@type":"Article","@id":"https:\/\/www.btv.md\/ro\/amp\/o-balteanca-trebuie-sa-fim-mandri-ca-suntem-moldoveni\/#article","isPartOf":{"@id":"https:\/\/www.btv.md\/ro\/amp\/o-balteanca-trebuie-sa-fim-mandri-ca-suntem-moldoveni\/"},"author":{"name":"admin","@id":"https:\/\/www.btv.md\/#\/schema\/person\/8fadce81561b3ce2c34c46dadc4ccbf2"},"headline":"O b\u0103l\u021beanc\u0103: Trebuie s\u0103 fim m\u00e2ndri c\u0103 suntem moldoveni","datePublished":"2017-08-31T13:04:07+00:00","dateModified":"2017-08-31T13:04:34+00:00","mainEntityOfPage":{"@id":"https:\/\/www.btv.md\/ro\/amp\/o-balteanca-trebuie-sa-fim-mandri-ca-suntem-moldoveni\/"},"wordCount":192,"image":{"@id":"https:\/\/www.btv.md\/ro\/amp\/o-balteanca-trebuie-sa-fim-mandri-ca-suntem-moldoveni\/#primaryimage"},"thumbnailUrl":"https:\/\/www.btv.md\/wp-content\/uploads\/2017\/08\/balteni-imn.png","articleSection":["Ora\u0219","\u0218tiri"],"inLanguage":"ro-RO"},{"@type":"WebPage","@id":"https:\/\/www.btv.md\/ro\/amp\/o-balteanca-trebuie-sa-fim-mandri-ca-suntem-moldoveni\/","url":"https:\/\/www.btv.md\/ro\/amp\/o-balteanca-trebuie-sa-fim-mandri-ca-suntem-moldoveni\/","name":"O b\u0103l\u021beanc\u0103: Trebuie s\u0103 fim m\u00e2ndri c\u0103 suntem moldoveni","isPartOf":{"@id":"https:\/\/www.btv.md\/#website"},"primaryImageOfPage":{"@id":"https:\/\/www.btv.md\/ro\/amp\/o-balteanca-trebuie-sa-fim-mandri-ca-suntem-moldoveni\/#primaryimage"},"image":{"@id":"https:\/\/www.btv.md\/ro\/amp\/o-balteanca-trebuie-sa-fim-mandri-ca-suntem-moldoveni\/#primaryimage"},"thumbnailUrl":"https:\/\/www.btv.md\/wp-content\/uploads\/2017\/08\/balteni-imn.png","datePublished":"2017-08-31T13:04:07+00:00","dateModified":"2017-08-31T13:04:34+00:00","author":{"@id":"https:\/\/www.btv.md\/#\/schema\/person\/8fadce81561b3ce2c34c46dadc4ccbf2"},"description":"B\u0103l\u021benii au marcat s\u0103rb\u0103toarea na\u021bional\u0103 \u201eLimba Noastr\u0103\u201d. \u00cen diminea\u021ba de joi, 31 august, ace\u0219tia au depus flori la busturile scriitorilor.","inLanguage":"ro-RO","potentialAction":[{"@type":"ReadAction","target":["https:\/\/www.btv.md\/ro\/amp\/o-balteanca-trebuie-sa-fim-mandri-ca-suntem-moldoveni\/"]}]},{"@type":"ImageObject","inLanguage":"ro-RO","@id":"https:\/\/www.btv.md\/ro\/amp\/o-balteanca-trebuie-sa-fim-mandri-ca-suntem-moldoveni\/#primaryimage","url":"https:\/\/www.btv.md\/wp-content\/uploads\/2017\/08\/balteni-imn.png","contentUrl":"https:\/\/www.btv.md\/wp-content\/uploads\/2017\/08\/balteni-imn.png","width":1239,"height":622,"caption":"imnul \u021b\u0103rii"},{"@type":"WebSite","@id":"https:\/\/www.btv.md\/#website","url":"https:\/\/www.btv.md\/","name":"BTV","description":"\u0411\u0435\u043b\u044c\u0446\u043a\u043e\u0435 \u0442\u0435\u043b\u0435\u0432\u0438\u0434\u0435\u043d\u0438\u0435","potentialAction":[{"@type":"SearchAction","target":{"@type":"EntryPoint","urlTemplate":"https:\/\/www.btv.md\/?s={search_term_string}"},"query-input":{"@type":"PropertyValueSpecification","valueRequired":true,"valueName":"search_term_string"}}],"inLanguage":"ro-RO"},{"@type":"Person","@id":"https:\/\/www.btv.md\/#\/schema\/person\/8fadce81561b3ce2c34c46dadc4ccbf2","name":"admin"}]}},"_links":{"self":[{"href":"https:\/\/www.btv.md\/ro\/wp-json\/wp\/v2\/posts\/31309","targetHints":{"allow":["GET"]}}],"collection":[{"href":"https:\/\/www.btv.md\/ro\/wp-json\/wp\/v2\/posts"}],"about":[{"href":"https:\/\/www.btv.md\/ro\/wp-json\/wp\/v2\/types\/post"}],"author":[{"embeddable":true,"href":"https:\/\/www.btv.md\/ro\/wp-json\/wp\/v2\/users\/4"}],"replies":[{"embeddable":true,"href":"https:\/\/www.btv.md\/ro\/wp-json\/wp\/v2\/comments?post=31309"}],"version-history":[{"count":0,"href":"https:\/\/www.btv.md\/ro\/wp-json\/wp\/v2\/posts\/31309\/revisions"}],"wp:featuredmedia":[{"embeddable":true,"href":"https:\/\/www.btv.md\/ro\/wp-json\/wp\/v2\/media\/31312"}],"wp:attachment":[{"href":"https:\/\/www.btv.md\/ro\/wp-json\/wp\/v2\/media?parent=31309"}],"wp:term":[{"taxonomy":"category","embeddable":true,"href":"https:\/\/www.btv.md\/ro\/wp-json\/wp\/v2\/categories?post=31309"},{"taxonomy":"post_tag","embeddable":true,"href":"https:\/\/www.btv.md\/ro\/wp-json\/wp\/v2\/tags?post=31309"}],"curies":[{"name":"wp","href":"https:\/\/api.w.org\/{rel}","templated":true}]}}