{"id":31324,"date":"2017-09-01T09:35:51","date_gmt":"2017-09-01T06:35:51","guid":{"rendered":"http:\/\/btv.md\/?p=31324"},"modified":"2017-09-01T09:35:51","modified_gmt":"2017-09-01T06:35:51","slug":"sute-de-baloane-negre-pe-cerul-unei-tari-balcanice","status":"publish","type":"post","link":"https:\/\/www.btv.md\/ro\/sute-de-baloane-negre-pe-cerul-unei-tari-balcanice\/","title":{"rendered":"Sute de baloane negre pe cerul unei \u021b\u0103ri balcanice"},"content":{"rendered":"<div class=\"post__lead\"><strong>\u00cen fiecare an, pe 30 august, fostele state iugoslave marcheaz\u0103 Ziua Persoanelor Disp\u0103rute, o comemorare a victimelor r\u0103zboaielor balcanice din anii 1990.<\/strong><\/div>\n<div class=\"post__body\">\n<p>Miercuri, \u00een statele fostei Iugoslavii au fost aprinse lum\u00e2n\u0103ri \u0219i depuse flori. \u00cen prezent, \u00een Bosnia, din cele 40.000 de persoane disp\u0103rute pe fondul destr\u0103m\u0103rii s\u00e2ngeroase a blocului iugoslav, trupurile a 12.000 nu au fost \u00eenc\u0103 g\u0103site, relateaz\u0103 Balkan Insight.<\/p>\n<p>\u00cen Sarajevo, rudele persoanelor disp\u0103rute \u0219i localnicii au eliberat spre cer, \u00een semn de comemorare, sute de baloane negre. Numai \u00een nord-vestul ora\u0219ului bosniac Prijedor 620 de astfel de baloane, cu numele persoanelor disp\u0103rute din zon\u0103, s-au \u00een\u0103l\u021bat spre nori, scrie\u00a0<a href=\"http:\/\/www.digi24.ro\/stiri\/externe\/sute-de-baloane-negre-pe-cerul-unei-tari-balcanice-ce-simbolizeaza-ele-786060\" target=\"_blank\" rel=\"noopener noreferrer nofollow\">digi24.ro<\/a>.<\/p>\n<p>Pe unul dintre baloanele negre a fost scris\u0103 \u00eentrebarea: \u201eUnde este el\/ ea?\u201d.<\/p>\n<p>Milena Kokot caut\u0103 de 25 de ani r\u0103m\u0103\u0219i\u021bele fratelui ei Dragan \u0219i ale tat\u0103lui, Gojko, care au fost uci\u0219i \u00een Sarajevo \u00een mai 1992. \u201eLe cer oamenilor s\u0103 ne ajute, s\u0103 nu mai men\u021bin\u0103 t\u0103cerea, s\u0103 ne spun\u0103 unde le sunt \u00eengropate osemintele\u201d, a declarat Milena pentru Balkan Insight.<\/p>\n<p>\u00cen Pri\u0219tina, capitala regiunii Kosovo, autorit\u0103\u021bile cer comunit\u0103\u021bii interna\u021bionale s\u0103 pun\u0103 presiune pe Belgrad, pentru a face lumin\u0103 asupra soartei a circa 1.600 de persoane care au disp\u0103rut la sf\u00e2r\u0219itul r\u0103zboiului din 1999. Serbia este acuzat\u0103 c\u0103 refuz\u0103 s\u0103 desecretizeze documente importante ale armatei.<\/p>\n<p>\u00cen Serbia, rudele celor disp\u0103ru\u021bi \u0219i a victimelor r\u0103zboiului au mers la monumentul din Parcul Tasmajdan din Belgrad, unde au aprins lum\u00e2n\u0103ri \u0219i au depus coroane de flori.<\/p>\n<p>Oficialii s\u00e2rbi acuz\u0103 statele vecine c\u0103 nu vor s\u0103 colaboreze \u00een leg\u0103tur\u0103 cu aceast\u0103 problem\u0103, \u00een special autorit\u0103\u021bile din Pri\u0219tina. Veljko Odalovici, \u0219eful Comisiei pentru persoane disp\u0103rute din Guvernul Serbiei, sus\u021bine c\u0103 \u201enu exist\u0103 voin\u021b\u0103 \u00een Pri\u0219tina de a ne pune la dispozi\u021bie arhivele fostei Armate de Eliberare din Kosovo\u201d. Autorit\u0103\u021bile de la Belgrad spun c\u0103 \u00eenc\u0103 sunt \u00een c\u0103utarea a 540 de persoane disp\u0103rute \u00een timpul conflictului din regiunea Kosovo.<\/p>\n<p>\u00cen ceea ce prive\u0219te Croa\u021bia, unde 1.533 de oameni sunt \u00een continuare declara\u021bi disp\u0103ru\u021bi, ministrul Veteranilor de R\u0103zboi, Tomo Medved, acuz\u0103 \u0219i el Serbia de lips\u0103 de cooperare pe acest subiect incomod.<\/p>\n<\/div>\n","protected":false},"excerpt":{"rendered":"<p>\u00cen fiecare an, pe 30 august, fostele state iugoslave marcheaz\u0103 Ziua Persoanelor Disp\u0103rute, o comemorare a victimelor r\u0103zboaielor balcanice din anii 1990. Miercuri, \u00een statele fostei Iugoslavii au fost aprinse lum\u00e2n\u0103ri \u0219i depuse flori. \u00cen prezent, \u00een Bosnia, din cele 40.000 de persoane disp\u0103rute pe fondul destr\u0103m\u0103rii s\u00e2ngeroase a blocului iugoslav, trupurile a 12.000 nu [&hellip;]<\/p>\n","protected":false},"author":4,"featured_media":31326,"comment_status":"closed","ping_status":"closed","sticky":false,"template":"","format":"standard","meta":{"footnotes":""},"categories":[6354],"tags":[],"class_list":["post-31324","post","type-post","status-publish","format-standard","has-post-thumbnail","hentry","category-externe-ro"],"yoast_head":"<!-- This site is optimized with the Yoast SEO plugin v27.4 - https:\/\/yoast.com\/product\/yoast-seo-wordpress\/ -->\n<title>Sute de baloane negre pe cerul unei \u021b\u0103ri balcanice<\/title>\n<meta name=\"description\" content=\"\u00cen fiecare an, pe 30 august, fostele state iugoslave marcheaz\u0103 Ziua Persoanelor Disp\u0103rute, o comemorare a victimelor r\u0103zboaielor balcanice din anii 1990.\" \/>\n<meta name=\"robots\" content=\"index, follow, max-snippet:-1, max-image-preview:large, max-video-preview:-1\" \/>\n<link rel=\"canonical\" href=\"https:\/\/www.btv.md\/ro\/sute-de-baloane-negre-pe-cerul-unei-tari-balcanice\/\" \/>\n<meta property=\"og:locale\" content=\"ro_RO\" \/>\n<meta property=\"og:type\" content=\"article\" \/>\n<meta property=\"og:title\" content=\"Sute de baloane negre pe cerul unei \u021b\u0103ri balcanice\" \/>\n<meta property=\"og:description\" content=\"\u00cen fiecare an, pe 30 august, fostele state iugoslave marcheaz\u0103 Ziua Persoanelor Disp\u0103rute, o comemorare a victimelor r\u0103zboaielor balcanice din anii 1990.\" \/>\n<meta property=\"og:url\" content=\"https:\/\/www.btv.md\/ro\/sute-de-baloane-negre-pe-cerul-unei-tari-balcanice\/\" \/>\n<meta property=\"og:site_name\" content=\"BTV\" \/>\n<meta property=\"article:publisher\" content=\"https:\/\/www.facebook.com\/btvmoldova\/\" \/>\n<meta property=\"article:published_time\" content=\"2017-09-01T06:35:51+00:00\" \/>\n<meta property=\"og:image\" content=\"https:\/\/www.btv.md\/wp-content\/uploads\/2017\/09\/baloane-1.jpg\" \/>\n\t<meta property=\"og:image:width\" content=\"800\" \/>\n\t<meta property=\"og:image:height\" content=\"463\" \/>\n\t<meta property=\"og:image:type\" content=\"image\/jpeg\" \/>\n<meta name=\"author\" content=\"admin\" \/>\n<meta name=\"twitter:label1\" content=\"Scris de\" \/>\n\t<meta name=\"twitter:data1\" content=\"admin\" \/>\n\t<meta name=\"twitter:label2\" content=\"Timp estimat pentru citire\" \/>\n\t<meta name=\"twitter:data2\" content=\"2 minute\" \/>\n<script type=\"application\/ld+json\" class=\"yoast-schema-graph\">{\"@context\":\"https:\\\/\\\/schema.org\",\"@graph\":[{\"@type\":\"Article\",\"@id\":\"https:\\\/\\\/www.btv.md\\\/ro\\\/sute-de-baloane-negre-pe-cerul-unei-tari-balcanice\\\/#article\",\"isPartOf\":{\"@id\":\"https:\\\/\\\/www.btv.md\\\/ro\\\/sute-de-baloane-negre-pe-cerul-unei-tari-balcanice\\\/\"},\"author\":{\"name\":\"admin\",\"@id\":\"https:\\\/\\\/www.btv.md\\\/#\\\/schema\\\/person\\\/8fadce81561b3ce2c34c46dadc4ccbf2\"},\"headline\":\"Sute de baloane negre pe cerul unei \u021b\u0103ri balcanice\",\"datePublished\":\"2017-09-01T06:35:51+00:00\",\"mainEntityOfPage\":{\"@id\":\"https:\\\/\\\/www.btv.md\\\/ro\\\/sute-de-baloane-negre-pe-cerul-unei-tari-balcanice\\\/\"},\"wordCount\":391,\"image\":{\"@id\":\"https:\\\/\\\/www.btv.md\\\/ro\\\/sute-de-baloane-negre-pe-cerul-unei-tari-balcanice\\\/#primaryimage\"},\"thumbnailUrl\":\"https:\\\/\\\/www.btv.md\\\/wp-content\\\/uploads\\\/2017\\\/09\\\/baloane-1.jpg\",\"articleSection\":[\"Externe\"],\"inLanguage\":\"ro-RO\"},{\"@type\":\"WebPage\",\"@id\":\"https:\\\/\\\/www.btv.md\\\/ro\\\/sute-de-baloane-negre-pe-cerul-unei-tari-balcanice\\\/\",\"url\":\"https:\\\/\\\/www.btv.md\\\/ro\\\/sute-de-baloane-negre-pe-cerul-unei-tari-balcanice\\\/\",\"name\":\"Sute de baloane negre pe cerul unei \u021b\u0103ri balcanice\",\"isPartOf\":{\"@id\":\"https:\\\/\\\/www.btv.md\\\/#website\"},\"primaryImageOfPage\":{\"@id\":\"https:\\\/\\\/www.btv.md\\\/ro\\\/sute-de-baloane-negre-pe-cerul-unei-tari-balcanice\\\/#primaryimage\"},\"image\":{\"@id\":\"https:\\\/\\\/www.btv.md\\\/ro\\\/sute-de-baloane-negre-pe-cerul-unei-tari-balcanice\\\/#primaryimage\"},\"thumbnailUrl\":\"https:\\\/\\\/www.btv.md\\\/wp-content\\\/uploads\\\/2017\\\/09\\\/baloane-1.jpg\",\"datePublished\":\"2017-09-01T06:35:51+00:00\",\"author\":{\"@id\":\"https:\\\/\\\/www.btv.md\\\/#\\\/schema\\\/person\\\/8fadce81561b3ce2c34c46dadc4ccbf2\"},\"description\":\"\u00cen fiecare an, pe 30 august, fostele state iugoslave marcheaz\u0103 Ziua Persoanelor Disp\u0103rute, o comemorare a victimelor r\u0103zboaielor balcanice din anii 1990.\",\"inLanguage\":\"ro-RO\",\"potentialAction\":[{\"@type\":\"ReadAction\",\"target\":[\"https:\\\/\\\/www.btv.md\\\/ro\\\/sute-de-baloane-negre-pe-cerul-unei-tari-balcanice\\\/\"]}]},{\"@type\":\"ImageObject\",\"inLanguage\":\"ro-RO\",\"@id\":\"https:\\\/\\\/www.btv.md\\\/ro\\\/sute-de-baloane-negre-pe-cerul-unei-tari-balcanice\\\/#primaryimage\",\"url\":\"https:\\\/\\\/www.btv.md\\\/wp-content\\\/uploads\\\/2017\\\/09\\\/baloane-1.jpg\",\"contentUrl\":\"https:\\\/\\\/www.btv.md\\\/wp-content\\\/uploads\\\/2017\\\/09\\\/baloane-1.jpg\",\"width\":800,\"height\":463,\"caption\":\"Ziua Persoanelor Disp\u0103rute\"},{\"@type\":\"WebSite\",\"@id\":\"https:\\\/\\\/www.btv.md\\\/#website\",\"url\":\"https:\\\/\\\/www.btv.md\\\/\",\"name\":\"BTV\",\"description\":\"\u0411\u0435\u043b\u044c\u0446\u043a\u043e\u0435 \u0442\u0435\u043b\u0435\u0432\u0438\u0434\u0435\u043d\u0438\u0435\",\"potentialAction\":[{\"@type\":\"SearchAction\",\"target\":{\"@type\":\"EntryPoint\",\"urlTemplate\":\"https:\\\/\\\/www.btv.md\\\/?s={search_term_string}\"},\"query-input\":{\"@type\":\"PropertyValueSpecification\",\"valueRequired\":true,\"valueName\":\"search_term_string\"}}],\"inLanguage\":\"ro-RO\"},{\"@type\":\"Person\",\"@id\":\"https:\\\/\\\/www.btv.md\\\/#\\\/schema\\\/person\\\/8fadce81561b3ce2c34c46dadc4ccbf2\",\"name\":\"admin\"}]}<\/script>\n<!-- \/ Yoast SEO plugin. -->","yoast_head_json":{"title":"Sute de baloane negre pe cerul unei \u021b\u0103ri balcanice","description":"\u00cen fiecare an, pe 30 august, fostele state iugoslave marcheaz\u0103 Ziua Persoanelor Disp\u0103rute, o comemorare a victimelor r\u0103zboaielor balcanice din anii 1990.","robots":{"index":"index","follow":"follow","max-snippet":"max-snippet:-1","max-image-preview":"max-image-preview:large","max-video-preview":"max-video-preview:-1"},"canonical":"https:\/\/www.btv.md\/ro\/sute-de-baloane-negre-pe-cerul-unei-tari-balcanice\/","og_locale":"ro_RO","og_type":"article","og_title":"Sute de baloane negre pe cerul unei \u021b\u0103ri balcanice","og_description":"\u00cen fiecare an, pe 30 august, fostele state iugoslave marcheaz\u0103 Ziua Persoanelor Disp\u0103rute, o comemorare a victimelor r\u0103zboaielor balcanice din anii 1990.","og_url":"https:\/\/www.btv.md\/ro\/sute-de-baloane-negre-pe-cerul-unei-tari-balcanice\/","og_site_name":"BTV","article_publisher":"https:\/\/www.facebook.com\/btvmoldova\/","article_published_time":"2017-09-01T06:35:51+00:00","og_image":[{"width":800,"height":463,"url":"https:\/\/www.btv.md\/wp-content\/uploads\/2017\/09\/baloane-1.jpg","type":"image\/jpeg"}],"author":"admin","twitter_misc":{"Scris de":"admin","Timp estimat pentru citire":"2 minute"},"schema":{"@context":"https:\/\/schema.org","@graph":[{"@type":"Article","@id":"https:\/\/www.btv.md\/ro\/sute-de-baloane-negre-pe-cerul-unei-tari-balcanice\/#article","isPartOf":{"@id":"https:\/\/www.btv.md\/ro\/sute-de-baloane-negre-pe-cerul-unei-tari-balcanice\/"},"author":{"name":"admin","@id":"https:\/\/www.btv.md\/#\/schema\/person\/8fadce81561b3ce2c34c46dadc4ccbf2"},"headline":"Sute de baloane negre pe cerul unei \u021b\u0103ri balcanice","datePublished":"2017-09-01T06:35:51+00:00","mainEntityOfPage":{"@id":"https:\/\/www.btv.md\/ro\/sute-de-baloane-negre-pe-cerul-unei-tari-balcanice\/"},"wordCount":391,"image":{"@id":"https:\/\/www.btv.md\/ro\/sute-de-baloane-negre-pe-cerul-unei-tari-balcanice\/#primaryimage"},"thumbnailUrl":"https:\/\/www.btv.md\/wp-content\/uploads\/2017\/09\/baloane-1.jpg","articleSection":["Externe"],"inLanguage":"ro-RO"},{"@type":"WebPage","@id":"https:\/\/www.btv.md\/ro\/sute-de-baloane-negre-pe-cerul-unei-tari-balcanice\/","url":"https:\/\/www.btv.md\/ro\/sute-de-baloane-negre-pe-cerul-unei-tari-balcanice\/","name":"Sute de baloane negre pe cerul unei \u021b\u0103ri balcanice","isPartOf":{"@id":"https:\/\/www.btv.md\/#website"},"primaryImageOfPage":{"@id":"https:\/\/www.btv.md\/ro\/sute-de-baloane-negre-pe-cerul-unei-tari-balcanice\/#primaryimage"},"image":{"@id":"https:\/\/www.btv.md\/ro\/sute-de-baloane-negre-pe-cerul-unei-tari-balcanice\/#primaryimage"},"thumbnailUrl":"https:\/\/www.btv.md\/wp-content\/uploads\/2017\/09\/baloane-1.jpg","datePublished":"2017-09-01T06:35:51+00:00","author":{"@id":"https:\/\/www.btv.md\/#\/schema\/person\/8fadce81561b3ce2c34c46dadc4ccbf2"},"description":"\u00cen fiecare an, pe 30 august, fostele state iugoslave marcheaz\u0103 Ziua Persoanelor Disp\u0103rute, o comemorare a victimelor r\u0103zboaielor balcanice din anii 1990.","inLanguage":"ro-RO","potentialAction":[{"@type":"ReadAction","target":["https:\/\/www.btv.md\/ro\/sute-de-baloane-negre-pe-cerul-unei-tari-balcanice\/"]}]},{"@type":"ImageObject","inLanguage":"ro-RO","@id":"https:\/\/www.btv.md\/ro\/sute-de-baloane-negre-pe-cerul-unei-tari-balcanice\/#primaryimage","url":"https:\/\/www.btv.md\/wp-content\/uploads\/2017\/09\/baloane-1.jpg","contentUrl":"https:\/\/www.btv.md\/wp-content\/uploads\/2017\/09\/baloane-1.jpg","width":800,"height":463,"caption":"Ziua Persoanelor Disp\u0103rute"},{"@type":"WebSite","@id":"https:\/\/www.btv.md\/#website","url":"https:\/\/www.btv.md\/","name":"BTV","description":"\u0411\u0435\u043b\u044c\u0446\u043a\u043e\u0435 \u0442\u0435\u043b\u0435\u0432\u0438\u0434\u0435\u043d\u0438\u0435","potentialAction":[{"@type":"SearchAction","target":{"@type":"EntryPoint","urlTemplate":"https:\/\/www.btv.md\/?s={search_term_string}"},"query-input":{"@type":"PropertyValueSpecification","valueRequired":true,"valueName":"search_term_string"}}],"inLanguage":"ro-RO"},{"@type":"Person","@id":"https:\/\/www.btv.md\/#\/schema\/person\/8fadce81561b3ce2c34c46dadc4ccbf2","name":"admin"}]}},"_links":{"self":[{"href":"https:\/\/www.btv.md\/ro\/wp-json\/wp\/v2\/posts\/31324","targetHints":{"allow":["GET"]}}],"collection":[{"href":"https:\/\/www.btv.md\/ro\/wp-json\/wp\/v2\/posts"}],"about":[{"href":"https:\/\/www.btv.md\/ro\/wp-json\/wp\/v2\/types\/post"}],"author":[{"embeddable":true,"href":"https:\/\/www.btv.md\/ro\/wp-json\/wp\/v2\/users\/4"}],"replies":[{"embeddable":true,"href":"https:\/\/www.btv.md\/ro\/wp-json\/wp\/v2\/comments?post=31324"}],"version-history":[{"count":0,"href":"https:\/\/www.btv.md\/ro\/wp-json\/wp\/v2\/posts\/31324\/revisions"}],"wp:featuredmedia":[{"embeddable":true,"href":"https:\/\/www.btv.md\/ro\/wp-json\/wp\/v2\/media\/31326"}],"wp:attachment":[{"href":"https:\/\/www.btv.md\/ro\/wp-json\/wp\/v2\/media?parent=31324"}],"wp:term":[{"taxonomy":"category","embeddable":true,"href":"https:\/\/www.btv.md\/ro\/wp-json\/wp\/v2\/categories?post=31324"},{"taxonomy":"post_tag","embeddable":true,"href":"https:\/\/www.btv.md\/ro\/wp-json\/wp\/v2\/tags?post=31324"}],"curies":[{"name":"wp","href":"https:\/\/api.w.org\/{rel}","templated":true}]}}