{"id":31328,"date":"2017-09-01T09:41:27","date_gmt":"2017-09-01T06:41:27","guid":{"rendered":"http:\/\/btv.md\/?p=31328"},"modified":"2017-09-01T09:41:27","modified_gmt":"2017-09-01T06:41:27","slug":"un-camion-a-intrat-in-multime-in-centrul-moscovei","status":"publish","type":"post","link":"https:\/\/www.btv.md\/ro\/un-camion-a-intrat-in-multime-in-centrul-moscovei\/","title":{"rendered":"Un camion a intrat \u00een mul\u021bime \u00een centrul Moscovei"},"content":{"rendered":"<div class=\"post__lead\"><strong>Un camion a c\u0103lcat mai mul\u021bi oamenii \u00een centrul Moscovei. Acest lucru este confirmat de agen\u021bia rus\u0103 de \u0219tiri TASS cu referire la poli\u021bia rutier\u0103.<\/strong><\/div>\n<div class=\"post__body\">\n<p class=\"big\">\u00cen apropierea casei nr. 4 de pe \u0219oseaua Karetnaia, un camion de tip \u201eMAZ\u201d a intrat \u00een mul\u021bime \u0219i a lovit doi pietoni. Ambele victime au fost spitalizate, a declarat agen\u021bia. \u0218oferul camionului a fugit de la fa\u021ba locului.<\/p>\n<p>\u0218oferul a fost re\u021binut la periferia Moscovei. \u00een timp ce \u00eencerca s\u0103 p\u0103r\u0103seasc\u0103 ora\u0219ul, anun\u021b\u0103 Interfax cu referire la Inspectoratul de Stat al Traficului.\u00a0<\/p>\n<p>Departamentul de Transport din Moscova a raportat c\u0103 \u201eMAZ\u201d-ul apar\u021bine companiei \u201eCompanion\u201d, situat\u0103 l\u00e2ng\u0103 Moscova, scrie\u00a0<a href=\"http:\/\/www.timpul.md\/articol\/un-camion-a-intrat-in-mulime-in-centrul-moscovei--mai-multe-persoane-sunt-ranite-116902.html\" target=\"_blank\" rel=\"noopener noreferrer nofollow\">timpul.md<\/a>.<\/p>\n<\/div>\n","protected":false},"excerpt":{"rendered":"<p>Un camion a c\u0103lcat mai mul\u021bi oamenii \u00een centrul Moscovei. Acest lucru este confirmat de agen\u021bia rus\u0103 de \u0219tiri TASS cu referire la poli\u021bia rutier\u0103. \u00cen apropierea casei nr. 4 de pe \u0219oseaua Karetnaia, un camion de tip \u201eMAZ\u201d a intrat \u00een mul\u021bime \u0219i a lovit doi pietoni. Ambele victime au fost spitalizate, a declarat [&hellip;]<\/p>\n","protected":false},"author":4,"featured_media":31329,"comment_status":"closed","ping_status":"closed","sticky":false,"template":"","format":"standard","meta":{"footnotes":""},"categories":[14],"tags":[],"class_list":["post-31328","post","type-post","status-publish","format-standard","has-post-thumbnail","hentry","category-externe"],"yoast_head":"<!-- This site is optimized with the Yoast SEO plugin v27.4 - https:\/\/yoast.com\/product\/yoast-seo-wordpress\/ -->\n<title>Un camion a intrat \u00een mul\u021bime \u00een centrul Moscovei...<\/title>\n<meta name=\"description\" content=\"Un camion a c\u0103lcat mai mul\u021bi oamenii \u00een centrul Moscovei. Acest lucru este confirmat de agen\u021bia rus\u0103 de \u0219tiri TASS cu referire la poli\u021bia rutier\u0103.\" \/>\n<meta name=\"robots\" content=\"index, follow, max-snippet:-1, max-image-preview:large, max-video-preview:-1\" \/>\n<link rel=\"canonical\" href=\"https:\/\/www.btv.md\/ro\/un-camion-a-intrat-in-multime-in-centrul-moscovei\/\" \/>\n<meta property=\"og:locale\" content=\"ro_RO\" \/>\n<meta property=\"og:type\" content=\"article\" \/>\n<meta property=\"og:title\" content=\"Un camion a intrat \u00een mul\u021bime \u00een centrul Moscovei\" \/>\n<meta property=\"og:description\" content=\"Un camion a c\u0103lcat mai mul\u021bi oamenii \u00een centrul Moscovei. Acest lucru este confirmat de agen\u021bia rus\u0103 de \u0219tiri TASS cu referire la poli\u021bia rutier\u0103.\" \/>\n<meta property=\"og:url\" content=\"https:\/\/www.btv.md\/ro\/un-camion-a-intrat-in-multime-in-centrul-moscovei\/\" \/>\n<meta property=\"og:site_name\" content=\"BTV\" \/>\n<meta property=\"article:publisher\" content=\"https:\/\/www.facebook.com\/btvmoldova\/\" \/>\n<meta property=\"article:published_time\" content=\"2017-09-01T06:41:27+00:00\" \/>\n<meta property=\"og:image\" content=\"https:\/\/www.btv.md\/wp-content\/uploads\/2017\/09\/ambulanta.jpg\" \/>\n\t<meta property=\"og:image:width\" content=\"1300\" \/>\n\t<meta property=\"og:image:height\" content=\"782\" \/>\n\t<meta property=\"og:image:type\" content=\"image\/jpeg\" \/>\n<meta name=\"author\" content=\"admin\" \/>\n<meta name=\"twitter:label1\" content=\"Scris de\" \/>\n\t<meta name=\"twitter:data1\" content=\"admin\" \/>\n\t<meta name=\"twitter:label2\" content=\"Timp estimat pentru citire\" \/>\n\t<meta name=\"twitter:data2\" content=\"1 minut\" \/>\n<script type=\"application\/ld+json\" class=\"yoast-schema-graph\">{\"@context\":\"https:\\\/\\\/schema.org\",\"@graph\":[{\"@type\":\"Article\",\"@id\":\"https:\\\/\\\/www.btv.md\\\/ro\\\/un-camion-a-intrat-in-multime-in-centrul-moscovei\\\/#article\",\"isPartOf\":{\"@id\":\"https:\\\/\\\/www.btv.md\\\/ro\\\/un-camion-a-intrat-in-multime-in-centrul-moscovei\\\/\"},\"author\":{\"name\":\"admin\",\"@id\":\"https:\\\/\\\/www.btv.md\\\/#\\\/schema\\\/person\\\/8fadce81561b3ce2c34c46dadc4ccbf2\"},\"headline\":\"Un camion a intrat \u00een mul\u021bime \u00een centrul Moscovei\",\"datePublished\":\"2017-09-01T06:41:27+00:00\",\"mainEntityOfPage\":{\"@id\":\"https:\\\/\\\/www.btv.md\\\/ro\\\/un-camion-a-intrat-in-multime-in-centrul-moscovei\\\/\"},\"wordCount\":129,\"image\":{\"@id\":\"https:\\\/\\\/www.btv.md\\\/ro\\\/un-camion-a-intrat-in-multime-in-centrul-moscovei\\\/#primaryimage\"},\"thumbnailUrl\":\"https:\\\/\\\/www.btv.md\\\/wp-content\\\/uploads\\\/2017\\\/09\\\/ambulanta.jpg\",\"articleSection\":[\"\u0417\u0430\u0440\u0443\u0431\u0435\u0436\u043d\u044b\u0435\"],\"inLanguage\":\"ro-RO\"},{\"@type\":\"WebPage\",\"@id\":\"https:\\\/\\\/www.btv.md\\\/ro\\\/un-camion-a-intrat-in-multime-in-centrul-moscovei\\\/\",\"url\":\"https:\\\/\\\/www.btv.md\\\/ro\\\/un-camion-a-intrat-in-multime-in-centrul-moscovei\\\/\",\"name\":\"Un camion a intrat \u00een mul\u021bime \u00een centrul Moscovei...\",\"isPartOf\":{\"@id\":\"https:\\\/\\\/www.btv.md\\\/#website\"},\"primaryImageOfPage\":{\"@id\":\"https:\\\/\\\/www.btv.md\\\/ro\\\/un-camion-a-intrat-in-multime-in-centrul-moscovei\\\/#primaryimage\"},\"image\":{\"@id\":\"https:\\\/\\\/www.btv.md\\\/ro\\\/un-camion-a-intrat-in-multime-in-centrul-moscovei\\\/#primaryimage\"},\"thumbnailUrl\":\"https:\\\/\\\/www.btv.md\\\/wp-content\\\/uploads\\\/2017\\\/09\\\/ambulanta.jpg\",\"datePublished\":\"2017-09-01T06:41:27+00:00\",\"author\":{\"@id\":\"https:\\\/\\\/www.btv.md\\\/#\\\/schema\\\/person\\\/8fadce81561b3ce2c34c46dadc4ccbf2\"},\"description\":\"Un camion a c\u0103lcat mai mul\u021bi oamenii \u00een centrul Moscovei. Acest lucru este confirmat de agen\u021bia rus\u0103 de \u0219tiri TASS cu referire la poli\u021bia rutier\u0103.\",\"inLanguage\":\"ro-RO\",\"potentialAction\":[{\"@type\":\"ReadAction\",\"target\":[\"https:\\\/\\\/www.btv.md\\\/ro\\\/un-camion-a-intrat-in-multime-in-centrul-moscovei\\\/\"]}]},{\"@type\":\"ImageObject\",\"inLanguage\":\"ro-RO\",\"@id\":\"https:\\\/\\\/www.btv.md\\\/ro\\\/un-camion-a-intrat-in-multime-in-centrul-moscovei\\\/#primaryimage\",\"url\":\"https:\\\/\\\/www.btv.md\\\/wp-content\\\/uploads\\\/2017\\\/09\\\/ambulanta.jpg\",\"contentUrl\":\"https:\\\/\\\/www.btv.md\\\/wp-content\\\/uploads\\\/2017\\\/09\\\/ambulanta.jpg\",\"width\":1300,\"height\":782,\"caption\":\"Un camion a intrat \u00een mul\u021bime \u00een centrul Moscovei. Mai multe persoane sunt r\u0103nite\"},{\"@type\":\"WebSite\",\"@id\":\"https:\\\/\\\/www.btv.md\\\/#website\",\"url\":\"https:\\\/\\\/www.btv.md\\\/\",\"name\":\"BTV\",\"description\":\"\u0411\u0435\u043b\u044c\u0446\u043a\u043e\u0435 \u0442\u0435\u043b\u0435\u0432\u0438\u0434\u0435\u043d\u0438\u0435\",\"potentialAction\":[{\"@type\":\"SearchAction\",\"target\":{\"@type\":\"EntryPoint\",\"urlTemplate\":\"https:\\\/\\\/www.btv.md\\\/?s={search_term_string}\"},\"query-input\":{\"@type\":\"PropertyValueSpecification\",\"valueRequired\":true,\"valueName\":\"search_term_string\"}}],\"inLanguage\":\"ro-RO\"},{\"@type\":\"Person\",\"@id\":\"https:\\\/\\\/www.btv.md\\\/#\\\/schema\\\/person\\\/8fadce81561b3ce2c34c46dadc4ccbf2\",\"name\":\"admin\"}]}<\/script>\n<!-- \/ Yoast SEO plugin. -->","yoast_head_json":{"title":"Un camion a intrat \u00een mul\u021bime \u00een centrul Moscovei...","description":"Un camion a c\u0103lcat mai mul\u021bi oamenii \u00een centrul Moscovei. Acest lucru este confirmat de agen\u021bia rus\u0103 de \u0219tiri TASS cu referire la poli\u021bia rutier\u0103.","robots":{"index":"index","follow":"follow","max-snippet":"max-snippet:-1","max-image-preview":"max-image-preview:large","max-video-preview":"max-video-preview:-1"},"canonical":"https:\/\/www.btv.md\/ro\/un-camion-a-intrat-in-multime-in-centrul-moscovei\/","og_locale":"ro_RO","og_type":"article","og_title":"Un camion a intrat \u00een mul\u021bime \u00een centrul Moscovei","og_description":"Un camion a c\u0103lcat mai mul\u021bi oamenii \u00een centrul Moscovei. Acest lucru este confirmat de agen\u021bia rus\u0103 de \u0219tiri TASS cu referire la poli\u021bia rutier\u0103.","og_url":"https:\/\/www.btv.md\/ro\/un-camion-a-intrat-in-multime-in-centrul-moscovei\/","og_site_name":"BTV","article_publisher":"https:\/\/www.facebook.com\/btvmoldova\/","article_published_time":"2017-09-01T06:41:27+00:00","og_image":[{"width":1300,"height":782,"url":"https:\/\/www.btv.md\/wp-content\/uploads\/2017\/09\/ambulanta.jpg","type":"image\/jpeg"}],"author":"admin","twitter_misc":{"Scris de":"admin","Timp estimat pentru citire":"1 minut"},"schema":{"@context":"https:\/\/schema.org","@graph":[{"@type":"Article","@id":"https:\/\/www.btv.md\/ro\/un-camion-a-intrat-in-multime-in-centrul-moscovei\/#article","isPartOf":{"@id":"https:\/\/www.btv.md\/ro\/un-camion-a-intrat-in-multime-in-centrul-moscovei\/"},"author":{"name":"admin","@id":"https:\/\/www.btv.md\/#\/schema\/person\/8fadce81561b3ce2c34c46dadc4ccbf2"},"headline":"Un camion a intrat \u00een mul\u021bime \u00een centrul Moscovei","datePublished":"2017-09-01T06:41:27+00:00","mainEntityOfPage":{"@id":"https:\/\/www.btv.md\/ro\/un-camion-a-intrat-in-multime-in-centrul-moscovei\/"},"wordCount":129,"image":{"@id":"https:\/\/www.btv.md\/ro\/un-camion-a-intrat-in-multime-in-centrul-moscovei\/#primaryimage"},"thumbnailUrl":"https:\/\/www.btv.md\/wp-content\/uploads\/2017\/09\/ambulanta.jpg","articleSection":["\u0417\u0430\u0440\u0443\u0431\u0435\u0436\u043d\u044b\u0435"],"inLanguage":"ro-RO"},{"@type":"WebPage","@id":"https:\/\/www.btv.md\/ro\/un-camion-a-intrat-in-multime-in-centrul-moscovei\/","url":"https:\/\/www.btv.md\/ro\/un-camion-a-intrat-in-multime-in-centrul-moscovei\/","name":"Un camion a intrat \u00een mul\u021bime \u00een centrul Moscovei...","isPartOf":{"@id":"https:\/\/www.btv.md\/#website"},"primaryImageOfPage":{"@id":"https:\/\/www.btv.md\/ro\/un-camion-a-intrat-in-multime-in-centrul-moscovei\/#primaryimage"},"image":{"@id":"https:\/\/www.btv.md\/ro\/un-camion-a-intrat-in-multime-in-centrul-moscovei\/#primaryimage"},"thumbnailUrl":"https:\/\/www.btv.md\/wp-content\/uploads\/2017\/09\/ambulanta.jpg","datePublished":"2017-09-01T06:41:27+00:00","author":{"@id":"https:\/\/www.btv.md\/#\/schema\/person\/8fadce81561b3ce2c34c46dadc4ccbf2"},"description":"Un camion a c\u0103lcat mai mul\u021bi oamenii \u00een centrul Moscovei. Acest lucru este confirmat de agen\u021bia rus\u0103 de \u0219tiri TASS cu referire la poli\u021bia rutier\u0103.","inLanguage":"ro-RO","potentialAction":[{"@type":"ReadAction","target":["https:\/\/www.btv.md\/ro\/un-camion-a-intrat-in-multime-in-centrul-moscovei\/"]}]},{"@type":"ImageObject","inLanguage":"ro-RO","@id":"https:\/\/www.btv.md\/ro\/un-camion-a-intrat-in-multime-in-centrul-moscovei\/#primaryimage","url":"https:\/\/www.btv.md\/wp-content\/uploads\/2017\/09\/ambulanta.jpg","contentUrl":"https:\/\/www.btv.md\/wp-content\/uploads\/2017\/09\/ambulanta.jpg","width":1300,"height":782,"caption":"Un camion a intrat \u00een mul\u021bime \u00een centrul Moscovei. Mai multe persoane sunt r\u0103nite"},{"@type":"WebSite","@id":"https:\/\/www.btv.md\/#website","url":"https:\/\/www.btv.md\/","name":"BTV","description":"\u0411\u0435\u043b\u044c\u0446\u043a\u043e\u0435 \u0442\u0435\u043b\u0435\u0432\u0438\u0434\u0435\u043d\u0438\u0435","potentialAction":[{"@type":"SearchAction","target":{"@type":"EntryPoint","urlTemplate":"https:\/\/www.btv.md\/?s={search_term_string}"},"query-input":{"@type":"PropertyValueSpecification","valueRequired":true,"valueName":"search_term_string"}}],"inLanguage":"ro-RO"},{"@type":"Person","@id":"https:\/\/www.btv.md\/#\/schema\/person\/8fadce81561b3ce2c34c46dadc4ccbf2","name":"admin"}]}},"_links":{"self":[{"href":"https:\/\/www.btv.md\/ro\/wp-json\/wp\/v2\/posts\/31328","targetHints":{"allow":["GET"]}}],"collection":[{"href":"https:\/\/www.btv.md\/ro\/wp-json\/wp\/v2\/posts"}],"about":[{"href":"https:\/\/www.btv.md\/ro\/wp-json\/wp\/v2\/types\/post"}],"author":[{"embeddable":true,"href":"https:\/\/www.btv.md\/ro\/wp-json\/wp\/v2\/users\/4"}],"replies":[{"embeddable":true,"href":"https:\/\/www.btv.md\/ro\/wp-json\/wp\/v2\/comments?post=31328"}],"version-history":[{"count":0,"href":"https:\/\/www.btv.md\/ro\/wp-json\/wp\/v2\/posts\/31328\/revisions"}],"wp:featuredmedia":[{"embeddable":true,"href":"https:\/\/www.btv.md\/ro\/wp-json\/wp\/v2\/media\/31329"}],"wp:attachment":[{"href":"https:\/\/www.btv.md\/ro\/wp-json\/wp\/v2\/media?parent=31328"}],"wp:term":[{"taxonomy":"category","embeddable":true,"href":"https:\/\/www.btv.md\/ro\/wp-json\/wp\/v2\/categories?post=31328"},{"taxonomy":"post_tag","embeddable":true,"href":"https:\/\/www.btv.md\/ro\/wp-json\/wp\/v2\/tags?post=31328"}],"curies":[{"name":"wp","href":"https:\/\/api.w.org\/{rel}","templated":true}]}}