{"id":31377,"date":"2017-09-01T17:04:04","date_gmt":"2017-09-01T14:04:04","guid":{"rendered":"http:\/\/btv.md\/?p=31377"},"modified":"2019-03-14T16:29:08","modified_gmt":"2019-03-14T14:29:08","slug":"liceul-teoretic-mihai-eminescu-s-a-ales-cu-un-nou-director","status":"publish","type":"post","link":"https:\/\/www.btv.md\/ro\/liceul-teoretic-mihai-eminescu-s-a-ales-cu-un-nou-director\/","title":{"rendered":"Liceul Teoretic \u201eMihai Eminescu\u201d s-a ales cu un nou director"},"content":{"rendered":"<p><strong>Liceul Teoretic \u201eMihai Eminescu\u201d din B\u0103l\u021bi are un nou manager. Este vorba despre Nina Grap\u0103, profesoar\u0103 de limba francez\u0103, \u00een trecut, director adjunct \u00een aceea\u0219i institu\u021bie. La careul solemn def\u0103\u0219urat cu ocazia zilei de 1 septembrie, Nina Grap\u0103 a fost numit\u0103 oficial \u00een func\u021bia de manager a uneia dintre cele mai puternice licee din municipiu. Anun\u021bul a fost f\u0103cut de \u0219efa Direc\u021biei \u00cenv\u0103\u021b\u0103m\u00e2nt Tineret \u0219i Sport, Tatiana Dubi\u021bcaia.<\/strong><\/p>\n<p style=\"text-align: center;\"><iframe data-src=\"https:\/\/www.youtube.com\/embed\/xHb4jsipzxo\" width=\"854\" height=\"480\" frameborder=\"0\" allowfullscreen=\"allowfullscreen\" src=\"data:image\/svg+xml;base64,PHN2ZyB3aWR0aD0iMSIgaGVpZ2h0PSIxIiB4bWxucz0iaHR0cDovL3d3dy53My5vcmcvMjAwMC9zdmciPjwvc3ZnPg==\" class=\"lazyload\" data-load-mode=\"1\"><\/iframe><\/p>\n<p>La r\u00e2ndul s\u0103u, Nina Grap\u0103 a \u021binut s\u0103 felicite elevii \u0219i \u00eentreg colectivul pedagogic cu \u00eenceputul noului an \u0219colar. Ea le-a urat succes celor peste 1700 de elevi care \u00ee\u0219i fac studiile \u00een institu\u021bia pe care o va gestiona.<\/p>\n<p>Nina Grap\u0103 a fost numit\u0103 \u00een func\u021bia de director pentru urm\u0103torii 5 ani.<\/p>\n<p>Anterior, director de liceu a fost Leonid Amoa\u0219ii, care a stat la c\u00e2rma institu\u021biei mai bine de 30 de ani.<\/p>\n","protected":false},"excerpt":{"rendered":"<p>Liceul Teoretic \u201eMihai Eminescu\u201d din B\u0103l\u021bi are un nou manager. Este vorba despre Nina Grap\u0103, profesoar\u0103 de limba francez\u0103, \u00een trecut, director adjunct \u00een aceea\u0219i institu\u021bie. La careul solemn def\u0103\u0219urat cu ocazia zilei de 1 septembrie, Nina Grap\u0103 a fost numit\u0103 oficial \u00een func\u021bia de manager a uneia dintre cele mai puternice licee din municipiu. [&hellip;]<\/p>\n","protected":false},"author":4,"featured_media":31378,"comment_status":"closed","ping_status":"closed","sticky":false,"template":"","format":"standard","meta":{"footnotes":""},"categories":[6353,6377],"tags":[],"class_list":["post-31377","post","type-post","status-publish","format-standard","has-post-thumbnail","hentry","category-oras","category-stiri"],"yoast_head":"<!-- This site is optimized with the Yoast SEO plugin v27.4 - https:\/\/yoast.com\/product\/yoast-seo-wordpress\/ -->\n<title>Liceul Teoretic \u201eMihai Eminescu\u201d s-a ales cu un nou director<\/title>\n<meta name=\"description\" content=\"Liceul Teoretic \u201eMihai Eminescu\u201d din B\u0103l\u021bi are un nou manager. Este vorba despre Nina Grap\u0103, profesoar\u0103 de limba francez\u0103.\" \/>\n<meta name=\"robots\" content=\"index, follow, max-snippet:-1, max-image-preview:large, max-video-preview:-1\" \/>\n<link rel=\"canonical\" href=\"https:\/\/www.btv.md\/ro\/liceul-teoretic-mihai-eminescu-s-a-ales-cu-un-nou-director\/\" \/>\n<meta property=\"og:locale\" content=\"ro_RO\" \/>\n<meta property=\"og:type\" content=\"article\" \/>\n<meta property=\"og:title\" content=\"Liceul Teoretic \u201eMihai Eminescu\u201d s-a ales cu un nou director\" \/>\n<meta property=\"og:description\" content=\"Liceul Teoretic \u201eMihai Eminescu\u201d din B\u0103l\u021bi are un nou manager. Este vorba despre Nina Grap\u0103, profesoar\u0103 de limba francez\u0103, \u00een trecut, director adjunct \u00een aceea\u0219i institu\u021bie.\" \/>\n<meta property=\"og:url\" content=\"https:\/\/www.btv.md\/ro\/liceul-teoretic-mihai-eminescu-s-a-ales-cu-un-nou-director\/\" \/>\n<meta property=\"og:site_name\" content=\"BTV\" \/>\n<meta property=\"article:publisher\" content=\"https:\/\/www.facebook.com\/btvmoldova\/\" \/>\n<meta property=\"article:published_time\" content=\"2017-09-01T14:04:04+00:00\" \/>\n<meta property=\"article:modified_time\" content=\"2019-03-14T14:29:08+00:00\" \/>\n<meta property=\"og:image\" content=\"https:\/\/www.btv.md\/wp-content\/uploads\/2017\/09\/liceul-teoretic.png\" \/>\n\t<meta property=\"og:image:width\" content=\"1366\" \/>\n\t<meta property=\"og:image:height\" content=\"617\" \/>\n\t<meta property=\"og:image:type\" content=\"image\/png\" \/>\n<meta name=\"author\" content=\"admin\" \/>\n<meta name=\"twitter:label1\" content=\"Scris de\" \/>\n\t<meta name=\"twitter:data1\" content=\"admin\" \/>\n\t<meta name=\"twitter:label2\" content=\"Timp estimat pentru citire\" \/>\n\t<meta name=\"twitter:data2\" content=\"1 minut\" \/>\n<script type=\"application\/ld+json\" class=\"yoast-schema-graph\">{\"@context\":\"https:\\\/\\\/schema.org\",\"@graph\":[{\"@type\":\"Article\",\"@id\":\"https:\\\/\\\/www.btv.md\\\/ro\\\/liceul-teoretic-mihai-eminescu-s-a-ales-cu-un-nou-director\\\/#article\",\"isPartOf\":{\"@id\":\"https:\\\/\\\/www.btv.md\\\/ro\\\/liceul-teoretic-mihai-eminescu-s-a-ales-cu-un-nou-director\\\/\"},\"author\":{\"name\":\"admin\",\"@id\":\"https:\\\/\\\/www.btv.md\\\/#\\\/schema\\\/person\\\/8fadce81561b3ce2c34c46dadc4ccbf2\"},\"headline\":\"Liceul Teoretic \u201eMihai Eminescu\u201d s-a ales cu un nou director\",\"datePublished\":\"2017-09-01T14:04:04+00:00\",\"dateModified\":\"2019-03-14T14:29:08+00:00\",\"mainEntityOfPage\":{\"@id\":\"https:\\\/\\\/www.btv.md\\\/ro\\\/liceul-teoretic-mihai-eminescu-s-a-ales-cu-un-nou-director\\\/\"},\"wordCount\":166,\"image\":{\"@id\":\"https:\\\/\\\/www.btv.md\\\/ro\\\/liceul-teoretic-mihai-eminescu-s-a-ales-cu-un-nou-director\\\/#primaryimage\"},\"thumbnailUrl\":\"https:\\\/\\\/www.btv.md\\\/wp-content\\\/uploads\\\/2017\\\/09\\\/liceul-teoretic.png\",\"articleSection\":[\"Ora\u0219\",\"\u0218tiri\"],\"inLanguage\":\"ro-RO\"},{\"@type\":\"WebPage\",\"@id\":\"https:\\\/\\\/www.btv.md\\\/ro\\\/liceul-teoretic-mihai-eminescu-s-a-ales-cu-un-nou-director\\\/\",\"url\":\"https:\\\/\\\/www.btv.md\\\/ro\\\/liceul-teoretic-mihai-eminescu-s-a-ales-cu-un-nou-director\\\/\",\"name\":\"Liceul Teoretic \u201eMihai Eminescu\u201d s-a ales cu un nou director\",\"isPartOf\":{\"@id\":\"https:\\\/\\\/www.btv.md\\\/#website\"},\"primaryImageOfPage\":{\"@id\":\"https:\\\/\\\/www.btv.md\\\/ro\\\/liceul-teoretic-mihai-eminescu-s-a-ales-cu-un-nou-director\\\/#primaryimage\"},\"image\":{\"@id\":\"https:\\\/\\\/www.btv.md\\\/ro\\\/liceul-teoretic-mihai-eminescu-s-a-ales-cu-un-nou-director\\\/#primaryimage\"},\"thumbnailUrl\":\"https:\\\/\\\/www.btv.md\\\/wp-content\\\/uploads\\\/2017\\\/09\\\/liceul-teoretic.png\",\"datePublished\":\"2017-09-01T14:04:04+00:00\",\"dateModified\":\"2019-03-14T14:29:08+00:00\",\"author\":{\"@id\":\"https:\\\/\\\/www.btv.md\\\/#\\\/schema\\\/person\\\/8fadce81561b3ce2c34c46dadc4ccbf2\"},\"description\":\"Liceul Teoretic \u201eMihai Eminescu\u201d din B\u0103l\u021bi are un nou manager. Este vorba despre Nina Grap\u0103, profesoar\u0103 de limba francez\u0103.\",\"inLanguage\":\"ro-RO\",\"potentialAction\":[{\"@type\":\"ReadAction\",\"target\":[\"https:\\\/\\\/www.btv.md\\\/ro\\\/liceul-teoretic-mihai-eminescu-s-a-ales-cu-un-nou-director\\\/\"]}]},{\"@type\":\"ImageObject\",\"inLanguage\":\"ro-RO\",\"@id\":\"https:\\\/\\\/www.btv.md\\\/ro\\\/liceul-teoretic-mihai-eminescu-s-a-ales-cu-un-nou-director\\\/#primaryimage\",\"url\":\"https:\\\/\\\/www.btv.md\\\/wp-content\\\/uploads\\\/2017\\\/09\\\/liceul-teoretic.png\",\"contentUrl\":\"https:\\\/\\\/www.btv.md\\\/wp-content\\\/uploads\\\/2017\\\/09\\\/liceul-teoretic.png\",\"width\":1366,\"height\":617,\"caption\":\"Liceul Teoretic \u201eMihai Eminescu\u201d\"},{\"@type\":\"WebSite\",\"@id\":\"https:\\\/\\\/www.btv.md\\\/#website\",\"url\":\"https:\\\/\\\/www.btv.md\\\/\",\"name\":\"BTV\",\"description\":\"\u0411\u0435\u043b\u044c\u0446\u043a\u043e\u0435 \u0442\u0435\u043b\u0435\u0432\u0438\u0434\u0435\u043d\u0438\u0435\",\"potentialAction\":[{\"@type\":\"SearchAction\",\"target\":{\"@type\":\"EntryPoint\",\"urlTemplate\":\"https:\\\/\\\/www.btv.md\\\/?s={search_term_string}\"},\"query-input\":{\"@type\":\"PropertyValueSpecification\",\"valueRequired\":true,\"valueName\":\"search_term_string\"}}],\"inLanguage\":\"ro-RO\"},{\"@type\":\"Person\",\"@id\":\"https:\\\/\\\/www.btv.md\\\/#\\\/schema\\\/person\\\/8fadce81561b3ce2c34c46dadc4ccbf2\",\"name\":\"admin\"}]}<\/script>\n<!-- \/ Yoast SEO plugin. -->","yoast_head_json":{"title":"Liceul Teoretic \u201eMihai Eminescu\u201d s-a ales cu un nou director","description":"Liceul Teoretic \u201eMihai Eminescu\u201d din B\u0103l\u021bi are un nou manager. Este vorba despre Nina Grap\u0103, profesoar\u0103 de limba francez\u0103.","robots":{"index":"index","follow":"follow","max-snippet":"max-snippet:-1","max-image-preview":"max-image-preview:large","max-video-preview":"max-video-preview:-1"},"canonical":"https:\/\/www.btv.md\/ro\/liceul-teoretic-mihai-eminescu-s-a-ales-cu-un-nou-director\/","og_locale":"ro_RO","og_type":"article","og_title":"Liceul Teoretic \u201eMihai Eminescu\u201d s-a ales cu un nou director","og_description":"Liceul Teoretic \u201eMihai Eminescu\u201d din B\u0103l\u021bi are un nou manager. Este vorba despre Nina Grap\u0103, profesoar\u0103 de limba francez\u0103, \u00een trecut, director adjunct \u00een aceea\u0219i institu\u021bie.","og_url":"https:\/\/www.btv.md\/ro\/liceul-teoretic-mihai-eminescu-s-a-ales-cu-un-nou-director\/","og_site_name":"BTV","article_publisher":"https:\/\/www.facebook.com\/btvmoldova\/","article_published_time":"2017-09-01T14:04:04+00:00","article_modified_time":"2019-03-14T14:29:08+00:00","og_image":[{"width":1366,"height":617,"url":"https:\/\/www.btv.md\/wp-content\/uploads\/2017\/09\/liceul-teoretic.png","type":"image\/png"}],"author":"admin","twitter_misc":{"Scris de":"admin","Timp estimat pentru citire":"1 minut"},"schema":{"@context":"https:\/\/schema.org","@graph":[{"@type":"Article","@id":"https:\/\/www.btv.md\/ro\/liceul-teoretic-mihai-eminescu-s-a-ales-cu-un-nou-director\/#article","isPartOf":{"@id":"https:\/\/www.btv.md\/ro\/liceul-teoretic-mihai-eminescu-s-a-ales-cu-un-nou-director\/"},"author":{"name":"admin","@id":"https:\/\/www.btv.md\/#\/schema\/person\/8fadce81561b3ce2c34c46dadc4ccbf2"},"headline":"Liceul Teoretic \u201eMihai Eminescu\u201d s-a ales cu un nou director","datePublished":"2017-09-01T14:04:04+00:00","dateModified":"2019-03-14T14:29:08+00:00","mainEntityOfPage":{"@id":"https:\/\/www.btv.md\/ro\/liceul-teoretic-mihai-eminescu-s-a-ales-cu-un-nou-director\/"},"wordCount":166,"image":{"@id":"https:\/\/www.btv.md\/ro\/liceul-teoretic-mihai-eminescu-s-a-ales-cu-un-nou-director\/#primaryimage"},"thumbnailUrl":"https:\/\/www.btv.md\/wp-content\/uploads\/2017\/09\/liceul-teoretic.png","articleSection":["Ora\u0219","\u0218tiri"],"inLanguage":"ro-RO"},{"@type":"WebPage","@id":"https:\/\/www.btv.md\/ro\/liceul-teoretic-mihai-eminescu-s-a-ales-cu-un-nou-director\/","url":"https:\/\/www.btv.md\/ro\/liceul-teoretic-mihai-eminescu-s-a-ales-cu-un-nou-director\/","name":"Liceul Teoretic \u201eMihai Eminescu\u201d s-a ales cu un nou director","isPartOf":{"@id":"https:\/\/www.btv.md\/#website"},"primaryImageOfPage":{"@id":"https:\/\/www.btv.md\/ro\/liceul-teoretic-mihai-eminescu-s-a-ales-cu-un-nou-director\/#primaryimage"},"image":{"@id":"https:\/\/www.btv.md\/ro\/liceul-teoretic-mihai-eminescu-s-a-ales-cu-un-nou-director\/#primaryimage"},"thumbnailUrl":"https:\/\/www.btv.md\/wp-content\/uploads\/2017\/09\/liceul-teoretic.png","datePublished":"2017-09-01T14:04:04+00:00","dateModified":"2019-03-14T14:29:08+00:00","author":{"@id":"https:\/\/www.btv.md\/#\/schema\/person\/8fadce81561b3ce2c34c46dadc4ccbf2"},"description":"Liceul Teoretic \u201eMihai Eminescu\u201d din B\u0103l\u021bi are un nou manager. Este vorba despre Nina Grap\u0103, profesoar\u0103 de limba francez\u0103.","inLanguage":"ro-RO","potentialAction":[{"@type":"ReadAction","target":["https:\/\/www.btv.md\/ro\/liceul-teoretic-mihai-eminescu-s-a-ales-cu-un-nou-director\/"]}]},{"@type":"ImageObject","inLanguage":"ro-RO","@id":"https:\/\/www.btv.md\/ro\/liceul-teoretic-mihai-eminescu-s-a-ales-cu-un-nou-director\/#primaryimage","url":"https:\/\/www.btv.md\/wp-content\/uploads\/2017\/09\/liceul-teoretic.png","contentUrl":"https:\/\/www.btv.md\/wp-content\/uploads\/2017\/09\/liceul-teoretic.png","width":1366,"height":617,"caption":"Liceul Teoretic \u201eMihai Eminescu\u201d"},{"@type":"WebSite","@id":"https:\/\/www.btv.md\/#website","url":"https:\/\/www.btv.md\/","name":"BTV","description":"\u0411\u0435\u043b\u044c\u0446\u043a\u043e\u0435 \u0442\u0435\u043b\u0435\u0432\u0438\u0434\u0435\u043d\u0438\u0435","potentialAction":[{"@type":"SearchAction","target":{"@type":"EntryPoint","urlTemplate":"https:\/\/www.btv.md\/?s={search_term_string}"},"query-input":{"@type":"PropertyValueSpecification","valueRequired":true,"valueName":"search_term_string"}}],"inLanguage":"ro-RO"},{"@type":"Person","@id":"https:\/\/www.btv.md\/#\/schema\/person\/8fadce81561b3ce2c34c46dadc4ccbf2","name":"admin"}]}},"_links":{"self":[{"href":"https:\/\/www.btv.md\/ro\/wp-json\/wp\/v2\/posts\/31377","targetHints":{"allow":["GET"]}}],"collection":[{"href":"https:\/\/www.btv.md\/ro\/wp-json\/wp\/v2\/posts"}],"about":[{"href":"https:\/\/www.btv.md\/ro\/wp-json\/wp\/v2\/types\/post"}],"author":[{"embeddable":true,"href":"https:\/\/www.btv.md\/ro\/wp-json\/wp\/v2\/users\/4"}],"replies":[{"embeddable":true,"href":"https:\/\/www.btv.md\/ro\/wp-json\/wp\/v2\/comments?post=31377"}],"version-history":[{"count":0,"href":"https:\/\/www.btv.md\/ro\/wp-json\/wp\/v2\/posts\/31377\/revisions"}],"wp:featuredmedia":[{"embeddable":true,"href":"https:\/\/www.btv.md\/ro\/wp-json\/wp\/v2\/media\/31378"}],"wp:attachment":[{"href":"https:\/\/www.btv.md\/ro\/wp-json\/wp\/v2\/media?parent=31377"}],"wp:term":[{"taxonomy":"category","embeddable":true,"href":"https:\/\/www.btv.md\/ro\/wp-json\/wp\/v2\/categories?post=31377"},{"taxonomy":"post_tag","embeddable":true,"href":"https:\/\/www.btv.md\/ro\/wp-json\/wp\/v2\/tags?post=31377"}],"curies":[{"name":"wp","href":"https:\/\/api.w.org\/{rel}","templated":true}]}}