{"id":31479,"date":"2017-09-04T17:33:38","date_gmt":"2017-09-04T14:33:38","guid":{"rendered":"http:\/\/btv.md\/?p=31479"},"modified":"2019-03-17T17:47:24","modified_gmt":"2019-03-17T15:47:24","slug":"donatii-care-vor-bucura-mii-de-oameni","status":"publish","type":"post","link":"https:\/\/www.btv.md\/ro\/donatii-care-vor-bucura-mii-de-oameni\/","title":{"rendered":"Dona\u021bii care vor bucura mii de oameni"},"content":{"rendered":"<p><strong>Spitalul clinic municipal din B\u0103l\u021bi a primit ajutor material din partea asocia\u021biei neguvernamentale \u201eSperan\u021ba\u201d. Este vorba despre lengerie de pat, prosoape, scutece, dar \u0219i c\u00e2teva paturi \u0219i saltele. Dona\u021biile \u00eens\u0103 nu s-au oprit aici. Potrivit \u0219efei asocia\u021biei, Raisa Ceremu\u0219, de ajutor au beneficiat Direc\u021bia Asisten\u021b\u0103 Social\u0103 B\u0103l\u021bi, prim\u0103ria Edine\u021b \u0219i organiza\u021bia evreiasc\u0103 \u201eJoint\u201d din Chi\u0219in\u0103u. Dup\u0103 necesitate, acestea au primit pachete igienice, scutece, haine \u0219i chiar covoare.<\/strong><\/p>\n<p style=\"text-align: center;\"><iframe data-src=\"https:\/\/www.youtube.com\/embed\/o1gP0yjop9g\" width=\"854\" height=\"480\" frameborder=\"0\" allowfullscreen=\"allowfullscreen\" src=\"data:image\/svg+xml;base64,PHN2ZyB3aWR0aD0iMSIgaGVpZ2h0PSIxIiB4bWxucz0iaHR0cDovL3d3dy53My5vcmcvMjAwMC9zdmciPjwvc3ZnPg==\" class=\"lazyload\" data-load-mode=\"1\"><\/iframe><\/p>\n<p>Medicul \u0219ef al spitalului din B\u0103l\u021bi, Serghei Rotari, sus\u021bine c\u0103 dona\u021bia era una extrem de necesar\u0103, \u00een condi\u021biile \u00een care institu\u021bia medical\u0103 duce o lips\u0103 acut\u0103 de lengerie, iar unele s\u0103li necesit\u0103 s\u0103 fie dotate.<\/p>\n<p>\u0218efa serviciului asisten\u021b\u0103 social\u0103 comunitar\u0103, Diana Statnic, spune c\u0103 nu este pentru prima dat\u0103 c\u00e2nd asocia\u021bia \u201eSperan\u021ba\u201d le vine \u00een ajutor pentru a-i bucura pe cei mai tri\u0219ti ca noi.<\/p>\n<p>Raisa Ceremu\u0219 spune c\u0103 \u00eencearc\u0103 s\u0103 \u00eei ajute pe to\u021bi cei care solicit\u0103 sus\u021binere. De exemplu, aceste haine vor ajunge la familiile nevoia\u0219e din ora\u0219ul Cupcini.<\/p>\n<p>Bucurie mare \u00eei a\u0219teapt\u0103 \u0219i pe c\u00e2\u021biva beneficiari ai asocia\u021biei, care vor primi una din cele 6 <em>cuadriciclete. <\/em><\/p>\n","protected":false},"excerpt":{"rendered":"<p>Spitalul clinic municipal din B\u0103l\u021bi a primit ajutor material din partea asocia\u021biei neguvernamentale \u201eSperan\u021ba\u201d. Este vorba despre lengerie de pat, prosoape, scutece, dar \u0219i c\u00e2teva paturi \u0219i saltele. Dona\u021biile \u00eens\u0103 nu s-au oprit aici. Potrivit \u0219efei asocia\u021biei, Raisa Ceremu\u0219, de ajutor au beneficiat Direc\u021bia Asisten\u021b\u0103 Social\u0103 B\u0103l\u021bi, prim\u0103ria Edine\u021b \u0219i organiza\u021bia evreiasc\u0103 \u201eJoint\u201d din Chi\u0219in\u0103u. [&hellip;]<\/p>\n","protected":false},"author":4,"featured_media":31480,"comment_status":"closed","ping_status":"closed","sticky":false,"template":"","format":"standard","meta":{"footnotes":""},"categories":[6349],"tags":[],"class_list":["post-31479","post","type-post","status-publish","format-standard","has-post-thumbnail","hentry","category-social"],"yoast_head":"<!-- This site is optimized with the Yoast SEO plugin v27.4 - https:\/\/yoast.com\/product\/yoast-seo-wordpress\/ -->\n<title>Dona\u021bii care vor bucura mii de oameni.....................<\/title>\n<meta name=\"description\" content=\"Spitalul clinic municipal din B\u0103l\u021bi a primit ajutor material din partea asocia\u021biei neguvernamentale \u201eSperan\u021ba\u201d. Este vorba despre lengerie de pat, prosoape.\" \/>\n<meta name=\"robots\" content=\"index, follow, max-snippet:-1, max-image-preview:large, max-video-preview:-1\" \/>\n<link rel=\"canonical\" href=\"https:\/\/www.btv.md\/ro\/donatii-care-vor-bucura-mii-de-oameni\/\" \/>\n<meta property=\"og:locale\" content=\"ro_RO\" \/>\n<meta property=\"og:type\" content=\"article\" \/>\n<meta property=\"og:title\" content=\"Dona\u021bii care vor bucura mii de oameni\" \/>\n<meta property=\"og:description\" content=\"Spitalul clinic municipal din B\u0103l\u021bi a primit ajutor material din partea asocia\u021biei neguvernamentale \u201eSperan\u021ba\u201d. Este vorba despre lengerie de pat, prosoape, scutece, dar \u0219i c\u00e2teva paturi \u0219i saltele.\" \/>\n<meta property=\"og:url\" content=\"https:\/\/www.btv.md\/ro\/donatii-care-vor-bucura-mii-de-oameni\/\" \/>\n<meta property=\"og:site_name\" content=\"BTV\" \/>\n<meta property=\"article:publisher\" content=\"https:\/\/www.facebook.com\/btvmoldova\/\" \/>\n<meta property=\"article:published_time\" content=\"2017-09-04T14:33:38+00:00\" \/>\n<meta property=\"article:modified_time\" content=\"2019-03-17T15:47:24+00:00\" \/>\n<meta property=\"og:image\" content=\"https:\/\/www.btv.md\/wp-content\/uploads\/2017\/09\/speranta.png\" \/>\n\t<meta property=\"og:image:width\" content=\"1366\" \/>\n\t<meta property=\"og:image:height\" content=\"620\" \/>\n\t<meta property=\"og:image:type\" content=\"image\/png\" \/>\n<meta name=\"author\" content=\"admin\" \/>\n<meta name=\"twitter:label1\" content=\"Scris de\" \/>\n\t<meta name=\"twitter:data1\" content=\"admin\" \/>\n\t<meta name=\"twitter:label2\" content=\"Timp estimat pentru citire\" \/>\n\t<meta name=\"twitter:data2\" content=\"1 minut\" \/>\n<script type=\"application\/ld+json\" class=\"yoast-schema-graph\">{\"@context\":\"https:\\\/\\\/schema.org\",\"@graph\":[{\"@type\":\"Article\",\"@id\":\"https:\\\/\\\/www.btv.md\\\/ro\\\/donatii-care-vor-bucura-mii-de-oameni\\\/#article\",\"isPartOf\":{\"@id\":\"https:\\\/\\\/www.btv.md\\\/ro\\\/donatii-care-vor-bucura-mii-de-oameni\\\/\"},\"author\":{\"name\":\"admin\",\"@id\":\"https:\\\/\\\/www.btv.md\\\/#\\\/schema\\\/person\\\/8fadce81561b3ce2c34c46dadc4ccbf2\"},\"headline\":\"Dona\u021bii care vor bucura mii de oameni\",\"datePublished\":\"2017-09-04T14:33:38+00:00\",\"dateModified\":\"2019-03-17T15:47:24+00:00\",\"mainEntityOfPage\":{\"@id\":\"https:\\\/\\\/www.btv.md\\\/ro\\\/donatii-care-vor-bucura-mii-de-oameni\\\/\"},\"wordCount\":215,\"image\":{\"@id\":\"https:\\\/\\\/www.btv.md\\\/ro\\\/donatii-care-vor-bucura-mii-de-oameni\\\/#primaryimage\"},\"thumbnailUrl\":\"https:\\\/\\\/www.btv.md\\\/wp-content\\\/uploads\\\/2017\\\/09\\\/speranta.png\",\"articleSection\":[\"Social\"],\"inLanguage\":\"ro-RO\"},{\"@type\":\"WebPage\",\"@id\":\"https:\\\/\\\/www.btv.md\\\/ro\\\/donatii-care-vor-bucura-mii-de-oameni\\\/\",\"url\":\"https:\\\/\\\/www.btv.md\\\/ro\\\/donatii-care-vor-bucura-mii-de-oameni\\\/\",\"name\":\"Dona\u021bii care vor bucura mii de oameni.....................\",\"isPartOf\":{\"@id\":\"https:\\\/\\\/www.btv.md\\\/#website\"},\"primaryImageOfPage\":{\"@id\":\"https:\\\/\\\/www.btv.md\\\/ro\\\/donatii-care-vor-bucura-mii-de-oameni\\\/#primaryimage\"},\"image\":{\"@id\":\"https:\\\/\\\/www.btv.md\\\/ro\\\/donatii-care-vor-bucura-mii-de-oameni\\\/#primaryimage\"},\"thumbnailUrl\":\"https:\\\/\\\/www.btv.md\\\/wp-content\\\/uploads\\\/2017\\\/09\\\/speranta.png\",\"datePublished\":\"2017-09-04T14:33:38+00:00\",\"dateModified\":\"2019-03-17T15:47:24+00:00\",\"author\":{\"@id\":\"https:\\\/\\\/www.btv.md\\\/#\\\/schema\\\/person\\\/8fadce81561b3ce2c34c46dadc4ccbf2\"},\"description\":\"Spitalul clinic municipal din B\u0103l\u021bi a primit ajutor material din partea asocia\u021biei neguvernamentale \u201eSperan\u021ba\u201d. Este vorba despre lengerie de pat, prosoape.\",\"inLanguage\":\"ro-RO\",\"potentialAction\":[{\"@type\":\"ReadAction\",\"target\":[\"https:\\\/\\\/www.btv.md\\\/ro\\\/donatii-care-vor-bucura-mii-de-oameni\\\/\"]}]},{\"@type\":\"ImageObject\",\"inLanguage\":\"ro-RO\",\"@id\":\"https:\\\/\\\/www.btv.md\\\/ro\\\/donatii-care-vor-bucura-mii-de-oameni\\\/#primaryimage\",\"url\":\"https:\\\/\\\/www.btv.md\\\/wp-content\\\/uploads\\\/2017\\\/09\\\/speranta.png\",\"contentUrl\":\"https:\\\/\\\/www.btv.md\\\/wp-content\\\/uploads\\\/2017\\\/09\\\/speranta.png\",\"width\":1366,\"height\":620,\"caption\":\"dona\u021bii asocia\u021bia \u201dSperan\u021ba\u201d\"},{\"@type\":\"WebSite\",\"@id\":\"https:\\\/\\\/www.btv.md\\\/#website\",\"url\":\"https:\\\/\\\/www.btv.md\\\/\",\"name\":\"BTV\",\"description\":\"\u0411\u0435\u043b\u044c\u0446\u043a\u043e\u0435 \u0442\u0435\u043b\u0435\u0432\u0438\u0434\u0435\u043d\u0438\u0435\",\"potentialAction\":[{\"@type\":\"SearchAction\",\"target\":{\"@type\":\"EntryPoint\",\"urlTemplate\":\"https:\\\/\\\/www.btv.md\\\/?s={search_term_string}\"},\"query-input\":{\"@type\":\"PropertyValueSpecification\",\"valueRequired\":true,\"valueName\":\"search_term_string\"}}],\"inLanguage\":\"ro-RO\"},{\"@type\":\"Person\",\"@id\":\"https:\\\/\\\/www.btv.md\\\/#\\\/schema\\\/person\\\/8fadce81561b3ce2c34c46dadc4ccbf2\",\"name\":\"admin\"}]}<\/script>\n<!-- \/ Yoast SEO plugin. -->","yoast_head_json":{"title":"Dona\u021bii care vor bucura mii de oameni.....................","description":"Spitalul clinic municipal din B\u0103l\u021bi a primit ajutor material din partea asocia\u021biei neguvernamentale \u201eSperan\u021ba\u201d. Este vorba despre lengerie de pat, prosoape.","robots":{"index":"index","follow":"follow","max-snippet":"max-snippet:-1","max-image-preview":"max-image-preview:large","max-video-preview":"max-video-preview:-1"},"canonical":"https:\/\/www.btv.md\/ro\/donatii-care-vor-bucura-mii-de-oameni\/","og_locale":"ro_RO","og_type":"article","og_title":"Dona\u021bii care vor bucura mii de oameni","og_description":"Spitalul clinic municipal din B\u0103l\u021bi a primit ajutor material din partea asocia\u021biei neguvernamentale \u201eSperan\u021ba\u201d. Este vorba despre lengerie de pat, prosoape, scutece, dar \u0219i c\u00e2teva paturi \u0219i saltele.","og_url":"https:\/\/www.btv.md\/ro\/donatii-care-vor-bucura-mii-de-oameni\/","og_site_name":"BTV","article_publisher":"https:\/\/www.facebook.com\/btvmoldova\/","article_published_time":"2017-09-04T14:33:38+00:00","article_modified_time":"2019-03-17T15:47:24+00:00","og_image":[{"width":1366,"height":620,"url":"https:\/\/www.btv.md\/wp-content\/uploads\/2017\/09\/speranta.png","type":"image\/png"}],"author":"admin","twitter_misc":{"Scris de":"admin","Timp estimat pentru citire":"1 minut"},"schema":{"@context":"https:\/\/schema.org","@graph":[{"@type":"Article","@id":"https:\/\/www.btv.md\/ro\/donatii-care-vor-bucura-mii-de-oameni\/#article","isPartOf":{"@id":"https:\/\/www.btv.md\/ro\/donatii-care-vor-bucura-mii-de-oameni\/"},"author":{"name":"admin","@id":"https:\/\/www.btv.md\/#\/schema\/person\/8fadce81561b3ce2c34c46dadc4ccbf2"},"headline":"Dona\u021bii care vor bucura mii de oameni","datePublished":"2017-09-04T14:33:38+00:00","dateModified":"2019-03-17T15:47:24+00:00","mainEntityOfPage":{"@id":"https:\/\/www.btv.md\/ro\/donatii-care-vor-bucura-mii-de-oameni\/"},"wordCount":215,"image":{"@id":"https:\/\/www.btv.md\/ro\/donatii-care-vor-bucura-mii-de-oameni\/#primaryimage"},"thumbnailUrl":"https:\/\/www.btv.md\/wp-content\/uploads\/2017\/09\/speranta.png","articleSection":["Social"],"inLanguage":"ro-RO"},{"@type":"WebPage","@id":"https:\/\/www.btv.md\/ro\/donatii-care-vor-bucura-mii-de-oameni\/","url":"https:\/\/www.btv.md\/ro\/donatii-care-vor-bucura-mii-de-oameni\/","name":"Dona\u021bii care vor bucura mii de oameni.....................","isPartOf":{"@id":"https:\/\/www.btv.md\/#website"},"primaryImageOfPage":{"@id":"https:\/\/www.btv.md\/ro\/donatii-care-vor-bucura-mii-de-oameni\/#primaryimage"},"image":{"@id":"https:\/\/www.btv.md\/ro\/donatii-care-vor-bucura-mii-de-oameni\/#primaryimage"},"thumbnailUrl":"https:\/\/www.btv.md\/wp-content\/uploads\/2017\/09\/speranta.png","datePublished":"2017-09-04T14:33:38+00:00","dateModified":"2019-03-17T15:47:24+00:00","author":{"@id":"https:\/\/www.btv.md\/#\/schema\/person\/8fadce81561b3ce2c34c46dadc4ccbf2"},"description":"Spitalul clinic municipal din B\u0103l\u021bi a primit ajutor material din partea asocia\u021biei neguvernamentale \u201eSperan\u021ba\u201d. Este vorba despre lengerie de pat, prosoape.","inLanguage":"ro-RO","potentialAction":[{"@type":"ReadAction","target":["https:\/\/www.btv.md\/ro\/donatii-care-vor-bucura-mii-de-oameni\/"]}]},{"@type":"ImageObject","inLanguage":"ro-RO","@id":"https:\/\/www.btv.md\/ro\/donatii-care-vor-bucura-mii-de-oameni\/#primaryimage","url":"https:\/\/www.btv.md\/wp-content\/uploads\/2017\/09\/speranta.png","contentUrl":"https:\/\/www.btv.md\/wp-content\/uploads\/2017\/09\/speranta.png","width":1366,"height":620,"caption":"dona\u021bii asocia\u021bia \u201dSperan\u021ba\u201d"},{"@type":"WebSite","@id":"https:\/\/www.btv.md\/#website","url":"https:\/\/www.btv.md\/","name":"BTV","description":"\u0411\u0435\u043b\u044c\u0446\u043a\u043e\u0435 \u0442\u0435\u043b\u0435\u0432\u0438\u0434\u0435\u043d\u0438\u0435","potentialAction":[{"@type":"SearchAction","target":{"@type":"EntryPoint","urlTemplate":"https:\/\/www.btv.md\/?s={search_term_string}"},"query-input":{"@type":"PropertyValueSpecification","valueRequired":true,"valueName":"search_term_string"}}],"inLanguage":"ro-RO"},{"@type":"Person","@id":"https:\/\/www.btv.md\/#\/schema\/person\/8fadce81561b3ce2c34c46dadc4ccbf2","name":"admin"}]}},"_links":{"self":[{"href":"https:\/\/www.btv.md\/ro\/wp-json\/wp\/v2\/posts\/31479","targetHints":{"allow":["GET"]}}],"collection":[{"href":"https:\/\/www.btv.md\/ro\/wp-json\/wp\/v2\/posts"}],"about":[{"href":"https:\/\/www.btv.md\/ro\/wp-json\/wp\/v2\/types\/post"}],"author":[{"embeddable":true,"href":"https:\/\/www.btv.md\/ro\/wp-json\/wp\/v2\/users\/4"}],"replies":[{"embeddable":true,"href":"https:\/\/www.btv.md\/ro\/wp-json\/wp\/v2\/comments?post=31479"}],"version-history":[{"count":0,"href":"https:\/\/www.btv.md\/ro\/wp-json\/wp\/v2\/posts\/31479\/revisions"}],"wp:featuredmedia":[{"embeddable":true,"href":"https:\/\/www.btv.md\/ro\/wp-json\/wp\/v2\/media\/31480"}],"wp:attachment":[{"href":"https:\/\/www.btv.md\/ro\/wp-json\/wp\/v2\/media?parent=31479"}],"wp:term":[{"taxonomy":"category","embeddable":true,"href":"https:\/\/www.btv.md\/ro\/wp-json\/wp\/v2\/categories?post=31479"},{"taxonomy":"post_tag","embeddable":true,"href":"https:\/\/www.btv.md\/ro\/wp-json\/wp\/v2\/tags?post=31479"}],"curies":[{"name":"wp","href":"https:\/\/api.w.org\/{rel}","templated":true}]}}