{"id":31509,"date":"2017-09-04T19:02:48","date_gmt":"2017-09-04T16:02:48","guid":{"rendered":"http:\/\/btv.md\/?p=31509"},"modified":"2017-09-05T16:27:40","modified_gmt":"2017-09-05T13:27:40","slug":"la-balti-s-a-dat-startul-noului-an-universitar","status":"publish","type":"post","link":"https:\/\/www.btv.md\/ro\/la-balti-s-a-dat-startul-noului-an-universitar\/","title":{"rendered":"La B\u0103l\u021bi s-a dat startul noului an universitar"},"content":{"rendered":"<p><strong>Anul de studii la Universitatea de Stat \u201eAlecu Russo\u201d din B\u0103l\u021bi a fost dechis oficial. Cu acest prilej, \u00eentreg colectivul academic \u0219i studen\u021bii \u0219i-au dat \u00eent\u00e2lnire \u00een incinta Teatrului Na\u021bional \u201eVasile Alecsandri\u201d, acolo unde au fost discutate succesele \u0219i planurile pentru noul an de \u00eenv\u0103\u021b\u0103m\u00e2nt. La eveniment a fost prezent\u0103 ministrul Educa\u021biei, Culturii \u0219i Cercet\u0103rii, Monica Babuc. Ea a men\u021bionat c\u0103 universitatea b\u0103l\u021bean\u0103 r\u0103m\u00e2ne a fi una dintre cele mai puternice institu\u021bii de \u00eenv\u0103\u021b\u0103m\u00e2nt superioare din \u021bar\u0103. Cu toate acestea, at\u00e2t la USARB, c\u00e2t \u0219i \u00een alte universit\u0103\u021bi din \u021bar\u0103, multe specialit\u0103\u021bi r\u0103m\u00e2n neacoperite.<\/strong><\/p>\n<p style=\"text-align: center;\"><iframe data-src=\"https:\/\/www.youtube.com\/embed\/aRG5WWVUQCw\" width=\"854\" height=\"480\" frameborder=\"0\" allowfullscreen=\"allowfullscreen\" data-mce-fragment=\"1\" src=\"data:image\/svg+xml;base64,PHN2ZyB3aWR0aD0iMSIgaGVpZ2h0PSIxIiB4bWxucz0iaHR0cDovL3d3dy53My5vcmcvMjAwMC9zdmciPjwvc3ZnPg==\" class=\"lazyload\" data-load-mode=\"1\"><\/iframe><\/p>\n<p>Rectorul USARB, Ion Gagim, recunoa\u0219te c\u0103 lucrurile nu sunt tocmai \u00eembucur\u0103toare. Iat\u0103 de ce administra\u021bia universit\u0103\u021bii depune tot efortul pentru a crea condi\u021bii bune pentru studen\u021bi, care \u00een prezent sunt \u00een num\u0103r de aproape cinci mii.<\/p>\n<p>\u00cen sal\u0103 au fost prezen\u021bi mul\u021bi dintre studen\u021bii anului I. Printre ei este \u0219i Xenia Dascal. De\u0219i ea a fost admis\u0103 la mai multe universit\u0103\u021bi din \u021bar\u0103, a ales s\u0103-\u0219i fac\u0103 studiile la B\u0103l\u021bi.<\/p>\n<p>La eveniment au mai fost prezen\u021bi oaspe\u021bi de onoare precum academicianul Ion Tighineanu, dar \u0219i consulul Rom\u00e2niei la B\u0103l\u021bi, Mihail Baciu.<\/p>\n","protected":false},"excerpt":{"rendered":"<p>Anul de studii la Universitatea de Stat \u201eAlecu Russo\u201d din B\u0103l\u021bi a fost dechis oficial. Cu acest prilej, \u00eentreg colectivul academic \u0219i studen\u021bii \u0219i-au dat \u00eent\u00e2lnire \u00een incinta Teatrului Na\u021bional \u201eVasile Alecsandri\u201d, acolo unde au fost discutate succesele \u0219i planurile pentru noul an de \u00eenv\u0103\u021b\u0103m\u00e2nt. La eveniment a fost prezent\u0103 ministrul Educa\u021biei, Culturii \u0219i Cercet\u0103rii, [&hellip;]<\/p>\n","protected":false},"author":4,"featured_media":31512,"comment_status":"closed","ping_status":"closed","sticky":false,"template":"","format":"standard","meta":{"footnotes":""},"categories":[6353,6377],"tags":[],"class_list":["post-31509","post","type-post","status-publish","format-standard","has-post-thumbnail","hentry","category-oras","category-stiri"],"yoast_head":"<!-- This site is optimized with the Yoast SEO plugin v27.4 - https:\/\/yoast.com\/product\/yoast-seo-wordpress\/ -->\n<title>La B\u0103l\u021bi s-a dat startul noului an universitar..............<\/title>\n<meta name=\"description\" content=\"\u00centreg colectivul academic \u0219i studen\u021bii \u0219i-au dat \u00eent\u00e2lnire \u00een incinta Teatrului Na\u021bional \u201eVasile Alecsandri\u201d, acolo unde au fost discutate succesele...\" \/>\n<meta name=\"robots\" content=\"index, follow, max-snippet:-1, max-image-preview:large, max-video-preview:-1\" \/>\n<link rel=\"canonical\" href=\"https:\/\/www.btv.md\/ro\/amp\/la-balti-s-a-dat-startul-noului-an-universitar\/\" \/>\n<meta property=\"og:locale\" content=\"ro_RO\" \/>\n<meta property=\"og:type\" content=\"article\" \/>\n<meta property=\"og:title\" content=\"La B\u0103l\u021bi s-a dat startul noului an universitar\" \/>\n<meta property=\"og:description\" content=\"Anul de studii la Universitatea de Stat \u201eAlecu Russo\u201d din B\u0103l\u021bi a fost dechis oficial. Cu acest prilej, \u00eentreg colectivul academic \u0219i studen\u021bii \u0219i-au dat \u00eent\u00e2lnire \u00een incinta Teatrului Na\u021bional \u201eVasile Alecsandri\u201d, acolo unde au fost discutate succesele \u0219i planurile pentru noul an de \u00eenv\u0103\u021b\u0103m\u00e2nt.\" \/>\n<meta property=\"og:url\" content=\"https:\/\/www.btv.md\/ro\/amp\/la-balti-s-a-dat-startul-noului-an-universitar\/\" \/>\n<meta property=\"og:site_name\" content=\"BTV\" \/>\n<meta property=\"article:publisher\" content=\"https:\/\/www.facebook.com\/btvmoldova\/\" \/>\n<meta property=\"article:published_time\" content=\"2017-09-04T16:02:48+00:00\" \/>\n<meta property=\"article:modified_time\" content=\"2017-09-05T13:27:40+00:00\" \/>\n<meta property=\"og:image\" content=\"https:\/\/www.btv.md\/wp-content\/uploads\/2017\/09\/usarb.png\" \/>\n\t<meta property=\"og:image:width\" content=\"1366\" \/>\n\t<meta property=\"og:image:height\" content=\"614\" \/>\n\t<meta property=\"og:image:type\" content=\"image\/png\" \/>\n<meta name=\"author\" content=\"admin\" \/>\n<meta name=\"twitter:label1\" content=\"Scris de\" \/>\n\t<meta name=\"twitter:data1\" content=\"admin\" \/>\n\t<meta name=\"twitter:label2\" content=\"Timp estimat pentru citire\" \/>\n\t<meta name=\"twitter:data2\" content=\"1 minut\" \/>\n<script type=\"application\/ld+json\" class=\"yoast-schema-graph\">{\"@context\":\"https:\\\/\\\/schema.org\",\"@graph\":[{\"@type\":\"Article\",\"@id\":\"https:\\\/\\\/www.btv.md\\\/ro\\\/amp\\\/la-balti-s-a-dat-startul-noului-an-universitar\\\/#article\",\"isPartOf\":{\"@id\":\"https:\\\/\\\/www.btv.md\\\/ro\\\/amp\\\/la-balti-s-a-dat-startul-noului-an-universitar\\\/\"},\"author\":{\"name\":\"admin\",\"@id\":\"https:\\\/\\\/www.btv.md\\\/#\\\/schema\\\/person\\\/8fadce81561b3ce2c34c46dadc4ccbf2\"},\"headline\":\"La B\u0103l\u021bi s-a dat startul noului an universitar\",\"datePublished\":\"2017-09-04T16:02:48+00:00\",\"dateModified\":\"2017-09-05T13:27:40+00:00\",\"mainEntityOfPage\":{\"@id\":\"https:\\\/\\\/www.btv.md\\\/ro\\\/amp\\\/la-balti-s-a-dat-startul-noului-an-universitar\\\/\"},\"wordCount\":239,\"image\":{\"@id\":\"https:\\\/\\\/www.btv.md\\\/ro\\\/amp\\\/la-balti-s-a-dat-startul-noului-an-universitar\\\/#primaryimage\"},\"thumbnailUrl\":\"https:\\\/\\\/www.btv.md\\\/wp-content\\\/uploads\\\/2017\\\/09\\\/usarb.png\",\"articleSection\":[\"Ora\u0219\",\"\u0218tiri\"],\"inLanguage\":\"ro-RO\"},{\"@type\":\"WebPage\",\"@id\":\"https:\\\/\\\/www.btv.md\\\/ro\\\/amp\\\/la-balti-s-a-dat-startul-noului-an-universitar\\\/\",\"url\":\"https:\\\/\\\/www.btv.md\\\/ro\\\/amp\\\/la-balti-s-a-dat-startul-noului-an-universitar\\\/\",\"name\":\"La B\u0103l\u021bi s-a dat startul noului an universitar..............\",\"isPartOf\":{\"@id\":\"https:\\\/\\\/www.btv.md\\\/#website\"},\"primaryImageOfPage\":{\"@id\":\"https:\\\/\\\/www.btv.md\\\/ro\\\/amp\\\/la-balti-s-a-dat-startul-noului-an-universitar\\\/#primaryimage\"},\"image\":{\"@id\":\"https:\\\/\\\/www.btv.md\\\/ro\\\/amp\\\/la-balti-s-a-dat-startul-noului-an-universitar\\\/#primaryimage\"},\"thumbnailUrl\":\"https:\\\/\\\/www.btv.md\\\/wp-content\\\/uploads\\\/2017\\\/09\\\/usarb.png\",\"datePublished\":\"2017-09-04T16:02:48+00:00\",\"dateModified\":\"2017-09-05T13:27:40+00:00\",\"author\":{\"@id\":\"https:\\\/\\\/www.btv.md\\\/#\\\/schema\\\/person\\\/8fadce81561b3ce2c34c46dadc4ccbf2\"},\"description\":\"\u00centreg colectivul academic \u0219i studen\u021bii \u0219i-au dat \u00eent\u00e2lnire \u00een incinta Teatrului Na\u021bional \u201eVasile Alecsandri\u201d, acolo unde au fost discutate succesele...\",\"inLanguage\":\"ro-RO\",\"potentialAction\":[{\"@type\":\"ReadAction\",\"target\":[\"https:\\\/\\\/www.btv.md\\\/ro\\\/amp\\\/la-balti-s-a-dat-startul-noului-an-universitar\\\/\"]}]},{\"@type\":\"ImageObject\",\"inLanguage\":\"ro-RO\",\"@id\":\"https:\\\/\\\/www.btv.md\\\/ro\\\/amp\\\/la-balti-s-a-dat-startul-noului-an-universitar\\\/#primaryimage\",\"url\":\"https:\\\/\\\/www.btv.md\\\/wp-content\\\/uploads\\\/2017\\\/09\\\/usarb.png\",\"contentUrl\":\"https:\\\/\\\/www.btv.md\\\/wp-content\\\/uploads\\\/2017\\\/09\\\/usarb.png\",\"width\":1366,\"height\":614,\"caption\":\"noul an universitar\"},{\"@type\":\"WebSite\",\"@id\":\"https:\\\/\\\/www.btv.md\\\/#website\",\"url\":\"https:\\\/\\\/www.btv.md\\\/\",\"name\":\"BTV\",\"description\":\"\u0411\u0435\u043b\u044c\u0446\u043a\u043e\u0435 \u0442\u0435\u043b\u0435\u0432\u0438\u0434\u0435\u043d\u0438\u0435\",\"potentialAction\":[{\"@type\":\"SearchAction\",\"target\":{\"@type\":\"EntryPoint\",\"urlTemplate\":\"https:\\\/\\\/www.btv.md\\\/?s={search_term_string}\"},\"query-input\":{\"@type\":\"PropertyValueSpecification\",\"valueRequired\":true,\"valueName\":\"search_term_string\"}}],\"inLanguage\":\"ro-RO\"},{\"@type\":\"Person\",\"@id\":\"https:\\\/\\\/www.btv.md\\\/#\\\/schema\\\/person\\\/8fadce81561b3ce2c34c46dadc4ccbf2\",\"name\":\"admin\"}]}<\/script>\n<!-- \/ Yoast SEO plugin. -->","yoast_head_json":{"title":"La B\u0103l\u021bi s-a dat startul noului an universitar..............","description":"\u00centreg colectivul academic \u0219i studen\u021bii \u0219i-au dat \u00eent\u00e2lnire \u00een incinta Teatrului Na\u021bional \u201eVasile Alecsandri\u201d, acolo unde au fost discutate succesele...","robots":{"index":"index","follow":"follow","max-snippet":"max-snippet:-1","max-image-preview":"max-image-preview:large","max-video-preview":"max-video-preview:-1"},"canonical":"https:\/\/www.btv.md\/ro\/amp\/la-balti-s-a-dat-startul-noului-an-universitar\/","og_locale":"ro_RO","og_type":"article","og_title":"La B\u0103l\u021bi s-a dat startul noului an universitar","og_description":"Anul de studii la Universitatea de Stat \u201eAlecu Russo\u201d din B\u0103l\u021bi a fost dechis oficial. Cu acest prilej, \u00eentreg colectivul academic \u0219i studen\u021bii \u0219i-au dat \u00eent\u00e2lnire \u00een incinta Teatrului Na\u021bional \u201eVasile Alecsandri\u201d, acolo unde au fost discutate succesele \u0219i planurile pentru noul an de \u00eenv\u0103\u021b\u0103m\u00e2nt.","og_url":"https:\/\/www.btv.md\/ro\/amp\/la-balti-s-a-dat-startul-noului-an-universitar\/","og_site_name":"BTV","article_publisher":"https:\/\/www.facebook.com\/btvmoldova\/","article_published_time":"2017-09-04T16:02:48+00:00","article_modified_time":"2017-09-05T13:27:40+00:00","og_image":[{"width":1366,"height":614,"url":"https:\/\/www.btv.md\/wp-content\/uploads\/2017\/09\/usarb.png","type":"image\/png"}],"author":"admin","twitter_misc":{"Scris de":"admin","Timp estimat pentru citire":"1 minut"},"schema":{"@context":"https:\/\/schema.org","@graph":[{"@type":"Article","@id":"https:\/\/www.btv.md\/ro\/amp\/la-balti-s-a-dat-startul-noului-an-universitar\/#article","isPartOf":{"@id":"https:\/\/www.btv.md\/ro\/amp\/la-balti-s-a-dat-startul-noului-an-universitar\/"},"author":{"name":"admin","@id":"https:\/\/www.btv.md\/#\/schema\/person\/8fadce81561b3ce2c34c46dadc4ccbf2"},"headline":"La B\u0103l\u021bi s-a dat startul noului an universitar","datePublished":"2017-09-04T16:02:48+00:00","dateModified":"2017-09-05T13:27:40+00:00","mainEntityOfPage":{"@id":"https:\/\/www.btv.md\/ro\/amp\/la-balti-s-a-dat-startul-noului-an-universitar\/"},"wordCount":239,"image":{"@id":"https:\/\/www.btv.md\/ro\/amp\/la-balti-s-a-dat-startul-noului-an-universitar\/#primaryimage"},"thumbnailUrl":"https:\/\/www.btv.md\/wp-content\/uploads\/2017\/09\/usarb.png","articleSection":["Ora\u0219","\u0218tiri"],"inLanguage":"ro-RO"},{"@type":"WebPage","@id":"https:\/\/www.btv.md\/ro\/amp\/la-balti-s-a-dat-startul-noului-an-universitar\/","url":"https:\/\/www.btv.md\/ro\/amp\/la-balti-s-a-dat-startul-noului-an-universitar\/","name":"La B\u0103l\u021bi s-a dat startul noului an universitar..............","isPartOf":{"@id":"https:\/\/www.btv.md\/#website"},"primaryImageOfPage":{"@id":"https:\/\/www.btv.md\/ro\/amp\/la-balti-s-a-dat-startul-noului-an-universitar\/#primaryimage"},"image":{"@id":"https:\/\/www.btv.md\/ro\/amp\/la-balti-s-a-dat-startul-noului-an-universitar\/#primaryimage"},"thumbnailUrl":"https:\/\/www.btv.md\/wp-content\/uploads\/2017\/09\/usarb.png","datePublished":"2017-09-04T16:02:48+00:00","dateModified":"2017-09-05T13:27:40+00:00","author":{"@id":"https:\/\/www.btv.md\/#\/schema\/person\/8fadce81561b3ce2c34c46dadc4ccbf2"},"description":"\u00centreg colectivul academic \u0219i studen\u021bii \u0219i-au dat \u00eent\u00e2lnire \u00een incinta Teatrului Na\u021bional \u201eVasile Alecsandri\u201d, acolo unde au fost discutate succesele...","inLanguage":"ro-RO","potentialAction":[{"@type":"ReadAction","target":["https:\/\/www.btv.md\/ro\/amp\/la-balti-s-a-dat-startul-noului-an-universitar\/"]}]},{"@type":"ImageObject","inLanguage":"ro-RO","@id":"https:\/\/www.btv.md\/ro\/amp\/la-balti-s-a-dat-startul-noului-an-universitar\/#primaryimage","url":"https:\/\/www.btv.md\/wp-content\/uploads\/2017\/09\/usarb.png","contentUrl":"https:\/\/www.btv.md\/wp-content\/uploads\/2017\/09\/usarb.png","width":1366,"height":614,"caption":"noul an universitar"},{"@type":"WebSite","@id":"https:\/\/www.btv.md\/#website","url":"https:\/\/www.btv.md\/","name":"BTV","description":"\u0411\u0435\u043b\u044c\u0446\u043a\u043e\u0435 \u0442\u0435\u043b\u0435\u0432\u0438\u0434\u0435\u043d\u0438\u0435","potentialAction":[{"@type":"SearchAction","target":{"@type":"EntryPoint","urlTemplate":"https:\/\/www.btv.md\/?s={search_term_string}"},"query-input":{"@type":"PropertyValueSpecification","valueRequired":true,"valueName":"search_term_string"}}],"inLanguage":"ro-RO"},{"@type":"Person","@id":"https:\/\/www.btv.md\/#\/schema\/person\/8fadce81561b3ce2c34c46dadc4ccbf2","name":"admin"}]}},"_links":{"self":[{"href":"https:\/\/www.btv.md\/ro\/wp-json\/wp\/v2\/posts\/31509","targetHints":{"allow":["GET"]}}],"collection":[{"href":"https:\/\/www.btv.md\/ro\/wp-json\/wp\/v2\/posts"}],"about":[{"href":"https:\/\/www.btv.md\/ro\/wp-json\/wp\/v2\/types\/post"}],"author":[{"embeddable":true,"href":"https:\/\/www.btv.md\/ro\/wp-json\/wp\/v2\/users\/4"}],"replies":[{"embeddable":true,"href":"https:\/\/www.btv.md\/ro\/wp-json\/wp\/v2\/comments?post=31509"}],"version-history":[{"count":0,"href":"https:\/\/www.btv.md\/ro\/wp-json\/wp\/v2\/posts\/31509\/revisions"}],"wp:featuredmedia":[{"embeddable":true,"href":"https:\/\/www.btv.md\/ro\/wp-json\/wp\/v2\/media\/31512"}],"wp:attachment":[{"href":"https:\/\/www.btv.md\/ro\/wp-json\/wp\/v2\/media?parent=31509"}],"wp:term":[{"taxonomy":"category","embeddable":true,"href":"https:\/\/www.btv.md\/ro\/wp-json\/wp\/v2\/categories?post=31509"},{"taxonomy":"post_tag","embeddable":true,"href":"https:\/\/www.btv.md\/ro\/wp-json\/wp\/v2\/tags?post=31509"}],"curies":[{"name":"wp","href":"https:\/\/api.w.org\/{rel}","templated":true}]}}