{"id":31518,"date":"2017-09-05T16:31:39","date_gmt":"2017-09-05T13:31:39","guid":{"rendered":"http:\/\/btv.md\/?p=31518"},"modified":"2017-09-05T16:31:39","modified_gmt":"2017-09-05T13:31:39","slug":"de-ce-oamenii-care-au-fumat-toata-viata-au-plamani-100-sanatosi","status":"publish","type":"post","link":"https:\/\/www.btv.md\/ro\/de-ce-oamenii-care-au-fumat-toata-viata-au-plamani-100-sanatosi\/","title":{"rendered":"De ce oamenii care au fumat toat\u0103 via\u021ba au pl\u0103m\u00e2ni 100% s\u0103n\u0103to\u0219i"},"content":{"rendered":"<p><strong>Misterul din spatele faptului c\u0103 anumite persoane par s\u0103 aib\u0103 pl\u0103m\u00e2ni s\u0103n\u0103to\u015fi la v\u00e2rsta a treia, \u00een ciuda faptului c\u0103 au fumat aproape \u00eentreaga lor via\u0163\u0103 adult\u0103, a fost descifrat de cercet\u0103torii din Marea Britanie.<\/strong><\/p>\n<p style=\"text-align: center;\"><iframe data-src=\"https:\/\/www.youtube.com\/embed\/nXIca83bB-s\" width=\"854\" height=\"480\" frameborder=\"0\" allowfullscreen=\"allowfullscreen\" src=\"data:image\/svg+xml;base64,PHN2ZyB3aWR0aD0iMSIgaGVpZ2h0PSIxIiB4bWxucz0iaHR0cDovL3d3dy53My5vcmcvMjAwMC9zdmciPjwvc3ZnPg==\" class=\"lazyload\" data-load-mode=\"1\"><\/iframe><\/p>\n<p>Studiul, realizat pe un e\u015fantion de peste 50.000 de persoane, a ar\u0103tat faptul c\u0103 anumite muta\u0163ii favorabile se produc la nivelul ADN-ului unora dintre fum\u0103tori pentru a stimula func\u0163ionarea pl\u0103m\u00e2nilor, masc\u00e2nd astfel impactul negativ al fumatului, scrie realitatea.net.<\/p>\n<p>Cercet\u0103torii de la Medical Research Council spun c\u0103 aceast\u0103 descoperire ar putea duce la dezvoltarea unor noi medicamente care ar putea s\u0103 amelioreze func\u0163ionarea pl\u0103m\u00e2nilor.<\/p>\n<p>Concret, cercet\u0103torii britanici au analizat o cantitate uria\u015f\u0103 de date genetice de la voluntarii care au participat la proiectul \u015ftiin\u0163ific Biobank. Compar\u00e2nd datele medicale ale fum\u0103torilor, ale nefum\u0103torilor, ale bolnavilor cu COPD \u015fi ale voluntarilor s\u0103n\u0103to\u015fi, cercet\u0103torii britanici au descoperit c\u0103 anumite fragmente din ADN-ul uman reduc riscul de COPD.<\/p>\n<p>A\u015fadar, fum\u0103torii cu \u00abgene bune\u00bb au un risc mai mic de COPD dec\u00e2t cei cu \u00abgene proaste\u00bb.<\/p>\n","protected":false},"excerpt":{"rendered":"<p>Misterul din spatele faptului c\u0103 anumite persoane par s\u0103 aib\u0103 pl\u0103m\u00e2ni s\u0103n\u0103to\u015fi la v\u00e2rsta a treia, \u00een ciuda faptului c\u0103 au fumat aproape \u00eentreaga lor via\u0163\u0103 adult\u0103, a fost descifrat de cercet\u0103torii din Marea Britanie. Studiul, realizat pe un e\u015fantion de peste 50.000 de persoane, a ar\u0103tat faptul c\u0103 anumite muta\u0163ii favorabile se produc la [&hellip;]<\/p>\n","protected":false},"author":4,"featured_media":31530,"comment_status":"closed","ping_status":"closed","sticky":false,"template":"","format":"standard","meta":{"footnotes":""},"categories":[259,8],"tags":[],"class_list":["post-31518","post","type-post","status-publish","format-standard","has-post-thumbnail","hentry","category-novosti","category-obshestvo"],"yoast_head":"<!-- This site is optimized with the Yoast SEO plugin v27.4 - https:\/\/yoast.com\/product\/yoast-seo-wordpress\/ -->\n<title>De ce oamenii care au fumat toat\u0103 via\u021ba au pl\u0103m\u00e2ni 100% s\u0103n\u0103to\u0219i<\/title>\n<meta name=\"description\" content=\"Misterul din spatele faptului c\u0103 anumite persoane par s\u0103 aib\u0103 pl\u0103m\u00e2ni s\u0103n\u0103to\u015fi la v\u00e2rsta a treia, \u00een ciuda faptului c\u0103 au fumat aproape \u00eentreaga lor via\u0163\u0103.\" \/>\n<meta name=\"robots\" content=\"index, follow, max-snippet:-1, max-image-preview:large, max-video-preview:-1\" \/>\n<link rel=\"canonical\" href=\"https:\/\/www.btv.md\/ro\/amp\/de-ce-oamenii-care-au-fumat-toata-viata-au-plamani-100-sanatosi\/\" \/>\n<meta property=\"og:locale\" content=\"ro_RO\" \/>\n<meta property=\"og:type\" content=\"article\" \/>\n<meta property=\"og:title\" content=\"De ce oamenii care au fumat toat\u0103 via\u021ba au pl\u0103m\u00e2ni 100% s\u0103n\u0103to\u0219i\" \/>\n<meta property=\"og:description\" content=\"Misterul din spatele faptului c\u0103 anumite persoane par s\u0103 aib\u0103 pl\u0103m\u00e2ni s\u0103n\u0103to\u015fi la v\u00e2rsta a treia, \u00een ciuda faptului c\u0103 au fumat aproape \u00eentreaga lor via\u0163\u0103 adult\u0103, a fost descifrat de cercet\u0103torii din Marea Britanie.\" \/>\n<meta property=\"og:url\" content=\"https:\/\/www.btv.md\/ro\/amp\/de-ce-oamenii-care-au-fumat-toata-viata-au-plamani-100-sanatosi\/\" \/>\n<meta property=\"og:site_name\" content=\"BTV\" \/>\n<meta property=\"article:publisher\" content=\"https:\/\/www.facebook.com\/btvmoldova\/\" \/>\n<meta property=\"article:published_time\" content=\"2017-09-05T13:31:39+00:00\" \/>\n<meta property=\"og:image\" content=\"https:\/\/www.btv.md\/wp-content\/uploads\/2017\/09\/fumat.png\" \/>\n\t<meta property=\"og:image:width\" content=\"1366\" \/>\n\t<meta property=\"og:image:height\" content=\"569\" \/>\n\t<meta property=\"og:image:type\" content=\"image\/png\" \/>\n<meta name=\"author\" content=\"admin\" \/>\n<meta name=\"twitter:label1\" content=\"Scris de\" \/>\n\t<meta name=\"twitter:data1\" content=\"admin\" \/>\n\t<meta name=\"twitter:label2\" content=\"Timp estimat pentru citire\" \/>\n\t<meta name=\"twitter:data2\" content=\"1 minut\" \/>\n<script type=\"application\/ld+json\" class=\"yoast-schema-graph\">{\"@context\":\"https:\\\/\\\/schema.org\",\"@graph\":[{\"@type\":\"Article\",\"@id\":\"https:\\\/\\\/www.btv.md\\\/ro\\\/amp\\\/de-ce-oamenii-care-au-fumat-toata-viata-au-plamani-100-sanatosi\\\/#article\",\"isPartOf\":{\"@id\":\"https:\\\/\\\/www.btv.md\\\/ro\\\/amp\\\/de-ce-oamenii-care-au-fumat-toata-viata-au-plamani-100-sanatosi\\\/\"},\"author\":{\"name\":\"admin\",\"@id\":\"https:\\\/\\\/www.btv.md\\\/#\\\/schema\\\/person\\\/8fadce81561b3ce2c34c46dadc4ccbf2\"},\"headline\":\"De ce oamenii care au fumat toat\u0103 via\u021ba au pl\u0103m\u00e2ni 100% s\u0103n\u0103to\u0219i\",\"datePublished\":\"2017-09-05T13:31:39+00:00\",\"mainEntityOfPage\":{\"@id\":\"https:\\\/\\\/www.btv.md\\\/ro\\\/amp\\\/de-ce-oamenii-care-au-fumat-toata-viata-au-plamani-100-sanatosi\\\/\"},\"wordCount\":213,\"image\":{\"@id\":\"https:\\\/\\\/www.btv.md\\\/ro\\\/amp\\\/de-ce-oamenii-care-au-fumat-toata-viata-au-plamani-100-sanatosi\\\/#primaryimage\"},\"thumbnailUrl\":\"https:\\\/\\\/www.btv.md\\\/wp-content\\\/uploads\\\/2017\\\/09\\\/fumat.png\",\"articleSection\":[\"\u041d\u043e\u0432\u043e\u0441\u0442\u0438\",\"\u041e\u0431\u0449\u0435\u0441\u0442\u0432\u043e\"],\"inLanguage\":\"ro-RO\"},{\"@type\":\"WebPage\",\"@id\":\"https:\\\/\\\/www.btv.md\\\/ro\\\/amp\\\/de-ce-oamenii-care-au-fumat-toata-viata-au-plamani-100-sanatosi\\\/\",\"url\":\"https:\\\/\\\/www.btv.md\\\/ro\\\/amp\\\/de-ce-oamenii-care-au-fumat-toata-viata-au-plamani-100-sanatosi\\\/\",\"name\":\"De ce oamenii care au fumat toat\u0103 via\u021ba au pl\u0103m\u00e2ni 100% s\u0103n\u0103to\u0219i\",\"isPartOf\":{\"@id\":\"https:\\\/\\\/www.btv.md\\\/#website\"},\"primaryImageOfPage\":{\"@id\":\"https:\\\/\\\/www.btv.md\\\/ro\\\/amp\\\/de-ce-oamenii-care-au-fumat-toata-viata-au-plamani-100-sanatosi\\\/#primaryimage\"},\"image\":{\"@id\":\"https:\\\/\\\/www.btv.md\\\/ro\\\/amp\\\/de-ce-oamenii-care-au-fumat-toata-viata-au-plamani-100-sanatosi\\\/#primaryimage\"},\"thumbnailUrl\":\"https:\\\/\\\/www.btv.md\\\/wp-content\\\/uploads\\\/2017\\\/09\\\/fumat.png\",\"datePublished\":\"2017-09-05T13:31:39+00:00\",\"author\":{\"@id\":\"https:\\\/\\\/www.btv.md\\\/#\\\/schema\\\/person\\\/8fadce81561b3ce2c34c46dadc4ccbf2\"},\"description\":\"Misterul din spatele faptului c\u0103 anumite persoane par s\u0103 aib\u0103 pl\u0103m\u00e2ni s\u0103n\u0103to\u015fi la v\u00e2rsta a treia, \u00een ciuda faptului c\u0103 au fumat aproape \u00eentreaga lor via\u0163\u0103.\",\"inLanguage\":\"ro-RO\",\"potentialAction\":[{\"@type\":\"ReadAction\",\"target\":[\"https:\\\/\\\/www.btv.md\\\/ro\\\/amp\\\/de-ce-oamenii-care-au-fumat-toata-viata-au-plamani-100-sanatosi\\\/\"]}]},{\"@type\":\"ImageObject\",\"inLanguage\":\"ro-RO\",\"@id\":\"https:\\\/\\\/www.btv.md\\\/ro\\\/amp\\\/de-ce-oamenii-care-au-fumat-toata-viata-au-plamani-100-sanatosi\\\/#primaryimage\",\"url\":\"https:\\\/\\\/www.btv.md\\\/wp-content\\\/uploads\\\/2017\\\/09\\\/fumat.png\",\"contentUrl\":\"https:\\\/\\\/www.btv.md\\\/wp-content\\\/uploads\\\/2017\\\/09\\\/fumat.png\",\"width\":1366,\"height\":569,\"caption\":\"fumatul\"},{\"@type\":\"WebSite\",\"@id\":\"https:\\\/\\\/www.btv.md\\\/#website\",\"url\":\"https:\\\/\\\/www.btv.md\\\/\",\"name\":\"BTV\",\"description\":\"\u0411\u0435\u043b\u044c\u0446\u043a\u043e\u0435 \u0442\u0435\u043b\u0435\u0432\u0438\u0434\u0435\u043d\u0438\u0435\",\"potentialAction\":[{\"@type\":\"SearchAction\",\"target\":{\"@type\":\"EntryPoint\",\"urlTemplate\":\"https:\\\/\\\/www.btv.md\\\/?s={search_term_string}\"},\"query-input\":{\"@type\":\"PropertyValueSpecification\",\"valueRequired\":true,\"valueName\":\"search_term_string\"}}],\"inLanguage\":\"ro-RO\"},{\"@type\":\"Person\",\"@id\":\"https:\\\/\\\/www.btv.md\\\/#\\\/schema\\\/person\\\/8fadce81561b3ce2c34c46dadc4ccbf2\",\"name\":\"admin\"}]}<\/script>\n<!-- \/ Yoast SEO plugin. -->","yoast_head_json":{"title":"De ce oamenii care au fumat toat\u0103 via\u021ba au pl\u0103m\u00e2ni 100% s\u0103n\u0103to\u0219i","description":"Misterul din spatele faptului c\u0103 anumite persoane par s\u0103 aib\u0103 pl\u0103m\u00e2ni s\u0103n\u0103to\u015fi la v\u00e2rsta a treia, \u00een ciuda faptului c\u0103 au fumat aproape \u00eentreaga lor via\u0163\u0103.","robots":{"index":"index","follow":"follow","max-snippet":"max-snippet:-1","max-image-preview":"max-image-preview:large","max-video-preview":"max-video-preview:-1"},"canonical":"https:\/\/www.btv.md\/ro\/amp\/de-ce-oamenii-care-au-fumat-toata-viata-au-plamani-100-sanatosi\/","og_locale":"ro_RO","og_type":"article","og_title":"De ce oamenii care au fumat toat\u0103 via\u021ba au pl\u0103m\u00e2ni 100% s\u0103n\u0103to\u0219i","og_description":"Misterul din spatele faptului c\u0103 anumite persoane par s\u0103 aib\u0103 pl\u0103m\u00e2ni s\u0103n\u0103to\u015fi la v\u00e2rsta a treia, \u00een ciuda faptului c\u0103 au fumat aproape \u00eentreaga lor via\u0163\u0103 adult\u0103, a fost descifrat de cercet\u0103torii din Marea Britanie.","og_url":"https:\/\/www.btv.md\/ro\/amp\/de-ce-oamenii-care-au-fumat-toata-viata-au-plamani-100-sanatosi\/","og_site_name":"BTV","article_publisher":"https:\/\/www.facebook.com\/btvmoldova\/","article_published_time":"2017-09-05T13:31:39+00:00","og_image":[{"width":1366,"height":569,"url":"https:\/\/www.btv.md\/wp-content\/uploads\/2017\/09\/fumat.png","type":"image\/png"}],"author":"admin","twitter_misc":{"Scris de":"admin","Timp estimat pentru citire":"1 minut"},"schema":{"@context":"https:\/\/schema.org","@graph":[{"@type":"Article","@id":"https:\/\/www.btv.md\/ro\/amp\/de-ce-oamenii-care-au-fumat-toata-viata-au-plamani-100-sanatosi\/#article","isPartOf":{"@id":"https:\/\/www.btv.md\/ro\/amp\/de-ce-oamenii-care-au-fumat-toata-viata-au-plamani-100-sanatosi\/"},"author":{"name":"admin","@id":"https:\/\/www.btv.md\/#\/schema\/person\/8fadce81561b3ce2c34c46dadc4ccbf2"},"headline":"De ce oamenii care au fumat toat\u0103 via\u021ba au pl\u0103m\u00e2ni 100% s\u0103n\u0103to\u0219i","datePublished":"2017-09-05T13:31:39+00:00","mainEntityOfPage":{"@id":"https:\/\/www.btv.md\/ro\/amp\/de-ce-oamenii-care-au-fumat-toata-viata-au-plamani-100-sanatosi\/"},"wordCount":213,"image":{"@id":"https:\/\/www.btv.md\/ro\/amp\/de-ce-oamenii-care-au-fumat-toata-viata-au-plamani-100-sanatosi\/#primaryimage"},"thumbnailUrl":"https:\/\/www.btv.md\/wp-content\/uploads\/2017\/09\/fumat.png","articleSection":["\u041d\u043e\u0432\u043e\u0441\u0442\u0438","\u041e\u0431\u0449\u0435\u0441\u0442\u0432\u043e"],"inLanguage":"ro-RO"},{"@type":"WebPage","@id":"https:\/\/www.btv.md\/ro\/amp\/de-ce-oamenii-care-au-fumat-toata-viata-au-plamani-100-sanatosi\/","url":"https:\/\/www.btv.md\/ro\/amp\/de-ce-oamenii-care-au-fumat-toata-viata-au-plamani-100-sanatosi\/","name":"De ce oamenii care au fumat toat\u0103 via\u021ba au pl\u0103m\u00e2ni 100% s\u0103n\u0103to\u0219i","isPartOf":{"@id":"https:\/\/www.btv.md\/#website"},"primaryImageOfPage":{"@id":"https:\/\/www.btv.md\/ro\/amp\/de-ce-oamenii-care-au-fumat-toata-viata-au-plamani-100-sanatosi\/#primaryimage"},"image":{"@id":"https:\/\/www.btv.md\/ro\/amp\/de-ce-oamenii-care-au-fumat-toata-viata-au-plamani-100-sanatosi\/#primaryimage"},"thumbnailUrl":"https:\/\/www.btv.md\/wp-content\/uploads\/2017\/09\/fumat.png","datePublished":"2017-09-05T13:31:39+00:00","author":{"@id":"https:\/\/www.btv.md\/#\/schema\/person\/8fadce81561b3ce2c34c46dadc4ccbf2"},"description":"Misterul din spatele faptului c\u0103 anumite persoane par s\u0103 aib\u0103 pl\u0103m\u00e2ni s\u0103n\u0103to\u015fi la v\u00e2rsta a treia, \u00een ciuda faptului c\u0103 au fumat aproape \u00eentreaga lor via\u0163\u0103.","inLanguage":"ro-RO","potentialAction":[{"@type":"ReadAction","target":["https:\/\/www.btv.md\/ro\/amp\/de-ce-oamenii-care-au-fumat-toata-viata-au-plamani-100-sanatosi\/"]}]},{"@type":"ImageObject","inLanguage":"ro-RO","@id":"https:\/\/www.btv.md\/ro\/amp\/de-ce-oamenii-care-au-fumat-toata-viata-au-plamani-100-sanatosi\/#primaryimage","url":"https:\/\/www.btv.md\/wp-content\/uploads\/2017\/09\/fumat.png","contentUrl":"https:\/\/www.btv.md\/wp-content\/uploads\/2017\/09\/fumat.png","width":1366,"height":569,"caption":"fumatul"},{"@type":"WebSite","@id":"https:\/\/www.btv.md\/#website","url":"https:\/\/www.btv.md\/","name":"BTV","description":"\u0411\u0435\u043b\u044c\u0446\u043a\u043e\u0435 \u0442\u0435\u043b\u0435\u0432\u0438\u0434\u0435\u043d\u0438\u0435","potentialAction":[{"@type":"SearchAction","target":{"@type":"EntryPoint","urlTemplate":"https:\/\/www.btv.md\/?s={search_term_string}"},"query-input":{"@type":"PropertyValueSpecification","valueRequired":true,"valueName":"search_term_string"}}],"inLanguage":"ro-RO"},{"@type":"Person","@id":"https:\/\/www.btv.md\/#\/schema\/person\/8fadce81561b3ce2c34c46dadc4ccbf2","name":"admin"}]}},"_links":{"self":[{"href":"https:\/\/www.btv.md\/ro\/wp-json\/wp\/v2\/posts\/31518","targetHints":{"allow":["GET"]}}],"collection":[{"href":"https:\/\/www.btv.md\/ro\/wp-json\/wp\/v2\/posts"}],"about":[{"href":"https:\/\/www.btv.md\/ro\/wp-json\/wp\/v2\/types\/post"}],"author":[{"embeddable":true,"href":"https:\/\/www.btv.md\/ro\/wp-json\/wp\/v2\/users\/4"}],"replies":[{"embeddable":true,"href":"https:\/\/www.btv.md\/ro\/wp-json\/wp\/v2\/comments?post=31518"}],"version-history":[{"count":0,"href":"https:\/\/www.btv.md\/ro\/wp-json\/wp\/v2\/posts\/31518\/revisions"}],"wp:featuredmedia":[{"embeddable":true,"href":"https:\/\/www.btv.md\/ro\/wp-json\/wp\/v2\/media\/31530"}],"wp:attachment":[{"href":"https:\/\/www.btv.md\/ro\/wp-json\/wp\/v2\/media?parent=31518"}],"wp:term":[{"taxonomy":"category","embeddable":true,"href":"https:\/\/www.btv.md\/ro\/wp-json\/wp\/v2\/categories?post=31518"},{"taxonomy":"post_tag","embeddable":true,"href":"https:\/\/www.btv.md\/ro\/wp-json\/wp\/v2\/tags?post=31518"}],"curies":[{"name":"wp","href":"https:\/\/api.w.org\/{rel}","templated":true}]}}