{"id":31521,"date":"2017-09-05T16:17:08","date_gmt":"2017-09-05T13:17:08","guid":{"rendered":"http:\/\/btv.md\/?p=31521"},"modified":"2017-09-05T16:17:08","modified_gmt":"2017-09-05T13:17:08","slug":"oamenii-de-cultura-au-aceleasi-salarii-de-15-ani","status":"publish","type":"post","link":"https:\/\/www.btv.md\/ro\/oamenii-de-cultura-au-aceleasi-salarii-de-15-ani\/","title":{"rendered":"Oamenii de cultur\u0103 au acelea\u0219i salarii de 15 ani"},"content":{"rendered":"<p><strong>Angaja\u021bii care \u00ee\u0219i desf\u0103\u0219oar\u0103 activitatea \u00een domeniul culturii vor avea salarii majorate. Cel pu\u021bin asta sus\u021bine ministrul Educa\u021biei, Culturii \u0219i Cercet\u0103rii, Monica Babuc. \u00cen cadrul vizitei sale la Teatrul Na\u021bional \u201eVasile Alecsandri\u201d, cu ocazia inaugur\u0103rii anului de studiu universitar, ministrul a afirmat c\u0103 autorit\u0103\u021bile lucreaz\u0103 mult la acest capitol \u0219i chiar au identificat unele solu\u021bii \u00een acest sens. Ea a mai ad\u0103ugat c\u0103 angaja\u021bii din sfera culturii nu au beneficiat de major\u0103ri de salariu deja de 15 ani.<\/strong><\/p>\n<p style=\"text-align: center;\"><iframe data-src=\"https:\/\/www.youtube.com\/embed\/HJl8pu6gAIc\" width=\"854\" height=\"480\" frameborder=\"0\" allowfullscreen=\"allowfullscreen\" src=\"data:image\/svg+xml;base64,PHN2ZyB3aWR0aD0iMSIgaGVpZ2h0PSIxIiB4bWxucz0iaHR0cDovL3d3dy53My5vcmcvMjAwMC9zdmciPjwvc3ZnPg==\" class=\"lazyload\" data-load-mode=\"1\"><\/iframe><\/p>\n<p>C\u00e2t despre majorarea cu 11, 3 % a salariilor pentru cadrele didactice, Babuc spune c\u0103 ar trebui \u0219i mai mult. Ea afirm\u0103 c\u0103 \u00een urm\u0103torii ani, dasc\u0103lii vor beneficia de major\u0103ri de salrii \u00een propor\u021bie de 50 la sut\u0103.<\/p>\n<p>Potrivit datelor Biroului Na\u021bional de Statistic\u0103, cele mai mici salarii au \u00a0angaja\u021bii din domeniul artei, activit\u0103\u021bilor de recreere \u0219i agrement\u00a0\u2014 3300 de lei, urma\u021bi de cei din agricultur\u0103, cu 3500 lei. Cele mai mari c\u00e2\u0219tiguri salariale le-au avut angaja\u021bii din sectorul informa\u021bii \u0219i comunica\u021bii 12500 de lei. Angaja\u021bii din \u00eenv\u0103\u021b\u0103m\u00e2nt au avut un salariu mediu de 4500\u00a0 de \u00a0lei, persoanele angajate \u00een activit\u0103\u021bi de cazare \u0219i alimenta\u021bie public\u0103 au fost remunera\u021bi \u00een medie cu 3700 lei, iar cei din sfera s\u0103n\u0103t\u0103\u021bii \u0219i asisten\u021bei sociale\u00a0\u2014 5700 lei.<\/p>\n","protected":false},"excerpt":{"rendered":"<p>Angaja\u021bii care \u00ee\u0219i desf\u0103\u0219oar\u0103 activitatea \u00een domeniul culturii vor avea salarii majorate. Cel pu\u021bin asta sus\u021bine ministrul Educa\u021biei, Culturii \u0219i Cercet\u0103rii, Monica Babuc. \u00cen cadrul vizitei sale la Teatrul Na\u021bional \u201eVasile Alecsandri\u201d, cu ocazia inaugur\u0103rii anului de studiu universitar, ministrul a afirmat c\u0103 autorit\u0103\u021bile lucreaz\u0103 mult la acest capitol \u0219i chiar au identificat unele solu\u021bii [&hellip;]<\/p>\n","protected":false},"author":4,"featured_media":31524,"comment_status":"closed","ping_status":"closed","sticky":false,"template":"","format":"standard","meta":{"footnotes":""},"categories":[259,8],"tags":[],"class_list":["post-31521","post","type-post","status-publish","format-standard","has-post-thumbnail","hentry","category-novosti","category-obshestvo"],"yoast_head":"<!-- This site is optimized with the Yoast SEO plugin v27.4 - https:\/\/yoast.com\/product\/yoast-seo-wordpress\/ -->\n<title>Oamenii de cultur\u0103 au acelea\u0219i salarii de 15 ani......<\/title>\n<meta name=\"description\" content=\"Angaja\u021bii care \u00ee\u0219i desf\u0103\u0219oar\u0103 activitatea \u00een domeniul culturii vor avea salarii majorate. Cel pu\u021bin asta sus\u021bine ministrul Educa\u021biei, Culturii \u0219i Cercet\u0103rii\" \/>\n<meta name=\"robots\" content=\"index, follow, max-snippet:-1, max-image-preview:large, max-video-preview:-1\" \/>\n<link rel=\"canonical\" href=\"https:\/\/www.btv.md\/ro\/amp\/oamenii-de-cultura-au-aceleasi-salarii-de-15-ani\/\" \/>\n<meta property=\"og:locale\" content=\"ro_RO\" \/>\n<meta property=\"og:type\" content=\"article\" \/>\n<meta property=\"og:title\" content=\"Oamenii de cultur\u0103 au acelea\u0219i salarii de 15 ani\" \/>\n<meta property=\"og:description\" content=\"Angaja\u021bii care \u00ee\u0219i desf\u0103\u0219oar\u0103 activitatea \u00een domeniul culturii vor avea salarii majorate. Cel pu\u021bin asta sus\u021bine ministrul Educa\u021biei, Culturii \u0219i Cercet\u0103rii, Monica Babuc.\" \/>\n<meta property=\"og:url\" content=\"https:\/\/www.btv.md\/ro\/amp\/oamenii-de-cultura-au-aceleasi-salarii-de-15-ani\/\" \/>\n<meta property=\"og:site_name\" content=\"BTV\" \/>\n<meta property=\"article:publisher\" content=\"https:\/\/www.facebook.com\/btvmoldova\/\" \/>\n<meta property=\"article:published_time\" content=\"2017-09-05T13:17:08+00:00\" \/>\n<meta property=\"og:image\" content=\"https:\/\/www.btv.md\/wp-content\/uploads\/2017\/09\/monica-babuc.png\" \/>\n\t<meta property=\"og:image:width\" content=\"1246\" \/>\n\t<meta property=\"og:image:height\" content=\"563\" \/>\n\t<meta property=\"og:image:type\" content=\"image\/png\" \/>\n<meta name=\"author\" content=\"admin\" \/>\n<meta name=\"twitter:label1\" content=\"Scris de\" \/>\n\t<meta name=\"twitter:data1\" content=\"admin\" \/>\n\t<meta name=\"twitter:label2\" content=\"Timp estimat pentru citire\" \/>\n\t<meta name=\"twitter:data2\" content=\"1 minut\" \/>\n<script type=\"application\/ld+json\" class=\"yoast-schema-graph\">{\"@context\":\"https:\\\/\\\/schema.org\",\"@graph\":[{\"@type\":\"Article\",\"@id\":\"https:\\\/\\\/www.btv.md\\\/ro\\\/amp\\\/oamenii-de-cultura-au-aceleasi-salarii-de-15-ani\\\/#article\",\"isPartOf\":{\"@id\":\"https:\\\/\\\/www.btv.md\\\/ro\\\/amp\\\/oamenii-de-cultura-au-aceleasi-salarii-de-15-ani\\\/\"},\"author\":{\"name\":\"admin\",\"@id\":\"https:\\\/\\\/www.btv.md\\\/#\\\/schema\\\/person\\\/8fadce81561b3ce2c34c46dadc4ccbf2\"},\"headline\":\"Oamenii de cultur\u0103 au acelea\u0219i salarii de 15 ani\",\"datePublished\":\"2017-09-05T13:17:08+00:00\",\"mainEntityOfPage\":{\"@id\":\"https:\\\/\\\/www.btv.md\\\/ro\\\/amp\\\/oamenii-de-cultura-au-aceleasi-salarii-de-15-ani\\\/\"},\"wordCount\":237,\"image\":{\"@id\":\"https:\\\/\\\/www.btv.md\\\/ro\\\/amp\\\/oamenii-de-cultura-au-aceleasi-salarii-de-15-ani\\\/#primaryimage\"},\"thumbnailUrl\":\"https:\\\/\\\/www.btv.md\\\/wp-content\\\/uploads\\\/2017\\\/09\\\/monica-babuc.png\",\"articleSection\":[\"\u041d\u043e\u0432\u043e\u0441\u0442\u0438\",\"\u041e\u0431\u0449\u0435\u0441\u0442\u0432\u043e\"],\"inLanguage\":\"ro-RO\"},{\"@type\":\"WebPage\",\"@id\":\"https:\\\/\\\/www.btv.md\\\/ro\\\/amp\\\/oamenii-de-cultura-au-aceleasi-salarii-de-15-ani\\\/\",\"url\":\"https:\\\/\\\/www.btv.md\\\/ro\\\/amp\\\/oamenii-de-cultura-au-aceleasi-salarii-de-15-ani\\\/\",\"name\":\"Oamenii de cultur\u0103 au acelea\u0219i salarii de 15 ani......\",\"isPartOf\":{\"@id\":\"https:\\\/\\\/www.btv.md\\\/#website\"},\"primaryImageOfPage\":{\"@id\":\"https:\\\/\\\/www.btv.md\\\/ro\\\/amp\\\/oamenii-de-cultura-au-aceleasi-salarii-de-15-ani\\\/#primaryimage\"},\"image\":{\"@id\":\"https:\\\/\\\/www.btv.md\\\/ro\\\/amp\\\/oamenii-de-cultura-au-aceleasi-salarii-de-15-ani\\\/#primaryimage\"},\"thumbnailUrl\":\"https:\\\/\\\/www.btv.md\\\/wp-content\\\/uploads\\\/2017\\\/09\\\/monica-babuc.png\",\"datePublished\":\"2017-09-05T13:17:08+00:00\",\"author\":{\"@id\":\"https:\\\/\\\/www.btv.md\\\/#\\\/schema\\\/person\\\/8fadce81561b3ce2c34c46dadc4ccbf2\"},\"description\":\"Angaja\u021bii care \u00ee\u0219i desf\u0103\u0219oar\u0103 activitatea \u00een domeniul culturii vor avea salarii majorate. Cel pu\u021bin asta sus\u021bine ministrul Educa\u021biei, Culturii \u0219i Cercet\u0103rii\",\"inLanguage\":\"ro-RO\",\"potentialAction\":[{\"@type\":\"ReadAction\",\"target\":[\"https:\\\/\\\/www.btv.md\\\/ro\\\/amp\\\/oamenii-de-cultura-au-aceleasi-salarii-de-15-ani\\\/\"]}]},{\"@type\":\"ImageObject\",\"inLanguage\":\"ro-RO\",\"@id\":\"https:\\\/\\\/www.btv.md\\\/ro\\\/amp\\\/oamenii-de-cultura-au-aceleasi-salarii-de-15-ani\\\/#primaryimage\",\"url\":\"https:\\\/\\\/www.btv.md\\\/wp-content\\\/uploads\\\/2017\\\/09\\\/monica-babuc.png\",\"contentUrl\":\"https:\\\/\\\/www.btv.md\\\/wp-content\\\/uploads\\\/2017\\\/09\\\/monica-babuc.png\",\"width\":1246,\"height\":563,\"caption\":\"oamenii de cultur\u0103\"},{\"@type\":\"WebSite\",\"@id\":\"https:\\\/\\\/www.btv.md\\\/#website\",\"url\":\"https:\\\/\\\/www.btv.md\\\/\",\"name\":\"BTV\",\"description\":\"\u0411\u0435\u043b\u044c\u0446\u043a\u043e\u0435 \u0442\u0435\u043b\u0435\u0432\u0438\u0434\u0435\u043d\u0438\u0435\",\"potentialAction\":[{\"@type\":\"SearchAction\",\"target\":{\"@type\":\"EntryPoint\",\"urlTemplate\":\"https:\\\/\\\/www.btv.md\\\/?s={search_term_string}\"},\"query-input\":{\"@type\":\"PropertyValueSpecification\",\"valueRequired\":true,\"valueName\":\"search_term_string\"}}],\"inLanguage\":\"ro-RO\"},{\"@type\":\"Person\",\"@id\":\"https:\\\/\\\/www.btv.md\\\/#\\\/schema\\\/person\\\/8fadce81561b3ce2c34c46dadc4ccbf2\",\"name\":\"admin\"}]}<\/script>\n<!-- \/ Yoast SEO plugin. -->","yoast_head_json":{"title":"Oamenii de cultur\u0103 au acelea\u0219i salarii de 15 ani......","description":"Angaja\u021bii care \u00ee\u0219i desf\u0103\u0219oar\u0103 activitatea \u00een domeniul culturii vor avea salarii majorate. Cel pu\u021bin asta sus\u021bine ministrul Educa\u021biei, Culturii \u0219i Cercet\u0103rii","robots":{"index":"index","follow":"follow","max-snippet":"max-snippet:-1","max-image-preview":"max-image-preview:large","max-video-preview":"max-video-preview:-1"},"canonical":"https:\/\/www.btv.md\/ro\/amp\/oamenii-de-cultura-au-aceleasi-salarii-de-15-ani\/","og_locale":"ro_RO","og_type":"article","og_title":"Oamenii de cultur\u0103 au acelea\u0219i salarii de 15 ani","og_description":"Angaja\u021bii care \u00ee\u0219i desf\u0103\u0219oar\u0103 activitatea \u00een domeniul culturii vor avea salarii majorate. Cel pu\u021bin asta sus\u021bine ministrul Educa\u021biei, Culturii \u0219i Cercet\u0103rii, Monica Babuc.","og_url":"https:\/\/www.btv.md\/ro\/amp\/oamenii-de-cultura-au-aceleasi-salarii-de-15-ani\/","og_site_name":"BTV","article_publisher":"https:\/\/www.facebook.com\/btvmoldova\/","article_published_time":"2017-09-05T13:17:08+00:00","og_image":[{"width":1246,"height":563,"url":"https:\/\/www.btv.md\/wp-content\/uploads\/2017\/09\/monica-babuc.png","type":"image\/png"}],"author":"admin","twitter_misc":{"Scris de":"admin","Timp estimat pentru citire":"1 minut"},"schema":{"@context":"https:\/\/schema.org","@graph":[{"@type":"Article","@id":"https:\/\/www.btv.md\/ro\/amp\/oamenii-de-cultura-au-aceleasi-salarii-de-15-ani\/#article","isPartOf":{"@id":"https:\/\/www.btv.md\/ro\/amp\/oamenii-de-cultura-au-aceleasi-salarii-de-15-ani\/"},"author":{"name":"admin","@id":"https:\/\/www.btv.md\/#\/schema\/person\/8fadce81561b3ce2c34c46dadc4ccbf2"},"headline":"Oamenii de cultur\u0103 au acelea\u0219i salarii de 15 ani","datePublished":"2017-09-05T13:17:08+00:00","mainEntityOfPage":{"@id":"https:\/\/www.btv.md\/ro\/amp\/oamenii-de-cultura-au-aceleasi-salarii-de-15-ani\/"},"wordCount":237,"image":{"@id":"https:\/\/www.btv.md\/ro\/amp\/oamenii-de-cultura-au-aceleasi-salarii-de-15-ani\/#primaryimage"},"thumbnailUrl":"https:\/\/www.btv.md\/wp-content\/uploads\/2017\/09\/monica-babuc.png","articleSection":["\u041d\u043e\u0432\u043e\u0441\u0442\u0438","\u041e\u0431\u0449\u0435\u0441\u0442\u0432\u043e"],"inLanguage":"ro-RO"},{"@type":"WebPage","@id":"https:\/\/www.btv.md\/ro\/amp\/oamenii-de-cultura-au-aceleasi-salarii-de-15-ani\/","url":"https:\/\/www.btv.md\/ro\/amp\/oamenii-de-cultura-au-aceleasi-salarii-de-15-ani\/","name":"Oamenii de cultur\u0103 au acelea\u0219i salarii de 15 ani......","isPartOf":{"@id":"https:\/\/www.btv.md\/#website"},"primaryImageOfPage":{"@id":"https:\/\/www.btv.md\/ro\/amp\/oamenii-de-cultura-au-aceleasi-salarii-de-15-ani\/#primaryimage"},"image":{"@id":"https:\/\/www.btv.md\/ro\/amp\/oamenii-de-cultura-au-aceleasi-salarii-de-15-ani\/#primaryimage"},"thumbnailUrl":"https:\/\/www.btv.md\/wp-content\/uploads\/2017\/09\/monica-babuc.png","datePublished":"2017-09-05T13:17:08+00:00","author":{"@id":"https:\/\/www.btv.md\/#\/schema\/person\/8fadce81561b3ce2c34c46dadc4ccbf2"},"description":"Angaja\u021bii care \u00ee\u0219i desf\u0103\u0219oar\u0103 activitatea \u00een domeniul culturii vor avea salarii majorate. Cel pu\u021bin asta sus\u021bine ministrul Educa\u021biei, Culturii \u0219i Cercet\u0103rii","inLanguage":"ro-RO","potentialAction":[{"@type":"ReadAction","target":["https:\/\/www.btv.md\/ro\/amp\/oamenii-de-cultura-au-aceleasi-salarii-de-15-ani\/"]}]},{"@type":"ImageObject","inLanguage":"ro-RO","@id":"https:\/\/www.btv.md\/ro\/amp\/oamenii-de-cultura-au-aceleasi-salarii-de-15-ani\/#primaryimage","url":"https:\/\/www.btv.md\/wp-content\/uploads\/2017\/09\/monica-babuc.png","contentUrl":"https:\/\/www.btv.md\/wp-content\/uploads\/2017\/09\/monica-babuc.png","width":1246,"height":563,"caption":"oamenii de cultur\u0103"},{"@type":"WebSite","@id":"https:\/\/www.btv.md\/#website","url":"https:\/\/www.btv.md\/","name":"BTV","description":"\u0411\u0435\u043b\u044c\u0446\u043a\u043e\u0435 \u0442\u0435\u043b\u0435\u0432\u0438\u0434\u0435\u043d\u0438\u0435","potentialAction":[{"@type":"SearchAction","target":{"@type":"EntryPoint","urlTemplate":"https:\/\/www.btv.md\/?s={search_term_string}"},"query-input":{"@type":"PropertyValueSpecification","valueRequired":true,"valueName":"search_term_string"}}],"inLanguage":"ro-RO"},{"@type":"Person","@id":"https:\/\/www.btv.md\/#\/schema\/person\/8fadce81561b3ce2c34c46dadc4ccbf2","name":"admin"}]}},"_links":{"self":[{"href":"https:\/\/www.btv.md\/ro\/wp-json\/wp\/v2\/posts\/31521","targetHints":{"allow":["GET"]}}],"collection":[{"href":"https:\/\/www.btv.md\/ro\/wp-json\/wp\/v2\/posts"}],"about":[{"href":"https:\/\/www.btv.md\/ro\/wp-json\/wp\/v2\/types\/post"}],"author":[{"embeddable":true,"href":"https:\/\/www.btv.md\/ro\/wp-json\/wp\/v2\/users\/4"}],"replies":[{"embeddable":true,"href":"https:\/\/www.btv.md\/ro\/wp-json\/wp\/v2\/comments?post=31521"}],"version-history":[{"count":0,"href":"https:\/\/www.btv.md\/ro\/wp-json\/wp\/v2\/posts\/31521\/revisions"}],"wp:featuredmedia":[{"embeddable":true,"href":"https:\/\/www.btv.md\/ro\/wp-json\/wp\/v2\/media\/31524"}],"wp:attachment":[{"href":"https:\/\/www.btv.md\/ro\/wp-json\/wp\/v2\/media?parent=31521"}],"wp:term":[{"taxonomy":"category","embeddable":true,"href":"https:\/\/www.btv.md\/ro\/wp-json\/wp\/v2\/categories?post=31521"},{"taxonomy":"post_tag","embeddable":true,"href":"https:\/\/www.btv.md\/ro\/wp-json\/wp\/v2\/tags?post=31521"}],"curies":[{"name":"wp","href":"https:\/\/api.w.org\/{rel}","templated":true}]}}