{"id":31526,"date":"2017-09-05T16:23:13","date_gmt":"2017-09-05T13:23:13","guid":{"rendered":"http:\/\/btv.md\/?p=31526"},"modified":"2017-09-05T16:23:13","modified_gmt":"2017-09-05T13:23:13","slug":"monica-babuc-trebuie-sa-racordam-numarul-de-universitati-la-numarul-populatiei","status":"publish","type":"post","link":"https:\/\/www.btv.md\/ro\/monica-babuc-trebuie-sa-racordam-numarul-de-universitati-la-numarul-populatiei\/","title":{"rendered":"Monica Babuc: Trebuie s\u0103 racord\u0103m num\u0103rul de universit\u0103\u021bi la num\u0103rul popula\u021biei"},"content":{"rendered":"<p><strong>\u00cen fiecare an, universit\u0103\u021bile din Republica Moldova \u00eenregistreaz\u0103 tot mai pu\u021bini studen\u021bi. Potrivit Biroului Na\u021bional de Statistic\u0103, \u00een anul de studii 2015-2016, num\u0103rul studen\u021bilor \u00eenscri\u0219i la licen\u021b\u0103 constituia peste 63 de mii de persoane. \u00cen 2016-2017, num\u0103rul acestora s-a redus cu 6 mii de studen\u021bi.<\/strong><\/p>\n<p style=\"text-align: center;\"><iframe data-src=\"https:\/\/www.youtube.com\/embed\/ZH5-SUlykbU\" width=\"854\" height=\"480\" frameborder=\"0\" allowfullscreen=\"allowfullscreen\" src=\"data:image\/svg+xml;base64,PHN2ZyB3aWR0aD0iMSIgaGVpZ2h0PSIxIiB4bWxucz0iaHR0cDovL3d3dy53My5vcmcvMjAwMC9zdmciPjwvc3ZnPg==\" class=\"lazyload\" data-load-mode=\"1\"><\/iframe><\/p>\n<p>\u00cen cadrul vizitei sale la B\u0103l\u021bi, ministrul Educa\u021biei, Culturii \u0219i Cerecet\u0103rii, Monica Babuc a declarat c\u0103 fenomenul are mai multe explica\u021bii. \u00cen primul r\u00e2nd, este vorba despre migra\u021bia \u00een mas\u0103 a moldovenilor, precum \u0219i rata natalit\u0103\u021bii sc\u0103zute. \u00cen acest context, ministrul a men\u021bionat c\u0103 este necesar de a racorda num\u0103rul de universit\u0103\u021bi la num\u0103rul popula\u021biei.<\/p>\n<p>O alt\u0103 problem\u0103 semnalat\u0103 de ministru este \u0219i metoda sau nivelul de predare, care \u00een unele institu\u021bii de \u00eenv\u0103\u021b\u0103m\u00e2nt superioare, cedeaz\u0103, comparativ cu alte universit\u0103\u021bi din \u021bar\u0103 \u0219i de peste hotare. \u00cen consecin\u021b\u0103, tinerii\u00a0 aleg s\u0103-\u0219i fac\u0103 studiile \u00een universit\u0103\u021bile de prestigiu din Moldova sau \u00ee\u0219i caut\u0103 viitorul \u00een afara \u021b\u0103rii.<\/p>\n<p>\u00cen prezent, \u00een Republica Moldova exist\u0103 29 de universit\u0103\u021bi, 18 de stat \u0219i 11 institu\u021bii private.<\/p>\n<p>\u00cen ultimii zece ani, num\u0103rul studen\u021bilor \u00eenmatricula\u021bi s-a redus cu aproape 40%.\u00a0 Dac\u0103 \u00een anul universitar 2006-2007 \u00een toate universit\u0103\u021bile din Republica Moldova \u00ee\u0219i f\u0103ceau studiile la ciclul I, licen\u021b\u0103 \u0219i ciclul II, masterat, 128 de mii de studen\u021bi, zece ani mai t\u00e2rziu, num\u0103rul acestora s-a redus p\u00e2n\u0103 la 75 de mii.<\/p>\n","protected":false},"excerpt":{"rendered":"<p>\u00cen fiecare an, universit\u0103\u021bile din Republica Moldova \u00eenregistreaz\u0103 tot mai pu\u021bini studen\u021bi. Potrivit Biroului Na\u021bional de Statistic\u0103, \u00een anul de studii 2015-2016, num\u0103rul studen\u021bilor \u00eenscri\u0219i la licen\u021b\u0103 constituia peste 63 de mii de persoane. \u00cen 2016-2017, num\u0103rul acestora s-a redus cu 6 mii de studen\u021bi. \u00cen cadrul vizitei sale la B\u0103l\u021bi, ministrul Educa\u021biei, Culturii \u0219i [&hellip;]<\/p>\n","protected":false},"author":4,"featured_media":31527,"comment_status":"closed","ping_status":"closed","sticky":false,"template":"","format":"standard","meta":{"footnotes":""},"categories":[6377,6349],"tags":[],"class_list":["post-31526","post","type-post","status-publish","format-standard","has-post-thumbnail","hentry","category-stiri","category-social"],"yoast_head":"<!-- This site is optimized with the Yoast SEO plugin v27.4 - https:\/\/yoast.com\/product\/yoast-seo-wordpress\/ -->\n<title>Trebuie s\u0103 racord\u0103m num\u0103rul de universit\u0103\u021bi la num\u0103rul popula\u021biei<\/title>\n<meta name=\"description\" content=\"\u00cen fiecare an, universit\u0103\u021bile din Republica Moldova \u00eenregistreaz\u0103 tot mai pu\u021bini studen\u021bi. \u00cen 2016-2017, num\u0103rul acestora s-a redus cu 6 mii de studen\u021bi.\" \/>\n<meta name=\"robots\" content=\"index, follow, max-snippet:-1, max-image-preview:large, max-video-preview:-1\" \/>\n<link rel=\"canonical\" href=\"https:\/\/www.btv.md\/ro\/amp\/monica-babuc-trebuie-sa-racordam-numarul-de-universitati-la-numarul-populatiei\/\" \/>\n<meta property=\"og:locale\" content=\"ro_RO\" \/>\n<meta property=\"og:type\" content=\"article\" \/>\n<meta property=\"og:title\" content=\"Monica Babuc: Trebuie s\u0103 racord\u0103m num\u0103rul de universit\u0103\u021bi la num\u0103rul popula\u021biei\" \/>\n<meta property=\"og:description\" content=\"\u00cen fiecare an, universit\u0103\u021bile din Republica Moldova \u00eenregistreaz\u0103 tot mai pu\u021bini studen\u021bi. Potrivit Biroului Na\u021bional de Statistic\u0103, \u00een anul de studii 2015-2016, num\u0103rul studen\u021bilor \u00eenscri\u0219i la licen\u021b\u0103 constituia peste 63 de mii de persoane. \u00cen 2016-2017, num\u0103rul acestora s-a redus cu 6 mii de studen\u021bi.\" \/>\n<meta property=\"og:url\" content=\"https:\/\/www.btv.md\/ro\/amp\/monica-babuc-trebuie-sa-racordam-numarul-de-universitati-la-numarul-populatiei\/\" \/>\n<meta property=\"og:site_name\" content=\"BTV\" \/>\n<meta property=\"article:publisher\" content=\"https:\/\/www.facebook.com\/btvmoldova\/\" \/>\n<meta property=\"article:published_time\" content=\"2017-09-05T13:23:13+00:00\" \/>\n<meta property=\"og:image\" content=\"https:\/\/www.btv.md\/wp-content\/uploads\/2017\/09\/monica-babuc24.png\" \/>\n\t<meta property=\"og:image:width\" content=\"1301\" \/>\n\t<meta property=\"og:image:height\" content=\"553\" \/>\n\t<meta property=\"og:image:type\" content=\"image\/png\" \/>\n<meta name=\"author\" content=\"admin\" \/>\n<meta name=\"twitter:label1\" content=\"Scris de\" \/>\n\t<meta name=\"twitter:data1\" content=\"admin\" \/>\n\t<meta name=\"twitter:label2\" content=\"Timp estimat pentru citire\" \/>\n\t<meta name=\"twitter:data2\" content=\"1 minut\" \/>\n<script type=\"application\/ld+json\" class=\"yoast-schema-graph\">{\"@context\":\"https:\\\/\\\/schema.org\",\"@graph\":[{\"@type\":\"Article\",\"@id\":\"https:\\\/\\\/www.btv.md\\\/ro\\\/amp\\\/monica-babuc-trebuie-sa-racordam-numarul-de-universitati-la-numarul-populatiei\\\/#article\",\"isPartOf\":{\"@id\":\"https:\\\/\\\/www.btv.md\\\/ro\\\/amp\\\/monica-babuc-trebuie-sa-racordam-numarul-de-universitati-la-numarul-populatiei\\\/\"},\"author\":{\"name\":\"admin\",\"@id\":\"https:\\\/\\\/www.btv.md\\\/#\\\/schema\\\/person\\\/8fadce81561b3ce2c34c46dadc4ccbf2\"},\"headline\":\"Monica Babuc: Trebuie s\u0103 racord\u0103m num\u0103rul de universit\u0103\u021bi la num\u0103rul popula\u021biei\",\"datePublished\":\"2017-09-05T13:23:13+00:00\",\"mainEntityOfPage\":{\"@id\":\"https:\\\/\\\/www.btv.md\\\/ro\\\/amp\\\/monica-babuc-trebuie-sa-racordam-numarul-de-universitati-la-numarul-populatiei\\\/\"},\"wordCount\":268,\"image\":{\"@id\":\"https:\\\/\\\/www.btv.md\\\/ro\\\/amp\\\/monica-babuc-trebuie-sa-racordam-numarul-de-universitati-la-numarul-populatiei\\\/#primaryimage\"},\"thumbnailUrl\":\"https:\\\/\\\/www.btv.md\\\/wp-content\\\/uploads\\\/2017\\\/09\\\/monica-babuc24.png\",\"articleSection\":[\"\u0218tiri\",\"Social\"],\"inLanguage\":\"ro-RO\"},{\"@type\":\"WebPage\",\"@id\":\"https:\\\/\\\/www.btv.md\\\/ro\\\/amp\\\/monica-babuc-trebuie-sa-racordam-numarul-de-universitati-la-numarul-populatiei\\\/\",\"url\":\"https:\\\/\\\/www.btv.md\\\/ro\\\/amp\\\/monica-babuc-trebuie-sa-racordam-numarul-de-universitati-la-numarul-populatiei\\\/\",\"name\":\"Trebuie s\u0103 racord\u0103m num\u0103rul de universit\u0103\u021bi la num\u0103rul popula\u021biei\",\"isPartOf\":{\"@id\":\"https:\\\/\\\/www.btv.md\\\/#website\"},\"primaryImageOfPage\":{\"@id\":\"https:\\\/\\\/www.btv.md\\\/ro\\\/amp\\\/monica-babuc-trebuie-sa-racordam-numarul-de-universitati-la-numarul-populatiei\\\/#primaryimage\"},\"image\":{\"@id\":\"https:\\\/\\\/www.btv.md\\\/ro\\\/amp\\\/monica-babuc-trebuie-sa-racordam-numarul-de-universitati-la-numarul-populatiei\\\/#primaryimage\"},\"thumbnailUrl\":\"https:\\\/\\\/www.btv.md\\\/wp-content\\\/uploads\\\/2017\\\/09\\\/monica-babuc24.png\",\"datePublished\":\"2017-09-05T13:23:13+00:00\",\"author\":{\"@id\":\"https:\\\/\\\/www.btv.md\\\/#\\\/schema\\\/person\\\/8fadce81561b3ce2c34c46dadc4ccbf2\"},\"description\":\"\u00cen fiecare an, universit\u0103\u021bile din Republica Moldova \u00eenregistreaz\u0103 tot mai pu\u021bini studen\u021bi. \u00cen 2016-2017, num\u0103rul acestora s-a redus cu 6 mii de studen\u021bi.\",\"inLanguage\":\"ro-RO\",\"potentialAction\":[{\"@type\":\"ReadAction\",\"target\":[\"https:\\\/\\\/www.btv.md\\\/ro\\\/amp\\\/monica-babuc-trebuie-sa-racordam-numarul-de-universitati-la-numarul-populatiei\\\/\"]}]},{\"@type\":\"ImageObject\",\"inLanguage\":\"ro-RO\",\"@id\":\"https:\\\/\\\/www.btv.md\\\/ro\\\/amp\\\/monica-babuc-trebuie-sa-racordam-numarul-de-universitati-la-numarul-populatiei\\\/#primaryimage\",\"url\":\"https:\\\/\\\/www.btv.md\\\/wp-content\\\/uploads\\\/2017\\\/09\\\/monica-babuc24.png\",\"contentUrl\":\"https:\\\/\\\/www.btv.md\\\/wp-content\\\/uploads\\\/2017\\\/09\\\/monica-babuc24.png\",\"width\":1301,\"height\":553,\"caption\":\"num\u0103rul de universit\u0103\u021bi\"},{\"@type\":\"WebSite\",\"@id\":\"https:\\\/\\\/www.btv.md\\\/#website\",\"url\":\"https:\\\/\\\/www.btv.md\\\/\",\"name\":\"BTV\",\"description\":\"\u0411\u0435\u043b\u044c\u0446\u043a\u043e\u0435 \u0442\u0435\u043b\u0435\u0432\u0438\u0434\u0435\u043d\u0438\u0435\",\"potentialAction\":[{\"@type\":\"SearchAction\",\"target\":{\"@type\":\"EntryPoint\",\"urlTemplate\":\"https:\\\/\\\/www.btv.md\\\/?s={search_term_string}\"},\"query-input\":{\"@type\":\"PropertyValueSpecification\",\"valueRequired\":true,\"valueName\":\"search_term_string\"}}],\"inLanguage\":\"ro-RO\"},{\"@type\":\"Person\",\"@id\":\"https:\\\/\\\/www.btv.md\\\/#\\\/schema\\\/person\\\/8fadce81561b3ce2c34c46dadc4ccbf2\",\"name\":\"admin\"}]}<\/script>\n<!-- \/ Yoast SEO plugin. -->","yoast_head_json":{"title":"Trebuie s\u0103 racord\u0103m num\u0103rul de universit\u0103\u021bi la num\u0103rul popula\u021biei","description":"\u00cen fiecare an, universit\u0103\u021bile din Republica Moldova \u00eenregistreaz\u0103 tot mai pu\u021bini studen\u021bi. \u00cen 2016-2017, num\u0103rul acestora s-a redus cu 6 mii de studen\u021bi.","robots":{"index":"index","follow":"follow","max-snippet":"max-snippet:-1","max-image-preview":"max-image-preview:large","max-video-preview":"max-video-preview:-1"},"canonical":"https:\/\/www.btv.md\/ro\/amp\/monica-babuc-trebuie-sa-racordam-numarul-de-universitati-la-numarul-populatiei\/","og_locale":"ro_RO","og_type":"article","og_title":"Monica Babuc: Trebuie s\u0103 racord\u0103m num\u0103rul de universit\u0103\u021bi la num\u0103rul popula\u021biei","og_description":"\u00cen fiecare an, universit\u0103\u021bile din Republica Moldova \u00eenregistreaz\u0103 tot mai pu\u021bini studen\u021bi. Potrivit Biroului Na\u021bional de Statistic\u0103, \u00een anul de studii 2015-2016, num\u0103rul studen\u021bilor \u00eenscri\u0219i la licen\u021b\u0103 constituia peste 63 de mii de persoane. \u00cen 2016-2017, num\u0103rul acestora s-a redus cu 6 mii de studen\u021bi.","og_url":"https:\/\/www.btv.md\/ro\/amp\/monica-babuc-trebuie-sa-racordam-numarul-de-universitati-la-numarul-populatiei\/","og_site_name":"BTV","article_publisher":"https:\/\/www.facebook.com\/btvmoldova\/","article_published_time":"2017-09-05T13:23:13+00:00","og_image":[{"width":1301,"height":553,"url":"https:\/\/www.btv.md\/wp-content\/uploads\/2017\/09\/monica-babuc24.png","type":"image\/png"}],"author":"admin","twitter_misc":{"Scris de":"admin","Timp estimat pentru citire":"1 minut"},"schema":{"@context":"https:\/\/schema.org","@graph":[{"@type":"Article","@id":"https:\/\/www.btv.md\/ro\/amp\/monica-babuc-trebuie-sa-racordam-numarul-de-universitati-la-numarul-populatiei\/#article","isPartOf":{"@id":"https:\/\/www.btv.md\/ro\/amp\/monica-babuc-trebuie-sa-racordam-numarul-de-universitati-la-numarul-populatiei\/"},"author":{"name":"admin","@id":"https:\/\/www.btv.md\/#\/schema\/person\/8fadce81561b3ce2c34c46dadc4ccbf2"},"headline":"Monica Babuc: Trebuie s\u0103 racord\u0103m num\u0103rul de universit\u0103\u021bi la num\u0103rul popula\u021biei","datePublished":"2017-09-05T13:23:13+00:00","mainEntityOfPage":{"@id":"https:\/\/www.btv.md\/ro\/amp\/monica-babuc-trebuie-sa-racordam-numarul-de-universitati-la-numarul-populatiei\/"},"wordCount":268,"image":{"@id":"https:\/\/www.btv.md\/ro\/amp\/monica-babuc-trebuie-sa-racordam-numarul-de-universitati-la-numarul-populatiei\/#primaryimage"},"thumbnailUrl":"https:\/\/www.btv.md\/wp-content\/uploads\/2017\/09\/monica-babuc24.png","articleSection":["\u0218tiri","Social"],"inLanguage":"ro-RO"},{"@type":"WebPage","@id":"https:\/\/www.btv.md\/ro\/amp\/monica-babuc-trebuie-sa-racordam-numarul-de-universitati-la-numarul-populatiei\/","url":"https:\/\/www.btv.md\/ro\/amp\/monica-babuc-trebuie-sa-racordam-numarul-de-universitati-la-numarul-populatiei\/","name":"Trebuie s\u0103 racord\u0103m num\u0103rul de universit\u0103\u021bi la num\u0103rul popula\u021biei","isPartOf":{"@id":"https:\/\/www.btv.md\/#website"},"primaryImageOfPage":{"@id":"https:\/\/www.btv.md\/ro\/amp\/monica-babuc-trebuie-sa-racordam-numarul-de-universitati-la-numarul-populatiei\/#primaryimage"},"image":{"@id":"https:\/\/www.btv.md\/ro\/amp\/monica-babuc-trebuie-sa-racordam-numarul-de-universitati-la-numarul-populatiei\/#primaryimage"},"thumbnailUrl":"https:\/\/www.btv.md\/wp-content\/uploads\/2017\/09\/monica-babuc24.png","datePublished":"2017-09-05T13:23:13+00:00","author":{"@id":"https:\/\/www.btv.md\/#\/schema\/person\/8fadce81561b3ce2c34c46dadc4ccbf2"},"description":"\u00cen fiecare an, universit\u0103\u021bile din Republica Moldova \u00eenregistreaz\u0103 tot mai pu\u021bini studen\u021bi. \u00cen 2016-2017, num\u0103rul acestora s-a redus cu 6 mii de studen\u021bi.","inLanguage":"ro-RO","potentialAction":[{"@type":"ReadAction","target":["https:\/\/www.btv.md\/ro\/amp\/monica-babuc-trebuie-sa-racordam-numarul-de-universitati-la-numarul-populatiei\/"]}]},{"@type":"ImageObject","inLanguage":"ro-RO","@id":"https:\/\/www.btv.md\/ro\/amp\/monica-babuc-trebuie-sa-racordam-numarul-de-universitati-la-numarul-populatiei\/#primaryimage","url":"https:\/\/www.btv.md\/wp-content\/uploads\/2017\/09\/monica-babuc24.png","contentUrl":"https:\/\/www.btv.md\/wp-content\/uploads\/2017\/09\/monica-babuc24.png","width":1301,"height":553,"caption":"num\u0103rul de universit\u0103\u021bi"},{"@type":"WebSite","@id":"https:\/\/www.btv.md\/#website","url":"https:\/\/www.btv.md\/","name":"BTV","description":"\u0411\u0435\u043b\u044c\u0446\u043a\u043e\u0435 \u0442\u0435\u043b\u0435\u0432\u0438\u0434\u0435\u043d\u0438\u0435","potentialAction":[{"@type":"SearchAction","target":{"@type":"EntryPoint","urlTemplate":"https:\/\/www.btv.md\/?s={search_term_string}"},"query-input":{"@type":"PropertyValueSpecification","valueRequired":true,"valueName":"search_term_string"}}],"inLanguage":"ro-RO"},{"@type":"Person","@id":"https:\/\/www.btv.md\/#\/schema\/person\/8fadce81561b3ce2c34c46dadc4ccbf2","name":"admin"}]}},"_links":{"self":[{"href":"https:\/\/www.btv.md\/ro\/wp-json\/wp\/v2\/posts\/31526","targetHints":{"allow":["GET"]}}],"collection":[{"href":"https:\/\/www.btv.md\/ro\/wp-json\/wp\/v2\/posts"}],"about":[{"href":"https:\/\/www.btv.md\/ro\/wp-json\/wp\/v2\/types\/post"}],"author":[{"embeddable":true,"href":"https:\/\/www.btv.md\/ro\/wp-json\/wp\/v2\/users\/4"}],"replies":[{"embeddable":true,"href":"https:\/\/www.btv.md\/ro\/wp-json\/wp\/v2\/comments?post=31526"}],"version-history":[{"count":0,"href":"https:\/\/www.btv.md\/ro\/wp-json\/wp\/v2\/posts\/31526\/revisions"}],"wp:featuredmedia":[{"embeddable":true,"href":"https:\/\/www.btv.md\/ro\/wp-json\/wp\/v2\/media\/31527"}],"wp:attachment":[{"href":"https:\/\/www.btv.md\/ro\/wp-json\/wp\/v2\/media?parent=31526"}],"wp:term":[{"taxonomy":"category","embeddable":true,"href":"https:\/\/www.btv.md\/ro\/wp-json\/wp\/v2\/categories?post=31526"},{"taxonomy":"post_tag","embeddable":true,"href":"https:\/\/www.btv.md\/ro\/wp-json\/wp\/v2\/tags?post=31526"}],"curies":[{"name":"wp","href":"https:\/\/api.w.org\/{rel}","templated":true}]}}