{"id":31550,"date":"2017-09-05T18:26:18","date_gmt":"2017-09-05T15:26:18","guid":{"rendered":"http:\/\/btv.md\/?p=31550"},"modified":"2017-09-05T18:26:18","modified_gmt":"2017-09-05T15:26:18","slug":"cazul-andrei-braguta-cai-batute-in-zadar","status":"publish","type":"post","link":"https:\/\/www.btv.md\/ro\/cazul-andrei-braguta-cai-batute-in-zadar\/","title":{"rendered":"Cazul Andrei Bragu\u021ba \u2013 c\u0103i b\u0103tute \u00een zadar"},"content":{"rendered":"<p><strong>Dup\u0103 mediatizarea pe larg a decesului lui Andrei Bragu\u0163a, institu\u021biile de drept au recunoscut c\u0103 acesta a fost b\u0103tut \u015fi au pornit dosare penale. \u00cen acela\u015fi timp, sistemul, \u00een loc s\u0103-\u015fi recunoasc\u0103 problemele, refuz\u0103 s\u0103 cedeze, arunc\u00e2nd vina de la o institu\u0163ie la alta. Tat\u0103l lui Andrei, Ion Bragu\u021ba a povestit echipei BTV, cu lux de am\u0103nunte, despre re\u021binerea \u0219i vestea despre moartea fiului s\u0103u.<\/strong><\/p>\n<p style=\"text-align: center;\"><iframe data-src=\"https:\/\/www.youtube.com\/embed\/QNOH0W_n-xM\" width=\"854\" height=\"480\" frameborder=\"0\" allowfullscreen=\"allowfullscreen\" src=\"data:image\/svg+xml;base64,PHN2ZyB3aWR0aD0iMSIgaGVpZ2h0PSIxIiB4bWxucz0iaHR0cDovL3d3dy53My5vcmcvMjAwMC9zdmciPjwvc3ZnPg==\" class=\"lazyload\" data-load-mode=\"1\"><\/iframe><\/p>\n<p>Dup\u0103 interogare \u0219i batjocora din inspectoratul de Poli\u021bie Ciocana, tat\u0103l lui Andrei spune c\u0103\u00a0 nu \u0219i-a mai v\u0103zut fiul p\u00e2n\u0103 la \u0219edin\u021ba de judecat\u0103. Dar b\u0103rbatul de 68 de ani poveste\u0219te c\u0103, \u00een timp ce a fost fiul s\u0103u \u00een custodia poli\u021bi\u0219tilor, de el s-a apropiat un avocat propus de stat. Ap\u0103r\u0103torul i-ar fi propus serviciile sale \u00een schimbul unei sume de bani, pentru al ap\u0103ra pe Andrei.<\/p>\n<p>Pentru a-\u0219i scoate b\u0103iatul de la ananghie Ion Bragu\u021ba a fost nevoit s\u0103 bat\u0103 pragurile institu\u021biilor mediacale, unde fiul a fost luat la eviden\u021b\u0103. Andrei avea problem mentale, pe care le-a c\u0103p\u0103tat \u00een urma unei deplas\u0103ri de lucru, efectuat\u0103 \u00een Georgia. Dup\u0103 ce a aob\u021binut actele necesare care confirmau\u00a0 boala fiului, tat\u0103l a mers\u00a0 pe starada Tighina nr.6, unde a fost de\u021binut Andrei. Ajuns pe adres\u0103, Ion a \u00eencercat s\u0103-\u0219i vad\u0103 fiul, \u00eens\u0103 f\u0103r\u0103 success.<\/p>\n<p>Totu\u0219i, Ion Bragu\u021ba a reu\u0219it s\u0103-\u0219i vad\u0103 fiul \u00een ajun de \u0219edin\u021ba de judecat\u0103. Iar halul \u00een care l-a gasit, l-a \u00eensp\u0103im\u00e2ntat.<\/p>\n<p>Andrei Bragu\u0163a \u0219i-a dorit foarte mult s\u0103 munceasc\u0103 \u00een Republica Moldova. El\u00a0 avea o specialitate mai rar \u00eent\u00e2lnit\u0103 \u00een \u021bara noastr\u0103. Era inginer-chimist \u00een industria alimentar\u0103, el a absolvit Institutul tehnologic din Krasnodar. Recent, a fost \u00eenmatriculat la Universitatea de Stat ,,Alecu Russo\u201d din B\u0103l\u021bi.<\/p>\n<p>\u00cen data de 15 august, Andrei Bragu\u0163a a fost re\u021binut de poli\u021bi\u0219tii de patrulare, pentru c\u0103 se deplasa cu vitez\u0103 excesiv\u0103, \u00een apropiere de satul Ratu\u015f, raionul Criuleni.<\/p>\n","protected":false},"excerpt":{"rendered":"<p>Dup\u0103 mediatizarea pe larg a decesului lui Andrei Bragu\u0163a, institu\u021biile de drept au recunoscut c\u0103 acesta a fost b\u0103tut \u015fi au pornit dosare penale. \u00cen acela\u015fi timp, sistemul, \u00een loc s\u0103-\u015fi recunoasc\u0103 problemele, refuz\u0103 s\u0103 cedeze, arunc\u00e2nd vina de la o institu\u0163ie la alta. Tat\u0103l lui Andrei, Ion Bragu\u021ba a povestit echipei BTV, cu lux [&hellip;]<\/p>\n","protected":false},"author":4,"featured_media":31554,"comment_status":"closed","ping_status":"closed","sticky":false,"template":"","format":"standard","meta":{"footnotes":""},"categories":[259,8],"tags":[],"class_list":["post-31550","post","type-post","status-publish","format-standard","has-post-thumbnail","hentry","category-novosti","category-obshestvo"],"yoast_head":"<!-- This site is optimized with the Yoast SEO plugin v27.4 - https:\/\/yoast.com\/product\/yoast-seo-wordpress\/ -->\n<title>Cazul Andrei Bragu\u021ba \u2013 c\u0103i b\u0103tute \u00een zadar.............<\/title>\n<meta name=\"description\" content=\"Dup\u0103 mediatizarea pe larg a decesului lui Andrei Bragu\u0163a, institu\u021biile de drept au recunoscut c\u0103 acesta a fost b\u0103tut \u015fi au pornit dosare penale.\" \/>\n<meta name=\"robots\" content=\"index, follow, max-snippet:-1, max-image-preview:large, max-video-preview:-1\" \/>\n<link rel=\"canonical\" href=\"https:\/\/www.btv.md\/ro\/amp\/cazul-andrei-braguta-cai-batute-in-zadar\/\" \/>\n<meta property=\"og:locale\" content=\"ro_RO\" \/>\n<meta property=\"og:type\" content=\"article\" \/>\n<meta property=\"og:title\" content=\"Cazul Andrei Bragu\u021ba \u2013 c\u0103i b\u0103tute \u00een zadar\" \/>\n<meta property=\"og:description\" content=\"Dup\u0103 mediatizarea pe larg a decesului lui Andrei Bragu\u0163a, institu\u021biile de drept au recunoscut c\u0103 acesta a fost b\u0103tut \u015fi au pornit dosare penale. \u00cen acela\u015fi timp, sistemul, \u00een loc s\u0103-\u015fi recunoasc\u0103 problemele, refuz\u0103 s\u0103 cedeze, arunc\u00e2nd vina de la o institu\u0163ie la alta.\" \/>\n<meta property=\"og:url\" content=\"https:\/\/www.btv.md\/ro\/amp\/cazul-andrei-braguta-cai-batute-in-zadar\/\" \/>\n<meta property=\"og:site_name\" content=\"BTV\" \/>\n<meta property=\"article:publisher\" content=\"https:\/\/www.facebook.com\/btvmoldova\/\" \/>\n<meta property=\"article:published_time\" content=\"2017-09-05T15:26:18+00:00\" \/>\n<meta property=\"og:image\" content=\"https:\/\/www.btv.md\/wp-content\/uploads\/2017\/09\/braguta-1.png\" \/>\n\t<meta property=\"og:image:width\" content=\"842\" \/>\n\t<meta property=\"og:image:height\" content=\"564\" \/>\n\t<meta property=\"og:image:type\" content=\"image\/png\" \/>\n<meta name=\"author\" content=\"admin\" \/>\n<meta name=\"twitter:label1\" content=\"Scris de\" \/>\n\t<meta name=\"twitter:data1\" content=\"admin\" \/>\n\t<meta name=\"twitter:label2\" content=\"Timp estimat pentru citire\" \/>\n\t<meta name=\"twitter:data2\" content=\"2 minute\" \/>\n<script type=\"application\/ld+json\" class=\"yoast-schema-graph\">{\"@context\":\"https:\\\/\\\/schema.org\",\"@graph\":[{\"@type\":\"Article\",\"@id\":\"https:\\\/\\\/www.btv.md\\\/ro\\\/amp\\\/cazul-andrei-braguta-cai-batute-in-zadar\\\/#article\",\"isPartOf\":{\"@id\":\"https:\\\/\\\/www.btv.md\\\/ro\\\/amp\\\/cazul-andrei-braguta-cai-batute-in-zadar\\\/\"},\"author\":{\"name\":\"admin\",\"@id\":\"https:\\\/\\\/www.btv.md\\\/#\\\/schema\\\/person\\\/8fadce81561b3ce2c34c46dadc4ccbf2\"},\"headline\":\"Cazul Andrei Bragu\u021ba \u2013 c\u0103i b\u0103tute \u00een zadar\",\"datePublished\":\"2017-09-05T15:26:18+00:00\",\"mainEntityOfPage\":{\"@id\":\"https:\\\/\\\/www.btv.md\\\/ro\\\/amp\\\/cazul-andrei-braguta-cai-batute-in-zadar\\\/\"},\"wordCount\":366,\"image\":{\"@id\":\"https:\\\/\\\/www.btv.md\\\/ro\\\/amp\\\/cazul-andrei-braguta-cai-batute-in-zadar\\\/#primaryimage\"},\"thumbnailUrl\":\"https:\\\/\\\/www.btv.md\\\/wp-content\\\/uploads\\\/2017\\\/09\\\/braguta-1.png\",\"articleSection\":[\"\u041d\u043e\u0432\u043e\u0441\u0442\u0438\",\"\u041e\u0431\u0449\u0435\u0441\u0442\u0432\u043e\"],\"inLanguage\":\"ro-RO\"},{\"@type\":\"WebPage\",\"@id\":\"https:\\\/\\\/www.btv.md\\\/ro\\\/amp\\\/cazul-andrei-braguta-cai-batute-in-zadar\\\/\",\"url\":\"https:\\\/\\\/www.btv.md\\\/ro\\\/amp\\\/cazul-andrei-braguta-cai-batute-in-zadar\\\/\",\"name\":\"Cazul Andrei Bragu\u021ba \u2013 c\u0103i b\u0103tute \u00een zadar.............\",\"isPartOf\":{\"@id\":\"https:\\\/\\\/www.btv.md\\\/#website\"},\"primaryImageOfPage\":{\"@id\":\"https:\\\/\\\/www.btv.md\\\/ro\\\/amp\\\/cazul-andrei-braguta-cai-batute-in-zadar\\\/#primaryimage\"},\"image\":{\"@id\":\"https:\\\/\\\/www.btv.md\\\/ro\\\/amp\\\/cazul-andrei-braguta-cai-batute-in-zadar\\\/#primaryimage\"},\"thumbnailUrl\":\"https:\\\/\\\/www.btv.md\\\/wp-content\\\/uploads\\\/2017\\\/09\\\/braguta-1.png\",\"datePublished\":\"2017-09-05T15:26:18+00:00\",\"author\":{\"@id\":\"https:\\\/\\\/www.btv.md\\\/#\\\/schema\\\/person\\\/8fadce81561b3ce2c34c46dadc4ccbf2\"},\"description\":\"Dup\u0103 mediatizarea pe larg a decesului lui Andrei Bragu\u0163a, institu\u021biile de drept au recunoscut c\u0103 acesta a fost b\u0103tut \u015fi au pornit dosare penale.\",\"inLanguage\":\"ro-RO\",\"potentialAction\":[{\"@type\":\"ReadAction\",\"target\":[\"https:\\\/\\\/www.btv.md\\\/ro\\\/amp\\\/cazul-andrei-braguta-cai-batute-in-zadar\\\/\"]}]},{\"@type\":\"ImageObject\",\"inLanguage\":\"ro-RO\",\"@id\":\"https:\\\/\\\/www.btv.md\\\/ro\\\/amp\\\/cazul-andrei-braguta-cai-batute-in-zadar\\\/#primaryimage\",\"url\":\"https:\\\/\\\/www.btv.md\\\/wp-content\\\/uploads\\\/2017\\\/09\\\/braguta-1.png\",\"contentUrl\":\"https:\\\/\\\/www.btv.md\\\/wp-content\\\/uploads\\\/2017\\\/09\\\/braguta-1.png\",\"width\":842,\"height\":564,\"caption\":\"cazul Andrei Bragu\u021ba\"},{\"@type\":\"WebSite\",\"@id\":\"https:\\\/\\\/www.btv.md\\\/#website\",\"url\":\"https:\\\/\\\/www.btv.md\\\/\",\"name\":\"BTV\",\"description\":\"\u0411\u0435\u043b\u044c\u0446\u043a\u043e\u0435 \u0442\u0435\u043b\u0435\u0432\u0438\u0434\u0435\u043d\u0438\u0435\",\"potentialAction\":[{\"@type\":\"SearchAction\",\"target\":{\"@type\":\"EntryPoint\",\"urlTemplate\":\"https:\\\/\\\/www.btv.md\\\/?s={search_term_string}\"},\"query-input\":{\"@type\":\"PropertyValueSpecification\",\"valueRequired\":true,\"valueName\":\"search_term_string\"}}],\"inLanguage\":\"ro-RO\"},{\"@type\":\"Person\",\"@id\":\"https:\\\/\\\/www.btv.md\\\/#\\\/schema\\\/person\\\/8fadce81561b3ce2c34c46dadc4ccbf2\",\"name\":\"admin\"}]}<\/script>\n<!-- \/ Yoast SEO plugin. -->","yoast_head_json":{"title":"Cazul Andrei Bragu\u021ba \u2013 c\u0103i b\u0103tute \u00een zadar.............","description":"Dup\u0103 mediatizarea pe larg a decesului lui Andrei Bragu\u0163a, institu\u021biile de drept au recunoscut c\u0103 acesta a fost b\u0103tut \u015fi au pornit dosare penale.","robots":{"index":"index","follow":"follow","max-snippet":"max-snippet:-1","max-image-preview":"max-image-preview:large","max-video-preview":"max-video-preview:-1"},"canonical":"https:\/\/www.btv.md\/ro\/amp\/cazul-andrei-braguta-cai-batute-in-zadar\/","og_locale":"ro_RO","og_type":"article","og_title":"Cazul Andrei Bragu\u021ba \u2013 c\u0103i b\u0103tute \u00een zadar","og_description":"Dup\u0103 mediatizarea pe larg a decesului lui Andrei Bragu\u0163a, institu\u021biile de drept au recunoscut c\u0103 acesta a fost b\u0103tut \u015fi au pornit dosare penale. \u00cen acela\u015fi timp, sistemul, \u00een loc s\u0103-\u015fi recunoasc\u0103 problemele, refuz\u0103 s\u0103 cedeze, arunc\u00e2nd vina de la o institu\u0163ie la alta.","og_url":"https:\/\/www.btv.md\/ro\/amp\/cazul-andrei-braguta-cai-batute-in-zadar\/","og_site_name":"BTV","article_publisher":"https:\/\/www.facebook.com\/btvmoldova\/","article_published_time":"2017-09-05T15:26:18+00:00","og_image":[{"width":842,"height":564,"url":"https:\/\/www.btv.md\/wp-content\/uploads\/2017\/09\/braguta-1.png","type":"image\/png"}],"author":"admin","twitter_misc":{"Scris de":"admin","Timp estimat pentru citire":"2 minute"},"schema":{"@context":"https:\/\/schema.org","@graph":[{"@type":"Article","@id":"https:\/\/www.btv.md\/ro\/amp\/cazul-andrei-braguta-cai-batute-in-zadar\/#article","isPartOf":{"@id":"https:\/\/www.btv.md\/ro\/amp\/cazul-andrei-braguta-cai-batute-in-zadar\/"},"author":{"name":"admin","@id":"https:\/\/www.btv.md\/#\/schema\/person\/8fadce81561b3ce2c34c46dadc4ccbf2"},"headline":"Cazul Andrei Bragu\u021ba \u2013 c\u0103i b\u0103tute \u00een zadar","datePublished":"2017-09-05T15:26:18+00:00","mainEntityOfPage":{"@id":"https:\/\/www.btv.md\/ro\/amp\/cazul-andrei-braguta-cai-batute-in-zadar\/"},"wordCount":366,"image":{"@id":"https:\/\/www.btv.md\/ro\/amp\/cazul-andrei-braguta-cai-batute-in-zadar\/#primaryimage"},"thumbnailUrl":"https:\/\/www.btv.md\/wp-content\/uploads\/2017\/09\/braguta-1.png","articleSection":["\u041d\u043e\u0432\u043e\u0441\u0442\u0438","\u041e\u0431\u0449\u0435\u0441\u0442\u0432\u043e"],"inLanguage":"ro-RO"},{"@type":"WebPage","@id":"https:\/\/www.btv.md\/ro\/amp\/cazul-andrei-braguta-cai-batute-in-zadar\/","url":"https:\/\/www.btv.md\/ro\/amp\/cazul-andrei-braguta-cai-batute-in-zadar\/","name":"Cazul Andrei Bragu\u021ba \u2013 c\u0103i b\u0103tute \u00een zadar.............","isPartOf":{"@id":"https:\/\/www.btv.md\/#website"},"primaryImageOfPage":{"@id":"https:\/\/www.btv.md\/ro\/amp\/cazul-andrei-braguta-cai-batute-in-zadar\/#primaryimage"},"image":{"@id":"https:\/\/www.btv.md\/ro\/amp\/cazul-andrei-braguta-cai-batute-in-zadar\/#primaryimage"},"thumbnailUrl":"https:\/\/www.btv.md\/wp-content\/uploads\/2017\/09\/braguta-1.png","datePublished":"2017-09-05T15:26:18+00:00","author":{"@id":"https:\/\/www.btv.md\/#\/schema\/person\/8fadce81561b3ce2c34c46dadc4ccbf2"},"description":"Dup\u0103 mediatizarea pe larg a decesului lui Andrei Bragu\u0163a, institu\u021biile de drept au recunoscut c\u0103 acesta a fost b\u0103tut \u015fi au pornit dosare penale.","inLanguage":"ro-RO","potentialAction":[{"@type":"ReadAction","target":["https:\/\/www.btv.md\/ro\/amp\/cazul-andrei-braguta-cai-batute-in-zadar\/"]}]},{"@type":"ImageObject","inLanguage":"ro-RO","@id":"https:\/\/www.btv.md\/ro\/amp\/cazul-andrei-braguta-cai-batute-in-zadar\/#primaryimage","url":"https:\/\/www.btv.md\/wp-content\/uploads\/2017\/09\/braguta-1.png","contentUrl":"https:\/\/www.btv.md\/wp-content\/uploads\/2017\/09\/braguta-1.png","width":842,"height":564,"caption":"cazul Andrei Bragu\u021ba"},{"@type":"WebSite","@id":"https:\/\/www.btv.md\/#website","url":"https:\/\/www.btv.md\/","name":"BTV","description":"\u0411\u0435\u043b\u044c\u0446\u043a\u043e\u0435 \u0442\u0435\u043b\u0435\u0432\u0438\u0434\u0435\u043d\u0438\u0435","potentialAction":[{"@type":"SearchAction","target":{"@type":"EntryPoint","urlTemplate":"https:\/\/www.btv.md\/?s={search_term_string}"},"query-input":{"@type":"PropertyValueSpecification","valueRequired":true,"valueName":"search_term_string"}}],"inLanguage":"ro-RO"},{"@type":"Person","@id":"https:\/\/www.btv.md\/#\/schema\/person\/8fadce81561b3ce2c34c46dadc4ccbf2","name":"admin"}]}},"_links":{"self":[{"href":"https:\/\/www.btv.md\/ro\/wp-json\/wp\/v2\/posts\/31550","targetHints":{"allow":["GET"]}}],"collection":[{"href":"https:\/\/www.btv.md\/ro\/wp-json\/wp\/v2\/posts"}],"about":[{"href":"https:\/\/www.btv.md\/ro\/wp-json\/wp\/v2\/types\/post"}],"author":[{"embeddable":true,"href":"https:\/\/www.btv.md\/ro\/wp-json\/wp\/v2\/users\/4"}],"replies":[{"embeddable":true,"href":"https:\/\/www.btv.md\/ro\/wp-json\/wp\/v2\/comments?post=31550"}],"version-history":[{"count":0,"href":"https:\/\/www.btv.md\/ro\/wp-json\/wp\/v2\/posts\/31550\/revisions"}],"wp:featuredmedia":[{"embeddable":true,"href":"https:\/\/www.btv.md\/ro\/wp-json\/wp\/v2\/media\/31554"}],"wp:attachment":[{"href":"https:\/\/www.btv.md\/ro\/wp-json\/wp\/v2\/media?parent=31550"}],"wp:term":[{"taxonomy":"category","embeddable":true,"href":"https:\/\/www.btv.md\/ro\/wp-json\/wp\/v2\/categories?post=31550"},{"taxonomy":"post_tag","embeddable":true,"href":"https:\/\/www.btv.md\/ro\/wp-json\/wp\/v2\/tags?post=31550"}],"curies":[{"name":"wp","href":"https:\/\/api.w.org\/{rel}","templated":true}]}}