{"id":31552,"date":"2017-09-05T18:38:01","date_gmt":"2017-09-05T15:38:01","guid":{"rendered":"http:\/\/btv.md\/?p=31552"},"modified":"2017-09-05T18:38:01","modified_gmt":"2017-09-05T15:38:01","slug":"rata-somajului-in-al-doilea-trimestru-al-anului-2017-a-fost-de-3-5","status":"publish","type":"post","link":"https:\/\/www.btv.md\/ro\/rata-somajului-in-al-doilea-trimestru-al-anului-2017-a-fost-de-3-5\/","title":{"rendered":"Rata \u0219omajului \u00een al doilea trimestru al anului 2017 a fost de 3,5%"},"content":{"rendered":"<p><strong>Rata \u0219omajului \u00een Republica Moldova \u00een al doilea trimestru al anului curent a fost de 3,5%, fiind \u00een u\u0219oar\u0103 sc\u0103dere fat\u0103 de aceea\u0219i perioad\u0103 a anului 2016 c\u00e2nd era de 4 la sut\u0103, potrivit Biroului Na\u021bional de Statistic\u0103, relateaz\u0103 portalul <a href=\"http:\/\/www.noi.md\/md\/news_id\/242838\">noi.md<\/a>.<\/strong><\/p>\n<p style=\"text-align: center;\"><iframe data-src=\"https:\/\/www.youtube.com\/embed\/VQtXq4ybHcM\" width=\"854\" height=\"480\" frameborder=\"0\" allowfullscreen=\"allowfullscreen\" src=\"data:image\/svg+xml;base64,PHN2ZyB3aWR0aD0iMSIgaGVpZ2h0PSIxIiB4bWxucz0iaHR0cDovL3d3dy53My5vcmcvMjAwMC9zdmciPjwvc3ZnPg==\" class=\"lazyload\" data-load-mode=\"1\"><\/iframe><\/p>\n<p>Astfel, num\u0103rul \u0219omerilor a fost de 45,7 mii, fa\u021b\u0103 de 55 de mii \u00een aceea\u0219i perioad\u0103 a anului 2016. \u0218omajul a afectat \u00eentr-o propor\u021bie mai mare b\u0103rba\u021bii \u2013 56% fa\u021b\u0103 de 44 la sut\u0103 \u00een r\u00e2ndul femeilor. Aproape 64 la sut\u0103 dintre \u0219omeri sunt din mediul urban.<\/p>\n<p>\u00cen r\u00e2ndul tinerilor de 15-24 de ani rata \u0219omajului a constituit 10,1%. \u00cen categoria de v\u00e2rst\u0103 15-29 de ani acest indicator a avut valoarea de 6,2%.<\/p>\n<p>Peste o treime din persoanele ocupate au activat \u00een agricultur\u0103 \u2013 441 de mii, sau aproape 35%. Ponderea persoanelor ocupate \u00een industrie a constituit 11,9%, iar \u00een construc\u021bii \u2013 5,4 la sut\u0103. 75,9% din popula\u021bia ocupat\u0103 a activat \u00een sectorul privat \u0219i 24,1% \u2013 \u00een sectorul public.<\/p>\n","protected":false},"excerpt":{"rendered":"<p>Rata \u0219omajului \u00een Republica Moldova \u00een al doilea trimestru al anului curent a fost de 3,5%, fiind \u00een u\u0219oar\u0103 sc\u0103dere fat\u0103 de aceea\u0219i perioad\u0103 a anului 2016 c\u00e2nd era de 4 la sut\u0103, potrivit Biroului Na\u021bional de Statistic\u0103, relateaz\u0103 portalul noi.md. Astfel, num\u0103rul \u0219omerilor a fost de 45,7 mii, fa\u021b\u0103 de 55 de mii \u00een [&hellip;]<\/p>\n","protected":false},"author":4,"featured_media":31559,"comment_status":"closed","ping_status":"closed","sticky":false,"template":"","format":"standard","meta":{"footnotes":""},"categories":[6369],"tags":[],"class_list":["post-31552","post","type-post","status-publish","format-standard","has-post-thumbnail","hentry","category-economie-ro"],"yoast_head":"<!-- This site is optimized with the Yoast SEO plugin v27.4 - https:\/\/yoast.com\/product\/yoast-seo-wordpress\/ -->\n<title>Rata \u0219omajului \u00een al doilea trimestru al anului 2017 a fost de 3,5%<\/title>\n<meta name=\"description\" content=\"Rata \u0219omajului \u00een Republica Moldova \u00een al doilea trimestru al anului curent a fost de 3,5%, fiind \u00een u\u0219oar\u0103 sc\u0103dere fat\u0103 de aceea\u0219i perioad\u0103 a anului 2016.\" \/>\n<meta name=\"robots\" content=\"index, follow, max-snippet:-1, max-image-preview:large, max-video-preview:-1\" \/>\n<link rel=\"canonical\" href=\"https:\/\/www.btv.md\/ro\/rata-somajului-in-al-doilea-trimestru-al-anului-2017-a-fost-de-3-5\/\" \/>\n<meta property=\"og:locale\" content=\"ro_RO\" \/>\n<meta property=\"og:type\" content=\"article\" \/>\n<meta property=\"og:title\" content=\"Rata \u0219omajului \u00een al doilea trimestru al anului 2017 a fost de 3,5%\" \/>\n<meta property=\"og:description\" content=\"Rata \u0219omajului \u00een Republica Moldova \u00een al doilea trimestru al anului curent a fost de 3,5%, fiind \u00een u\u0219oar\u0103 sc\u0103dere fat\u0103 de aceea\u0219i perioad\u0103 a anului 2016 c\u00e2nd era de 4 la sut\u0103, potrivit Biroului Na\u021bional de Statistic\u0103.\" \/>\n<meta property=\"og:url\" content=\"https:\/\/www.btv.md\/ro\/rata-somajului-in-al-doilea-trimestru-al-anului-2017-a-fost-de-3-5\/\" \/>\n<meta property=\"og:site_name\" content=\"BTV\" \/>\n<meta property=\"article:publisher\" content=\"https:\/\/www.facebook.com\/btvmoldova\/\" \/>\n<meta property=\"article:published_time\" content=\"2017-09-05T15:38:01+00:00\" \/>\n<meta property=\"og:image\" content=\"https:\/\/www.btv.md\/wp-content\/uploads\/2016\/05\/5-logo-n.jpg\" \/>\n\t<meta property=\"og:image:width\" content=\"1371\" \/>\n\t<meta property=\"og:image:height\" content=\"1371\" \/>\n\t<meta property=\"og:image:type\" content=\"image\/jpeg\" \/>\n<meta name=\"author\" content=\"admin\" \/>\n<meta name=\"twitter:label1\" content=\"Scris de\" \/>\n\t<meta name=\"twitter:data1\" content=\"admin\" \/>\n\t<meta name=\"twitter:label2\" content=\"Timp estimat pentru citire\" \/>\n\t<meta name=\"twitter:data2\" content=\"1 minut\" \/>\n<script type=\"application\/ld+json\" class=\"yoast-schema-graph\">{\"@context\":\"https:\\\/\\\/schema.org\",\"@graph\":[{\"@type\":\"Article\",\"@id\":\"https:\\\/\\\/www.btv.md\\\/ro\\\/rata-somajului-in-al-doilea-trimestru-al-anului-2017-a-fost-de-3-5\\\/#article\",\"isPartOf\":{\"@id\":\"https:\\\/\\\/www.btv.md\\\/ro\\\/rata-somajului-in-al-doilea-trimestru-al-anului-2017-a-fost-de-3-5\\\/\"},\"author\":{\"name\":\"admin\",\"@id\":\"https:\\\/\\\/www.btv.md\\\/#\\\/schema\\\/person\\\/8fadce81561b3ce2c34c46dadc4ccbf2\"},\"headline\":\"Rata \u0219omajului \u00een al doilea trimestru al anului 2017 a fost de 3,5%\",\"datePublished\":\"2017-09-05T15:38:01+00:00\",\"mainEntityOfPage\":{\"@id\":\"https:\\\/\\\/www.btv.md\\\/ro\\\/rata-somajului-in-al-doilea-trimestru-al-anului-2017-a-fost-de-3-5\\\/\"},\"wordCount\":167,\"image\":{\"@id\":\"https:\\\/\\\/www.btv.md\\\/ro\\\/rata-somajului-in-al-doilea-trimestru-al-anului-2017-a-fost-de-3-5\\\/#primaryimage\"},\"thumbnailUrl\":\"https:\\\/\\\/www.btv.md\\\/wp-content\\\/uploads\\\/2017\\\/09\\\/omaj-586x319.jpg\",\"articleSection\":[\"Economie\"],\"inLanguage\":\"ro-RO\"},{\"@type\":\"WebPage\",\"@id\":\"https:\\\/\\\/www.btv.md\\\/ro\\\/rata-somajului-in-al-doilea-trimestru-al-anului-2017-a-fost-de-3-5\\\/\",\"url\":\"https:\\\/\\\/www.btv.md\\\/ro\\\/rata-somajului-in-al-doilea-trimestru-al-anului-2017-a-fost-de-3-5\\\/\",\"name\":\"Rata \u0219omajului \u00een al doilea trimestru al anului 2017 a fost de 3,5%\",\"isPartOf\":{\"@id\":\"https:\\\/\\\/www.btv.md\\\/#website\"},\"primaryImageOfPage\":{\"@id\":\"https:\\\/\\\/www.btv.md\\\/ro\\\/rata-somajului-in-al-doilea-trimestru-al-anului-2017-a-fost-de-3-5\\\/#primaryimage\"},\"image\":{\"@id\":\"https:\\\/\\\/www.btv.md\\\/ro\\\/rata-somajului-in-al-doilea-trimestru-al-anului-2017-a-fost-de-3-5\\\/#primaryimage\"},\"thumbnailUrl\":\"https:\\\/\\\/www.btv.md\\\/wp-content\\\/uploads\\\/2017\\\/09\\\/omaj-586x319.jpg\",\"datePublished\":\"2017-09-05T15:38:01+00:00\",\"author\":{\"@id\":\"https:\\\/\\\/www.btv.md\\\/#\\\/schema\\\/person\\\/8fadce81561b3ce2c34c46dadc4ccbf2\"},\"description\":\"Rata \u0219omajului \u00een Republica Moldova \u00een al doilea trimestru al anului curent a fost de 3,5%, fiind \u00een u\u0219oar\u0103 sc\u0103dere fat\u0103 de aceea\u0219i perioad\u0103 a anului 2016.\",\"inLanguage\":\"ro-RO\",\"potentialAction\":[{\"@type\":\"ReadAction\",\"target\":[\"https:\\\/\\\/www.btv.md\\\/ro\\\/rata-somajului-in-al-doilea-trimestru-al-anului-2017-a-fost-de-3-5\\\/\"]}]},{\"@type\":\"ImageObject\",\"inLanguage\":\"ro-RO\",\"@id\":\"https:\\\/\\\/www.btv.md\\\/ro\\\/rata-somajului-in-al-doilea-trimestru-al-anului-2017-a-fost-de-3-5\\\/#primaryimage\",\"url\":\"https:\\\/\\\/www.btv.md\\\/wp-content\\\/uploads\\\/2017\\\/09\\\/omaj-586x319.jpg\",\"contentUrl\":\"https:\\\/\\\/www.btv.md\\\/wp-content\\\/uploads\\\/2017\\\/09\\\/omaj-586x319.jpg\",\"width\":586,\"height\":319,\"caption\":\"rata \u0219omajului\"},{\"@type\":\"WebSite\",\"@id\":\"https:\\\/\\\/www.btv.md\\\/#website\",\"url\":\"https:\\\/\\\/www.btv.md\\\/\",\"name\":\"BTV\",\"description\":\"\u0411\u0435\u043b\u044c\u0446\u043a\u043e\u0435 \u0442\u0435\u043b\u0435\u0432\u0438\u0434\u0435\u043d\u0438\u0435\",\"potentialAction\":[{\"@type\":\"SearchAction\",\"target\":{\"@type\":\"EntryPoint\",\"urlTemplate\":\"https:\\\/\\\/www.btv.md\\\/?s={search_term_string}\"},\"query-input\":{\"@type\":\"PropertyValueSpecification\",\"valueRequired\":true,\"valueName\":\"search_term_string\"}}],\"inLanguage\":\"ro-RO\"},{\"@type\":\"Person\",\"@id\":\"https:\\\/\\\/www.btv.md\\\/#\\\/schema\\\/person\\\/8fadce81561b3ce2c34c46dadc4ccbf2\",\"name\":\"admin\"}]}<\/script>\n<!-- \/ Yoast SEO plugin. -->","yoast_head_json":{"title":"Rata \u0219omajului \u00een al doilea trimestru al anului 2017 a fost de 3,5%","description":"Rata \u0219omajului \u00een Republica Moldova \u00een al doilea trimestru al anului curent a fost de 3,5%, fiind \u00een u\u0219oar\u0103 sc\u0103dere fat\u0103 de aceea\u0219i perioad\u0103 a anului 2016.","robots":{"index":"index","follow":"follow","max-snippet":"max-snippet:-1","max-image-preview":"max-image-preview:large","max-video-preview":"max-video-preview:-1"},"canonical":"https:\/\/www.btv.md\/ro\/rata-somajului-in-al-doilea-trimestru-al-anului-2017-a-fost-de-3-5\/","og_locale":"ro_RO","og_type":"article","og_title":"Rata \u0219omajului \u00een al doilea trimestru al anului 2017 a fost de 3,5%","og_description":"Rata \u0219omajului \u00een Republica Moldova \u00een al doilea trimestru al anului curent a fost de 3,5%, fiind \u00een u\u0219oar\u0103 sc\u0103dere fat\u0103 de aceea\u0219i perioad\u0103 a anului 2016 c\u00e2nd era de 4 la sut\u0103, potrivit Biroului Na\u021bional de Statistic\u0103.","og_url":"https:\/\/www.btv.md\/ro\/rata-somajului-in-al-doilea-trimestru-al-anului-2017-a-fost-de-3-5\/","og_site_name":"BTV","article_publisher":"https:\/\/www.facebook.com\/btvmoldova\/","article_published_time":"2017-09-05T15:38:01+00:00","og_image":[{"width":1371,"height":1371,"url":"https:\/\/www.btv.md\/wp-content\/uploads\/2016\/05\/5-logo-n.jpg","type":"image\/jpeg"}],"author":"admin","twitter_misc":{"Scris de":"admin","Timp estimat pentru citire":"1 minut"},"schema":{"@context":"https:\/\/schema.org","@graph":[{"@type":"Article","@id":"https:\/\/www.btv.md\/ro\/rata-somajului-in-al-doilea-trimestru-al-anului-2017-a-fost-de-3-5\/#article","isPartOf":{"@id":"https:\/\/www.btv.md\/ro\/rata-somajului-in-al-doilea-trimestru-al-anului-2017-a-fost-de-3-5\/"},"author":{"name":"admin","@id":"https:\/\/www.btv.md\/#\/schema\/person\/8fadce81561b3ce2c34c46dadc4ccbf2"},"headline":"Rata \u0219omajului \u00een al doilea trimestru al anului 2017 a fost de 3,5%","datePublished":"2017-09-05T15:38:01+00:00","mainEntityOfPage":{"@id":"https:\/\/www.btv.md\/ro\/rata-somajului-in-al-doilea-trimestru-al-anului-2017-a-fost-de-3-5\/"},"wordCount":167,"image":{"@id":"https:\/\/www.btv.md\/ro\/rata-somajului-in-al-doilea-trimestru-al-anului-2017-a-fost-de-3-5\/#primaryimage"},"thumbnailUrl":"https:\/\/www.btv.md\/wp-content\/uploads\/2017\/09\/omaj-586x319.jpg","articleSection":["Economie"],"inLanguage":"ro-RO"},{"@type":"WebPage","@id":"https:\/\/www.btv.md\/ro\/rata-somajului-in-al-doilea-trimestru-al-anului-2017-a-fost-de-3-5\/","url":"https:\/\/www.btv.md\/ro\/rata-somajului-in-al-doilea-trimestru-al-anului-2017-a-fost-de-3-5\/","name":"Rata \u0219omajului \u00een al doilea trimestru al anului 2017 a fost de 3,5%","isPartOf":{"@id":"https:\/\/www.btv.md\/#website"},"primaryImageOfPage":{"@id":"https:\/\/www.btv.md\/ro\/rata-somajului-in-al-doilea-trimestru-al-anului-2017-a-fost-de-3-5\/#primaryimage"},"image":{"@id":"https:\/\/www.btv.md\/ro\/rata-somajului-in-al-doilea-trimestru-al-anului-2017-a-fost-de-3-5\/#primaryimage"},"thumbnailUrl":"https:\/\/www.btv.md\/wp-content\/uploads\/2017\/09\/omaj-586x319.jpg","datePublished":"2017-09-05T15:38:01+00:00","author":{"@id":"https:\/\/www.btv.md\/#\/schema\/person\/8fadce81561b3ce2c34c46dadc4ccbf2"},"description":"Rata \u0219omajului \u00een Republica Moldova \u00een al doilea trimestru al anului curent a fost de 3,5%, fiind \u00een u\u0219oar\u0103 sc\u0103dere fat\u0103 de aceea\u0219i perioad\u0103 a anului 2016.","inLanguage":"ro-RO","potentialAction":[{"@type":"ReadAction","target":["https:\/\/www.btv.md\/ro\/rata-somajului-in-al-doilea-trimestru-al-anului-2017-a-fost-de-3-5\/"]}]},{"@type":"ImageObject","inLanguage":"ro-RO","@id":"https:\/\/www.btv.md\/ro\/rata-somajului-in-al-doilea-trimestru-al-anului-2017-a-fost-de-3-5\/#primaryimage","url":"https:\/\/www.btv.md\/wp-content\/uploads\/2017\/09\/omaj-586x319.jpg","contentUrl":"https:\/\/www.btv.md\/wp-content\/uploads\/2017\/09\/omaj-586x319.jpg","width":586,"height":319,"caption":"rata \u0219omajului"},{"@type":"WebSite","@id":"https:\/\/www.btv.md\/#website","url":"https:\/\/www.btv.md\/","name":"BTV","description":"\u0411\u0435\u043b\u044c\u0446\u043a\u043e\u0435 \u0442\u0435\u043b\u0435\u0432\u0438\u0434\u0435\u043d\u0438\u0435","potentialAction":[{"@type":"SearchAction","target":{"@type":"EntryPoint","urlTemplate":"https:\/\/www.btv.md\/?s={search_term_string}"},"query-input":{"@type":"PropertyValueSpecification","valueRequired":true,"valueName":"search_term_string"}}],"inLanguage":"ro-RO"},{"@type":"Person","@id":"https:\/\/www.btv.md\/#\/schema\/person\/8fadce81561b3ce2c34c46dadc4ccbf2","name":"admin"}]}},"_links":{"self":[{"href":"https:\/\/www.btv.md\/ro\/wp-json\/wp\/v2\/posts\/31552","targetHints":{"allow":["GET"]}}],"collection":[{"href":"https:\/\/www.btv.md\/ro\/wp-json\/wp\/v2\/posts"}],"about":[{"href":"https:\/\/www.btv.md\/ro\/wp-json\/wp\/v2\/types\/post"}],"author":[{"embeddable":true,"href":"https:\/\/www.btv.md\/ro\/wp-json\/wp\/v2\/users\/4"}],"replies":[{"embeddable":true,"href":"https:\/\/www.btv.md\/ro\/wp-json\/wp\/v2\/comments?post=31552"}],"version-history":[{"count":0,"href":"https:\/\/www.btv.md\/ro\/wp-json\/wp\/v2\/posts\/31552\/revisions"}],"wp:featuredmedia":[{"embeddable":true,"href":"https:\/\/www.btv.md\/ro\/wp-json\/wp\/v2\/media\/31559"}],"wp:attachment":[{"href":"https:\/\/www.btv.md\/ro\/wp-json\/wp\/v2\/media?parent=31552"}],"wp:term":[{"taxonomy":"category","embeddable":true,"href":"https:\/\/www.btv.md\/ro\/wp-json\/wp\/v2\/categories?post=31552"},{"taxonomy":"post_tag","embeddable":true,"href":"https:\/\/www.btv.md\/ro\/wp-json\/wp\/v2\/tags?post=31552"}],"curies":[{"name":"wp","href":"https:\/\/api.w.org\/{rel}","templated":true}]}}