{"id":32000,"date":"2017-09-12T14:24:11","date_gmt":"2017-09-12T11:24:11","guid":{"rendered":"http:\/\/btv.md\/?p=32000"},"modified":"2017-09-12T14:24:11","modified_gmt":"2017-09-12T11:24:11","slug":"o-tabara-de-camp-instalata-pentru-salvatori-din-23-de-tari","status":"publish","type":"post","link":"https:\/\/www.btv.md\/ro\/o-tabara-de-camp-instalata-pentru-salvatori-din-23-de-tari\/","title":{"rendered":"O tab\u0103r\u0103 de c\u00e2mp, instalat\u0103 pentru salvatori din 23 de \u021b\u0103ri"},"content":{"rendered":"<p><strong>Inspectoratul General pentru Situa\u021bii de Urgen\u021b\u0103 al MAI instaleaz\u0103 la Chi\u0219in\u0103u \u00een aceste zile o tab\u0103r\u0103 de c\u00e2mp, unde urmeaz\u0103 s\u0103 se afle aproape 300 de salvatori, relateaz\u0103 saitul oficial al <a href=\"http:\/\/www.dse.md\/ru\/node\/7991\">Serviciului Protec\u021biei Civile \u0219i Situa\u021biilor Excep\u021bionale<\/a>.<\/strong><\/p>\n<p style=\"text-align: center;\"><iframe data-src=\"https:\/\/www.youtube.com\/embed\/TsOHjnY_mFM\" width=\"854\" height=\"480\" frameborder=\"0\" allowfullscreen=\"allowfullscreen\" src=\"data:image\/svg+xml;base64,PHN2ZyB3aWR0aD0iMSIgaGVpZ2h0PSIxIiB4bWxucz0iaHR0cDovL3d3dy53My5vcmcvMjAwMC9zdmciPjwvc3ZnPg==\" class=\"lazyload\" data-load-mode=\"1\"><\/iframe><\/p>\n<p>Echipe de salvatori \u0219i reprezentan\u021bi ai serviciilor de gestionare a situa\u021biilor de risc urmeaz\u0103 s\u0103 locuiasc\u0103 \u00een aceast\u0103 tab\u0103r\u0103 pe parcursul desf\u0103\u0219ur\u0103rii exerci\u021biului de amploare EUMOLD EX 2017.<\/p>\n<p>Or\u0103\u0219elul de c\u00e2mp va fi amplasat pe str. Vasile Lupu nr.28 din capital\u0103. Tab\u0103ra va fi populat\u0103 de speciali\u0219ti din mai multe \u021b\u0103rii, care vor avea menirea de a lichida consecin\u021bele unor dezastre simulate.<\/p>\n<p>Conform informa\u021biei Serviciului Situa\u021bii Excep\u021bionale baza de opera\u021biuni va include 30 de corturi \u00een care se pot afla 260 de oameni. Tot aici va fi amenajat\u0103 \u0219i o buc\u0103t\u0103rie de c\u00e2mp, unde to\u021bi participan\u021bii vor putea lua masa. Aplica\u021biile urmeaz\u0103 s\u0103 demareze pe 18 septembrie \u0219i vor finaliza pe data de 21 septembrie. Aici vor participa echipe de salvatori din \u0219ase \u021b\u0103ri partenere Armenia, Azerbaidjan, Belarus, Georgia, Ucraina \u0219i Republica Moldova, dar \u0219i trei \u021b\u0103ri care lucreaz\u0103 \u00een mecanizmul protec\u021biei civile, cum ar fi Cehia, Danemarca \u0219i Rom\u00e2nia. \u00cen total \u00een perioada desf\u0103\u0219ur\u0103rii exerci\u021biului \u00een \u021bara noastr\u0103 se vor afla \u00een condi\u021bii de tab\u0103r\u0103 reprezentan\u021bi din 23 state ale lumii.<\/p>\n<p>Inspectoratul General pentru Situa\u021bii de Urgen\u021b\u0103 al MAI organizeaz\u0103 exerci\u021biul \u00een comun cu Programul pentru Reducerea Dezastrelor (PPRD East 2) \u0219i are drept scop fortificarea capacit\u0103\u021bilor de comunicare \u0219i luare a deciziilor \u00een situa\u021bii excep\u021bionale.<\/p>\n<p>Ultimile aplica\u021bii de amploare desf\u0103\u0219urate \u00een Republica Moldova \u00een domeniul gestion\u0103rii situa\u021biilor excep\u021bionale au avut loc \u00een 2011, \u00een care au participat 32 de \u021b\u0103ri.<\/p>\n","protected":false},"excerpt":{"rendered":"<p>Inspectoratul General pentru Situa\u021bii de Urgen\u021b\u0103 al MAI instaleaz\u0103 la Chi\u0219in\u0103u \u00een aceste zile o tab\u0103r\u0103 de c\u00e2mp, unde urmeaz\u0103 s\u0103 se afle aproape 300 de salvatori, relateaz\u0103 saitul oficial al Serviciului Protec\u021biei Civile \u0219i Situa\u021biilor Excep\u021bionale. Echipe de salvatori \u0219i reprezentan\u021bi ai serviciilor de gestionare a situa\u021biilor de risc urmeaz\u0103 s\u0103 locuiasc\u0103 \u00een aceast\u0103 [&hellip;]<\/p>\n","protected":false},"author":4,"featured_media":32001,"comment_status":"closed","ping_status":"closed","sticky":false,"template":"","format":"standard","meta":{"footnotes":""},"categories":[6349],"tags":[],"class_list":["post-32000","post","type-post","status-publish","format-standard","has-post-thumbnail","hentry","category-social"],"yoast_head":"<!-- This site is optimized with the Yoast SEO plugin v27.4 - https:\/\/yoast.com\/product\/yoast-seo-wordpress\/ -->\n<title>O tab\u0103r\u0103 de c\u00e2mp, instalat\u0103 pentru salvatori din 23 de \u021b\u0103ri<\/title>\n<meta name=\"description\" content=\"Inspectoratul General pentru Situa\u021bii de Urgen\u021b\u0103 al MAI instaleaz\u0103 la Chi\u0219in\u0103u \u00een aceste zile o tab\u0103r\u0103 de c\u00e2mp, unde vor participa aproape 300 de salvatori.\" \/>\n<meta name=\"robots\" content=\"index, follow, max-snippet:-1, max-image-preview:large, max-video-preview:-1\" \/>\n<link rel=\"canonical\" href=\"https:\/\/www.btv.md\/ro\/o-tabara-de-camp-instalata-pentru-salvatori-din-23-de-tari\/\" \/>\n<meta property=\"og:locale\" content=\"ro_RO\" \/>\n<meta property=\"og:type\" content=\"article\" \/>\n<meta property=\"og:title\" content=\"O tab\u0103r\u0103 de c\u00e2mp, instalat\u0103 pentru salvatori din 23 de \u021b\u0103ri\" \/>\n<meta property=\"og:description\" content=\"Inspectoratul General pentru Situa\u021bii de Urgen\u021b\u0103 al MAI instaleaz\u0103 la Chi\u0219in\u0103u \u00een aceste zile o tab\u0103r\u0103 de c\u00e2mp, unde urmeaz\u0103 s\u0103 se afle aproape 300 de salvatori.\" \/>\n<meta property=\"og:url\" content=\"https:\/\/www.btv.md\/ro\/o-tabara-de-camp-instalata-pentru-salvatori-din-23-de-tari\/\" \/>\n<meta property=\"og:site_name\" content=\"BTV\" \/>\n<meta property=\"article:publisher\" content=\"https:\/\/www.facebook.com\/btvmoldova\/\" \/>\n<meta property=\"article:published_time\" content=\"2017-09-12T11:24:11+00:00\" \/>\n<meta property=\"og:image\" content=\"https:\/\/www.btv.md\/wp-content\/uploads\/2017\/09\/salvatori.png\" \/>\n\t<meta property=\"og:image:width\" content=\"1366\" \/>\n\t<meta property=\"og:image:height\" content=\"627\" \/>\n\t<meta property=\"og:image:type\" content=\"image\/png\" \/>\n<meta name=\"author\" content=\"admin\" \/>\n<meta name=\"twitter:label1\" content=\"Scris de\" \/>\n\t<meta name=\"twitter:data1\" content=\"admin\" \/>\n\t<meta name=\"twitter:label2\" content=\"Timp estimat pentru citire\" \/>\n\t<meta name=\"twitter:data2\" content=\"2 minute\" \/>\n<script type=\"application\/ld+json\" class=\"yoast-schema-graph\">{\"@context\":\"https:\\\/\\\/schema.org\",\"@graph\":[{\"@type\":\"Article\",\"@id\":\"https:\\\/\\\/www.btv.md\\\/ro\\\/o-tabara-de-camp-instalata-pentru-salvatori-din-23-de-tari\\\/#article\",\"isPartOf\":{\"@id\":\"https:\\\/\\\/www.btv.md\\\/ro\\\/o-tabara-de-camp-instalata-pentru-salvatori-din-23-de-tari\\\/\"},\"author\":{\"name\":\"admin\",\"@id\":\"https:\\\/\\\/www.btv.md\\\/#\\\/schema\\\/person\\\/8fadce81561b3ce2c34c46dadc4ccbf2\"},\"headline\":\"O tab\u0103r\u0103 de c\u00e2mp, instalat\u0103 pentru salvatori din 23 de \u021b\u0103ri\",\"datePublished\":\"2017-09-12T11:24:11+00:00\",\"mainEntityOfPage\":{\"@id\":\"https:\\\/\\\/www.btv.md\\\/ro\\\/o-tabara-de-camp-instalata-pentru-salvatori-din-23-de-tari\\\/\"},\"wordCount\":318,\"image\":{\"@id\":\"https:\\\/\\\/www.btv.md\\\/ro\\\/o-tabara-de-camp-instalata-pentru-salvatori-din-23-de-tari\\\/#primaryimage\"},\"thumbnailUrl\":\"https:\\\/\\\/www.btv.md\\\/wp-content\\\/uploads\\\/2017\\\/09\\\/salvatori.png\",\"articleSection\":[\"Social\"],\"inLanguage\":\"ro-RO\"},{\"@type\":\"WebPage\",\"@id\":\"https:\\\/\\\/www.btv.md\\\/ro\\\/o-tabara-de-camp-instalata-pentru-salvatori-din-23-de-tari\\\/\",\"url\":\"https:\\\/\\\/www.btv.md\\\/ro\\\/o-tabara-de-camp-instalata-pentru-salvatori-din-23-de-tari\\\/\",\"name\":\"O tab\u0103r\u0103 de c\u00e2mp, instalat\u0103 pentru salvatori din 23 de \u021b\u0103ri\",\"isPartOf\":{\"@id\":\"https:\\\/\\\/www.btv.md\\\/#website\"},\"primaryImageOfPage\":{\"@id\":\"https:\\\/\\\/www.btv.md\\\/ro\\\/o-tabara-de-camp-instalata-pentru-salvatori-din-23-de-tari\\\/#primaryimage\"},\"image\":{\"@id\":\"https:\\\/\\\/www.btv.md\\\/ro\\\/o-tabara-de-camp-instalata-pentru-salvatori-din-23-de-tari\\\/#primaryimage\"},\"thumbnailUrl\":\"https:\\\/\\\/www.btv.md\\\/wp-content\\\/uploads\\\/2017\\\/09\\\/salvatori.png\",\"datePublished\":\"2017-09-12T11:24:11+00:00\",\"author\":{\"@id\":\"https:\\\/\\\/www.btv.md\\\/#\\\/schema\\\/person\\\/8fadce81561b3ce2c34c46dadc4ccbf2\"},\"description\":\"Inspectoratul General pentru Situa\u021bii de Urgen\u021b\u0103 al MAI instaleaz\u0103 la Chi\u0219in\u0103u \u00een aceste zile o tab\u0103r\u0103 de c\u00e2mp, unde vor participa aproape 300 de salvatori.\",\"inLanguage\":\"ro-RO\",\"potentialAction\":[{\"@type\":\"ReadAction\",\"target\":[\"https:\\\/\\\/www.btv.md\\\/ro\\\/o-tabara-de-camp-instalata-pentru-salvatori-din-23-de-tari\\\/\"]}]},{\"@type\":\"ImageObject\",\"inLanguage\":\"ro-RO\",\"@id\":\"https:\\\/\\\/www.btv.md\\\/ro\\\/o-tabara-de-camp-instalata-pentru-salvatori-din-23-de-tari\\\/#primaryimage\",\"url\":\"https:\\\/\\\/www.btv.md\\\/wp-content\\\/uploads\\\/2017\\\/09\\\/salvatori.png\",\"contentUrl\":\"https:\\\/\\\/www.btv.md\\\/wp-content\\\/uploads\\\/2017\\\/09\\\/salvatori.png\",\"width\":1366,\"height\":627,\"caption\":\"tab\u0103r\u0103 de c\u00e2mp\"},{\"@type\":\"WebSite\",\"@id\":\"https:\\\/\\\/www.btv.md\\\/#website\",\"url\":\"https:\\\/\\\/www.btv.md\\\/\",\"name\":\"BTV\",\"description\":\"\u0411\u0435\u043b\u044c\u0446\u043a\u043e\u0435 \u0442\u0435\u043b\u0435\u0432\u0438\u0434\u0435\u043d\u0438\u0435\",\"potentialAction\":[{\"@type\":\"SearchAction\",\"target\":{\"@type\":\"EntryPoint\",\"urlTemplate\":\"https:\\\/\\\/www.btv.md\\\/?s={search_term_string}\"},\"query-input\":{\"@type\":\"PropertyValueSpecification\",\"valueRequired\":true,\"valueName\":\"search_term_string\"}}],\"inLanguage\":\"ro-RO\"},{\"@type\":\"Person\",\"@id\":\"https:\\\/\\\/www.btv.md\\\/#\\\/schema\\\/person\\\/8fadce81561b3ce2c34c46dadc4ccbf2\",\"name\":\"admin\"}]}<\/script>\n<!-- \/ Yoast SEO plugin. -->","yoast_head_json":{"title":"O tab\u0103r\u0103 de c\u00e2mp, instalat\u0103 pentru salvatori din 23 de \u021b\u0103ri","description":"Inspectoratul General pentru Situa\u021bii de Urgen\u021b\u0103 al MAI instaleaz\u0103 la Chi\u0219in\u0103u \u00een aceste zile o tab\u0103r\u0103 de c\u00e2mp, unde vor participa aproape 300 de salvatori.","robots":{"index":"index","follow":"follow","max-snippet":"max-snippet:-1","max-image-preview":"max-image-preview:large","max-video-preview":"max-video-preview:-1"},"canonical":"https:\/\/www.btv.md\/ro\/o-tabara-de-camp-instalata-pentru-salvatori-din-23-de-tari\/","og_locale":"ro_RO","og_type":"article","og_title":"O tab\u0103r\u0103 de c\u00e2mp, instalat\u0103 pentru salvatori din 23 de \u021b\u0103ri","og_description":"Inspectoratul General pentru Situa\u021bii de Urgen\u021b\u0103 al MAI instaleaz\u0103 la Chi\u0219in\u0103u \u00een aceste zile o tab\u0103r\u0103 de c\u00e2mp, unde urmeaz\u0103 s\u0103 se afle aproape 300 de salvatori.","og_url":"https:\/\/www.btv.md\/ro\/o-tabara-de-camp-instalata-pentru-salvatori-din-23-de-tari\/","og_site_name":"BTV","article_publisher":"https:\/\/www.facebook.com\/btvmoldova\/","article_published_time":"2017-09-12T11:24:11+00:00","og_image":[{"width":1366,"height":627,"url":"https:\/\/www.btv.md\/wp-content\/uploads\/2017\/09\/salvatori.png","type":"image\/png"}],"author":"admin","twitter_misc":{"Scris de":"admin","Timp estimat pentru citire":"2 minute"},"schema":{"@context":"https:\/\/schema.org","@graph":[{"@type":"Article","@id":"https:\/\/www.btv.md\/ro\/o-tabara-de-camp-instalata-pentru-salvatori-din-23-de-tari\/#article","isPartOf":{"@id":"https:\/\/www.btv.md\/ro\/o-tabara-de-camp-instalata-pentru-salvatori-din-23-de-tari\/"},"author":{"name":"admin","@id":"https:\/\/www.btv.md\/#\/schema\/person\/8fadce81561b3ce2c34c46dadc4ccbf2"},"headline":"O tab\u0103r\u0103 de c\u00e2mp, instalat\u0103 pentru salvatori din 23 de \u021b\u0103ri","datePublished":"2017-09-12T11:24:11+00:00","mainEntityOfPage":{"@id":"https:\/\/www.btv.md\/ro\/o-tabara-de-camp-instalata-pentru-salvatori-din-23-de-tari\/"},"wordCount":318,"image":{"@id":"https:\/\/www.btv.md\/ro\/o-tabara-de-camp-instalata-pentru-salvatori-din-23-de-tari\/#primaryimage"},"thumbnailUrl":"https:\/\/www.btv.md\/wp-content\/uploads\/2017\/09\/salvatori.png","articleSection":["Social"],"inLanguage":"ro-RO"},{"@type":"WebPage","@id":"https:\/\/www.btv.md\/ro\/o-tabara-de-camp-instalata-pentru-salvatori-din-23-de-tari\/","url":"https:\/\/www.btv.md\/ro\/o-tabara-de-camp-instalata-pentru-salvatori-din-23-de-tari\/","name":"O tab\u0103r\u0103 de c\u00e2mp, instalat\u0103 pentru salvatori din 23 de \u021b\u0103ri","isPartOf":{"@id":"https:\/\/www.btv.md\/#website"},"primaryImageOfPage":{"@id":"https:\/\/www.btv.md\/ro\/o-tabara-de-camp-instalata-pentru-salvatori-din-23-de-tari\/#primaryimage"},"image":{"@id":"https:\/\/www.btv.md\/ro\/o-tabara-de-camp-instalata-pentru-salvatori-din-23-de-tari\/#primaryimage"},"thumbnailUrl":"https:\/\/www.btv.md\/wp-content\/uploads\/2017\/09\/salvatori.png","datePublished":"2017-09-12T11:24:11+00:00","author":{"@id":"https:\/\/www.btv.md\/#\/schema\/person\/8fadce81561b3ce2c34c46dadc4ccbf2"},"description":"Inspectoratul General pentru Situa\u021bii de Urgen\u021b\u0103 al MAI instaleaz\u0103 la Chi\u0219in\u0103u \u00een aceste zile o tab\u0103r\u0103 de c\u00e2mp, unde vor participa aproape 300 de salvatori.","inLanguage":"ro-RO","potentialAction":[{"@type":"ReadAction","target":["https:\/\/www.btv.md\/ro\/o-tabara-de-camp-instalata-pentru-salvatori-din-23-de-tari\/"]}]},{"@type":"ImageObject","inLanguage":"ro-RO","@id":"https:\/\/www.btv.md\/ro\/o-tabara-de-camp-instalata-pentru-salvatori-din-23-de-tari\/#primaryimage","url":"https:\/\/www.btv.md\/wp-content\/uploads\/2017\/09\/salvatori.png","contentUrl":"https:\/\/www.btv.md\/wp-content\/uploads\/2017\/09\/salvatori.png","width":1366,"height":627,"caption":"tab\u0103r\u0103 de c\u00e2mp"},{"@type":"WebSite","@id":"https:\/\/www.btv.md\/#website","url":"https:\/\/www.btv.md\/","name":"BTV","description":"\u0411\u0435\u043b\u044c\u0446\u043a\u043e\u0435 \u0442\u0435\u043b\u0435\u0432\u0438\u0434\u0435\u043d\u0438\u0435","potentialAction":[{"@type":"SearchAction","target":{"@type":"EntryPoint","urlTemplate":"https:\/\/www.btv.md\/?s={search_term_string}"},"query-input":{"@type":"PropertyValueSpecification","valueRequired":true,"valueName":"search_term_string"}}],"inLanguage":"ro-RO"},{"@type":"Person","@id":"https:\/\/www.btv.md\/#\/schema\/person\/8fadce81561b3ce2c34c46dadc4ccbf2","name":"admin"}]}},"_links":{"self":[{"href":"https:\/\/www.btv.md\/ro\/wp-json\/wp\/v2\/posts\/32000","targetHints":{"allow":["GET"]}}],"collection":[{"href":"https:\/\/www.btv.md\/ro\/wp-json\/wp\/v2\/posts"}],"about":[{"href":"https:\/\/www.btv.md\/ro\/wp-json\/wp\/v2\/types\/post"}],"author":[{"embeddable":true,"href":"https:\/\/www.btv.md\/ro\/wp-json\/wp\/v2\/users\/4"}],"replies":[{"embeddable":true,"href":"https:\/\/www.btv.md\/ro\/wp-json\/wp\/v2\/comments?post=32000"}],"version-history":[{"count":0,"href":"https:\/\/www.btv.md\/ro\/wp-json\/wp\/v2\/posts\/32000\/revisions"}],"wp:featuredmedia":[{"embeddable":true,"href":"https:\/\/www.btv.md\/ro\/wp-json\/wp\/v2\/media\/32001"}],"wp:attachment":[{"href":"https:\/\/www.btv.md\/ro\/wp-json\/wp\/v2\/media?parent=32000"}],"wp:term":[{"taxonomy":"category","embeddable":true,"href":"https:\/\/www.btv.md\/ro\/wp-json\/wp\/v2\/categories?post=32000"},{"taxonomy":"post_tag","embeddable":true,"href":"https:\/\/www.btv.md\/ro\/wp-json\/wp\/v2\/tags?post=32000"}],"curies":[{"name":"wp","href":"https:\/\/api.w.org\/{rel}","templated":true}]}}