{"id":32028,"date":"2017-09-12T16:02:14","date_gmt":"2017-09-12T13:02:14","guid":{"rendered":"http:\/\/btv.md\/?p=32028"},"modified":"2017-09-12T16:02:14","modified_gmt":"2017-09-12T13:02:14","slug":"baltenii-si-au-dat-intalnire-la-biblioteca","status":"publish","type":"post","link":"https:\/\/www.btv.md\/ro\/baltenii-si-au-dat-intalnire-la-biblioteca\/","title":{"rendered":"B\u0103l\u021benii \u0219i-au dat \u00eent\u00e2lnire la bibliotec\u0103"},"content":{"rendered":"<p><strong>Campania na\u021bional\u0103 \u201eNe vedem la bibliotec\u0103\u201d a ajuns la B\u0103l\u021bi. \u00cen acest context, Biblioteca Municipal\u0103 \u201eEugeniu Co\u0219eriu\u201d a organizat \u201eIarmarocul Comunit\u0103\u021bii\u201d, \u00een cadrul c\u0103ruia au fost prezentate cele mai inovatoare servicii \u0219i ini\u021biative realizate de institu\u021biile culturale din Regionala Centru-Nord.<\/strong><\/p>\n<p style=\"text-align: center;\"><iframe data-src=\"https:\/\/www.youtube.com\/embed\/mAblGxSejSY\" width=\"854\" height=\"480\" frameborder=\"0\" allowfullscreen=\"allowfullscreen\" src=\"data:image\/svg+xml;base64,PHN2ZyB3aWR0aD0iMSIgaGVpZ2h0PSIxIiB4bWxucz0iaHR0cDovL3d3dy53My5vcmcvMjAwMC9zdmciPjwvc3ZnPg==\" class=\"lazyload\" data-load-mode=\"1\"><\/iframe><\/p>\n<p>Potrivit directorului bibliotecii municipale \u201eEugeniu Co\u0219eriu\u201d, Ludmila Ou\u0219, datorit\u0103 campaniei lansate de Ministerul Culturii \u015fi Programul Na\u0163ional \u201eNovateca\u201d, bibliotecile devin adev\u0103rate centre comunitare, unde fiecare, indiferent de v\u00e2rst\u0103 \u0219i ocupa\u021bie, poate beneficia de servicii moderne \u0219i activit\u0103\u021bi interactive.<\/p>\n<p>Concursurile interactive, pauzele muzicale \u0219i flahmob-urile au asigurat buna dispozi\u021bie \u0219i au adunat oamenii \u00een incinta bibliotecii \u201eIon Creang\u0103\u201d, acolo unde a fost organizat evenimentul.<\/p>\n<p>Prin intermediul programului \u201eNovateca\u201d bibliotecile publice au fost dotate cu calculatoare, tablete \u0219i alte tehnologii menite s\u0103 promoveze diverse activit\u0103\u021bi comunitare.<\/p>\n<p>Pe l\u00e2ng\u0103 lectur\u0103, \u00een incinta bibliotecilor, doritorii pot participa la cursuri de desen, de origami, cursuri gratuite de limba englez\u0103, cursuri de dezvoltare a abilit\u0103\u021bilor de lider. Cu servicii diverse se pot l\u0103uda \u0219i reprezentan\u021bii bibliotecii \u201eVasile Alecsandri\u201d din Telene\u0219ti, care au venit s\u0103-\u0219i \u00eemp\u0103rt\u0103\u0219easc\u0103 experien\u021ba.<\/p>\n<p>Cei prezen\u021bi la eveniment spun c\u0103 promovarea bibliotecilor este extrem de necesar\u0103 pentru dezvoltarea unei societ\u0103\u021bi.<\/p>\n<p>Treptat, prin intermediul programului \u201eNovateca\u201d urmeaz\u0103 s\u0103 fie modernizate toate bibliotecile din \u021bar\u0103.<\/p>\n","protected":false},"excerpt":{"rendered":"<p>Campania na\u021bional\u0103 \u201eNe vedem la bibliotec\u0103\u201d a ajuns la B\u0103l\u021bi. \u00cen acest context, Biblioteca Municipal\u0103 \u201eEugeniu Co\u0219eriu\u201d a organizat \u201eIarmarocul Comunit\u0103\u021bii\u201d, \u00een cadrul c\u0103ruia au fost prezentate cele mai inovatoare servicii \u0219i ini\u021biative realizate de institu\u021biile culturale din Regionala Centru-Nord. Potrivit directorului bibliotecii municipale \u201eEugeniu Co\u0219eriu\u201d, Ludmila Ou\u0219, datorit\u0103 campaniei lansate de Ministerul Culturii \u015fi [&hellip;]<\/p>\n","protected":false},"author":4,"featured_media":32029,"comment_status":"closed","ping_status":"closed","sticky":false,"template":"","format":"standard","meta":{"footnotes":""},"categories":[6353,6377],"tags":[],"class_list":["post-32028","post","type-post","status-publish","format-standard","has-post-thumbnail","hentry","category-oras","category-stiri"],"yoast_head":"<!-- This site is optimized with the Yoast SEO plugin v27.4 - https:\/\/yoast.com\/product\/yoast-seo-wordpress\/ -->\n<title>B\u0103l\u021benii \u0219i-au dat \u00eent\u00e2lnire la bibliotec\u0103.....................<\/title>\n<meta name=\"description\" content=\"Campania na\u021bional\u0103 \u201eNe vedem la bibliotec\u0103\u201d a ajuns la B\u0103l\u021bi. \u00cen acest context, Biblioteca Municipal\u0103 \u201eEugeniu Co\u0219eriu\u201d a organizat \u201eIarmarocul Comunit\u0103\u021bii\u201d\" \/>\n<meta name=\"robots\" content=\"index, follow, max-snippet:-1, max-image-preview:large, max-video-preview:-1\" \/>\n<link rel=\"canonical\" href=\"https:\/\/www.btv.md\/ro\/amp\/baltenii-si-au-dat-intalnire-la-biblioteca\/\" \/>\n<meta property=\"og:locale\" content=\"ro_RO\" \/>\n<meta property=\"og:type\" content=\"article\" \/>\n<meta property=\"og:title\" content=\"B\u0103l\u021benii \u0219i-au dat \u00eent\u00e2lnire la bibliotec\u0103\" \/>\n<meta property=\"og:description\" content=\"Campania na\u021bional\u0103 \u201eNe vedem la bibliotec\u0103\u201d a ajuns la B\u0103l\u021bi. \u00cen acest context, Biblioteca Municipal\u0103 \u201eEugeniu Co\u0219eriu\u201d a organizat \u201eIarmarocul Comunit\u0103\u021bii\u201d.\" \/>\n<meta property=\"og:url\" content=\"https:\/\/www.btv.md\/ro\/amp\/baltenii-si-au-dat-intalnire-la-biblioteca\/\" \/>\n<meta property=\"og:site_name\" content=\"BTV\" \/>\n<meta property=\"article:publisher\" content=\"https:\/\/www.facebook.com\/btvmoldova\/\" \/>\n<meta property=\"article:published_time\" content=\"2017-09-12T13:02:14+00:00\" \/>\n<meta property=\"og:image\" content=\"https:\/\/www.btv.md\/wp-content\/uploads\/2017\/09\/biblioteca.png\" \/>\n\t<meta property=\"og:image:width\" content=\"1366\" \/>\n\t<meta property=\"og:image:height\" content=\"614\" \/>\n\t<meta property=\"og:image:type\" content=\"image\/png\" \/>\n<meta name=\"author\" content=\"admin\" \/>\n<meta name=\"twitter:label1\" content=\"Scris de\" \/>\n\t<meta name=\"twitter:data1\" content=\"admin\" \/>\n\t<meta name=\"twitter:label2\" content=\"Timp estimat pentru citire\" \/>\n\t<meta name=\"twitter:data2\" content=\"1 minut\" \/>\n<script type=\"application\/ld+json\" class=\"yoast-schema-graph\">{\"@context\":\"https:\\\/\\\/schema.org\",\"@graph\":[{\"@type\":\"Article\",\"@id\":\"https:\\\/\\\/www.btv.md\\\/ro\\\/amp\\\/baltenii-si-au-dat-intalnire-la-biblioteca\\\/#article\",\"isPartOf\":{\"@id\":\"https:\\\/\\\/www.btv.md\\\/ro\\\/amp\\\/baltenii-si-au-dat-intalnire-la-biblioteca\\\/\"},\"author\":{\"name\":\"admin\",\"@id\":\"https:\\\/\\\/www.btv.md\\\/#\\\/schema\\\/person\\\/8fadce81561b3ce2c34c46dadc4ccbf2\"},\"headline\":\"B\u0103l\u021benii \u0219i-au dat \u00eent\u00e2lnire la bibliotec\u0103\",\"datePublished\":\"2017-09-12T13:02:14+00:00\",\"mainEntityOfPage\":{\"@id\":\"https:\\\/\\\/www.btv.md\\\/ro\\\/amp\\\/baltenii-si-au-dat-intalnire-la-biblioteca\\\/\"},\"wordCount\":236,\"image\":{\"@id\":\"https:\\\/\\\/www.btv.md\\\/ro\\\/amp\\\/baltenii-si-au-dat-intalnire-la-biblioteca\\\/#primaryimage\"},\"thumbnailUrl\":\"https:\\\/\\\/www.btv.md\\\/wp-content\\\/uploads\\\/2017\\\/09\\\/biblioteca.png\",\"articleSection\":[\"Ora\u0219\",\"\u0218tiri\"],\"inLanguage\":\"ro-RO\"},{\"@type\":\"WebPage\",\"@id\":\"https:\\\/\\\/www.btv.md\\\/ro\\\/amp\\\/baltenii-si-au-dat-intalnire-la-biblioteca\\\/\",\"url\":\"https:\\\/\\\/www.btv.md\\\/ro\\\/amp\\\/baltenii-si-au-dat-intalnire-la-biblioteca\\\/\",\"name\":\"B\u0103l\u021benii \u0219i-au dat \u00eent\u00e2lnire la bibliotec\u0103.....................\",\"isPartOf\":{\"@id\":\"https:\\\/\\\/www.btv.md\\\/#website\"},\"primaryImageOfPage\":{\"@id\":\"https:\\\/\\\/www.btv.md\\\/ro\\\/amp\\\/baltenii-si-au-dat-intalnire-la-biblioteca\\\/#primaryimage\"},\"image\":{\"@id\":\"https:\\\/\\\/www.btv.md\\\/ro\\\/amp\\\/baltenii-si-au-dat-intalnire-la-biblioteca\\\/#primaryimage\"},\"thumbnailUrl\":\"https:\\\/\\\/www.btv.md\\\/wp-content\\\/uploads\\\/2017\\\/09\\\/biblioteca.png\",\"datePublished\":\"2017-09-12T13:02:14+00:00\",\"author\":{\"@id\":\"https:\\\/\\\/www.btv.md\\\/#\\\/schema\\\/person\\\/8fadce81561b3ce2c34c46dadc4ccbf2\"},\"description\":\"Campania na\u021bional\u0103 \u201eNe vedem la bibliotec\u0103\u201d a ajuns la B\u0103l\u021bi. \u00cen acest context, Biblioteca Municipal\u0103 \u201eEugeniu Co\u0219eriu\u201d a organizat \u201eIarmarocul Comunit\u0103\u021bii\u201d\",\"inLanguage\":\"ro-RO\",\"potentialAction\":[{\"@type\":\"ReadAction\",\"target\":[\"https:\\\/\\\/www.btv.md\\\/ro\\\/amp\\\/baltenii-si-au-dat-intalnire-la-biblioteca\\\/\"]}]},{\"@type\":\"ImageObject\",\"inLanguage\":\"ro-RO\",\"@id\":\"https:\\\/\\\/www.btv.md\\\/ro\\\/amp\\\/baltenii-si-au-dat-intalnire-la-biblioteca\\\/#primaryimage\",\"url\":\"https:\\\/\\\/www.btv.md\\\/wp-content\\\/uploads\\\/2017\\\/09\\\/biblioteca.png\",\"contentUrl\":\"https:\\\/\\\/www.btv.md\\\/wp-content\\\/uploads\\\/2017\\\/09\\\/biblioteca.png\",\"width\":1366,\"height\":614,\"caption\":\"bibliotec\u0103\"},{\"@type\":\"WebSite\",\"@id\":\"https:\\\/\\\/www.btv.md\\\/#website\",\"url\":\"https:\\\/\\\/www.btv.md\\\/\",\"name\":\"BTV\",\"description\":\"\u0411\u0435\u043b\u044c\u0446\u043a\u043e\u0435 \u0442\u0435\u043b\u0435\u0432\u0438\u0434\u0435\u043d\u0438\u0435\",\"potentialAction\":[{\"@type\":\"SearchAction\",\"target\":{\"@type\":\"EntryPoint\",\"urlTemplate\":\"https:\\\/\\\/www.btv.md\\\/?s={search_term_string}\"},\"query-input\":{\"@type\":\"PropertyValueSpecification\",\"valueRequired\":true,\"valueName\":\"search_term_string\"}}],\"inLanguage\":\"ro-RO\"},{\"@type\":\"Person\",\"@id\":\"https:\\\/\\\/www.btv.md\\\/#\\\/schema\\\/person\\\/8fadce81561b3ce2c34c46dadc4ccbf2\",\"name\":\"admin\"}]}<\/script>\n<!-- \/ Yoast SEO plugin. -->","yoast_head_json":{"title":"B\u0103l\u021benii \u0219i-au dat \u00eent\u00e2lnire la bibliotec\u0103.....................","description":"Campania na\u021bional\u0103 \u201eNe vedem la bibliotec\u0103\u201d a ajuns la B\u0103l\u021bi. \u00cen acest context, Biblioteca Municipal\u0103 \u201eEugeniu Co\u0219eriu\u201d a organizat \u201eIarmarocul Comunit\u0103\u021bii\u201d","robots":{"index":"index","follow":"follow","max-snippet":"max-snippet:-1","max-image-preview":"max-image-preview:large","max-video-preview":"max-video-preview:-1"},"canonical":"https:\/\/www.btv.md\/ro\/amp\/baltenii-si-au-dat-intalnire-la-biblioteca\/","og_locale":"ro_RO","og_type":"article","og_title":"B\u0103l\u021benii \u0219i-au dat \u00eent\u00e2lnire la bibliotec\u0103","og_description":"Campania na\u021bional\u0103 \u201eNe vedem la bibliotec\u0103\u201d a ajuns la B\u0103l\u021bi. \u00cen acest context, Biblioteca Municipal\u0103 \u201eEugeniu Co\u0219eriu\u201d a organizat \u201eIarmarocul Comunit\u0103\u021bii\u201d.","og_url":"https:\/\/www.btv.md\/ro\/amp\/baltenii-si-au-dat-intalnire-la-biblioteca\/","og_site_name":"BTV","article_publisher":"https:\/\/www.facebook.com\/btvmoldova\/","article_published_time":"2017-09-12T13:02:14+00:00","og_image":[{"width":1366,"height":614,"url":"https:\/\/www.btv.md\/wp-content\/uploads\/2017\/09\/biblioteca.png","type":"image\/png"}],"author":"admin","twitter_misc":{"Scris de":"admin","Timp estimat pentru citire":"1 minut"},"schema":{"@context":"https:\/\/schema.org","@graph":[{"@type":"Article","@id":"https:\/\/www.btv.md\/ro\/amp\/baltenii-si-au-dat-intalnire-la-biblioteca\/#article","isPartOf":{"@id":"https:\/\/www.btv.md\/ro\/amp\/baltenii-si-au-dat-intalnire-la-biblioteca\/"},"author":{"name":"admin","@id":"https:\/\/www.btv.md\/#\/schema\/person\/8fadce81561b3ce2c34c46dadc4ccbf2"},"headline":"B\u0103l\u021benii \u0219i-au dat \u00eent\u00e2lnire la bibliotec\u0103","datePublished":"2017-09-12T13:02:14+00:00","mainEntityOfPage":{"@id":"https:\/\/www.btv.md\/ro\/amp\/baltenii-si-au-dat-intalnire-la-biblioteca\/"},"wordCount":236,"image":{"@id":"https:\/\/www.btv.md\/ro\/amp\/baltenii-si-au-dat-intalnire-la-biblioteca\/#primaryimage"},"thumbnailUrl":"https:\/\/www.btv.md\/wp-content\/uploads\/2017\/09\/biblioteca.png","articleSection":["Ora\u0219","\u0218tiri"],"inLanguage":"ro-RO"},{"@type":"WebPage","@id":"https:\/\/www.btv.md\/ro\/amp\/baltenii-si-au-dat-intalnire-la-biblioteca\/","url":"https:\/\/www.btv.md\/ro\/amp\/baltenii-si-au-dat-intalnire-la-biblioteca\/","name":"B\u0103l\u021benii \u0219i-au dat \u00eent\u00e2lnire la bibliotec\u0103.....................","isPartOf":{"@id":"https:\/\/www.btv.md\/#website"},"primaryImageOfPage":{"@id":"https:\/\/www.btv.md\/ro\/amp\/baltenii-si-au-dat-intalnire-la-biblioteca\/#primaryimage"},"image":{"@id":"https:\/\/www.btv.md\/ro\/amp\/baltenii-si-au-dat-intalnire-la-biblioteca\/#primaryimage"},"thumbnailUrl":"https:\/\/www.btv.md\/wp-content\/uploads\/2017\/09\/biblioteca.png","datePublished":"2017-09-12T13:02:14+00:00","author":{"@id":"https:\/\/www.btv.md\/#\/schema\/person\/8fadce81561b3ce2c34c46dadc4ccbf2"},"description":"Campania na\u021bional\u0103 \u201eNe vedem la bibliotec\u0103\u201d a ajuns la B\u0103l\u021bi. \u00cen acest context, Biblioteca Municipal\u0103 \u201eEugeniu Co\u0219eriu\u201d a organizat \u201eIarmarocul Comunit\u0103\u021bii\u201d","inLanguage":"ro-RO","potentialAction":[{"@type":"ReadAction","target":["https:\/\/www.btv.md\/ro\/amp\/baltenii-si-au-dat-intalnire-la-biblioteca\/"]}]},{"@type":"ImageObject","inLanguage":"ro-RO","@id":"https:\/\/www.btv.md\/ro\/amp\/baltenii-si-au-dat-intalnire-la-biblioteca\/#primaryimage","url":"https:\/\/www.btv.md\/wp-content\/uploads\/2017\/09\/biblioteca.png","contentUrl":"https:\/\/www.btv.md\/wp-content\/uploads\/2017\/09\/biblioteca.png","width":1366,"height":614,"caption":"bibliotec\u0103"},{"@type":"WebSite","@id":"https:\/\/www.btv.md\/#website","url":"https:\/\/www.btv.md\/","name":"BTV","description":"\u0411\u0435\u043b\u044c\u0446\u043a\u043e\u0435 \u0442\u0435\u043b\u0435\u0432\u0438\u0434\u0435\u043d\u0438\u0435","potentialAction":[{"@type":"SearchAction","target":{"@type":"EntryPoint","urlTemplate":"https:\/\/www.btv.md\/?s={search_term_string}"},"query-input":{"@type":"PropertyValueSpecification","valueRequired":true,"valueName":"search_term_string"}}],"inLanguage":"ro-RO"},{"@type":"Person","@id":"https:\/\/www.btv.md\/#\/schema\/person\/8fadce81561b3ce2c34c46dadc4ccbf2","name":"admin"}]}},"_links":{"self":[{"href":"https:\/\/www.btv.md\/ro\/wp-json\/wp\/v2\/posts\/32028","targetHints":{"allow":["GET"]}}],"collection":[{"href":"https:\/\/www.btv.md\/ro\/wp-json\/wp\/v2\/posts"}],"about":[{"href":"https:\/\/www.btv.md\/ro\/wp-json\/wp\/v2\/types\/post"}],"author":[{"embeddable":true,"href":"https:\/\/www.btv.md\/ro\/wp-json\/wp\/v2\/users\/4"}],"replies":[{"embeddable":true,"href":"https:\/\/www.btv.md\/ro\/wp-json\/wp\/v2\/comments?post=32028"}],"version-history":[{"count":0,"href":"https:\/\/www.btv.md\/ro\/wp-json\/wp\/v2\/posts\/32028\/revisions"}],"wp:featuredmedia":[{"embeddable":true,"href":"https:\/\/www.btv.md\/ro\/wp-json\/wp\/v2\/media\/32029"}],"wp:attachment":[{"href":"https:\/\/www.btv.md\/ro\/wp-json\/wp\/v2\/media?parent=32028"}],"wp:term":[{"taxonomy":"category","embeddable":true,"href":"https:\/\/www.btv.md\/ro\/wp-json\/wp\/v2\/categories?post=32028"},{"taxonomy":"post_tag","embeddable":true,"href":"https:\/\/www.btv.md\/ro\/wp-json\/wp\/v2\/tags?post=32028"}],"curies":[{"name":"wp","href":"https:\/\/api.w.org\/{rel}","templated":true}]}}