{"id":32031,"date":"2017-09-12T16:15:11","date_gmt":"2017-09-12T13:15:11","guid":{"rendered":"http:\/\/btv.md\/?p=32031"},"modified":"2017-09-12T16:15:11","modified_gmt":"2017-09-12T13:15:11","slug":"trei-studenti-de-la-usarb-vor-primi-biciclete","status":"publish","type":"post","link":"https:\/\/www.btv.md\/ro\/trei-studenti-de-la-usarb-vor-primi-biciclete\/","title":{"rendered":"Trei studen\u021bi de la USARB vor primi biciclete"},"content":{"rendered":"<p><strong>Cei mai buni studen\u021bi de la Universitatea de Stat \u201eAlecu Russo\u201d din B\u0103l\u021bi vor primi biciclete de curse. Anun\u021bul a fost f\u0103cut de administratorul Zonei Economice Libere B\u0103l\u021bi, Marin Ciobanu, \u00een cadrul deschiderii la B\u0103l\u021bi a anului universitar 2017-2018.<\/strong><\/p>\n<p style=\"text-align: center;\"><iframe data-src=\"https:\/\/www.youtube.com\/embed\/gmje_btXsCg\" width=\"854\" height=\"480\" frameborder=\"0\" allowfullscreen=\"allowfullscreen\" src=\"data:image\/svg+xml;base64,PHN2ZyB3aWR0aD0iMSIgaGVpZ2h0PSIxIiB4bWxucz0iaHR0cDovL3d3dy53My5vcmcvMjAwMC9zdmciPjwvc3ZnPg==\" class=\"lazyload\" data-load-mode=\"1\"><\/iframe><\/p>\n<p>Prin aceast\u0103 metod\u0103, administra\u021bia ZEL B\u0103l\u021bi a decis s\u0103 stimuleze studen\u021bii s\u0103 munceasc\u0103 mai mult. Astfel, trei studen\u021bi, care vor avea cele mai bune medii la \u00eenv\u0103\u021b\u0103tur\u0103 \u00een primul semestru vor intra \u00een posesia a trei biciclete de curse.<\/p>\n<p>Marin Ciobanu, care este \u0219i pre\u0219edinte al Consiliului pentru Dezvoltare Strategic\u0103 Institu\u021bional\u0103 a USARB, a ad\u0103ugat, c\u0103 ac\u021biunea care \u00ee\u0219i propune s\u0103 promoveze un mod s\u0103n\u0103tos de via\u021b\u0103, se \u00eenscrie \u00een eforturile ZEL B\u0103l\u021bi de a sus\u021bine tinerii studio\u0219i de la USARB.<\/p>\n","protected":false},"excerpt":{"rendered":"<p>Cei mai buni studen\u021bi de la Universitatea de Stat \u201eAlecu Russo\u201d din B\u0103l\u021bi vor primi biciclete de curse. Anun\u021bul a fost f\u0103cut de administratorul Zonei Economice Libere B\u0103l\u021bi, Marin Ciobanu, \u00een cadrul deschiderii la B\u0103l\u021bi a anului universitar 2017-2018. Prin aceast\u0103 metod\u0103, administra\u021bia ZEL B\u0103l\u021bi a decis s\u0103 stimuleze studen\u021bii s\u0103 munceasc\u0103 mai mult. Astfel, [&hellip;]<\/p>\n","protected":false},"author":4,"featured_media":32032,"comment_status":"closed","ping_status":"closed","sticky":false,"template":"","format":"standard","meta":{"footnotes":""},"categories":[12,259],"tags":[],"class_list":["post-32031","post","type-post","status-publish","format-standard","has-post-thumbnail","hentry","category-balti","category-novosti"],"yoast_head":"<!-- This site is optimized with the Yoast SEO plugin v27.4 - https:\/\/yoast.com\/product\/yoast-seo-wordpress\/ -->\n<title>Trei studen\u021bi de la USARB vor primi biciclete..........<\/title>\n<meta name=\"description\" content=\"Cei mai buni studen\u021bi de la Universitatea de Stat \u201eAlecu Russo\u201d din B\u0103l\u021bi vor primi biciclete de curse. Anun\u021bul a fost f\u0103cut de Marin Ciobanu.\" \/>\n<meta name=\"robots\" content=\"index, follow, max-snippet:-1, max-image-preview:large, max-video-preview:-1\" \/>\n<link rel=\"canonical\" href=\"https:\/\/www.btv.md\/ro\/amp\/trei-studenti-de-la-usarb-vor-primi-biciclete\/\" \/>\n<meta property=\"og:locale\" content=\"ro_RO\" \/>\n<meta property=\"og:type\" content=\"article\" \/>\n<meta property=\"og:title\" content=\"Trei studen\u021bi de la USARB vor primi biciclete\" \/>\n<meta property=\"og:description\" content=\"Cei mai buni studen\u021bi de la Universitatea de Stat \u201eAlecu Russo\u201d din B\u0103l\u021bi vor primi biciclete de curse. Anun\u021bul a fost f\u0103cut de administratorul Zonei Economice Libere B\u0103l\u021bi, Marin Ciobanu, \u00een cadrul deschiderii la B\u0103l\u021bi a anului universitar 2017-2018.\" \/>\n<meta property=\"og:url\" content=\"https:\/\/www.btv.md\/ro\/amp\/trei-studenti-de-la-usarb-vor-primi-biciclete\/\" \/>\n<meta property=\"og:site_name\" content=\"BTV\" \/>\n<meta property=\"article:publisher\" content=\"https:\/\/www.facebook.com\/btvmoldova\/\" \/>\n<meta property=\"article:published_time\" content=\"2017-09-12T13:15:11+00:00\" \/>\n<meta property=\"og:image\" content=\"https:\/\/www.btv.md\/wp-content\/uploads\/2017\/09\/usarb-1.png\" \/>\n\t<meta property=\"og:image:width\" content=\"1366\" \/>\n\t<meta property=\"og:image:height\" content=\"627\" \/>\n\t<meta property=\"og:image:type\" content=\"image\/png\" \/>\n<meta name=\"author\" content=\"admin\" \/>\n<meta name=\"twitter:label1\" content=\"Scris de\" \/>\n\t<meta name=\"twitter:data1\" content=\"admin\" \/>\n\t<meta name=\"twitter:label2\" content=\"Timp estimat pentru citire\" \/>\n\t<meta name=\"twitter:data2\" content=\"1 minut\" \/>\n<script type=\"application\/ld+json\" class=\"yoast-schema-graph\">{\"@context\":\"https:\\\/\\\/schema.org\",\"@graph\":[{\"@type\":\"Article\",\"@id\":\"https:\\\/\\\/www.btv.md\\\/ro\\\/amp\\\/trei-studenti-de-la-usarb-vor-primi-biciclete\\\/#article\",\"isPartOf\":{\"@id\":\"https:\\\/\\\/www.btv.md\\\/ro\\\/amp\\\/trei-studenti-de-la-usarb-vor-primi-biciclete\\\/\"},\"author\":{\"name\":\"admin\",\"@id\":\"https:\\\/\\\/www.btv.md\\\/#\\\/schema\\\/person\\\/8fadce81561b3ce2c34c46dadc4ccbf2\"},\"headline\":\"Trei studen\u021bi de la USARB vor primi biciclete\",\"datePublished\":\"2017-09-12T13:15:11+00:00\",\"mainEntityOfPage\":{\"@id\":\"https:\\\/\\\/www.btv.md\\\/ro\\\/amp\\\/trei-studenti-de-la-usarb-vor-primi-biciclete\\\/\"},\"wordCount\":154,\"image\":{\"@id\":\"https:\\\/\\\/www.btv.md\\\/ro\\\/amp\\\/trei-studenti-de-la-usarb-vor-primi-biciclete\\\/#primaryimage\"},\"thumbnailUrl\":\"https:\\\/\\\/www.btv.md\\\/wp-content\\\/uploads\\\/2017\\\/09\\\/usarb-1.png\",\"articleSection\":[\"\u0413\u043e\u0440\u043e\u0434\",\"\u041d\u043e\u0432\u043e\u0441\u0442\u0438\"],\"inLanguage\":\"ro-RO\"},{\"@type\":\"WebPage\",\"@id\":\"https:\\\/\\\/www.btv.md\\\/ro\\\/amp\\\/trei-studenti-de-la-usarb-vor-primi-biciclete\\\/\",\"url\":\"https:\\\/\\\/www.btv.md\\\/ro\\\/amp\\\/trei-studenti-de-la-usarb-vor-primi-biciclete\\\/\",\"name\":\"Trei studen\u021bi de la USARB vor primi biciclete..........\",\"isPartOf\":{\"@id\":\"https:\\\/\\\/www.btv.md\\\/#website\"},\"primaryImageOfPage\":{\"@id\":\"https:\\\/\\\/www.btv.md\\\/ro\\\/amp\\\/trei-studenti-de-la-usarb-vor-primi-biciclete\\\/#primaryimage\"},\"image\":{\"@id\":\"https:\\\/\\\/www.btv.md\\\/ro\\\/amp\\\/trei-studenti-de-la-usarb-vor-primi-biciclete\\\/#primaryimage\"},\"thumbnailUrl\":\"https:\\\/\\\/www.btv.md\\\/wp-content\\\/uploads\\\/2017\\\/09\\\/usarb-1.png\",\"datePublished\":\"2017-09-12T13:15:11+00:00\",\"author\":{\"@id\":\"https:\\\/\\\/www.btv.md\\\/#\\\/schema\\\/person\\\/8fadce81561b3ce2c34c46dadc4ccbf2\"},\"description\":\"Cei mai buni studen\u021bi de la Universitatea de Stat \u201eAlecu Russo\u201d din B\u0103l\u021bi vor primi biciclete de curse. Anun\u021bul a fost f\u0103cut de Marin Ciobanu.\",\"inLanguage\":\"ro-RO\",\"potentialAction\":[{\"@type\":\"ReadAction\",\"target\":[\"https:\\\/\\\/www.btv.md\\\/ro\\\/amp\\\/trei-studenti-de-la-usarb-vor-primi-biciclete\\\/\"]}]},{\"@type\":\"ImageObject\",\"inLanguage\":\"ro-RO\",\"@id\":\"https:\\\/\\\/www.btv.md\\\/ro\\\/amp\\\/trei-studenti-de-la-usarb-vor-primi-biciclete\\\/#primaryimage\",\"url\":\"https:\\\/\\\/www.btv.md\\\/wp-content\\\/uploads\\\/2017\\\/09\\\/usarb-1.png\",\"contentUrl\":\"https:\\\/\\\/www.btv.md\\\/wp-content\\\/uploads\\\/2017\\\/09\\\/usarb-1.png\",\"width\":1366,\"height\":627,\"caption\":\"trei studen\u021bi vor primi biciclete\"},{\"@type\":\"WebSite\",\"@id\":\"https:\\\/\\\/www.btv.md\\\/#website\",\"url\":\"https:\\\/\\\/www.btv.md\\\/\",\"name\":\"BTV\",\"description\":\"\u0411\u0435\u043b\u044c\u0446\u043a\u043e\u0435 \u0442\u0435\u043b\u0435\u0432\u0438\u0434\u0435\u043d\u0438\u0435\",\"potentialAction\":[{\"@type\":\"SearchAction\",\"target\":{\"@type\":\"EntryPoint\",\"urlTemplate\":\"https:\\\/\\\/www.btv.md\\\/?s={search_term_string}\"},\"query-input\":{\"@type\":\"PropertyValueSpecification\",\"valueRequired\":true,\"valueName\":\"search_term_string\"}}],\"inLanguage\":\"ro-RO\"},{\"@type\":\"Person\",\"@id\":\"https:\\\/\\\/www.btv.md\\\/#\\\/schema\\\/person\\\/8fadce81561b3ce2c34c46dadc4ccbf2\",\"name\":\"admin\"}]}<\/script>\n<!-- \/ Yoast SEO plugin. -->","yoast_head_json":{"title":"Trei studen\u021bi de la USARB vor primi biciclete..........","description":"Cei mai buni studen\u021bi de la Universitatea de Stat \u201eAlecu Russo\u201d din B\u0103l\u021bi vor primi biciclete de curse. Anun\u021bul a fost f\u0103cut de Marin Ciobanu.","robots":{"index":"index","follow":"follow","max-snippet":"max-snippet:-1","max-image-preview":"max-image-preview:large","max-video-preview":"max-video-preview:-1"},"canonical":"https:\/\/www.btv.md\/ro\/amp\/trei-studenti-de-la-usarb-vor-primi-biciclete\/","og_locale":"ro_RO","og_type":"article","og_title":"Trei studen\u021bi de la USARB vor primi biciclete","og_description":"Cei mai buni studen\u021bi de la Universitatea de Stat \u201eAlecu Russo\u201d din B\u0103l\u021bi vor primi biciclete de curse. Anun\u021bul a fost f\u0103cut de administratorul Zonei Economice Libere B\u0103l\u021bi, Marin Ciobanu, \u00een cadrul deschiderii la B\u0103l\u021bi a anului universitar 2017-2018.","og_url":"https:\/\/www.btv.md\/ro\/amp\/trei-studenti-de-la-usarb-vor-primi-biciclete\/","og_site_name":"BTV","article_publisher":"https:\/\/www.facebook.com\/btvmoldova\/","article_published_time":"2017-09-12T13:15:11+00:00","og_image":[{"width":1366,"height":627,"url":"https:\/\/www.btv.md\/wp-content\/uploads\/2017\/09\/usarb-1.png","type":"image\/png"}],"author":"admin","twitter_misc":{"Scris de":"admin","Timp estimat pentru citire":"1 minut"},"schema":{"@context":"https:\/\/schema.org","@graph":[{"@type":"Article","@id":"https:\/\/www.btv.md\/ro\/amp\/trei-studenti-de-la-usarb-vor-primi-biciclete\/#article","isPartOf":{"@id":"https:\/\/www.btv.md\/ro\/amp\/trei-studenti-de-la-usarb-vor-primi-biciclete\/"},"author":{"name":"admin","@id":"https:\/\/www.btv.md\/#\/schema\/person\/8fadce81561b3ce2c34c46dadc4ccbf2"},"headline":"Trei studen\u021bi de la USARB vor primi biciclete","datePublished":"2017-09-12T13:15:11+00:00","mainEntityOfPage":{"@id":"https:\/\/www.btv.md\/ro\/amp\/trei-studenti-de-la-usarb-vor-primi-biciclete\/"},"wordCount":154,"image":{"@id":"https:\/\/www.btv.md\/ro\/amp\/trei-studenti-de-la-usarb-vor-primi-biciclete\/#primaryimage"},"thumbnailUrl":"https:\/\/www.btv.md\/wp-content\/uploads\/2017\/09\/usarb-1.png","articleSection":["\u0413\u043e\u0440\u043e\u0434","\u041d\u043e\u0432\u043e\u0441\u0442\u0438"],"inLanguage":"ro-RO"},{"@type":"WebPage","@id":"https:\/\/www.btv.md\/ro\/amp\/trei-studenti-de-la-usarb-vor-primi-biciclete\/","url":"https:\/\/www.btv.md\/ro\/amp\/trei-studenti-de-la-usarb-vor-primi-biciclete\/","name":"Trei studen\u021bi de la USARB vor primi biciclete..........","isPartOf":{"@id":"https:\/\/www.btv.md\/#website"},"primaryImageOfPage":{"@id":"https:\/\/www.btv.md\/ro\/amp\/trei-studenti-de-la-usarb-vor-primi-biciclete\/#primaryimage"},"image":{"@id":"https:\/\/www.btv.md\/ro\/amp\/trei-studenti-de-la-usarb-vor-primi-biciclete\/#primaryimage"},"thumbnailUrl":"https:\/\/www.btv.md\/wp-content\/uploads\/2017\/09\/usarb-1.png","datePublished":"2017-09-12T13:15:11+00:00","author":{"@id":"https:\/\/www.btv.md\/#\/schema\/person\/8fadce81561b3ce2c34c46dadc4ccbf2"},"description":"Cei mai buni studen\u021bi de la Universitatea de Stat \u201eAlecu Russo\u201d din B\u0103l\u021bi vor primi biciclete de curse. Anun\u021bul a fost f\u0103cut de Marin Ciobanu.","inLanguage":"ro-RO","potentialAction":[{"@type":"ReadAction","target":["https:\/\/www.btv.md\/ro\/amp\/trei-studenti-de-la-usarb-vor-primi-biciclete\/"]}]},{"@type":"ImageObject","inLanguage":"ro-RO","@id":"https:\/\/www.btv.md\/ro\/amp\/trei-studenti-de-la-usarb-vor-primi-biciclete\/#primaryimage","url":"https:\/\/www.btv.md\/wp-content\/uploads\/2017\/09\/usarb-1.png","contentUrl":"https:\/\/www.btv.md\/wp-content\/uploads\/2017\/09\/usarb-1.png","width":1366,"height":627,"caption":"trei studen\u021bi vor primi biciclete"},{"@type":"WebSite","@id":"https:\/\/www.btv.md\/#website","url":"https:\/\/www.btv.md\/","name":"BTV","description":"\u0411\u0435\u043b\u044c\u0446\u043a\u043e\u0435 \u0442\u0435\u043b\u0435\u0432\u0438\u0434\u0435\u043d\u0438\u0435","potentialAction":[{"@type":"SearchAction","target":{"@type":"EntryPoint","urlTemplate":"https:\/\/www.btv.md\/?s={search_term_string}"},"query-input":{"@type":"PropertyValueSpecification","valueRequired":true,"valueName":"search_term_string"}}],"inLanguage":"ro-RO"},{"@type":"Person","@id":"https:\/\/www.btv.md\/#\/schema\/person\/8fadce81561b3ce2c34c46dadc4ccbf2","name":"admin"}]}},"_links":{"self":[{"href":"https:\/\/www.btv.md\/ro\/wp-json\/wp\/v2\/posts\/32031","targetHints":{"allow":["GET"]}}],"collection":[{"href":"https:\/\/www.btv.md\/ro\/wp-json\/wp\/v2\/posts"}],"about":[{"href":"https:\/\/www.btv.md\/ro\/wp-json\/wp\/v2\/types\/post"}],"author":[{"embeddable":true,"href":"https:\/\/www.btv.md\/ro\/wp-json\/wp\/v2\/users\/4"}],"replies":[{"embeddable":true,"href":"https:\/\/www.btv.md\/ro\/wp-json\/wp\/v2\/comments?post=32031"}],"version-history":[{"count":0,"href":"https:\/\/www.btv.md\/ro\/wp-json\/wp\/v2\/posts\/32031\/revisions"}],"wp:featuredmedia":[{"embeddable":true,"href":"https:\/\/www.btv.md\/ro\/wp-json\/wp\/v2\/media\/32032"}],"wp:attachment":[{"href":"https:\/\/www.btv.md\/ro\/wp-json\/wp\/v2\/media?parent=32031"}],"wp:term":[{"taxonomy":"category","embeddable":true,"href":"https:\/\/www.btv.md\/ro\/wp-json\/wp\/v2\/categories?post=32031"},{"taxonomy":"post_tag","embeddable":true,"href":"https:\/\/www.btv.md\/ro\/wp-json\/wp\/v2\/tags?post=32031"}],"curies":[{"name":"wp","href":"https:\/\/api.w.org\/{rel}","templated":true}]}}