{"id":32416,"date":"2017-09-18T17:30:20","date_gmt":"2017-09-18T14:30:20","guid":{"rendered":"http:\/\/btv.md\/?p=32416"},"modified":"2017-09-18T17:32:33","modified_gmt":"2017-09-18T14:32:33","slug":"balteni-veniti-in-gasca-voluntarilor","status":"publish","type":"post","link":"https:\/\/www.btv.md\/ro\/balteni-veniti-in-gasca-voluntarilor\/","title":{"rendered":"B\u0103l\u021beni, veni\u021bi \u00een ga\u0219ca voluntarilor!"},"content":{"rendered":"<p><strong>Cel mai mare eveniment de promovare a voluntariatului la nivel republican va fi organizat \u00een perioada 2-8 octombrie curent. Potrivit unui anun\u021b f\u0103cut de prim\u0103ria municipiului B\u0103l\u021bi, este vorba despre S\u0103pt\u0103m\u00e2na Na\u021bional\u0103 a Voluntariatului \u201eHai \u00een ga\u0219ca voluntarilor\u201d, edi\u021bia a XI-a. Evenimentul vine s\u0103 mobilizeze un num\u0103r mare de organiza\u021bii \u0219i cet\u0103\u021beni din toat\u0103 \u021bara pentru a promova voluntariatul \u0219i\u00a0 implicarea civic\u0103 a comunit\u0103\u021bii.<\/strong><\/p>\n<p style=\"text-align: center;\"><iframe data-src=\"https:\/\/www.youtube.com\/embed\/NIoZI4xhRN8\" width=\"854\" height=\"480\" frameborder=\"0\" allowfullscreen=\"allowfullscreen\" src=\"data:image\/svg+xml;base64,PHN2ZyB3aWR0aD0iMSIgaGVpZ2h0PSIxIiB4bWxucz0iaHR0cDovL3d3dy53My5vcmcvMjAwMC9zdmciPjwvc3ZnPg==\" class=\"lazyload\" data-load-mode=\"1\"><\/iframe><\/p>\n<p>Pe parcursul unei s\u0103pt\u0103m\u00e2ni, autorit\u0103\u021bile \u0219i institu\u021biile publice, organiza\u021biile societ\u0103\u021bii civile \u0219i grupuri de ini\u021biativ\u0103 \u00een parteneriat cu mass-media, vor realiza campanii de sensibilizare, dezbateri pe tema voluntariatului, ac\u021biuni de caritate, salubrizare \u0219i diverse instruiri.<\/p>\n<p>Toate pozele de la activit\u0103\u021bile de voluntariat organizate \u00een S\u0103pt\u0103m\u00e2na Na\u021bional\u0103 a Voluntariatului, care vor fi distribuite pe re\u021belele de socializare, folosind hashtag-ul \u201e#SNV2017\u201d vor participa automat la concursul celor mai interesante poze, iar c\u00e2\u0219tig\u0103torii vor primi premii de la Coali\u021bia Voluntariat.<\/p>\n<p>B\u0103l\u021benii \u0219i to\u021bi doritorii de a participa trebuie s\u0103 descarce <a href=\"http:\/\/balti.md\/wp-content\/uploads\/2017\/09\/Formular-de-participare-SNV-2017_gol.docx\">Formularul de participare SNV 2017<\/a>, s\u0103-l completeze \u0219i s\u0103-l trimit\u0103 p\u00e2n\u0103 la data de 27 septembrie pe adresa de e-mail a coordonatorului din municipiul B\u0103l\u021bi, Rodica Frecau\u021banu, directorul asocia\u021biei ob\u0219te\u0219ti Caroma Nord- <a href=\"mailto:Nord-frecauteanu.r@gmail.com\">frecauteanu.r@gmail.com<\/a>, tel: 079124353 sau 23192237.<\/p>\n<p>&nbsp;<\/p>\n","protected":false},"excerpt":{"rendered":"<p>Cel mai mare eveniment de promovare a voluntariatului la nivel republican va fi organizat \u00een perioada 2-8 octombrie curent. Potrivit unui anun\u021b f\u0103cut de prim\u0103ria municipiului B\u0103l\u021bi, este vorba despre S\u0103pt\u0103m\u00e2na Na\u021bional\u0103 a Voluntariatului \u201eHai \u00een ga\u0219ca voluntarilor\u201d, edi\u021bia a XI-a. Evenimentul vine s\u0103 mobilizeze un num\u0103r mare de organiza\u021bii \u0219i cet\u0103\u021beni din toat\u0103 \u021bara [&hellip;]<\/p>\n","protected":false},"author":4,"featured_media":32419,"comment_status":"closed","ping_status":"closed","sticky":false,"template":"","format":"standard","meta":{"footnotes":""},"categories":[6377,6349],"tags":[],"class_list":["post-32416","post","type-post","status-publish","format-standard","has-post-thumbnail","hentry","category-stiri","category-social"],"yoast_head":"<!-- This site is optimized with the Yoast SEO plugin v27.4 - https:\/\/yoast.com\/product\/yoast-seo-wordpress\/ -->\n<title>B\u0103l\u021beni, veni\u021bi \u00een ga\u0219ca voluntarilor.........................!<\/title>\n<meta name=\"description\" content=\"Cel mai mare eveniment de promovare a voluntariatului la nivel republican va fi organizat \u00een perioada 2-8 octombrie curent.\" \/>\n<meta name=\"robots\" content=\"index, follow, max-snippet:-1, max-image-preview:large, max-video-preview:-1\" \/>\n<link rel=\"canonical\" href=\"https:\/\/www.btv.md\/ro\/amp\/balteni-veniti-in-gasca-voluntarilor\/\" \/>\n<meta property=\"og:locale\" content=\"ro_RO\" \/>\n<meta property=\"og:type\" content=\"article\" \/>\n<meta property=\"og:title\" content=\"B\u0103l\u021beni, veni\u021bi \u00een ga\u0219ca voluntarilor!\" \/>\n<meta property=\"og:description\" content=\"Cel mai mare eveniment de promovare a voluntariatului la nivel republican va fi organizat \u00een perioada 2-8 octombrie curent.\" \/>\n<meta property=\"og:url\" content=\"https:\/\/www.btv.md\/ro\/amp\/balteni-veniti-in-gasca-voluntarilor\/\" \/>\n<meta property=\"og:site_name\" content=\"BTV\" \/>\n<meta property=\"article:publisher\" content=\"https:\/\/www.facebook.com\/btvmoldova\/\" \/>\n<meta property=\"article:published_time\" content=\"2017-09-18T14:30:20+00:00\" \/>\n<meta property=\"article:modified_time\" content=\"2017-09-18T14:32:33+00:00\" \/>\n<meta property=\"og:image\" content=\"https:\/\/www.btv.md\/wp-content\/uploads\/2017\/09\/f42b673eb2ba086f05daad547bf44671-1.jpg\" \/>\n\t<meta property=\"og:image:width\" content=\"1280\" \/>\n\t<meta property=\"og:image:height\" content=\"720\" \/>\n\t<meta property=\"og:image:type\" content=\"image\/jpeg\" \/>\n<meta name=\"author\" content=\"admin\" \/>\n<meta name=\"twitter:label1\" content=\"Scris de\" \/>\n\t<meta name=\"twitter:data1\" content=\"admin\" \/>\n\t<meta name=\"twitter:label2\" content=\"Timp estimat pentru citire\" \/>\n\t<meta name=\"twitter:data2\" content=\"1 minut\" \/>\n<script type=\"application\/ld+json\" class=\"yoast-schema-graph\">{\"@context\":\"https:\\\/\\\/schema.org\",\"@graph\":[{\"@type\":\"Article\",\"@id\":\"https:\\\/\\\/www.btv.md\\\/ro\\\/amp\\\/balteni-veniti-in-gasca-voluntarilor\\\/#article\",\"isPartOf\":{\"@id\":\"https:\\\/\\\/www.btv.md\\\/ro\\\/amp\\\/balteni-veniti-in-gasca-voluntarilor\\\/\"},\"author\":{\"name\":\"admin\",\"@id\":\"https:\\\/\\\/www.btv.md\\\/#\\\/schema\\\/person\\\/8fadce81561b3ce2c34c46dadc4ccbf2\"},\"headline\":\"B\u0103l\u021beni, veni\u021bi \u00een ga\u0219ca voluntarilor!\",\"datePublished\":\"2017-09-18T14:30:20+00:00\",\"dateModified\":\"2017-09-18T14:32:33+00:00\",\"mainEntityOfPage\":{\"@id\":\"https:\\\/\\\/www.btv.md\\\/ro\\\/amp\\\/balteni-veniti-in-gasca-voluntarilor\\\/\"},\"wordCount\":241,\"image\":{\"@id\":\"https:\\\/\\\/www.btv.md\\\/ro\\\/amp\\\/balteni-veniti-in-gasca-voluntarilor\\\/#primaryimage\"},\"thumbnailUrl\":\"https:\\\/\\\/www.btv.md\\\/wp-content\\\/uploads\\\/2017\\\/09\\\/f42b673eb2ba086f05daad547bf44671.jpg\",\"articleSection\":[\"\u0218tiri\",\"Social\"],\"inLanguage\":\"ro-RO\"},{\"@type\":\"WebPage\",\"@id\":\"https:\\\/\\\/www.btv.md\\\/ro\\\/amp\\\/balteni-veniti-in-gasca-voluntarilor\\\/\",\"url\":\"https:\\\/\\\/www.btv.md\\\/ro\\\/amp\\\/balteni-veniti-in-gasca-voluntarilor\\\/\",\"name\":\"B\u0103l\u021beni, veni\u021bi \u00een ga\u0219ca voluntarilor.........................!\",\"isPartOf\":{\"@id\":\"https:\\\/\\\/www.btv.md\\\/#website\"},\"primaryImageOfPage\":{\"@id\":\"https:\\\/\\\/www.btv.md\\\/ro\\\/amp\\\/balteni-veniti-in-gasca-voluntarilor\\\/#primaryimage\"},\"image\":{\"@id\":\"https:\\\/\\\/www.btv.md\\\/ro\\\/amp\\\/balteni-veniti-in-gasca-voluntarilor\\\/#primaryimage\"},\"thumbnailUrl\":\"https:\\\/\\\/www.btv.md\\\/wp-content\\\/uploads\\\/2017\\\/09\\\/f42b673eb2ba086f05daad547bf44671.jpg\",\"datePublished\":\"2017-09-18T14:30:20+00:00\",\"dateModified\":\"2017-09-18T14:32:33+00:00\",\"author\":{\"@id\":\"https:\\\/\\\/www.btv.md\\\/#\\\/schema\\\/person\\\/8fadce81561b3ce2c34c46dadc4ccbf2\"},\"description\":\"Cel mai mare eveniment de promovare a voluntariatului la nivel republican va fi organizat \u00een perioada 2-8 octombrie curent.\",\"inLanguage\":\"ro-RO\",\"potentialAction\":[{\"@type\":\"ReadAction\",\"target\":[\"https:\\\/\\\/www.btv.md\\\/ro\\\/amp\\\/balteni-veniti-in-gasca-voluntarilor\\\/\"]}]},{\"@type\":\"ImageObject\",\"inLanguage\":\"ro-RO\",\"@id\":\"https:\\\/\\\/www.btv.md\\\/ro\\\/amp\\\/balteni-veniti-in-gasca-voluntarilor\\\/#primaryimage\",\"url\":\"https:\\\/\\\/www.btv.md\\\/wp-content\\\/uploads\\\/2017\\\/09\\\/f42b673eb2ba086f05daad547bf44671.jpg\",\"contentUrl\":\"https:\\\/\\\/www.btv.md\\\/wp-content\\\/uploads\\\/2017\\\/09\\\/f42b673eb2ba086f05daad547bf44671.jpg\",\"width\":1280,\"height\":720,\"caption\":\"ga\u0219ca voluntarilor\"},{\"@type\":\"WebSite\",\"@id\":\"https:\\\/\\\/www.btv.md\\\/#website\",\"url\":\"https:\\\/\\\/www.btv.md\\\/\",\"name\":\"BTV\",\"description\":\"\u0411\u0435\u043b\u044c\u0446\u043a\u043e\u0435 \u0442\u0435\u043b\u0435\u0432\u0438\u0434\u0435\u043d\u0438\u0435\",\"potentialAction\":[{\"@type\":\"SearchAction\",\"target\":{\"@type\":\"EntryPoint\",\"urlTemplate\":\"https:\\\/\\\/www.btv.md\\\/?s={search_term_string}\"},\"query-input\":{\"@type\":\"PropertyValueSpecification\",\"valueRequired\":true,\"valueName\":\"search_term_string\"}}],\"inLanguage\":\"ro-RO\"},{\"@type\":\"Person\",\"@id\":\"https:\\\/\\\/www.btv.md\\\/#\\\/schema\\\/person\\\/8fadce81561b3ce2c34c46dadc4ccbf2\",\"name\":\"admin\"}]}<\/script>\n<!-- \/ Yoast SEO plugin. -->","yoast_head_json":{"title":"B\u0103l\u021beni, veni\u021bi \u00een ga\u0219ca voluntarilor.........................!","description":"Cel mai mare eveniment de promovare a voluntariatului la nivel republican va fi organizat \u00een perioada 2-8 octombrie curent.","robots":{"index":"index","follow":"follow","max-snippet":"max-snippet:-1","max-image-preview":"max-image-preview:large","max-video-preview":"max-video-preview:-1"},"canonical":"https:\/\/www.btv.md\/ro\/amp\/balteni-veniti-in-gasca-voluntarilor\/","og_locale":"ro_RO","og_type":"article","og_title":"B\u0103l\u021beni, veni\u021bi \u00een ga\u0219ca voluntarilor!","og_description":"Cel mai mare eveniment de promovare a voluntariatului la nivel republican va fi organizat \u00een perioada 2-8 octombrie curent.","og_url":"https:\/\/www.btv.md\/ro\/amp\/balteni-veniti-in-gasca-voluntarilor\/","og_site_name":"BTV","article_publisher":"https:\/\/www.facebook.com\/btvmoldova\/","article_published_time":"2017-09-18T14:30:20+00:00","article_modified_time":"2017-09-18T14:32:33+00:00","og_image":[{"width":1280,"height":720,"url":"https:\/\/www.btv.md\/wp-content\/uploads\/2017\/09\/f42b673eb2ba086f05daad547bf44671-1.jpg","type":"image\/jpeg"}],"author":"admin","twitter_misc":{"Scris de":"admin","Timp estimat pentru citire":"1 minut"},"schema":{"@context":"https:\/\/schema.org","@graph":[{"@type":"Article","@id":"https:\/\/www.btv.md\/ro\/amp\/balteni-veniti-in-gasca-voluntarilor\/#article","isPartOf":{"@id":"https:\/\/www.btv.md\/ro\/amp\/balteni-veniti-in-gasca-voluntarilor\/"},"author":{"name":"admin","@id":"https:\/\/www.btv.md\/#\/schema\/person\/8fadce81561b3ce2c34c46dadc4ccbf2"},"headline":"B\u0103l\u021beni, veni\u021bi \u00een ga\u0219ca voluntarilor!","datePublished":"2017-09-18T14:30:20+00:00","dateModified":"2017-09-18T14:32:33+00:00","mainEntityOfPage":{"@id":"https:\/\/www.btv.md\/ro\/amp\/balteni-veniti-in-gasca-voluntarilor\/"},"wordCount":241,"image":{"@id":"https:\/\/www.btv.md\/ro\/amp\/balteni-veniti-in-gasca-voluntarilor\/#primaryimage"},"thumbnailUrl":"https:\/\/www.btv.md\/wp-content\/uploads\/2017\/09\/f42b673eb2ba086f05daad547bf44671.jpg","articleSection":["\u0218tiri","Social"],"inLanguage":"ro-RO"},{"@type":"WebPage","@id":"https:\/\/www.btv.md\/ro\/amp\/balteni-veniti-in-gasca-voluntarilor\/","url":"https:\/\/www.btv.md\/ro\/amp\/balteni-veniti-in-gasca-voluntarilor\/","name":"B\u0103l\u021beni, veni\u021bi \u00een ga\u0219ca voluntarilor.........................!","isPartOf":{"@id":"https:\/\/www.btv.md\/#website"},"primaryImageOfPage":{"@id":"https:\/\/www.btv.md\/ro\/amp\/balteni-veniti-in-gasca-voluntarilor\/#primaryimage"},"image":{"@id":"https:\/\/www.btv.md\/ro\/amp\/balteni-veniti-in-gasca-voluntarilor\/#primaryimage"},"thumbnailUrl":"https:\/\/www.btv.md\/wp-content\/uploads\/2017\/09\/f42b673eb2ba086f05daad547bf44671.jpg","datePublished":"2017-09-18T14:30:20+00:00","dateModified":"2017-09-18T14:32:33+00:00","author":{"@id":"https:\/\/www.btv.md\/#\/schema\/person\/8fadce81561b3ce2c34c46dadc4ccbf2"},"description":"Cel mai mare eveniment de promovare a voluntariatului la nivel republican va fi organizat \u00een perioada 2-8 octombrie curent.","inLanguage":"ro-RO","potentialAction":[{"@type":"ReadAction","target":["https:\/\/www.btv.md\/ro\/amp\/balteni-veniti-in-gasca-voluntarilor\/"]}]},{"@type":"ImageObject","inLanguage":"ro-RO","@id":"https:\/\/www.btv.md\/ro\/amp\/balteni-veniti-in-gasca-voluntarilor\/#primaryimage","url":"https:\/\/www.btv.md\/wp-content\/uploads\/2017\/09\/f42b673eb2ba086f05daad547bf44671.jpg","contentUrl":"https:\/\/www.btv.md\/wp-content\/uploads\/2017\/09\/f42b673eb2ba086f05daad547bf44671.jpg","width":1280,"height":720,"caption":"ga\u0219ca voluntarilor"},{"@type":"WebSite","@id":"https:\/\/www.btv.md\/#website","url":"https:\/\/www.btv.md\/","name":"BTV","description":"\u0411\u0435\u043b\u044c\u0446\u043a\u043e\u0435 \u0442\u0435\u043b\u0435\u0432\u0438\u0434\u0435\u043d\u0438\u0435","potentialAction":[{"@type":"SearchAction","target":{"@type":"EntryPoint","urlTemplate":"https:\/\/www.btv.md\/?s={search_term_string}"},"query-input":{"@type":"PropertyValueSpecification","valueRequired":true,"valueName":"search_term_string"}}],"inLanguage":"ro-RO"},{"@type":"Person","@id":"https:\/\/www.btv.md\/#\/schema\/person\/8fadce81561b3ce2c34c46dadc4ccbf2","name":"admin"}]}},"_links":{"self":[{"href":"https:\/\/www.btv.md\/ro\/wp-json\/wp\/v2\/posts\/32416","targetHints":{"allow":["GET"]}}],"collection":[{"href":"https:\/\/www.btv.md\/ro\/wp-json\/wp\/v2\/posts"}],"about":[{"href":"https:\/\/www.btv.md\/ro\/wp-json\/wp\/v2\/types\/post"}],"author":[{"embeddable":true,"href":"https:\/\/www.btv.md\/ro\/wp-json\/wp\/v2\/users\/4"}],"replies":[{"embeddable":true,"href":"https:\/\/www.btv.md\/ro\/wp-json\/wp\/v2\/comments?post=32416"}],"version-history":[{"count":0,"href":"https:\/\/www.btv.md\/ro\/wp-json\/wp\/v2\/posts\/32416\/revisions"}],"wp:featuredmedia":[{"embeddable":true,"href":"https:\/\/www.btv.md\/ro\/wp-json\/wp\/v2\/media\/32419"}],"wp:attachment":[{"href":"https:\/\/www.btv.md\/ro\/wp-json\/wp\/v2\/media?parent=32416"}],"wp:term":[{"taxonomy":"category","embeddable":true,"href":"https:\/\/www.btv.md\/ro\/wp-json\/wp\/v2\/categories?post=32416"},{"taxonomy":"post_tag","embeddable":true,"href":"https:\/\/www.btv.md\/ro\/wp-json\/wp\/v2\/tags?post=32416"}],"curies":[{"name":"wp","href":"https:\/\/api.w.org\/{rel}","templated":true}]}}