{"id":32440,"date":"2017-09-19T17:16:39","date_gmt":"2017-09-19T14:16:39","guid":{"rendered":"http:\/\/btv.md\/?p=32440"},"modified":"2017-09-19T17:16:39","modified_gmt":"2017-09-19T14:16:39","slug":"jurist-deplasarea-de-serviciu-a-lui-renato-usatii-in-rusia-este-legala","status":"publish","type":"post","link":"https:\/\/www.btv.md\/ro\/jurist-deplasarea-de-serviciu-a-lui-renato-usatii-in-rusia-este-legala\/","title":{"rendered":"Jurist: Deplasarea de Serviciu a lui Renato Usat\u00eei \u00een Rusia este legal\u0103"},"content":{"rendered":"<p><strong>Oficiul Teritorial al Cancelariei de Stat s-a adresat \u00een instan\u021ba de judecat\u0103 \u00een leg\u0103tur\u0103 cu absen\u021ba de la locul de munc\u0103 a primarului de B\u0103l\u021bi Renato Usat\u00eei. Institu\u021bia \u00eencearc\u0103 s\u0103 anuleze decizia consiliului municipal, care l-a delegat \u00een Federa\u021bia Rus\u0103 pe Usat\u00eei \u00een scopuri de serviciu pe un termen de 60 de zile. Reprezentatul Cancelariei de Stat afirm\u0103, c\u0103 pentru a beneficia de deplasare de serviciu, Renato Usat\u00eei trebuie s\u0103 aib\u0103 o invita\u021bie personal\u0103. Adica, este vorba despre o invita\u021bie din partea gazdei. Din informa\u021biile prezentate de Cancelarie primarul de B\u0103l\u021bi nu are aceast\u0103 invita\u021bie, din aceast\u0103 cauz\u0103 institu\u021bia s-a adresat \u00een judecat\u0103.<\/strong><\/p>\n<p><strong>\u00cen cazul \u00een care decizia Consiliului Municipal va fi anulat\u0103 de magistra\u021bi, Oficiul Teritorial B\u0103l\u021bi al Cancelariei de Stat aflat \u00een subordinea Partidului Democrat ar putea declan\u0219a mecanismul de demitere a primarului Renato Usat\u00eei.<\/strong><\/p>\n<p><strong>Specialistul principal al Direc\u021biei Juridice din cadrul prim\u0103riei, Valetin Fediuc spune c\u0103, reprezentan\u021bii Cancelariei au interpretat eronat legea. El a precizat c\u0103 deplasare lui Renato Usat\u00eei este legal\u0103.<\/strong><\/p>\n<p>&nbsp;<\/p>\n<p>\u00a0 \u00a0 \u00a0 \u00a0 \u00a0 \u00a0 \u00a0 \u00a0 \u00a0 \u00a0 \u00a0 \u00a0 \u00a0 \u00a0 \u00a0 \u00a0 \u00a0 \u00a0 \u00a0 \u00a0 \u00a0 \u00a0 <iframe data-src=\"https:\/\/www.youtube.com\/embed\/rHtF-sl6sqk\" width=\"760\" height=\"560\" frameborder=\"&quot;0&quot;&quot;\" allowfullscreen=\"allowfullscreen\" src=\"data:image\/svg+xml;base64,PHN2ZyB3aWR0aD0iMSIgaGVpZ2h0PSIxIiB4bWxucz0iaHR0cDovL3d3dy53My5vcmcvMjAwMC9zdmciPjwvc3ZnPg==\" class=\"lazyload\" data-load-mode=\"1\"><\/iframe><\/p>\n<p>&nbsp;<\/p>\n<blockquote>\n<p><em>Mai exact, este vorba despre punctul 9 din Regulamentul cu privire la delegarea salaria\u0163ilor entit\u0103\u0163ilor din Republica Moldova care descrie dou\u0103 situa\u021bii, c\u00e2nd pot fi delega\u021bi salaria\u021bii \u00een str\u0103in\u0103tate. Ceea ce \u021bine de primar, el poate pleca la decizia Consiliului Municipal \u00een str\u0103in\u0103tate fiind delegat \u00een at\u00e2t \u00een baza propriei ini\u021biative, c\u00e2t \u0219i \u00een baza unei invita\u021bii. Oficiul Teritorial B\u0103l\u021bi al Cancelarie de Stat ,c\u00e2nd a notificat ilegalitatea a operat c\u0103, cele dou\u0103 situa\u021bii pot fi privite ca una singur\u0103, spune Fediuc<\/em><\/p>\n<\/blockquote>\n<p>&nbsp;<\/p>\n<p>Valentin Fediuc a f\u0103cut trimitere \u0219i la Codul Muncii. \u00cen opinia juristului\u00a0 acesta i-ar permite primarului prin sus\u021binerea Consiliului Municipal s\u0103 efectueze aceste deplas\u0103ri de serviciu.<\/p>\n<blockquote>\n<p><em>\u00a0Din care motiv au fost emise mai multe decizii a Consiliului Municipal? Este foarte simplu Codul Muncii permite delegarea pe o perioad\u0103 de maxim 60 de zile. Ulterior, la decizia Consiliului Municipal aceast\u0103 perioad\u0103 se prelunge\u0219te, a declarat juristul.<\/em><\/p>\n<\/blockquote>\n<p>&nbsp;<\/p>\n<p>Primarul de B\u0103l\u021bi, Renato Usat\u00eei se afl\u0103 mai bine de un an \u00een Federa\u021bia Rus\u0103, nu doar \u00een scopuri de serviciu. \u00cen campania electoral pentru alegerea pre\u0219edintelui \u00een din toamna anului 2016, Usat\u00eei a fost nevoit s\u0103 p\u0103r\u0103sesc\u0103 \u021bara. Motivul invocat de el ar fi numeroasele dosare penale intentate pe numele s\u0103u la indica\u021bia oligarhului Vladimir Plahotniuc. A trecut de ja un an, \u00eens\u0103 dosarele fabricate pe numele lui Usat\u00eei nu \u0219i-au g\u0103sit o finalitate.<\/p>\n<p>&nbsp;<\/p>\n","protected":false},"excerpt":{"rendered":"<p>Oficiul Teritorial al Cancelariei de Stat s-a adresat \u00een instan\u021ba de judecat\u0103 \u00een leg\u0103tur\u0103 cu absen\u021ba de la locul de munc\u0103 a primarului de B\u0103l\u021bi Renato Usat\u00eei. Institu\u021bia \u00eencearc\u0103 s\u0103 anuleze decizia consiliului municipal, care l-a delegat \u00een Federa\u021bia Rus\u0103 pe Usat\u00eei \u00een scopuri de serviciu pe un termen de 60 de zile. Reprezentatul Cancelariei [&hellip;]<\/p>\n","protected":false},"author":4,"featured_media":32442,"comment_status":"closed","ping_status":"closed","sticky":false,"template":"","format":"standard","meta":{"footnotes":""},"categories":[6353,6377],"tags":[],"class_list":["post-32440","post","type-post","status-publish","format-standard","has-post-thumbnail","hentry","category-oras","category-stiri"],"yoast_head":"<!-- This site is optimized with the Yoast SEO plugin v27.4 - https:\/\/yoast.com\/product\/yoast-seo-wordpress\/ -->\n<title>Jurist: Deplasarea de Serviciu a lui Renato Usat\u00eei \u00een Rusia este legal\u0103 - BTV<\/title>\n<meta name=\"robots\" content=\"index, follow, max-snippet:-1, max-image-preview:large, max-video-preview:-1\" \/>\n<link rel=\"canonical\" href=\"https:\/\/www.btv.md\/ro\/amp\/jurist-deplasarea-de-serviciu-a-lui-renato-usatii-in-rusia-este-legala\/\" \/>\n<meta property=\"og:locale\" content=\"ro_RO\" \/>\n<meta property=\"og:type\" content=\"article\" \/>\n<meta property=\"og:title\" content=\"Jurist: Deplasarea de Serviciu a lui Renato Usat\u00eei \u00een Rusia este legal\u0103 - BTV\" \/>\n<meta property=\"og:description\" content=\"Oficiul Teritorial al Cancelariei de Stat s-a adresat \u00een instan\u021ba de judecat\u0103 \u00een leg\u0103tur\u0103 cu absen\u021ba de la locul de munc\u0103 a primarului de B\u0103l\u021bi Renato Usat\u00eei. Institu\u021bia \u00eencearc\u0103 s\u0103 anuleze decizia consiliului municipal, care l-a delegat \u00een Federa\u021bia Rus\u0103 pe Usat\u00eei \u00een scopuri de serviciu pe un termen de 60 de zile. Reprezentatul Cancelariei [&hellip;]\" \/>\n<meta property=\"og:url\" content=\"https:\/\/www.btv.md\/ro\/amp\/jurist-deplasarea-de-serviciu-a-lui-renato-usatii-in-rusia-este-legala\/\" \/>\n<meta property=\"og:site_name\" content=\"BTV\" \/>\n<meta property=\"article:publisher\" content=\"https:\/\/www.facebook.com\/btvmoldova\/\" \/>\n<meta property=\"article:published_time\" content=\"2017-09-19T14:16:39+00:00\" \/>\n<meta property=\"og:image\" content=\"https:\/\/www.btv.md\/wp-content\/uploads\/2017\/09\/renato.jpg\" \/>\n\t<meta property=\"og:image:width\" content=\"675\" \/>\n\t<meta property=\"og:image:height\" content=\"450\" \/>\n\t<meta property=\"og:image:type\" content=\"image\/jpeg\" \/>\n<meta name=\"author\" content=\"admin\" \/>\n<meta name=\"twitter:label1\" content=\"Scris de\" \/>\n\t<meta name=\"twitter:data1\" content=\"admin\" \/>\n\t<meta name=\"twitter:label2\" content=\"Timp estimat pentru citire\" \/>\n\t<meta name=\"twitter:data2\" content=\"2 minute\" \/>\n<script type=\"application\/ld+json\" class=\"yoast-schema-graph\">{\"@context\":\"https:\\\/\\\/schema.org\",\"@graph\":[{\"@type\":\"Article\",\"@id\":\"https:\\\/\\\/www.btv.md\\\/ro\\\/amp\\\/jurist-deplasarea-de-serviciu-a-lui-renato-usatii-in-rusia-este-legala\\\/#article\",\"isPartOf\":{\"@id\":\"https:\\\/\\\/www.btv.md\\\/ro\\\/amp\\\/jurist-deplasarea-de-serviciu-a-lui-renato-usatii-in-rusia-este-legala\\\/\"},\"author\":{\"name\":\"admin\",\"@id\":\"https:\\\/\\\/www.btv.md\\\/#\\\/schema\\\/person\\\/8fadce81561b3ce2c34c46dadc4ccbf2\"},\"headline\":\"Jurist: Deplasarea de Serviciu a lui Renato Usat\u00eei \u00een Rusia este legal\u0103\",\"datePublished\":\"2017-09-19T14:16:39+00:00\",\"mainEntityOfPage\":{\"@id\":\"https:\\\/\\\/www.btv.md\\\/ro\\\/amp\\\/jurist-deplasarea-de-serviciu-a-lui-renato-usatii-in-rusia-este-legala\\\/\"},\"wordCount\":461,\"image\":{\"@id\":\"https:\\\/\\\/www.btv.md\\\/ro\\\/amp\\\/jurist-deplasarea-de-serviciu-a-lui-renato-usatii-in-rusia-este-legala\\\/#primaryimage\"},\"thumbnailUrl\":\"https:\\\/\\\/www.btv.md\\\/wp-content\\\/uploads\\\/2017\\\/09\\\/renato.jpg\",\"articleSection\":[\"Ora\u0219\",\"\u0218tiri\"],\"inLanguage\":\"ro-RO\"},{\"@type\":\"WebPage\",\"@id\":\"https:\\\/\\\/www.btv.md\\\/ro\\\/amp\\\/jurist-deplasarea-de-serviciu-a-lui-renato-usatii-in-rusia-este-legala\\\/\",\"url\":\"https:\\\/\\\/www.btv.md\\\/ro\\\/amp\\\/jurist-deplasarea-de-serviciu-a-lui-renato-usatii-in-rusia-este-legala\\\/\",\"name\":\"Jurist: Deplasarea de Serviciu a lui Renato Usat\u00eei \u00een Rusia este legal\u0103 - BTV\",\"isPartOf\":{\"@id\":\"https:\\\/\\\/www.btv.md\\\/#website\"},\"primaryImageOfPage\":{\"@id\":\"https:\\\/\\\/www.btv.md\\\/ro\\\/amp\\\/jurist-deplasarea-de-serviciu-a-lui-renato-usatii-in-rusia-este-legala\\\/#primaryimage\"},\"image\":{\"@id\":\"https:\\\/\\\/www.btv.md\\\/ro\\\/amp\\\/jurist-deplasarea-de-serviciu-a-lui-renato-usatii-in-rusia-este-legala\\\/#primaryimage\"},\"thumbnailUrl\":\"https:\\\/\\\/www.btv.md\\\/wp-content\\\/uploads\\\/2017\\\/09\\\/renato.jpg\",\"datePublished\":\"2017-09-19T14:16:39+00:00\",\"author\":{\"@id\":\"https:\\\/\\\/www.btv.md\\\/#\\\/schema\\\/person\\\/8fadce81561b3ce2c34c46dadc4ccbf2\"},\"inLanguage\":\"ro-RO\",\"potentialAction\":[{\"@type\":\"ReadAction\",\"target\":[\"https:\\\/\\\/www.btv.md\\\/ro\\\/amp\\\/jurist-deplasarea-de-serviciu-a-lui-renato-usatii-in-rusia-este-legala\\\/\"]}]},{\"@type\":\"ImageObject\",\"inLanguage\":\"ro-RO\",\"@id\":\"https:\\\/\\\/www.btv.md\\\/ro\\\/amp\\\/jurist-deplasarea-de-serviciu-a-lui-renato-usatii-in-rusia-este-legala\\\/#primaryimage\",\"url\":\"https:\\\/\\\/www.btv.md\\\/wp-content\\\/uploads\\\/2017\\\/09\\\/renato.jpg\",\"contentUrl\":\"https:\\\/\\\/www.btv.md\\\/wp-content\\\/uploads\\\/2017\\\/09\\\/renato.jpg\",\"width\":675,\"height\":450},{\"@type\":\"WebSite\",\"@id\":\"https:\\\/\\\/www.btv.md\\\/#website\",\"url\":\"https:\\\/\\\/www.btv.md\\\/\",\"name\":\"BTV\",\"description\":\"\u0411\u0435\u043b\u044c\u0446\u043a\u043e\u0435 \u0442\u0435\u043b\u0435\u0432\u0438\u0434\u0435\u043d\u0438\u0435\",\"potentialAction\":[{\"@type\":\"SearchAction\",\"target\":{\"@type\":\"EntryPoint\",\"urlTemplate\":\"https:\\\/\\\/www.btv.md\\\/?s={search_term_string}\"},\"query-input\":{\"@type\":\"PropertyValueSpecification\",\"valueRequired\":true,\"valueName\":\"search_term_string\"}}],\"inLanguage\":\"ro-RO\"},{\"@type\":\"Person\",\"@id\":\"https:\\\/\\\/www.btv.md\\\/#\\\/schema\\\/person\\\/8fadce81561b3ce2c34c46dadc4ccbf2\",\"name\":\"admin\"}]}<\/script>\n<!-- \/ Yoast SEO plugin. -->","yoast_head_json":{"title":"Jurist: Deplasarea de Serviciu a lui Renato Usat\u00eei \u00een Rusia este legal\u0103 - BTV","robots":{"index":"index","follow":"follow","max-snippet":"max-snippet:-1","max-image-preview":"max-image-preview:large","max-video-preview":"max-video-preview:-1"},"canonical":"https:\/\/www.btv.md\/ro\/amp\/jurist-deplasarea-de-serviciu-a-lui-renato-usatii-in-rusia-este-legala\/","og_locale":"ro_RO","og_type":"article","og_title":"Jurist: Deplasarea de Serviciu a lui Renato Usat\u00eei \u00een Rusia este legal\u0103 - BTV","og_description":"Oficiul Teritorial al Cancelariei de Stat s-a adresat \u00een instan\u021ba de judecat\u0103 \u00een leg\u0103tur\u0103 cu absen\u021ba de la locul de munc\u0103 a primarului de B\u0103l\u021bi Renato Usat\u00eei. Institu\u021bia \u00eencearc\u0103 s\u0103 anuleze decizia consiliului municipal, care l-a delegat \u00een Federa\u021bia Rus\u0103 pe Usat\u00eei \u00een scopuri de serviciu pe un termen de 60 de zile. Reprezentatul Cancelariei [&hellip;]","og_url":"https:\/\/www.btv.md\/ro\/amp\/jurist-deplasarea-de-serviciu-a-lui-renato-usatii-in-rusia-este-legala\/","og_site_name":"BTV","article_publisher":"https:\/\/www.facebook.com\/btvmoldova\/","article_published_time":"2017-09-19T14:16:39+00:00","og_image":[{"width":675,"height":450,"url":"https:\/\/www.btv.md\/wp-content\/uploads\/2017\/09\/renato.jpg","type":"image\/jpeg"}],"author":"admin","twitter_misc":{"Scris de":"admin","Timp estimat pentru citire":"2 minute"},"schema":{"@context":"https:\/\/schema.org","@graph":[{"@type":"Article","@id":"https:\/\/www.btv.md\/ro\/amp\/jurist-deplasarea-de-serviciu-a-lui-renato-usatii-in-rusia-este-legala\/#article","isPartOf":{"@id":"https:\/\/www.btv.md\/ro\/amp\/jurist-deplasarea-de-serviciu-a-lui-renato-usatii-in-rusia-este-legala\/"},"author":{"name":"admin","@id":"https:\/\/www.btv.md\/#\/schema\/person\/8fadce81561b3ce2c34c46dadc4ccbf2"},"headline":"Jurist: Deplasarea de Serviciu a lui Renato Usat\u00eei \u00een Rusia este legal\u0103","datePublished":"2017-09-19T14:16:39+00:00","mainEntityOfPage":{"@id":"https:\/\/www.btv.md\/ro\/amp\/jurist-deplasarea-de-serviciu-a-lui-renato-usatii-in-rusia-este-legala\/"},"wordCount":461,"image":{"@id":"https:\/\/www.btv.md\/ro\/amp\/jurist-deplasarea-de-serviciu-a-lui-renato-usatii-in-rusia-este-legala\/#primaryimage"},"thumbnailUrl":"https:\/\/www.btv.md\/wp-content\/uploads\/2017\/09\/renato.jpg","articleSection":["Ora\u0219","\u0218tiri"],"inLanguage":"ro-RO"},{"@type":"WebPage","@id":"https:\/\/www.btv.md\/ro\/amp\/jurist-deplasarea-de-serviciu-a-lui-renato-usatii-in-rusia-este-legala\/","url":"https:\/\/www.btv.md\/ro\/amp\/jurist-deplasarea-de-serviciu-a-lui-renato-usatii-in-rusia-este-legala\/","name":"Jurist: Deplasarea de Serviciu a lui Renato Usat\u00eei \u00een Rusia este legal\u0103 - BTV","isPartOf":{"@id":"https:\/\/www.btv.md\/#website"},"primaryImageOfPage":{"@id":"https:\/\/www.btv.md\/ro\/amp\/jurist-deplasarea-de-serviciu-a-lui-renato-usatii-in-rusia-este-legala\/#primaryimage"},"image":{"@id":"https:\/\/www.btv.md\/ro\/amp\/jurist-deplasarea-de-serviciu-a-lui-renato-usatii-in-rusia-este-legala\/#primaryimage"},"thumbnailUrl":"https:\/\/www.btv.md\/wp-content\/uploads\/2017\/09\/renato.jpg","datePublished":"2017-09-19T14:16:39+00:00","author":{"@id":"https:\/\/www.btv.md\/#\/schema\/person\/8fadce81561b3ce2c34c46dadc4ccbf2"},"inLanguage":"ro-RO","potentialAction":[{"@type":"ReadAction","target":["https:\/\/www.btv.md\/ro\/amp\/jurist-deplasarea-de-serviciu-a-lui-renato-usatii-in-rusia-este-legala\/"]}]},{"@type":"ImageObject","inLanguage":"ro-RO","@id":"https:\/\/www.btv.md\/ro\/amp\/jurist-deplasarea-de-serviciu-a-lui-renato-usatii-in-rusia-este-legala\/#primaryimage","url":"https:\/\/www.btv.md\/wp-content\/uploads\/2017\/09\/renato.jpg","contentUrl":"https:\/\/www.btv.md\/wp-content\/uploads\/2017\/09\/renato.jpg","width":675,"height":450},{"@type":"WebSite","@id":"https:\/\/www.btv.md\/#website","url":"https:\/\/www.btv.md\/","name":"BTV","description":"\u0411\u0435\u043b\u044c\u0446\u043a\u043e\u0435 \u0442\u0435\u043b\u0435\u0432\u0438\u0434\u0435\u043d\u0438\u0435","potentialAction":[{"@type":"SearchAction","target":{"@type":"EntryPoint","urlTemplate":"https:\/\/www.btv.md\/?s={search_term_string}"},"query-input":{"@type":"PropertyValueSpecification","valueRequired":true,"valueName":"search_term_string"}}],"inLanguage":"ro-RO"},{"@type":"Person","@id":"https:\/\/www.btv.md\/#\/schema\/person\/8fadce81561b3ce2c34c46dadc4ccbf2","name":"admin"}]}},"_links":{"self":[{"href":"https:\/\/www.btv.md\/ro\/wp-json\/wp\/v2\/posts\/32440","targetHints":{"allow":["GET"]}}],"collection":[{"href":"https:\/\/www.btv.md\/ro\/wp-json\/wp\/v2\/posts"}],"about":[{"href":"https:\/\/www.btv.md\/ro\/wp-json\/wp\/v2\/types\/post"}],"author":[{"embeddable":true,"href":"https:\/\/www.btv.md\/ro\/wp-json\/wp\/v2\/users\/4"}],"replies":[{"embeddable":true,"href":"https:\/\/www.btv.md\/ro\/wp-json\/wp\/v2\/comments?post=32440"}],"version-history":[{"count":0,"href":"https:\/\/www.btv.md\/ro\/wp-json\/wp\/v2\/posts\/32440\/revisions"}],"wp:featuredmedia":[{"embeddable":true,"href":"https:\/\/www.btv.md\/ro\/wp-json\/wp\/v2\/media\/32442"}],"wp:attachment":[{"href":"https:\/\/www.btv.md\/ro\/wp-json\/wp\/v2\/media?parent=32440"}],"wp:term":[{"taxonomy":"category","embeddable":true,"href":"https:\/\/www.btv.md\/ro\/wp-json\/wp\/v2\/categories?post=32440"},{"taxonomy":"post_tag","embeddable":true,"href":"https:\/\/www.btv.md\/ro\/wp-json\/wp\/v2\/tags?post=32440"}],"curies":[{"name":"wp","href":"https:\/\/api.w.org\/{rel}","templated":true}]}}