{"id":32444,"date":"2017-09-19T17:26:29","date_gmt":"2017-09-19T14:26:29","guid":{"rendered":"http:\/\/btv.md\/?p=32444"},"modified":"2017-09-19T17:27:03","modified_gmt":"2017-09-19T14:27:03","slug":"la-universitatea-din-balti-isi-fac-studiile-tineri-din-romania-ucraina-cipru-si-turcia","status":"publish","type":"post","link":"https:\/\/www.btv.md\/ro\/la-universitatea-din-balti-isi-fac-studiile-tineri-din-romania-ucraina-cipru-si-turcia\/","title":{"rendered":"La  universitatea  din  B\u0103l\u021bi  \u00ee\u0219i  fac  studiile  tineri  din  Rom\u00e2nia, Ucraina, Cipru  \u0219i  Turcia"},"content":{"rendered":"<p><strong>\u00cen timp ce tinerii din Republica Moldova pleac\u0103 peste hotare la studii, cei din Rom\u00e2nia, Ucraina, Cipru \u0219i Turcia vin \u00een \u021bara noastr\u0103 pentru a c\u0103p\u0103ta o profesie. Este povestea a 17 studen\u021bi care \u015fi-au l\u0103sat prietenii \u0219i familia la sute sau mii de kilometri distan\u021b\u0103 \u0219i au venit s\u0103 \u00eenve\u0163e la Universitatea de Stat \u201eAlecu Russo\u201d din B\u0103l\u021bi.<\/strong><\/p>\n<p><strong>De cele mai multe ori, tinerii de peste hotare opteaz\u0103 pentru studierea limbilor str\u0103ine sau specialit\u0103\u021bile pedagogice.<\/strong><\/p>\n<p>&nbsp;<\/p>\n<p>&nbsp;<\/p>\n<p>\u00a0 \u00a0 \u00a0 \u00a0 \u00a0 \u00a0 \u00a0 \u00a0 \u00a0 \u00a0 \u00a0 \u00a0 \u00a0 \u00a0 \u00a0 \u00a0 \u00a0 \u00a0 \u00a0 \u00a0 \u00a0 \u00a0 \u00a0 \u00a0 \u00a0 \u00a0 <iframe data-src=\"https:\/\/www.youtube.com\/embed\/GN_oblrkNlw\" width=\"640\" height=\"360\" frameborder=\"0\" allowfullscreen=\"allowfullscreen\" src=\"data:image\/svg+xml;base64,PHN2ZyB3aWR0aD0iMSIgaGVpZ2h0PSIxIiB4bWxucz0iaHR0cDovL3d3dy53My5vcmcvMjAwMC9zdmciPjwvc3ZnPg==\" class=\"lazyload\" data-load-mode=\"1\"><\/iframe><\/p>\n<p>&nbsp;<\/p>\n<p>Acesta este Mehmed, un t\u00e2n\u0103r din Turcia, care \u00ee\u0219i face studiile la Facultatea de Litere, specialitatea Limba englez\u0103 \u0219i rom\u00e2n\u0103. El ne-a m\u0103rturisit c\u0103 a \u00eendr\u0103git tradi\u021biile, oamenii \u0219i locurile pitore\u0219ti de aici, mai ales ora\u0219ul B\u0103l\u021bi. T\u00e2n\u0103rul este deja \u00een anul patru de facultate, iar dup\u0103 absolvire se va \u00eentoarce \u00een Turcia, unde vrea s\u0103 devin\u0103 profesor de limb\u0103 englez\u0103.<\/p>\n<p>Pentru a-\u0219i face studiile la B\u0103l\u021bi, Mehmed a \u00eenv\u0103\u021bat limba rom\u00e2n\u0103. A reu\u0219it s\u0103 fac\u0103 acest lucru pe parcursul unui an.<\/p>\n<p>Liliana Orac \u00ee\u0219i face studiile la dou\u0103 specialit\u0103\u021bi concomitent, asta de\u0219i are deja o facultate absolvit\u0103 \u00een Rom\u00e2nia, \u021bara sa de ba\u0219tin\u0103. Ea a ales Moldova pentru c\u0103 este mai aproape de cas\u0103 \u0219i pentru c\u0103 are \u00eencredere \u00een calitatea studiilor de aici. Liliana nu exclude faptul c\u0103 ar putea s\u0103 r\u0103m\u00e2n\u0103 \u00een Moldova.<\/p>\n<p>Studen\u021bii din alte \u021b\u0103ri beneficiaz\u0103 de acelea\u0219i servicii \u0219i facilit\u0103\u021bi de r\u00e2nd cu cet\u0103\u021benii Republicii Moldova. Dup\u0103 dorin\u021b\u0103, ace\u0219tia sunt caza\u021bi \u00een c\u0103minele studen\u021be\u0219ti din campus \u0219i primesc burse \u00een func\u021bie de rezultatele \u00eenregis<\/p>\n<p>&nbsp;<\/p>\n","protected":false},"excerpt":{"rendered":"<p>\u00cen timp ce tinerii din Republica Moldova pleac\u0103 peste hotare la studii, cei din Rom\u00e2nia, Ucraina, Cipru \u0219i Turcia vin \u00een \u021bara noastr\u0103 pentru a c\u0103p\u0103ta o profesie. Este povestea a 17 studen\u021bi care \u015fi-au l\u0103sat prietenii \u0219i familia la sute sau mii de kilometri distan\u021b\u0103 \u0219i au venit s\u0103 \u00eenve\u0163e la Universitatea de Stat [&hellip;]<\/p>\n","protected":false},"author":4,"featured_media":32446,"comment_status":"closed","ping_status":"closed","sticky":false,"template":"","format":"standard","meta":{"footnotes":""},"categories":[12,259],"tags":[],"class_list":["post-32444","post","type-post","status-publish","format-standard","has-post-thumbnail","hentry","category-balti","category-novosti"],"yoast_head":"<!-- This site is optimized with the Yoast SEO plugin v27.4 - https:\/\/yoast.com\/product\/yoast-seo-wordpress\/ -->\n<title>La universitatea din B\u0103l\u021bi \u00ee\u0219i fac studiile tineri din Rom\u00e2nia, Ucraina, Cipru \u0219i Turcia - BTV<\/title>\n<meta name=\"robots\" content=\"index, follow, max-snippet:-1, max-image-preview:large, max-video-preview:-1\" \/>\n<link rel=\"canonical\" href=\"https:\/\/www.btv.md\/ro\/amp\/la-universitatea-din-balti-isi-fac-studiile-tineri-din-romania-ucraina-cipru-si-turcia\/\" \/>\n<meta property=\"og:locale\" content=\"ro_RO\" \/>\n<meta property=\"og:type\" content=\"article\" \/>\n<meta property=\"og:title\" content=\"La universitatea din B\u0103l\u021bi \u00ee\u0219i fac studiile tineri din Rom\u00e2nia, Ucraina, Cipru \u0219i Turcia - BTV\" \/>\n<meta property=\"og:description\" content=\"\u00cen timp ce tinerii din Republica Moldova pleac\u0103 peste hotare la studii, cei din Rom\u00e2nia, Ucraina, Cipru \u0219i Turcia vin \u00een \u021bara noastr\u0103 pentru a c\u0103p\u0103ta o profesie. Este povestea a 17 studen\u021bi care \u015fi-au l\u0103sat prietenii \u0219i familia la sute sau mii de kilometri distan\u021b\u0103 \u0219i au venit s\u0103 \u00eenve\u0163e la Universitatea de Stat [&hellip;]\" \/>\n<meta property=\"og:url\" content=\"https:\/\/www.btv.md\/ro\/amp\/la-universitatea-din-balti-isi-fac-studiile-tineri-din-romania-ucraina-cipru-si-turcia\/\" \/>\n<meta property=\"og:site_name\" content=\"BTV\" \/>\n<meta property=\"article:publisher\" content=\"https:\/\/www.facebook.com\/btvmoldova\/\" \/>\n<meta property=\"article:published_time\" content=\"2017-09-19T14:26:29+00:00\" \/>\n<meta property=\"article:modified_time\" content=\"2017-09-19T14:27:03+00:00\" \/>\n<meta property=\"og:image\" content=\"https:\/\/www.btv.md\/wp-content\/uploads\/2017\/09\/ruso.jpg\" \/>\n\t<meta property=\"og:image:width\" content=\"600\" \/>\n\t<meta property=\"og:image:height\" content=\"315\" \/>\n\t<meta property=\"og:image:type\" content=\"image\/jpeg\" \/>\n<meta name=\"author\" content=\"admin\" \/>\n<meta name=\"twitter:label1\" content=\"Scris de\" \/>\n\t<meta name=\"twitter:data1\" content=\"admin\" \/>\n\t<meta name=\"twitter:label2\" content=\"Timp estimat pentru citire\" \/>\n\t<meta name=\"twitter:data2\" content=\"1 minut\" \/>\n<script type=\"application\/ld+json\" class=\"yoast-schema-graph\">{\"@context\":\"https:\\\/\\\/schema.org\",\"@graph\":[{\"@type\":\"Article\",\"@id\":\"https:\\\/\\\/www.btv.md\\\/ro\\\/amp\\\/la-universitatea-din-balti-isi-fac-studiile-tineri-din-romania-ucraina-cipru-si-turcia\\\/#article\",\"isPartOf\":{\"@id\":\"https:\\\/\\\/www.btv.md\\\/ro\\\/amp\\\/la-universitatea-din-balti-isi-fac-studiile-tineri-din-romania-ucraina-cipru-si-turcia\\\/\"},\"author\":{\"name\":\"admin\",\"@id\":\"https:\\\/\\\/www.btv.md\\\/#\\\/schema\\\/person\\\/8fadce81561b3ce2c34c46dadc4ccbf2\"},\"headline\":\"La universitatea din B\u0103l\u021bi \u00ee\u0219i fac studiile tineri din Rom\u00e2nia, Ucraina, Cipru \u0219i Turcia\",\"datePublished\":\"2017-09-19T14:26:29+00:00\",\"dateModified\":\"2017-09-19T14:27:03+00:00\",\"mainEntityOfPage\":{\"@id\":\"https:\\\/\\\/www.btv.md\\\/ro\\\/amp\\\/la-universitatea-din-balti-isi-fac-studiile-tineri-din-romania-ucraina-cipru-si-turcia\\\/\"},\"wordCount\":311,\"image\":{\"@id\":\"https:\\\/\\\/www.btv.md\\\/ro\\\/amp\\\/la-universitatea-din-balti-isi-fac-studiile-tineri-din-romania-ucraina-cipru-si-turcia\\\/#primaryimage\"},\"thumbnailUrl\":\"https:\\\/\\\/www.btv.md\\\/wp-content\\\/uploads\\\/2017\\\/09\\\/ruso.jpg\",\"articleSection\":[\"\u0413\u043e\u0440\u043e\u0434\",\"\u041d\u043e\u0432\u043e\u0441\u0442\u0438\"],\"inLanguage\":\"ro-RO\"},{\"@type\":\"WebPage\",\"@id\":\"https:\\\/\\\/www.btv.md\\\/ro\\\/amp\\\/la-universitatea-din-balti-isi-fac-studiile-tineri-din-romania-ucraina-cipru-si-turcia\\\/\",\"url\":\"https:\\\/\\\/www.btv.md\\\/ro\\\/amp\\\/la-universitatea-din-balti-isi-fac-studiile-tineri-din-romania-ucraina-cipru-si-turcia\\\/\",\"name\":\"La universitatea din B\u0103l\u021bi \u00ee\u0219i fac studiile tineri din Rom\u00e2nia, Ucraina, Cipru \u0219i Turcia - BTV\",\"isPartOf\":{\"@id\":\"https:\\\/\\\/www.btv.md\\\/#website\"},\"primaryImageOfPage\":{\"@id\":\"https:\\\/\\\/www.btv.md\\\/ro\\\/amp\\\/la-universitatea-din-balti-isi-fac-studiile-tineri-din-romania-ucraina-cipru-si-turcia\\\/#primaryimage\"},\"image\":{\"@id\":\"https:\\\/\\\/www.btv.md\\\/ro\\\/amp\\\/la-universitatea-din-balti-isi-fac-studiile-tineri-din-romania-ucraina-cipru-si-turcia\\\/#primaryimage\"},\"thumbnailUrl\":\"https:\\\/\\\/www.btv.md\\\/wp-content\\\/uploads\\\/2017\\\/09\\\/ruso.jpg\",\"datePublished\":\"2017-09-19T14:26:29+00:00\",\"dateModified\":\"2017-09-19T14:27:03+00:00\",\"author\":{\"@id\":\"https:\\\/\\\/www.btv.md\\\/#\\\/schema\\\/person\\\/8fadce81561b3ce2c34c46dadc4ccbf2\"},\"inLanguage\":\"ro-RO\",\"potentialAction\":[{\"@type\":\"ReadAction\",\"target\":[\"https:\\\/\\\/www.btv.md\\\/ro\\\/amp\\\/la-universitatea-din-balti-isi-fac-studiile-tineri-din-romania-ucraina-cipru-si-turcia\\\/\"]}]},{\"@type\":\"ImageObject\",\"inLanguage\":\"ro-RO\",\"@id\":\"https:\\\/\\\/www.btv.md\\\/ro\\\/amp\\\/la-universitatea-din-balti-isi-fac-studiile-tineri-din-romania-ucraina-cipru-si-turcia\\\/#primaryimage\",\"url\":\"https:\\\/\\\/www.btv.md\\\/wp-content\\\/uploads\\\/2017\\\/09\\\/ruso.jpg\",\"contentUrl\":\"https:\\\/\\\/www.btv.md\\\/wp-content\\\/uploads\\\/2017\\\/09\\\/ruso.jpg\",\"width\":600,\"height\":315},{\"@type\":\"WebSite\",\"@id\":\"https:\\\/\\\/www.btv.md\\\/#website\",\"url\":\"https:\\\/\\\/www.btv.md\\\/\",\"name\":\"BTV\",\"description\":\"\u0411\u0435\u043b\u044c\u0446\u043a\u043e\u0435 \u0442\u0435\u043b\u0435\u0432\u0438\u0434\u0435\u043d\u0438\u0435\",\"potentialAction\":[{\"@type\":\"SearchAction\",\"target\":{\"@type\":\"EntryPoint\",\"urlTemplate\":\"https:\\\/\\\/www.btv.md\\\/?s={search_term_string}\"},\"query-input\":{\"@type\":\"PropertyValueSpecification\",\"valueRequired\":true,\"valueName\":\"search_term_string\"}}],\"inLanguage\":\"ro-RO\"},{\"@type\":\"Person\",\"@id\":\"https:\\\/\\\/www.btv.md\\\/#\\\/schema\\\/person\\\/8fadce81561b3ce2c34c46dadc4ccbf2\",\"name\":\"admin\"}]}<\/script>\n<!-- \/ Yoast SEO plugin. -->","yoast_head_json":{"title":"La universitatea din B\u0103l\u021bi \u00ee\u0219i fac studiile tineri din Rom\u00e2nia, Ucraina, Cipru \u0219i Turcia - BTV","robots":{"index":"index","follow":"follow","max-snippet":"max-snippet:-1","max-image-preview":"max-image-preview:large","max-video-preview":"max-video-preview:-1"},"canonical":"https:\/\/www.btv.md\/ro\/amp\/la-universitatea-din-balti-isi-fac-studiile-tineri-din-romania-ucraina-cipru-si-turcia\/","og_locale":"ro_RO","og_type":"article","og_title":"La universitatea din B\u0103l\u021bi \u00ee\u0219i fac studiile tineri din Rom\u00e2nia, Ucraina, Cipru \u0219i Turcia - BTV","og_description":"\u00cen timp ce tinerii din Republica Moldova pleac\u0103 peste hotare la studii, cei din Rom\u00e2nia, Ucraina, Cipru \u0219i Turcia vin \u00een \u021bara noastr\u0103 pentru a c\u0103p\u0103ta o profesie. Este povestea a 17 studen\u021bi care \u015fi-au l\u0103sat prietenii \u0219i familia la sute sau mii de kilometri distan\u021b\u0103 \u0219i au venit s\u0103 \u00eenve\u0163e la Universitatea de Stat [&hellip;]","og_url":"https:\/\/www.btv.md\/ro\/amp\/la-universitatea-din-balti-isi-fac-studiile-tineri-din-romania-ucraina-cipru-si-turcia\/","og_site_name":"BTV","article_publisher":"https:\/\/www.facebook.com\/btvmoldova\/","article_published_time":"2017-09-19T14:26:29+00:00","article_modified_time":"2017-09-19T14:27:03+00:00","og_image":[{"width":600,"height":315,"url":"https:\/\/www.btv.md\/wp-content\/uploads\/2017\/09\/ruso.jpg","type":"image\/jpeg"}],"author":"admin","twitter_misc":{"Scris de":"admin","Timp estimat pentru citire":"1 minut"},"schema":{"@context":"https:\/\/schema.org","@graph":[{"@type":"Article","@id":"https:\/\/www.btv.md\/ro\/amp\/la-universitatea-din-balti-isi-fac-studiile-tineri-din-romania-ucraina-cipru-si-turcia\/#article","isPartOf":{"@id":"https:\/\/www.btv.md\/ro\/amp\/la-universitatea-din-balti-isi-fac-studiile-tineri-din-romania-ucraina-cipru-si-turcia\/"},"author":{"name":"admin","@id":"https:\/\/www.btv.md\/#\/schema\/person\/8fadce81561b3ce2c34c46dadc4ccbf2"},"headline":"La universitatea din B\u0103l\u021bi \u00ee\u0219i fac studiile tineri din Rom\u00e2nia, Ucraina, Cipru \u0219i Turcia","datePublished":"2017-09-19T14:26:29+00:00","dateModified":"2017-09-19T14:27:03+00:00","mainEntityOfPage":{"@id":"https:\/\/www.btv.md\/ro\/amp\/la-universitatea-din-balti-isi-fac-studiile-tineri-din-romania-ucraina-cipru-si-turcia\/"},"wordCount":311,"image":{"@id":"https:\/\/www.btv.md\/ro\/amp\/la-universitatea-din-balti-isi-fac-studiile-tineri-din-romania-ucraina-cipru-si-turcia\/#primaryimage"},"thumbnailUrl":"https:\/\/www.btv.md\/wp-content\/uploads\/2017\/09\/ruso.jpg","articleSection":["\u0413\u043e\u0440\u043e\u0434","\u041d\u043e\u0432\u043e\u0441\u0442\u0438"],"inLanguage":"ro-RO"},{"@type":"WebPage","@id":"https:\/\/www.btv.md\/ro\/amp\/la-universitatea-din-balti-isi-fac-studiile-tineri-din-romania-ucraina-cipru-si-turcia\/","url":"https:\/\/www.btv.md\/ro\/amp\/la-universitatea-din-balti-isi-fac-studiile-tineri-din-romania-ucraina-cipru-si-turcia\/","name":"La universitatea din B\u0103l\u021bi \u00ee\u0219i fac studiile tineri din Rom\u00e2nia, Ucraina, Cipru \u0219i Turcia - BTV","isPartOf":{"@id":"https:\/\/www.btv.md\/#website"},"primaryImageOfPage":{"@id":"https:\/\/www.btv.md\/ro\/amp\/la-universitatea-din-balti-isi-fac-studiile-tineri-din-romania-ucraina-cipru-si-turcia\/#primaryimage"},"image":{"@id":"https:\/\/www.btv.md\/ro\/amp\/la-universitatea-din-balti-isi-fac-studiile-tineri-din-romania-ucraina-cipru-si-turcia\/#primaryimage"},"thumbnailUrl":"https:\/\/www.btv.md\/wp-content\/uploads\/2017\/09\/ruso.jpg","datePublished":"2017-09-19T14:26:29+00:00","dateModified":"2017-09-19T14:27:03+00:00","author":{"@id":"https:\/\/www.btv.md\/#\/schema\/person\/8fadce81561b3ce2c34c46dadc4ccbf2"},"inLanguage":"ro-RO","potentialAction":[{"@type":"ReadAction","target":["https:\/\/www.btv.md\/ro\/amp\/la-universitatea-din-balti-isi-fac-studiile-tineri-din-romania-ucraina-cipru-si-turcia\/"]}]},{"@type":"ImageObject","inLanguage":"ro-RO","@id":"https:\/\/www.btv.md\/ro\/amp\/la-universitatea-din-balti-isi-fac-studiile-tineri-din-romania-ucraina-cipru-si-turcia\/#primaryimage","url":"https:\/\/www.btv.md\/wp-content\/uploads\/2017\/09\/ruso.jpg","contentUrl":"https:\/\/www.btv.md\/wp-content\/uploads\/2017\/09\/ruso.jpg","width":600,"height":315},{"@type":"WebSite","@id":"https:\/\/www.btv.md\/#website","url":"https:\/\/www.btv.md\/","name":"BTV","description":"\u0411\u0435\u043b\u044c\u0446\u043a\u043e\u0435 \u0442\u0435\u043b\u0435\u0432\u0438\u0434\u0435\u043d\u0438\u0435","potentialAction":[{"@type":"SearchAction","target":{"@type":"EntryPoint","urlTemplate":"https:\/\/www.btv.md\/?s={search_term_string}"},"query-input":{"@type":"PropertyValueSpecification","valueRequired":true,"valueName":"search_term_string"}}],"inLanguage":"ro-RO"},{"@type":"Person","@id":"https:\/\/www.btv.md\/#\/schema\/person\/8fadce81561b3ce2c34c46dadc4ccbf2","name":"admin"}]}},"_links":{"self":[{"href":"https:\/\/www.btv.md\/ro\/wp-json\/wp\/v2\/posts\/32444","targetHints":{"allow":["GET"]}}],"collection":[{"href":"https:\/\/www.btv.md\/ro\/wp-json\/wp\/v2\/posts"}],"about":[{"href":"https:\/\/www.btv.md\/ro\/wp-json\/wp\/v2\/types\/post"}],"author":[{"embeddable":true,"href":"https:\/\/www.btv.md\/ro\/wp-json\/wp\/v2\/users\/4"}],"replies":[{"embeddable":true,"href":"https:\/\/www.btv.md\/ro\/wp-json\/wp\/v2\/comments?post=32444"}],"version-history":[{"count":0,"href":"https:\/\/www.btv.md\/ro\/wp-json\/wp\/v2\/posts\/32444\/revisions"}],"wp:featuredmedia":[{"embeddable":true,"href":"https:\/\/www.btv.md\/ro\/wp-json\/wp\/v2\/media\/32446"}],"wp:attachment":[{"href":"https:\/\/www.btv.md\/ro\/wp-json\/wp\/v2\/media?parent=32444"}],"wp:term":[{"taxonomy":"category","embeddable":true,"href":"https:\/\/www.btv.md\/ro\/wp-json\/wp\/v2\/categories?post=32444"},{"taxonomy":"post_tag","embeddable":true,"href":"https:\/\/www.btv.md\/ro\/wp-json\/wp\/v2\/tags?post=32444"}],"curies":[{"name":"wp","href":"https:\/\/api.w.org\/{rel}","templated":true}]}}