{"id":32459,"date":"2017-09-19T18:09:13","date_gmt":"2017-09-19T15:09:13","guid":{"rendered":"http:\/\/btv.md\/?p=32459"},"modified":"2017-09-25T11:06:56","modified_gmt":"2017-09-25T08:06:56","slug":"o-vizita-la-caminele-studentesti-din-balti","status":"publish","type":"post","link":"https:\/\/www.btv.md\/ro\/o-vizita-la-caminele-studentesti-din-balti\/","title":{"rendered":"O vizit\u0103 la c\u0103minele studen\u021be\u0219ti din B\u0103l\u021bi"},"content":{"rendered":"<p><strong>C\u0103minele sunt cele mai ieftine variante de cazare pentru studen\u021bi. A\u0219a c\u0103, \u0219i \u00een acest an, cele patru c\u0103mine din campusul Universit\u0103\u021bii de Stat \u201eAlecu Russo\u201d din B\u0103l\u021bi au fost la mare solicitare. Cu repara\u021bie capital\u0103 sau nu, cele aproape o mie de locuri au fost ocupate, \u00een mare parte, de tineri din provincie.\u00a0Cele mai bune condi\u021bii le putem g\u0103si \u00een c\u0103minul \u201eIntegrala\u201d, acolo unde acum trei ani au fost f\u0103cute investi\u021bi de peste cinci milioane de lei. Prorectorul Gheorghe Neagu, spune c\u0103 bugetul nu le permite repara\u021bia concomitent\u0103 a tuturor c\u0103minelor a\u0219a c\u0103 fac acest lucru treptat.<\/strong><\/p>\n<p>\u00a0 \u00a0 \u00a0 \u00a0 \u00a0 \u00a0 \u00a0 \u00a0 \u00a0 \u00a0 \u00a0 \u00a0 \u00a0 \u00a0 \u00a0 \u00a0<iframe data-src=\"https:\/\/www.youtube.com\/embed\/gQCMlMEJxZ8\" width=\"820\" height=\"600\" frameborder=\"0\" allowfullscreen=\"allowfullscreen\" src=\"data:image\/svg+xml;base64,PHN2ZyB3aWR0aD0iMSIgaGVpZ2h0PSIxIiB4bWxucz0iaHR0cDovL3d3dy53My5vcmcvMjAwMC9zdmciPjwvc3ZnPg==\" class=\"lazyload\" data-load-mode=\"1\"><\/iframe><\/p>\n<p>Studen\u021bii care sunt caza\u021bi \u00een c\u0103minul \u201eIntegrala\u201d sunt mul\u021bumi\u021bi de condi\u021biile de aici. Pe l\u00e2ng\u0103 repara\u021bie, od\u0103ile au fost dotate \u0219i cu mobilier nou.<\/p>\n<p>De cealalt\u0103 parte, studen\u021bii care locuiesc \u00een c\u0103minul \u201eOlimp\u201d vor condi\u021bii mai bune de trai, de\u0219i recunosc, c\u0103 taxa pe care o achit\u0103 nu permite mai mult.<\/p>\n<p>\u00cen una din od\u0103i am g\u0103sit o familie nou format\u0103, care locuie\u0219te \u00een acest c\u0103min deja de trei ani.<\/p>\n<p>Tinerii spun c\u0103 \u0219i-ar dori condi\u021bii similare celor din c\u0103minul \u201eIntegrala\u201d sau \u201eLuceaf\u0103rul\u201d.<\/p>\n<p>Gheorghe Neagu a men\u021bionat c\u0103 o parte din dolian\u021bele studen\u021bilor, caza\u021bi \u00een c\u0103minul \u201eOlimp\u201d vor fi\u00a0 \u00eemplinite \u00een cur\u00e2nd. \u00cen primul r\u00e2nd, vor fi instalate gemuri noi.<\/p>\n<p>Taxa lunar\u0103 pentru o odaie \u00een c\u0103min variaz\u0103 \u00een func\u021bie de mai mul\u021bi factori. Astfel, cea mai mic\u0103 tax\u0103 o achit\u0103 studen\u021bii care locuiesc \u00een c\u0103minele \u201eOlimp\u201d \u0219i \u201eRomanticii\u201d-pu\u021bin peste 200 de lei. Cei care locuiesc \u00een c\u0103minele reparate capital, achit\u0103 de la 300 la 500 de lei, \u00een func\u021bie de condi\u021bii \u0219i\u00a0num\u0103rul de persoane cazate \u00een odaie.<\/p>\n","protected":false},"excerpt":{"rendered":"<p>C\u0103minele sunt cele mai ieftine variante de cazare pentru studen\u021bi. A\u0219a c\u0103, \u0219i \u00een acest an, cele patru c\u0103mine din campusul Universit\u0103\u021bii de Stat \u201eAlecu Russo\u201d din B\u0103l\u021bi au fost la mare solicitare. Cu repara\u021bie capital\u0103 sau nu, cele aproape o mie de locuri au fost ocupate, \u00een mare parte, de tineri din provincie.\u00a0Cele mai [&hellip;]<\/p>\n","protected":false},"author":4,"featured_media":32460,"comment_status":"closed","ping_status":"closed","sticky":false,"template":"","format":"standard","meta":{"footnotes":""},"categories":[6353,6377],"tags":[],"class_list":["post-32459","post","type-post","status-publish","format-standard","has-post-thumbnail","hentry","category-oras","category-stiri"],"yoast_head":"<!-- This site is optimized with the Yoast SEO plugin v27.4 - https:\/\/yoast.com\/product\/yoast-seo-wordpress\/ -->\n<title>O vizit\u0103 la c\u0103minele studen\u021be\u0219ti din municipiul B\u0103l\u021bi<\/title>\n<meta name=\"description\" content=\"\u0218i \u00een acest an, cele patru c\u0103mine din campusul Universit\u0103\u021bii de Stat \u201eAlecu Russo\u201d din B\u0103l\u021bi au fost la mare solicitare, de c\u0103tre noii studen\u021bi.\" \/>\n<meta name=\"robots\" content=\"index, follow, max-snippet:-1, max-image-preview:large, max-video-preview:-1\" \/>\n<link rel=\"canonical\" href=\"https:\/\/www.btv.md\/ro\/o-vizita-la-caminele-studentesti-din-balti\/\" \/>\n<meta property=\"og:locale\" content=\"ro_RO\" \/>\n<meta property=\"og:type\" content=\"article\" \/>\n<meta property=\"og:title\" content=\"O vizit\u0103 la c\u0103minele studen\u021be\u0219ti din B\u0103l\u021bi\" \/>\n<meta property=\"og:description\" content=\"C\u0103minele sunt cele mai ieftine variante de cazare pentru studen\u021bi. A\u0219a c\u0103, \u0219i \u00een acest an, cele patru c\u0103mine din campusul Universit\u0103\u021bii de Stat \u201eAlecu Russo\u201d din B\u0103l\u021bi au fost la mare solicitare.\" \/>\n<meta property=\"og:url\" content=\"https:\/\/www.btv.md\/ro\/o-vizita-la-caminele-studentesti-din-balti\/\" \/>\n<meta property=\"og:site_name\" content=\"BTV\" \/>\n<meta property=\"article:publisher\" content=\"https:\/\/www.facebook.com\/btvmoldova\/\" \/>\n<meta property=\"article:published_time\" content=\"2017-09-19T15:09:13+00:00\" \/>\n<meta property=\"article:modified_time\" content=\"2017-09-25T08:06:56+00:00\" \/>\n<meta property=\"og:image\" content=\"https:\/\/www.btv.md\/wp-content\/uploads\/2017\/09\/camin.jpg\" \/>\n\t<meta property=\"og:image:width\" content=\"1311\" \/>\n\t<meta property=\"og:image:height\" content=\"625\" \/>\n\t<meta property=\"og:image:type\" content=\"image\/jpeg\" \/>\n<meta name=\"author\" content=\"admin\" \/>\n<meta name=\"twitter:label1\" content=\"Scris de\" \/>\n\t<meta name=\"twitter:data1\" content=\"admin\" \/>\n\t<meta name=\"twitter:label2\" content=\"Timp estimat pentru citire\" \/>\n\t<meta name=\"twitter:data2\" content=\"2 minute\" \/>\n<script type=\"application\/ld+json\" class=\"yoast-schema-graph\">{\"@context\":\"https:\\\/\\\/schema.org\",\"@graph\":[{\"@type\":\"Article\",\"@id\":\"https:\\\/\\\/www.btv.md\\\/ro\\\/o-vizita-la-caminele-studentesti-din-balti\\\/#article\",\"isPartOf\":{\"@id\":\"https:\\\/\\\/www.btv.md\\\/ro\\\/o-vizita-la-caminele-studentesti-din-balti\\\/\"},\"author\":{\"name\":\"admin\",\"@id\":\"https:\\\/\\\/www.btv.md\\\/#\\\/schema\\\/person\\\/8fadce81561b3ce2c34c46dadc4ccbf2\"},\"headline\":\"O vizit\u0103 la c\u0103minele studen\u021be\u0219ti din B\u0103l\u021bi\",\"datePublished\":\"2017-09-19T15:09:13+00:00\",\"dateModified\":\"2017-09-25T08:06:56+00:00\",\"mainEntityOfPage\":{\"@id\":\"https:\\\/\\\/www.btv.md\\\/ro\\\/o-vizita-la-caminele-studentesti-din-balti\\\/\"},\"wordCount\":331,\"image\":{\"@id\":\"https:\\\/\\\/www.btv.md\\\/ro\\\/o-vizita-la-caminele-studentesti-din-balti\\\/#primaryimage\"},\"thumbnailUrl\":\"https:\\\/\\\/www.btv.md\\\/wp-content\\\/uploads\\\/2017\\\/09\\\/camin.jpg\",\"articleSection\":[\"Ora\u0219\",\"\u0218tiri\"],\"inLanguage\":\"ro-RO\"},{\"@type\":\"WebPage\",\"@id\":\"https:\\\/\\\/www.btv.md\\\/ro\\\/o-vizita-la-caminele-studentesti-din-balti\\\/\",\"url\":\"https:\\\/\\\/www.btv.md\\\/ro\\\/o-vizita-la-caminele-studentesti-din-balti\\\/\",\"name\":\"O vizit\u0103 la c\u0103minele studen\u021be\u0219ti din municipiul B\u0103l\u021bi\",\"isPartOf\":{\"@id\":\"https:\\\/\\\/www.btv.md\\\/#website\"},\"primaryImageOfPage\":{\"@id\":\"https:\\\/\\\/www.btv.md\\\/ro\\\/o-vizita-la-caminele-studentesti-din-balti\\\/#primaryimage\"},\"image\":{\"@id\":\"https:\\\/\\\/www.btv.md\\\/ro\\\/o-vizita-la-caminele-studentesti-din-balti\\\/#primaryimage\"},\"thumbnailUrl\":\"https:\\\/\\\/www.btv.md\\\/wp-content\\\/uploads\\\/2017\\\/09\\\/camin.jpg\",\"datePublished\":\"2017-09-19T15:09:13+00:00\",\"dateModified\":\"2017-09-25T08:06:56+00:00\",\"author\":{\"@id\":\"https:\\\/\\\/www.btv.md\\\/#\\\/schema\\\/person\\\/8fadce81561b3ce2c34c46dadc4ccbf2\"},\"description\":\"\u0218i \u00een acest an, cele patru c\u0103mine din campusul Universit\u0103\u021bii de Stat \u201eAlecu Russo\u201d din B\u0103l\u021bi au fost la mare solicitare, de c\u0103tre noii studen\u021bi.\",\"inLanguage\":\"ro-RO\",\"potentialAction\":[{\"@type\":\"ReadAction\",\"target\":[\"https:\\\/\\\/www.btv.md\\\/ro\\\/o-vizita-la-caminele-studentesti-din-balti\\\/\"]}]},{\"@type\":\"ImageObject\",\"inLanguage\":\"ro-RO\",\"@id\":\"https:\\\/\\\/www.btv.md\\\/ro\\\/o-vizita-la-caminele-studentesti-din-balti\\\/#primaryimage\",\"url\":\"https:\\\/\\\/www.btv.md\\\/wp-content\\\/uploads\\\/2017\\\/09\\\/camin.jpg\",\"contentUrl\":\"https:\\\/\\\/www.btv.md\\\/wp-content\\\/uploads\\\/2017\\\/09\\\/camin.jpg\",\"width\":1311,\"height\":625,\"caption\":\"c\u0103mine\"},{\"@type\":\"WebSite\",\"@id\":\"https:\\\/\\\/www.btv.md\\\/#website\",\"url\":\"https:\\\/\\\/www.btv.md\\\/\",\"name\":\"BTV\",\"description\":\"\u0411\u0435\u043b\u044c\u0446\u043a\u043e\u0435 \u0442\u0435\u043b\u0435\u0432\u0438\u0434\u0435\u043d\u0438\u0435\",\"potentialAction\":[{\"@type\":\"SearchAction\",\"target\":{\"@type\":\"EntryPoint\",\"urlTemplate\":\"https:\\\/\\\/www.btv.md\\\/?s={search_term_string}\"},\"query-input\":{\"@type\":\"PropertyValueSpecification\",\"valueRequired\":true,\"valueName\":\"search_term_string\"}}],\"inLanguage\":\"ro-RO\"},{\"@type\":\"Person\",\"@id\":\"https:\\\/\\\/www.btv.md\\\/#\\\/schema\\\/person\\\/8fadce81561b3ce2c34c46dadc4ccbf2\",\"name\":\"admin\"}]}<\/script>\n<!-- \/ Yoast SEO plugin. -->","yoast_head_json":{"title":"O vizit\u0103 la c\u0103minele studen\u021be\u0219ti din municipiul B\u0103l\u021bi","description":"\u0218i \u00een acest an, cele patru c\u0103mine din campusul Universit\u0103\u021bii de Stat \u201eAlecu Russo\u201d din B\u0103l\u021bi au fost la mare solicitare, de c\u0103tre noii studen\u021bi.","robots":{"index":"index","follow":"follow","max-snippet":"max-snippet:-1","max-image-preview":"max-image-preview:large","max-video-preview":"max-video-preview:-1"},"canonical":"https:\/\/www.btv.md\/ro\/o-vizita-la-caminele-studentesti-din-balti\/","og_locale":"ro_RO","og_type":"article","og_title":"O vizit\u0103 la c\u0103minele studen\u021be\u0219ti din B\u0103l\u021bi","og_description":"C\u0103minele sunt cele mai ieftine variante de cazare pentru studen\u021bi. A\u0219a c\u0103, \u0219i \u00een acest an, cele patru c\u0103mine din campusul Universit\u0103\u021bii de Stat \u201eAlecu Russo\u201d din B\u0103l\u021bi au fost la mare solicitare.","og_url":"https:\/\/www.btv.md\/ro\/o-vizita-la-caminele-studentesti-din-balti\/","og_site_name":"BTV","article_publisher":"https:\/\/www.facebook.com\/btvmoldova\/","article_published_time":"2017-09-19T15:09:13+00:00","article_modified_time":"2017-09-25T08:06:56+00:00","og_image":[{"width":1311,"height":625,"url":"https:\/\/www.btv.md\/wp-content\/uploads\/2017\/09\/camin.jpg","type":"image\/jpeg"}],"author":"admin","twitter_misc":{"Scris de":"admin","Timp estimat pentru citire":"2 minute"},"schema":{"@context":"https:\/\/schema.org","@graph":[{"@type":"Article","@id":"https:\/\/www.btv.md\/ro\/o-vizita-la-caminele-studentesti-din-balti\/#article","isPartOf":{"@id":"https:\/\/www.btv.md\/ro\/o-vizita-la-caminele-studentesti-din-balti\/"},"author":{"name":"admin","@id":"https:\/\/www.btv.md\/#\/schema\/person\/8fadce81561b3ce2c34c46dadc4ccbf2"},"headline":"O vizit\u0103 la c\u0103minele studen\u021be\u0219ti din B\u0103l\u021bi","datePublished":"2017-09-19T15:09:13+00:00","dateModified":"2017-09-25T08:06:56+00:00","mainEntityOfPage":{"@id":"https:\/\/www.btv.md\/ro\/o-vizita-la-caminele-studentesti-din-balti\/"},"wordCount":331,"image":{"@id":"https:\/\/www.btv.md\/ro\/o-vizita-la-caminele-studentesti-din-balti\/#primaryimage"},"thumbnailUrl":"https:\/\/www.btv.md\/wp-content\/uploads\/2017\/09\/camin.jpg","articleSection":["Ora\u0219","\u0218tiri"],"inLanguage":"ro-RO"},{"@type":"WebPage","@id":"https:\/\/www.btv.md\/ro\/o-vizita-la-caminele-studentesti-din-balti\/","url":"https:\/\/www.btv.md\/ro\/o-vizita-la-caminele-studentesti-din-balti\/","name":"O vizit\u0103 la c\u0103minele studen\u021be\u0219ti din municipiul B\u0103l\u021bi","isPartOf":{"@id":"https:\/\/www.btv.md\/#website"},"primaryImageOfPage":{"@id":"https:\/\/www.btv.md\/ro\/o-vizita-la-caminele-studentesti-din-balti\/#primaryimage"},"image":{"@id":"https:\/\/www.btv.md\/ro\/o-vizita-la-caminele-studentesti-din-balti\/#primaryimage"},"thumbnailUrl":"https:\/\/www.btv.md\/wp-content\/uploads\/2017\/09\/camin.jpg","datePublished":"2017-09-19T15:09:13+00:00","dateModified":"2017-09-25T08:06:56+00:00","author":{"@id":"https:\/\/www.btv.md\/#\/schema\/person\/8fadce81561b3ce2c34c46dadc4ccbf2"},"description":"\u0218i \u00een acest an, cele patru c\u0103mine din campusul Universit\u0103\u021bii de Stat \u201eAlecu Russo\u201d din B\u0103l\u021bi au fost la mare solicitare, de c\u0103tre noii studen\u021bi.","inLanguage":"ro-RO","potentialAction":[{"@type":"ReadAction","target":["https:\/\/www.btv.md\/ro\/o-vizita-la-caminele-studentesti-din-balti\/"]}]},{"@type":"ImageObject","inLanguage":"ro-RO","@id":"https:\/\/www.btv.md\/ro\/o-vizita-la-caminele-studentesti-din-balti\/#primaryimage","url":"https:\/\/www.btv.md\/wp-content\/uploads\/2017\/09\/camin.jpg","contentUrl":"https:\/\/www.btv.md\/wp-content\/uploads\/2017\/09\/camin.jpg","width":1311,"height":625,"caption":"c\u0103mine"},{"@type":"WebSite","@id":"https:\/\/www.btv.md\/#website","url":"https:\/\/www.btv.md\/","name":"BTV","description":"\u0411\u0435\u043b\u044c\u0446\u043a\u043e\u0435 \u0442\u0435\u043b\u0435\u0432\u0438\u0434\u0435\u043d\u0438\u0435","potentialAction":[{"@type":"SearchAction","target":{"@type":"EntryPoint","urlTemplate":"https:\/\/www.btv.md\/?s={search_term_string}"},"query-input":{"@type":"PropertyValueSpecification","valueRequired":true,"valueName":"search_term_string"}}],"inLanguage":"ro-RO"},{"@type":"Person","@id":"https:\/\/www.btv.md\/#\/schema\/person\/8fadce81561b3ce2c34c46dadc4ccbf2","name":"admin"}]}},"_links":{"self":[{"href":"https:\/\/www.btv.md\/ro\/wp-json\/wp\/v2\/posts\/32459","targetHints":{"allow":["GET"]}}],"collection":[{"href":"https:\/\/www.btv.md\/ro\/wp-json\/wp\/v2\/posts"}],"about":[{"href":"https:\/\/www.btv.md\/ro\/wp-json\/wp\/v2\/types\/post"}],"author":[{"embeddable":true,"href":"https:\/\/www.btv.md\/ro\/wp-json\/wp\/v2\/users\/4"}],"replies":[{"embeddable":true,"href":"https:\/\/www.btv.md\/ro\/wp-json\/wp\/v2\/comments?post=32459"}],"version-history":[{"count":0,"href":"https:\/\/www.btv.md\/ro\/wp-json\/wp\/v2\/posts\/32459\/revisions"}],"wp:featuredmedia":[{"embeddable":true,"href":"https:\/\/www.btv.md\/ro\/wp-json\/wp\/v2\/media\/32460"}],"wp:attachment":[{"href":"https:\/\/www.btv.md\/ro\/wp-json\/wp\/v2\/media?parent=32459"}],"wp:term":[{"taxonomy":"category","embeddable":true,"href":"https:\/\/www.btv.md\/ro\/wp-json\/wp\/v2\/categories?post=32459"},{"taxonomy":"post_tag","embeddable":true,"href":"https:\/\/www.btv.md\/ro\/wp-json\/wp\/v2\/tags?post=32459"}],"curies":[{"name":"wp","href":"https:\/\/api.w.org\/{rel}","templated":true}]}}