{"id":32463,"date":"2017-09-20T10:30:16","date_gmt":"2017-09-20T07:30:16","guid":{"rendered":"http:\/\/btv.md\/?p=32463"},"modified":"2017-09-20T10:30:16","modified_gmt":"2017-09-20T07:30:16","slug":"reactia-rusiei-la-faptul-ca-sua-va-furniza-arme-letale-ucrainei","status":"publish","type":"post","link":"https:\/\/www.btv.md\/ro\/reactia-rusiei-la-faptul-ca-sua-va-furniza-arme-letale-ucrainei\/","title":{"rendered":"Reac\u021bia Rusiei la faptul c\u0103 SUA va furniza arme letale Ucrainei"},"content":{"rendered":"<p><strong>Posibilele livr\u0103ri de arme letale de c\u0103tre SUA Ucrainei nu vor favoriza stabilitatea \u00een estul Ucrainei, teatrul unui conflict armat \u00eentre for\u021bele guvernamentale ucrainene \u0219i rebeli separati\u0219ti proru\u0219i, a declarat mar\u021bi Kremlinul, citat de Reuters.<\/strong><\/p>\n<p>Pre\u0219edintele Ucrainei, Petro Poro\u0219enko, a scris pe pagina sa de pe o re\u021bea de socializare c\u0103 Senatul american a aprobat furnizarea de &#8222;arme letale cu caracter defensiv \u021b\u0103rii noastre&#8221;.\u00a0<\/p>\n<p>Potrivit pre\u0219edintelui ucrainean, proiectul de lege aprobat de senatorii americani prevede alocarea unui ajutor \u00een valoare de 500 milioane de dolari pentru a sprijini Ucraina \u00een domeniul ap\u0103r\u0103rii \u0219i al securit\u0103\u021bii, transmite\u00a0<a href=\"https:\/\/www.agerpres.ro\/externe\/2017\/09\/19\/kremlin-posibila-furnizare-de-arme-letale-de-catre-sua-ucrainei-nu-va-favoriza-stabilitatea-13-53-32\">Agerpres<\/a>.<\/p>\n<p>&#8222;Pentru prima oar\u0103 la nivel legislativ, se propune livrarea c\u0103tre Ucraina de mijloace defensive precum radare de ap\u0103rare antiaerian\u0103 \u0219i supraveghere, mine antinavale, nave de coast\u0103&#8221;, men\u021bioneaz\u0103 Poro\u0219enko \u00een mesajul s\u0103u pe Twitter, potrivit agen\u021biei de pres\u0103 ucrainene Unian.\u00a0<\/p>\n<p>&#8222;Alocarea de credite din partea SUA Ucrainei \u021bine de planul rela\u021biilor bilaterale dintre cele dou\u0103 \u021b\u0103ri, dar furnizarea de arme letale nu va contribui, desigur, la solu\u021bionarea conflictului din estul Ucrainei&#8221;, a insistat purt\u0103torul de cuv\u00e2nt al Kremlinului, Dmitri Peskov, citat de TASS.\u00a0<\/p>\n<p>&#8222;Aceasta este declara\u021bia pre\u0219edintelui Poro\u0219enko, nu am auzit nicio declara\u021bie de partea american\u0103 cu privire la acest subiect&#8221;, a spus el, f\u0103r\u0103 alte comentarii.\u00a0<\/p>\n<p>Rusia se opune ferm oric\u0103rei livr\u0103ri de arme letale de c\u0103tre SUA Ucrainei \u0219i a avertizat c\u0103 aceasta ar duce la recrudescen\u021ba conflictului din estul Ucrainei.\u00a0<\/p>\n<p>Senatul a aprobat, luni, alocarea a 150 de milioane de dolari ca ajutor militar Ucrainei \u00een anul financiar 2018 (ini\u021bial suma prev\u0103zut\u0103 ajungea la 350 milioane de dolari), aminte\u0219te TASS.<\/p>\n","protected":false},"excerpt":{"rendered":"<p>Posibilele livr\u0103ri de arme letale de c\u0103tre SUA Ucrainei nu vor favoriza stabilitatea \u00een estul Ucrainei, teatrul unui conflict armat \u00eentre for\u021bele guvernamentale ucrainene \u0219i rebeli separati\u0219ti proru\u0219i, a declarat mar\u021bi Kremlinul, citat de Reuters. Pre\u0219edintele Ucrainei, Petro Poro\u0219enko, a scris pe pagina sa de pe o re\u021bea de socializare c\u0103 Senatul american a aprobat [&hellip;]<\/p>\n","protected":false},"author":4,"featured_media":32464,"comment_status":"closed","ping_status":"closed","sticky":false,"template":"","format":"standard","meta":{"footnotes":""},"categories":[6354],"tags":[],"class_list":["post-32463","post","type-post","status-publish","format-standard","has-post-thumbnail","hentry","category-externe-ro"],"yoast_head":"<!-- This site is optimized with the Yoast SEO plugin v27.4 - https:\/\/yoast.com\/product\/yoast-seo-wordpress\/ -->\n<title>Reac\u021bia Rusiei la faptul c\u0103 SUA va furniza arme letale Ucrainei - BTV<\/title>\n<meta name=\"robots\" content=\"index, follow, max-snippet:-1, max-image-preview:large, max-video-preview:-1\" \/>\n<link rel=\"canonical\" href=\"https:\/\/www.btv.md\/ro\/reactia-rusiei-la-faptul-ca-sua-va-furniza-arme-letale-ucrainei\/\" \/>\n<meta property=\"og:locale\" content=\"ro_RO\" \/>\n<meta property=\"og:type\" content=\"article\" \/>\n<meta property=\"og:title\" content=\"Reac\u021bia Rusiei la faptul c\u0103 SUA va furniza arme letale Ucrainei - BTV\" \/>\n<meta property=\"og:description\" content=\"Posibilele livr\u0103ri de arme letale de c\u0103tre SUA Ucrainei nu vor favoriza stabilitatea \u00een estul Ucrainei, teatrul unui conflict armat \u00eentre for\u021bele guvernamentale ucrainene \u0219i rebeli separati\u0219ti proru\u0219i, a declarat mar\u021bi Kremlinul, citat de Reuters. Pre\u0219edintele Ucrainei, Petro Poro\u0219enko, a scris pe pagina sa de pe o re\u021bea de socializare c\u0103 Senatul american a aprobat [&hellip;]\" \/>\n<meta property=\"og:url\" content=\"https:\/\/www.btv.md\/ro\/reactia-rusiei-la-faptul-ca-sua-va-furniza-arme-letale-ucrainei\/\" \/>\n<meta property=\"og:site_name\" content=\"BTV\" \/>\n<meta property=\"article:publisher\" content=\"https:\/\/www.facebook.com\/btvmoldova\/\" \/>\n<meta property=\"article:published_time\" content=\"2017-09-20T07:30:16+00:00\" \/>\n<meta property=\"og:image\" content=\"https:\/\/www.btv.md\/wp-content\/uploads\/2017\/09\/UKRAINA.jpg\" \/>\n\t<meta property=\"og:image:width\" content=\"1250\" \/>\n\t<meta property=\"og:image:height\" content=\"833\" \/>\n\t<meta property=\"og:image:type\" content=\"image\/jpeg\" \/>\n<meta name=\"author\" content=\"admin\" \/>\n<meta name=\"twitter:label1\" content=\"Scris de\" \/>\n\t<meta name=\"twitter:data1\" content=\"admin\" \/>\n\t<meta name=\"twitter:label2\" content=\"Timp estimat pentru citire\" \/>\n\t<meta name=\"twitter:data2\" content=\"1 minut\" \/>\n<script type=\"application\/ld+json\" class=\"yoast-schema-graph\">{\"@context\":\"https:\\\/\\\/schema.org\",\"@graph\":[{\"@type\":\"Article\",\"@id\":\"https:\\\/\\\/www.btv.md\\\/ro\\\/reactia-rusiei-la-faptul-ca-sua-va-furniza-arme-letale-ucrainei\\\/#article\",\"isPartOf\":{\"@id\":\"https:\\\/\\\/www.btv.md\\\/ro\\\/reactia-rusiei-la-faptul-ca-sua-va-furniza-arme-letale-ucrainei\\\/\"},\"author\":{\"name\":\"admin\",\"@id\":\"https:\\\/\\\/www.btv.md\\\/#\\\/schema\\\/person\\\/8fadce81561b3ce2c34c46dadc4ccbf2\"},\"headline\":\"Reac\u021bia Rusiei la faptul c\u0103 SUA va furniza arme letale Ucrainei\",\"datePublished\":\"2017-09-20T07:30:16+00:00\",\"mainEntityOfPage\":{\"@id\":\"https:\\\/\\\/www.btv.md\\\/ro\\\/reactia-rusiei-la-faptul-ca-sua-va-furniza-arme-letale-ucrainei\\\/\"},\"wordCount\":302,\"image\":{\"@id\":\"https:\\\/\\\/www.btv.md\\\/ro\\\/reactia-rusiei-la-faptul-ca-sua-va-furniza-arme-letale-ucrainei\\\/#primaryimage\"},\"thumbnailUrl\":\"https:\\\/\\\/www.btv.md\\\/wp-content\\\/uploads\\\/2017\\\/09\\\/UKRAINA.jpg\",\"articleSection\":[\"Externe\"],\"inLanguage\":\"ro-RO\"},{\"@type\":\"WebPage\",\"@id\":\"https:\\\/\\\/www.btv.md\\\/ro\\\/reactia-rusiei-la-faptul-ca-sua-va-furniza-arme-letale-ucrainei\\\/\",\"url\":\"https:\\\/\\\/www.btv.md\\\/ro\\\/reactia-rusiei-la-faptul-ca-sua-va-furniza-arme-letale-ucrainei\\\/\",\"name\":\"Reac\u021bia Rusiei la faptul c\u0103 SUA va furniza arme letale Ucrainei - BTV\",\"isPartOf\":{\"@id\":\"https:\\\/\\\/www.btv.md\\\/#website\"},\"primaryImageOfPage\":{\"@id\":\"https:\\\/\\\/www.btv.md\\\/ro\\\/reactia-rusiei-la-faptul-ca-sua-va-furniza-arme-letale-ucrainei\\\/#primaryimage\"},\"image\":{\"@id\":\"https:\\\/\\\/www.btv.md\\\/ro\\\/reactia-rusiei-la-faptul-ca-sua-va-furniza-arme-letale-ucrainei\\\/#primaryimage\"},\"thumbnailUrl\":\"https:\\\/\\\/www.btv.md\\\/wp-content\\\/uploads\\\/2017\\\/09\\\/UKRAINA.jpg\",\"datePublished\":\"2017-09-20T07:30:16+00:00\",\"author\":{\"@id\":\"https:\\\/\\\/www.btv.md\\\/#\\\/schema\\\/person\\\/8fadce81561b3ce2c34c46dadc4ccbf2\"},\"inLanguage\":\"ro-RO\",\"potentialAction\":[{\"@type\":\"ReadAction\",\"target\":[\"https:\\\/\\\/www.btv.md\\\/ro\\\/reactia-rusiei-la-faptul-ca-sua-va-furniza-arme-letale-ucrainei\\\/\"]}]},{\"@type\":\"ImageObject\",\"inLanguage\":\"ro-RO\",\"@id\":\"https:\\\/\\\/www.btv.md\\\/ro\\\/reactia-rusiei-la-faptul-ca-sua-va-furniza-arme-letale-ucrainei\\\/#primaryimage\",\"url\":\"https:\\\/\\\/www.btv.md\\\/wp-content\\\/uploads\\\/2017\\\/09\\\/UKRAINA.jpg\",\"contentUrl\":\"https:\\\/\\\/www.btv.md\\\/wp-content\\\/uploads\\\/2017\\\/09\\\/UKRAINA.jpg\",\"width\":1250,\"height\":833},{\"@type\":\"WebSite\",\"@id\":\"https:\\\/\\\/www.btv.md\\\/#website\",\"url\":\"https:\\\/\\\/www.btv.md\\\/\",\"name\":\"BTV\",\"description\":\"\u0411\u0435\u043b\u044c\u0446\u043a\u043e\u0435 \u0442\u0435\u043b\u0435\u0432\u0438\u0434\u0435\u043d\u0438\u0435\",\"potentialAction\":[{\"@type\":\"SearchAction\",\"target\":{\"@type\":\"EntryPoint\",\"urlTemplate\":\"https:\\\/\\\/www.btv.md\\\/?s={search_term_string}\"},\"query-input\":{\"@type\":\"PropertyValueSpecification\",\"valueRequired\":true,\"valueName\":\"search_term_string\"}}],\"inLanguage\":\"ro-RO\"},{\"@type\":\"Person\",\"@id\":\"https:\\\/\\\/www.btv.md\\\/#\\\/schema\\\/person\\\/8fadce81561b3ce2c34c46dadc4ccbf2\",\"name\":\"admin\"}]}<\/script>\n<!-- \/ Yoast SEO plugin. -->","yoast_head_json":{"title":"Reac\u021bia Rusiei la faptul c\u0103 SUA va furniza arme letale Ucrainei - BTV","robots":{"index":"index","follow":"follow","max-snippet":"max-snippet:-1","max-image-preview":"max-image-preview:large","max-video-preview":"max-video-preview:-1"},"canonical":"https:\/\/www.btv.md\/ro\/reactia-rusiei-la-faptul-ca-sua-va-furniza-arme-letale-ucrainei\/","og_locale":"ro_RO","og_type":"article","og_title":"Reac\u021bia Rusiei la faptul c\u0103 SUA va furniza arme letale Ucrainei - BTV","og_description":"Posibilele livr\u0103ri de arme letale de c\u0103tre SUA Ucrainei nu vor favoriza stabilitatea \u00een estul Ucrainei, teatrul unui conflict armat \u00eentre for\u021bele guvernamentale ucrainene \u0219i rebeli separati\u0219ti proru\u0219i, a declarat mar\u021bi Kremlinul, citat de Reuters. Pre\u0219edintele Ucrainei, Petro Poro\u0219enko, a scris pe pagina sa de pe o re\u021bea de socializare c\u0103 Senatul american a aprobat [&hellip;]","og_url":"https:\/\/www.btv.md\/ro\/reactia-rusiei-la-faptul-ca-sua-va-furniza-arme-letale-ucrainei\/","og_site_name":"BTV","article_publisher":"https:\/\/www.facebook.com\/btvmoldova\/","article_published_time":"2017-09-20T07:30:16+00:00","og_image":[{"width":1250,"height":833,"url":"https:\/\/www.btv.md\/wp-content\/uploads\/2017\/09\/UKRAINA.jpg","type":"image\/jpeg"}],"author":"admin","twitter_misc":{"Scris de":"admin","Timp estimat pentru citire":"1 minut"},"schema":{"@context":"https:\/\/schema.org","@graph":[{"@type":"Article","@id":"https:\/\/www.btv.md\/ro\/reactia-rusiei-la-faptul-ca-sua-va-furniza-arme-letale-ucrainei\/#article","isPartOf":{"@id":"https:\/\/www.btv.md\/ro\/reactia-rusiei-la-faptul-ca-sua-va-furniza-arme-letale-ucrainei\/"},"author":{"name":"admin","@id":"https:\/\/www.btv.md\/#\/schema\/person\/8fadce81561b3ce2c34c46dadc4ccbf2"},"headline":"Reac\u021bia Rusiei la faptul c\u0103 SUA va furniza arme letale Ucrainei","datePublished":"2017-09-20T07:30:16+00:00","mainEntityOfPage":{"@id":"https:\/\/www.btv.md\/ro\/reactia-rusiei-la-faptul-ca-sua-va-furniza-arme-letale-ucrainei\/"},"wordCount":302,"image":{"@id":"https:\/\/www.btv.md\/ro\/reactia-rusiei-la-faptul-ca-sua-va-furniza-arme-letale-ucrainei\/#primaryimage"},"thumbnailUrl":"https:\/\/www.btv.md\/wp-content\/uploads\/2017\/09\/UKRAINA.jpg","articleSection":["Externe"],"inLanguage":"ro-RO"},{"@type":"WebPage","@id":"https:\/\/www.btv.md\/ro\/reactia-rusiei-la-faptul-ca-sua-va-furniza-arme-letale-ucrainei\/","url":"https:\/\/www.btv.md\/ro\/reactia-rusiei-la-faptul-ca-sua-va-furniza-arme-letale-ucrainei\/","name":"Reac\u021bia Rusiei la faptul c\u0103 SUA va furniza arme letale Ucrainei - BTV","isPartOf":{"@id":"https:\/\/www.btv.md\/#website"},"primaryImageOfPage":{"@id":"https:\/\/www.btv.md\/ro\/reactia-rusiei-la-faptul-ca-sua-va-furniza-arme-letale-ucrainei\/#primaryimage"},"image":{"@id":"https:\/\/www.btv.md\/ro\/reactia-rusiei-la-faptul-ca-sua-va-furniza-arme-letale-ucrainei\/#primaryimage"},"thumbnailUrl":"https:\/\/www.btv.md\/wp-content\/uploads\/2017\/09\/UKRAINA.jpg","datePublished":"2017-09-20T07:30:16+00:00","author":{"@id":"https:\/\/www.btv.md\/#\/schema\/person\/8fadce81561b3ce2c34c46dadc4ccbf2"},"inLanguage":"ro-RO","potentialAction":[{"@type":"ReadAction","target":["https:\/\/www.btv.md\/ro\/reactia-rusiei-la-faptul-ca-sua-va-furniza-arme-letale-ucrainei\/"]}]},{"@type":"ImageObject","inLanguage":"ro-RO","@id":"https:\/\/www.btv.md\/ro\/reactia-rusiei-la-faptul-ca-sua-va-furniza-arme-letale-ucrainei\/#primaryimage","url":"https:\/\/www.btv.md\/wp-content\/uploads\/2017\/09\/UKRAINA.jpg","contentUrl":"https:\/\/www.btv.md\/wp-content\/uploads\/2017\/09\/UKRAINA.jpg","width":1250,"height":833},{"@type":"WebSite","@id":"https:\/\/www.btv.md\/#website","url":"https:\/\/www.btv.md\/","name":"BTV","description":"\u0411\u0435\u043b\u044c\u0446\u043a\u043e\u0435 \u0442\u0435\u043b\u0435\u0432\u0438\u0434\u0435\u043d\u0438\u0435","potentialAction":[{"@type":"SearchAction","target":{"@type":"EntryPoint","urlTemplate":"https:\/\/www.btv.md\/?s={search_term_string}"},"query-input":{"@type":"PropertyValueSpecification","valueRequired":true,"valueName":"search_term_string"}}],"inLanguage":"ro-RO"},{"@type":"Person","@id":"https:\/\/www.btv.md\/#\/schema\/person\/8fadce81561b3ce2c34c46dadc4ccbf2","name":"admin"}]}},"_links":{"self":[{"href":"https:\/\/www.btv.md\/ro\/wp-json\/wp\/v2\/posts\/32463","targetHints":{"allow":["GET"]}}],"collection":[{"href":"https:\/\/www.btv.md\/ro\/wp-json\/wp\/v2\/posts"}],"about":[{"href":"https:\/\/www.btv.md\/ro\/wp-json\/wp\/v2\/types\/post"}],"author":[{"embeddable":true,"href":"https:\/\/www.btv.md\/ro\/wp-json\/wp\/v2\/users\/4"}],"replies":[{"embeddable":true,"href":"https:\/\/www.btv.md\/ro\/wp-json\/wp\/v2\/comments?post=32463"}],"version-history":[{"count":0,"href":"https:\/\/www.btv.md\/ro\/wp-json\/wp\/v2\/posts\/32463\/revisions"}],"wp:featuredmedia":[{"embeddable":true,"href":"https:\/\/www.btv.md\/ro\/wp-json\/wp\/v2\/media\/32464"}],"wp:attachment":[{"href":"https:\/\/www.btv.md\/ro\/wp-json\/wp\/v2\/media?parent=32463"}],"wp:term":[{"taxonomy":"category","embeddable":true,"href":"https:\/\/www.btv.md\/ro\/wp-json\/wp\/v2\/categories?post=32463"},{"taxonomy":"post_tag","embeddable":true,"href":"https:\/\/www.btv.md\/ro\/wp-json\/wp\/v2\/tags?post=32463"}],"curies":[{"name":"wp","href":"https:\/\/api.w.org\/{rel}","templated":true}]}}