{"id":32466,"date":"2017-09-20T10:36:56","date_gmt":"2017-09-20T07:36:56","guid":{"rendered":"http:\/\/btv.md\/?p=32466"},"modified":"2017-09-20T10:36:56","modified_gmt":"2017-09-20T07:36:56","slug":"o-statuie-a-inventatorului-kalasnikov-inaugurata-la-moscova","status":"publish","type":"post","link":"https:\/\/www.btv.md\/ro\/o-statuie-a-inventatorului-kalasnikov-inaugurata-la-moscova\/","title":{"rendered":"O statuie a inventatorului Kala\u0219nikov, inaugurat\u0103 la Moscova"},"content":{"rendered":"<p><strong>O statuie impun\u0103toare a inginerului sovietic Mihail Kala\u0219nikov, inventatorul legendarei arme de asalt care \u00eei poart\u0103 numele, decedat pe 23 decembrie 2013 la v\u00e2rsta de 94 de ani, a fost inaugurat\u0103 mar\u021bi la Moscova, informeaz\u0103 AFP.<\/strong><\/p>\n<p>\u00cen centrul Capitalei ruse, noua sculptur\u0103, realizat\u0103 din metal \u0219i av\u00e2nd o \u00een\u0103l\u021bime de peste \u0219apte metri, \u00eel reprezint\u0103 pe Mihail Kala\u0219nikov, care \u021bine cu ambele m\u00e2ini un AK-47, o arm\u0103 pe care a creat-o \u00een 1947 \u0219i care a fost de atunci fabricat\u0103, potrivit estim\u0103rilor, \u00een peste 100 de milioane de exemplare pe plan mondial, transmite\u00a0<a href=\"https:\/\/www.agerpres.ro\/lifestyle\/2017\/09\/19\/o-statuie-a-inventatorului-sovietic-mihail-kalasnikov-inaugurata-la-moscova-14-07-00\">Agerpres<\/a>.<\/p>\n<p>Mihail Kala\u0219nikov \u00eentruchipa cele mai bune tr\u0103s\u0103turi ale omului rus: un talent natural extraordinar, simplitate, integritate \u0219i organizare, a declarat \u00een cadrul ceremoniei ministrul culturii din Rusia, Vladimir Medinski, care a spus c\u0103 acea arm\u0103 de asalt reprezint\u0103 o veritabil\u0103 marc\u0103 cultural\u0103 a Rusiei.\u00a0<\/p>\n<p>Mihail Kala\u0219nikov a murit pe 23 decembrie 2013 \u00een urma unei maladii \u00eendelungate, la v\u00e2rsta de 94 de ani. El a fost \u00eenmorm\u00e2ntat cu onoruri \u00eentr-un vast cimitir militar din apropiere de Moscova, \u00een prezen\u021ba pre\u0219edintelui Vladimir Putin \u0219i a multor oficiali de rang \u00eenalt din administra\u021bia rus\u0103.<\/p>\n<p>N\u0103scut pe 10 noiembrie 1919 \u00eentr-un sat din Siberia, Mihail Kala\u0219nikov a continuat s\u0103 lucreze p\u00e2n\u0103 \u00een 2012, cu un an \u00eenainte de deces.\u00a0<\/p>\n<p>Kala\u0219nikov, o arm\u0103 robust\u0103 \u0219i convenabil\u0103 din punct de vedere al pre\u021bului de comercializare, a devenit un simbol al luptei armate pentru independen\u021b\u0103 \u0219i decoreaz\u0103 numeroase drapele, inclusiv cel al Mozambicului \u0219i cel al mi\u0219c\u0103rii \u0219iite libaneze Hezbollah.\u00a0<\/p>\n<p>Mihail Kala\u0219nikov nu a primit niciodat\u0103 bani din milioanele de arme v\u00e2ndute care \u00eei poart\u0103 numele \u0219i care sunt folosite de armatele din peste 80 de \u021b\u0103ri.<\/p>\n","protected":false},"excerpt":{"rendered":"<p>O statuie impun\u0103toare a inginerului sovietic Mihail Kala\u0219nikov, inventatorul legendarei arme de asalt care \u00eei poart\u0103 numele, decedat pe 23 decembrie 2013 la v\u00e2rsta de 94 de ani, a fost inaugurat\u0103 mar\u021bi la Moscova, informeaz\u0103 AFP. \u00cen centrul Capitalei ruse, noua sculptur\u0103, realizat\u0103 din metal \u0219i av\u00e2nd o \u00een\u0103l\u021bime de peste \u0219apte metri, \u00eel reprezint\u0103 [&hellip;]<\/p>\n","protected":false},"author":4,"featured_media":32467,"comment_status":"closed","ping_status":"closed","sticky":false,"template":"","format":"standard","meta":{"footnotes":""},"categories":[6354],"tags":[],"class_list":["post-32466","post","type-post","status-publish","format-standard","has-post-thumbnail","hentry","category-externe-ro"],"yoast_head":"<!-- This site is optimized with the Yoast SEO plugin v27.4 - https:\/\/yoast.com\/product\/yoast-seo-wordpress\/ -->\n<title>O statuie a inventatorului Kala\u0219nikov, inaugurat\u0103 la Moscova - BTV<\/title>\n<meta name=\"robots\" content=\"index, follow, max-snippet:-1, max-image-preview:large, max-video-preview:-1\" \/>\n<link rel=\"canonical\" href=\"https:\/\/www.btv.md\/ro\/o-statuie-a-inventatorului-kalasnikov-inaugurata-la-moscova\/\" \/>\n<meta property=\"og:locale\" content=\"ro_RO\" \/>\n<meta property=\"og:type\" content=\"article\" \/>\n<meta property=\"og:title\" content=\"O statuie a inventatorului Kala\u0219nikov, inaugurat\u0103 la Moscova - BTV\" \/>\n<meta property=\"og:description\" content=\"O statuie impun\u0103toare a inginerului sovietic Mihail Kala\u0219nikov, inventatorul legendarei arme de asalt care \u00eei poart\u0103 numele, decedat pe 23 decembrie 2013 la v\u00e2rsta de 94 de ani, a fost inaugurat\u0103 mar\u021bi la Moscova, informeaz\u0103 AFP. \u00cen centrul Capitalei ruse, noua sculptur\u0103, realizat\u0103 din metal \u0219i av\u00e2nd o \u00een\u0103l\u021bime de peste \u0219apte metri, \u00eel reprezint\u0103 [&hellip;]\" \/>\n<meta property=\"og:url\" content=\"https:\/\/www.btv.md\/ro\/o-statuie-a-inventatorului-kalasnikov-inaugurata-la-moscova\/\" \/>\n<meta property=\"og:site_name\" content=\"BTV\" \/>\n<meta property=\"article:publisher\" content=\"https:\/\/www.facebook.com\/btvmoldova\/\" \/>\n<meta property=\"article:published_time\" content=\"2017-09-20T07:36:56+00:00\" \/>\n<meta property=\"og:image\" content=\"https:\/\/www.btv.md\/wp-content\/uploads\/2017\/09\/kalasnikov.jpg\" \/>\n\t<meta property=\"og:image:width\" content=\"1280\" \/>\n\t<meta property=\"og:image:height\" content=\"720\" \/>\n\t<meta property=\"og:image:type\" content=\"image\/jpeg\" \/>\n<meta name=\"author\" content=\"admin\" \/>\n<meta name=\"twitter:label1\" content=\"Scris de\" \/>\n\t<meta name=\"twitter:data1\" content=\"admin\" \/>\n\t<meta name=\"twitter:label2\" content=\"Timp estimat pentru citire\" \/>\n\t<meta name=\"twitter:data2\" content=\"1 minut\" \/>\n<script type=\"application\/ld+json\" class=\"yoast-schema-graph\">{\"@context\":\"https:\\\/\\\/schema.org\",\"@graph\":[{\"@type\":\"Article\",\"@id\":\"https:\\\/\\\/www.btv.md\\\/ro\\\/o-statuie-a-inventatorului-kalasnikov-inaugurata-la-moscova\\\/#article\",\"isPartOf\":{\"@id\":\"https:\\\/\\\/www.btv.md\\\/ro\\\/o-statuie-a-inventatorului-kalasnikov-inaugurata-la-moscova\\\/\"},\"author\":{\"name\":\"admin\",\"@id\":\"https:\\\/\\\/www.btv.md\\\/#\\\/schema\\\/person\\\/8fadce81561b3ce2c34c46dadc4ccbf2\"},\"headline\":\"O statuie a inventatorului Kala\u0219nikov, inaugurat\u0103 la Moscova\",\"datePublished\":\"2017-09-20T07:36:56+00:00\",\"mainEntityOfPage\":{\"@id\":\"https:\\\/\\\/www.btv.md\\\/ro\\\/o-statuie-a-inventatorului-kalasnikov-inaugurata-la-moscova\\\/\"},\"wordCount\":300,\"image\":{\"@id\":\"https:\\\/\\\/www.btv.md\\\/ro\\\/o-statuie-a-inventatorului-kalasnikov-inaugurata-la-moscova\\\/#primaryimage\"},\"thumbnailUrl\":\"https:\\\/\\\/www.btv.md\\\/wp-content\\\/uploads\\\/2017\\\/09\\\/kalasnikov.jpg\",\"articleSection\":[\"Externe\"],\"inLanguage\":\"ro-RO\"},{\"@type\":\"WebPage\",\"@id\":\"https:\\\/\\\/www.btv.md\\\/ro\\\/o-statuie-a-inventatorului-kalasnikov-inaugurata-la-moscova\\\/\",\"url\":\"https:\\\/\\\/www.btv.md\\\/ro\\\/o-statuie-a-inventatorului-kalasnikov-inaugurata-la-moscova\\\/\",\"name\":\"O statuie a inventatorului Kala\u0219nikov, inaugurat\u0103 la Moscova - BTV\",\"isPartOf\":{\"@id\":\"https:\\\/\\\/www.btv.md\\\/#website\"},\"primaryImageOfPage\":{\"@id\":\"https:\\\/\\\/www.btv.md\\\/ro\\\/o-statuie-a-inventatorului-kalasnikov-inaugurata-la-moscova\\\/#primaryimage\"},\"image\":{\"@id\":\"https:\\\/\\\/www.btv.md\\\/ro\\\/o-statuie-a-inventatorului-kalasnikov-inaugurata-la-moscova\\\/#primaryimage\"},\"thumbnailUrl\":\"https:\\\/\\\/www.btv.md\\\/wp-content\\\/uploads\\\/2017\\\/09\\\/kalasnikov.jpg\",\"datePublished\":\"2017-09-20T07:36:56+00:00\",\"author\":{\"@id\":\"https:\\\/\\\/www.btv.md\\\/#\\\/schema\\\/person\\\/8fadce81561b3ce2c34c46dadc4ccbf2\"},\"inLanguage\":\"ro-RO\",\"potentialAction\":[{\"@type\":\"ReadAction\",\"target\":[\"https:\\\/\\\/www.btv.md\\\/ro\\\/o-statuie-a-inventatorului-kalasnikov-inaugurata-la-moscova\\\/\"]}]},{\"@type\":\"ImageObject\",\"inLanguage\":\"ro-RO\",\"@id\":\"https:\\\/\\\/www.btv.md\\\/ro\\\/o-statuie-a-inventatorului-kalasnikov-inaugurata-la-moscova\\\/#primaryimage\",\"url\":\"https:\\\/\\\/www.btv.md\\\/wp-content\\\/uploads\\\/2017\\\/09\\\/kalasnikov.jpg\",\"contentUrl\":\"https:\\\/\\\/www.btv.md\\\/wp-content\\\/uploads\\\/2017\\\/09\\\/kalasnikov.jpg\",\"width\":1280,\"height\":720},{\"@type\":\"WebSite\",\"@id\":\"https:\\\/\\\/www.btv.md\\\/#website\",\"url\":\"https:\\\/\\\/www.btv.md\\\/\",\"name\":\"BTV\",\"description\":\"\u0411\u0435\u043b\u044c\u0446\u043a\u043e\u0435 \u0442\u0435\u043b\u0435\u0432\u0438\u0434\u0435\u043d\u0438\u0435\",\"potentialAction\":[{\"@type\":\"SearchAction\",\"target\":{\"@type\":\"EntryPoint\",\"urlTemplate\":\"https:\\\/\\\/www.btv.md\\\/?s={search_term_string}\"},\"query-input\":{\"@type\":\"PropertyValueSpecification\",\"valueRequired\":true,\"valueName\":\"search_term_string\"}}],\"inLanguage\":\"ro-RO\"},{\"@type\":\"Person\",\"@id\":\"https:\\\/\\\/www.btv.md\\\/#\\\/schema\\\/person\\\/8fadce81561b3ce2c34c46dadc4ccbf2\",\"name\":\"admin\"}]}<\/script>\n<!-- \/ Yoast SEO plugin. -->","yoast_head_json":{"title":"O statuie a inventatorului Kala\u0219nikov, inaugurat\u0103 la Moscova - BTV","robots":{"index":"index","follow":"follow","max-snippet":"max-snippet:-1","max-image-preview":"max-image-preview:large","max-video-preview":"max-video-preview:-1"},"canonical":"https:\/\/www.btv.md\/ro\/o-statuie-a-inventatorului-kalasnikov-inaugurata-la-moscova\/","og_locale":"ro_RO","og_type":"article","og_title":"O statuie a inventatorului Kala\u0219nikov, inaugurat\u0103 la Moscova - BTV","og_description":"O statuie impun\u0103toare a inginerului sovietic Mihail Kala\u0219nikov, inventatorul legendarei arme de asalt care \u00eei poart\u0103 numele, decedat pe 23 decembrie 2013 la v\u00e2rsta de 94 de ani, a fost inaugurat\u0103 mar\u021bi la Moscova, informeaz\u0103 AFP. \u00cen centrul Capitalei ruse, noua sculptur\u0103, realizat\u0103 din metal \u0219i av\u00e2nd o \u00een\u0103l\u021bime de peste \u0219apte metri, \u00eel reprezint\u0103 [&hellip;]","og_url":"https:\/\/www.btv.md\/ro\/o-statuie-a-inventatorului-kalasnikov-inaugurata-la-moscova\/","og_site_name":"BTV","article_publisher":"https:\/\/www.facebook.com\/btvmoldova\/","article_published_time":"2017-09-20T07:36:56+00:00","og_image":[{"width":1280,"height":720,"url":"https:\/\/www.btv.md\/wp-content\/uploads\/2017\/09\/kalasnikov.jpg","type":"image\/jpeg"}],"author":"admin","twitter_misc":{"Scris de":"admin","Timp estimat pentru citire":"1 minut"},"schema":{"@context":"https:\/\/schema.org","@graph":[{"@type":"Article","@id":"https:\/\/www.btv.md\/ro\/o-statuie-a-inventatorului-kalasnikov-inaugurata-la-moscova\/#article","isPartOf":{"@id":"https:\/\/www.btv.md\/ro\/o-statuie-a-inventatorului-kalasnikov-inaugurata-la-moscova\/"},"author":{"name":"admin","@id":"https:\/\/www.btv.md\/#\/schema\/person\/8fadce81561b3ce2c34c46dadc4ccbf2"},"headline":"O statuie a inventatorului Kala\u0219nikov, inaugurat\u0103 la Moscova","datePublished":"2017-09-20T07:36:56+00:00","mainEntityOfPage":{"@id":"https:\/\/www.btv.md\/ro\/o-statuie-a-inventatorului-kalasnikov-inaugurata-la-moscova\/"},"wordCount":300,"image":{"@id":"https:\/\/www.btv.md\/ro\/o-statuie-a-inventatorului-kalasnikov-inaugurata-la-moscova\/#primaryimage"},"thumbnailUrl":"https:\/\/www.btv.md\/wp-content\/uploads\/2017\/09\/kalasnikov.jpg","articleSection":["Externe"],"inLanguage":"ro-RO"},{"@type":"WebPage","@id":"https:\/\/www.btv.md\/ro\/o-statuie-a-inventatorului-kalasnikov-inaugurata-la-moscova\/","url":"https:\/\/www.btv.md\/ro\/o-statuie-a-inventatorului-kalasnikov-inaugurata-la-moscova\/","name":"O statuie a inventatorului Kala\u0219nikov, inaugurat\u0103 la Moscova - BTV","isPartOf":{"@id":"https:\/\/www.btv.md\/#website"},"primaryImageOfPage":{"@id":"https:\/\/www.btv.md\/ro\/o-statuie-a-inventatorului-kalasnikov-inaugurata-la-moscova\/#primaryimage"},"image":{"@id":"https:\/\/www.btv.md\/ro\/o-statuie-a-inventatorului-kalasnikov-inaugurata-la-moscova\/#primaryimage"},"thumbnailUrl":"https:\/\/www.btv.md\/wp-content\/uploads\/2017\/09\/kalasnikov.jpg","datePublished":"2017-09-20T07:36:56+00:00","author":{"@id":"https:\/\/www.btv.md\/#\/schema\/person\/8fadce81561b3ce2c34c46dadc4ccbf2"},"inLanguage":"ro-RO","potentialAction":[{"@type":"ReadAction","target":["https:\/\/www.btv.md\/ro\/o-statuie-a-inventatorului-kalasnikov-inaugurata-la-moscova\/"]}]},{"@type":"ImageObject","inLanguage":"ro-RO","@id":"https:\/\/www.btv.md\/ro\/o-statuie-a-inventatorului-kalasnikov-inaugurata-la-moscova\/#primaryimage","url":"https:\/\/www.btv.md\/wp-content\/uploads\/2017\/09\/kalasnikov.jpg","contentUrl":"https:\/\/www.btv.md\/wp-content\/uploads\/2017\/09\/kalasnikov.jpg","width":1280,"height":720},{"@type":"WebSite","@id":"https:\/\/www.btv.md\/#website","url":"https:\/\/www.btv.md\/","name":"BTV","description":"\u0411\u0435\u043b\u044c\u0446\u043a\u043e\u0435 \u0442\u0435\u043b\u0435\u0432\u0438\u0434\u0435\u043d\u0438\u0435","potentialAction":[{"@type":"SearchAction","target":{"@type":"EntryPoint","urlTemplate":"https:\/\/www.btv.md\/?s={search_term_string}"},"query-input":{"@type":"PropertyValueSpecification","valueRequired":true,"valueName":"search_term_string"}}],"inLanguage":"ro-RO"},{"@type":"Person","@id":"https:\/\/www.btv.md\/#\/schema\/person\/8fadce81561b3ce2c34c46dadc4ccbf2","name":"admin"}]}},"_links":{"self":[{"href":"https:\/\/www.btv.md\/ro\/wp-json\/wp\/v2\/posts\/32466","targetHints":{"allow":["GET"]}}],"collection":[{"href":"https:\/\/www.btv.md\/ro\/wp-json\/wp\/v2\/posts"}],"about":[{"href":"https:\/\/www.btv.md\/ro\/wp-json\/wp\/v2\/types\/post"}],"author":[{"embeddable":true,"href":"https:\/\/www.btv.md\/ro\/wp-json\/wp\/v2\/users\/4"}],"replies":[{"embeddable":true,"href":"https:\/\/www.btv.md\/ro\/wp-json\/wp\/v2\/comments?post=32466"}],"version-history":[{"count":0,"href":"https:\/\/www.btv.md\/ro\/wp-json\/wp\/v2\/posts\/32466\/revisions"}],"wp:featuredmedia":[{"embeddable":true,"href":"https:\/\/www.btv.md\/ro\/wp-json\/wp\/v2\/media\/32467"}],"wp:attachment":[{"href":"https:\/\/www.btv.md\/ro\/wp-json\/wp\/v2\/media?parent=32466"}],"wp:term":[{"taxonomy":"category","embeddable":true,"href":"https:\/\/www.btv.md\/ro\/wp-json\/wp\/v2\/categories?post=32466"},{"taxonomy":"post_tag","embeddable":true,"href":"https:\/\/www.btv.md\/ro\/wp-json\/wp\/v2\/tags?post=32466"}],"curies":[{"name":"wp","href":"https:\/\/api.w.org\/{rel}","templated":true}]}}