{"id":32469,"date":"2017-09-20T10:39:30","date_gmt":"2017-09-20T07:39:30","guid":{"rendered":"http:\/\/btv.md\/?p=32469"},"modified":"2017-09-20T10:39:30","modified_gmt":"2017-09-20T07:39:30","slug":"jirinovski-anunta-cand-se-va-retrage-putin-din-viata-politica","status":"publish","type":"post","link":"https:\/\/www.btv.md\/ro\/jirinovski-anunta-cand-se-va-retrage-putin-din-viata-politica\/","title":{"rendered":"Jirinovski anun\u0163\u0103 c\u00e2nd se va retrage Putin din via\u0163a politic\u0103"},"content":{"rendered":"<p><strong>Excentricul lider al Partidului Liberal Democrat din Federa\u0163ia Rus\u0103, Vladimir Jirinovski, sus\u0163ine c\u0103 \u015ftie c\u00e2nd Vladimir Putin se va retrage din via\u0163a politic\u0103 rus\u0103.<\/strong><\/p>\n<p>Jirinovski face referire la surse de la Kremlin, care i-ar fi spus c\u0103 regimul Putin va fi p\u00e2n\u0103 \u00een 2030, urm\u00e2nd s\u0103 \u00eendeplineasc\u0103 func\u0163ia de pre\u015fedinte p\u00e2n\u0103 \u00een 2024, iar ulterior s\u0103-\u015fi g\u0103seasc\u0103 o alt\u0103 func\u0163ie ca \u015fi \u00een perioada 2008-2012. Declara\u0163iile au fost f\u0103cute \u00een cadrul unei emisiuni la postul de radio Echo Moskv\u00ee.<\/p>\n<p>Men\u0163ion\u0103m c\u0103 presa rus\u0103 anun\u0163\u0103 despre inten\u0163ia lui Vladimir Putin de a candida pentru un nou mandat de pre\u015fedinte, (al patrulea din carier\u0103), anun\u0163ul ar urma s\u0103 fie f\u0103cut \u00een luna octombrie a acestui an, scrie\u00a0<a href=\"http:\/\/tvrmoldova.md\/extern\/vladimir-jirinovski-anunta-cand-se-va-retrage-vladimir-putin-din-viata-politica\/\">tvrmoldova.md<\/a>.<\/p>\n","protected":false},"excerpt":{"rendered":"<p>Excentricul lider al Partidului Liberal Democrat din Federa\u0163ia Rus\u0103, Vladimir Jirinovski, sus\u0163ine c\u0103 \u015ftie c\u00e2nd Vladimir Putin se va retrage din via\u0163a politic\u0103 rus\u0103. Jirinovski face referire la surse de la Kremlin, care i-ar fi spus c\u0103 regimul Putin va fi p\u00e2n\u0103 \u00een 2030, urm\u00e2nd s\u0103 \u00eendeplineasc\u0103 func\u0163ia de pre\u015fedinte p\u00e2n\u0103 \u00een 2024, iar ulterior [&hellip;]<\/p>\n","protected":false},"author":4,"featured_media":32470,"comment_status":"closed","ping_status":"closed","sticky":false,"template":"","format":"standard","meta":{"footnotes":""},"categories":[14],"tags":[],"class_list":["post-32469","post","type-post","status-publish","format-standard","has-post-thumbnail","hentry","category-externe"],"yoast_head":"<!-- This site is optimized with the Yoast SEO plugin v27.4 - https:\/\/yoast.com\/product\/yoast-seo-wordpress\/ -->\n<title>Jirinovski anun\u0163\u0103 c\u00e2nd se va retrage Putin din via\u0163a politic\u0103 - BTV<\/title>\n<meta name=\"robots\" content=\"index, follow, max-snippet:-1, max-image-preview:large, max-video-preview:-1\" \/>\n<link rel=\"canonical\" href=\"https:\/\/www.btv.md\/ro\/jirinovski-anunta-cand-se-va-retrage-putin-din-viata-politica\/\" \/>\n<meta property=\"og:locale\" content=\"ro_RO\" \/>\n<meta property=\"og:type\" content=\"article\" \/>\n<meta property=\"og:title\" content=\"Jirinovski anun\u0163\u0103 c\u00e2nd se va retrage Putin din via\u0163a politic\u0103 - BTV\" \/>\n<meta property=\"og:description\" content=\"Excentricul lider al Partidului Liberal Democrat din Federa\u0163ia Rus\u0103, Vladimir Jirinovski, sus\u0163ine c\u0103 \u015ftie c\u00e2nd Vladimir Putin se va retrage din via\u0163a politic\u0103 rus\u0103. Jirinovski face referire la surse de la Kremlin, care i-ar fi spus c\u0103 regimul Putin va fi p\u00e2n\u0103 \u00een 2030, urm\u00e2nd s\u0103 \u00eendeplineasc\u0103 func\u0163ia de pre\u015fedinte p\u00e2n\u0103 \u00een 2024, iar ulterior [&hellip;]\" \/>\n<meta property=\"og:url\" content=\"https:\/\/www.btv.md\/ro\/jirinovski-anunta-cand-se-va-retrage-putin-din-viata-politica\/\" \/>\n<meta property=\"og:site_name\" content=\"BTV\" \/>\n<meta property=\"article:publisher\" content=\"https:\/\/www.facebook.com\/btvmoldova\/\" \/>\n<meta property=\"article:published_time\" content=\"2017-09-20T07:39:30+00:00\" \/>\n<meta property=\"og:image\" content=\"https:\/\/www.btv.md\/wp-content\/uploads\/2017\/09\/jirik.jpg\" \/>\n\t<meta property=\"og:image:width\" content=\"1165\" \/>\n\t<meta property=\"og:image:height\" content=\"781\" \/>\n\t<meta property=\"og:image:type\" content=\"image\/jpeg\" \/>\n<meta name=\"author\" content=\"admin\" \/>\n<meta name=\"twitter:label1\" content=\"Scris de\" \/>\n\t<meta name=\"twitter:data1\" content=\"admin\" \/>\n\t<meta name=\"twitter:label2\" content=\"Timp estimat pentru citire\" \/>\n\t<meta name=\"twitter:data2\" content=\"1 minut\" \/>\n<script type=\"application\/ld+json\" class=\"yoast-schema-graph\">{\"@context\":\"https:\\\/\\\/schema.org\",\"@graph\":[{\"@type\":\"Article\",\"@id\":\"https:\\\/\\\/www.btv.md\\\/ro\\\/jirinovski-anunta-cand-se-va-retrage-putin-din-viata-politica\\\/#article\",\"isPartOf\":{\"@id\":\"https:\\\/\\\/www.btv.md\\\/ro\\\/jirinovski-anunta-cand-se-va-retrage-putin-din-viata-politica\\\/\"},\"author\":{\"name\":\"admin\",\"@id\":\"https:\\\/\\\/www.btv.md\\\/#\\\/schema\\\/person\\\/8fadce81561b3ce2c34c46dadc4ccbf2\"},\"headline\":\"Jirinovski anun\u0163\u0103 c\u00e2nd se va retrage Putin din via\u0163a politic\u0103\",\"datePublished\":\"2017-09-20T07:39:30+00:00\",\"mainEntityOfPage\":{\"@id\":\"https:\\\/\\\/www.btv.md\\\/ro\\\/jirinovski-anunta-cand-se-va-retrage-putin-din-viata-politica\\\/\"},\"wordCount\":148,\"image\":{\"@id\":\"https:\\\/\\\/www.btv.md\\\/ro\\\/jirinovski-anunta-cand-se-va-retrage-putin-din-viata-politica\\\/#primaryimage\"},\"thumbnailUrl\":\"https:\\\/\\\/www.btv.md\\\/wp-content\\\/uploads\\\/2017\\\/09\\\/jirik.jpg\",\"articleSection\":[\"\u0417\u0430\u0440\u0443\u0431\u0435\u0436\u043d\u044b\u0435\"],\"inLanguage\":\"ro-RO\"},{\"@type\":\"WebPage\",\"@id\":\"https:\\\/\\\/www.btv.md\\\/ro\\\/jirinovski-anunta-cand-se-va-retrage-putin-din-viata-politica\\\/\",\"url\":\"https:\\\/\\\/www.btv.md\\\/ro\\\/jirinovski-anunta-cand-se-va-retrage-putin-din-viata-politica\\\/\",\"name\":\"Jirinovski anun\u0163\u0103 c\u00e2nd se va retrage Putin din via\u0163a politic\u0103 - BTV\",\"isPartOf\":{\"@id\":\"https:\\\/\\\/www.btv.md\\\/#website\"},\"primaryImageOfPage\":{\"@id\":\"https:\\\/\\\/www.btv.md\\\/ro\\\/jirinovski-anunta-cand-se-va-retrage-putin-din-viata-politica\\\/#primaryimage\"},\"image\":{\"@id\":\"https:\\\/\\\/www.btv.md\\\/ro\\\/jirinovski-anunta-cand-se-va-retrage-putin-din-viata-politica\\\/#primaryimage\"},\"thumbnailUrl\":\"https:\\\/\\\/www.btv.md\\\/wp-content\\\/uploads\\\/2017\\\/09\\\/jirik.jpg\",\"datePublished\":\"2017-09-20T07:39:30+00:00\",\"author\":{\"@id\":\"https:\\\/\\\/www.btv.md\\\/#\\\/schema\\\/person\\\/8fadce81561b3ce2c34c46dadc4ccbf2\"},\"inLanguage\":\"ro-RO\",\"potentialAction\":[{\"@type\":\"ReadAction\",\"target\":[\"https:\\\/\\\/www.btv.md\\\/ro\\\/jirinovski-anunta-cand-se-va-retrage-putin-din-viata-politica\\\/\"]}]},{\"@type\":\"ImageObject\",\"inLanguage\":\"ro-RO\",\"@id\":\"https:\\\/\\\/www.btv.md\\\/ro\\\/jirinovski-anunta-cand-se-va-retrage-putin-din-viata-politica\\\/#primaryimage\",\"url\":\"https:\\\/\\\/www.btv.md\\\/wp-content\\\/uploads\\\/2017\\\/09\\\/jirik.jpg\",\"contentUrl\":\"https:\\\/\\\/www.btv.md\\\/wp-content\\\/uploads\\\/2017\\\/09\\\/jirik.jpg\",\"width\":1165,\"height\":781,\"caption\":\"Russian Prime Minister Vladimir Putin, background, looks at Liberal Democratic Party Leader Vladimir Zhirinovsky speaking after the premier's annual address in the State Duma, the Russian parliament's lower house, in Moscow, Tuesday, April 20, 2010. Putin pledged Tuesday to free Russian businesses from the excess paperwork that burdens their operations. (AP Photo\\\/Alexei Druzhinin, Pool)\"},{\"@type\":\"WebSite\",\"@id\":\"https:\\\/\\\/www.btv.md\\\/#website\",\"url\":\"https:\\\/\\\/www.btv.md\\\/\",\"name\":\"BTV\",\"description\":\"\u0411\u0435\u043b\u044c\u0446\u043a\u043e\u0435 \u0442\u0435\u043b\u0435\u0432\u0438\u0434\u0435\u043d\u0438\u0435\",\"potentialAction\":[{\"@type\":\"SearchAction\",\"target\":{\"@type\":\"EntryPoint\",\"urlTemplate\":\"https:\\\/\\\/www.btv.md\\\/?s={search_term_string}\"},\"query-input\":{\"@type\":\"PropertyValueSpecification\",\"valueRequired\":true,\"valueName\":\"search_term_string\"}}],\"inLanguage\":\"ro-RO\"},{\"@type\":\"Person\",\"@id\":\"https:\\\/\\\/www.btv.md\\\/#\\\/schema\\\/person\\\/8fadce81561b3ce2c34c46dadc4ccbf2\",\"name\":\"admin\"}]}<\/script>\n<!-- \/ Yoast SEO plugin. -->","yoast_head_json":{"title":"Jirinovski anun\u0163\u0103 c\u00e2nd se va retrage Putin din via\u0163a politic\u0103 - BTV","robots":{"index":"index","follow":"follow","max-snippet":"max-snippet:-1","max-image-preview":"max-image-preview:large","max-video-preview":"max-video-preview:-1"},"canonical":"https:\/\/www.btv.md\/ro\/jirinovski-anunta-cand-se-va-retrage-putin-din-viata-politica\/","og_locale":"ro_RO","og_type":"article","og_title":"Jirinovski anun\u0163\u0103 c\u00e2nd se va retrage Putin din via\u0163a politic\u0103 - BTV","og_description":"Excentricul lider al Partidului Liberal Democrat din Federa\u0163ia Rus\u0103, Vladimir Jirinovski, sus\u0163ine c\u0103 \u015ftie c\u00e2nd Vladimir Putin se va retrage din via\u0163a politic\u0103 rus\u0103. Jirinovski face referire la surse de la Kremlin, care i-ar fi spus c\u0103 regimul Putin va fi p\u00e2n\u0103 \u00een 2030, urm\u00e2nd s\u0103 \u00eendeplineasc\u0103 func\u0163ia de pre\u015fedinte p\u00e2n\u0103 \u00een 2024, iar ulterior [&hellip;]","og_url":"https:\/\/www.btv.md\/ro\/jirinovski-anunta-cand-se-va-retrage-putin-din-viata-politica\/","og_site_name":"BTV","article_publisher":"https:\/\/www.facebook.com\/btvmoldova\/","article_published_time":"2017-09-20T07:39:30+00:00","og_image":[{"width":1165,"height":781,"url":"https:\/\/www.btv.md\/wp-content\/uploads\/2017\/09\/jirik.jpg","type":"image\/jpeg"}],"author":"admin","twitter_misc":{"Scris de":"admin","Timp estimat pentru citire":"1 minut"},"schema":{"@context":"https:\/\/schema.org","@graph":[{"@type":"Article","@id":"https:\/\/www.btv.md\/ro\/jirinovski-anunta-cand-se-va-retrage-putin-din-viata-politica\/#article","isPartOf":{"@id":"https:\/\/www.btv.md\/ro\/jirinovski-anunta-cand-se-va-retrage-putin-din-viata-politica\/"},"author":{"name":"admin","@id":"https:\/\/www.btv.md\/#\/schema\/person\/8fadce81561b3ce2c34c46dadc4ccbf2"},"headline":"Jirinovski anun\u0163\u0103 c\u00e2nd se va retrage Putin din via\u0163a politic\u0103","datePublished":"2017-09-20T07:39:30+00:00","mainEntityOfPage":{"@id":"https:\/\/www.btv.md\/ro\/jirinovski-anunta-cand-se-va-retrage-putin-din-viata-politica\/"},"wordCount":148,"image":{"@id":"https:\/\/www.btv.md\/ro\/jirinovski-anunta-cand-se-va-retrage-putin-din-viata-politica\/#primaryimage"},"thumbnailUrl":"https:\/\/www.btv.md\/wp-content\/uploads\/2017\/09\/jirik.jpg","articleSection":["\u0417\u0430\u0440\u0443\u0431\u0435\u0436\u043d\u044b\u0435"],"inLanguage":"ro-RO"},{"@type":"WebPage","@id":"https:\/\/www.btv.md\/ro\/jirinovski-anunta-cand-se-va-retrage-putin-din-viata-politica\/","url":"https:\/\/www.btv.md\/ro\/jirinovski-anunta-cand-se-va-retrage-putin-din-viata-politica\/","name":"Jirinovski anun\u0163\u0103 c\u00e2nd se va retrage Putin din via\u0163a politic\u0103 - BTV","isPartOf":{"@id":"https:\/\/www.btv.md\/#website"},"primaryImageOfPage":{"@id":"https:\/\/www.btv.md\/ro\/jirinovski-anunta-cand-se-va-retrage-putin-din-viata-politica\/#primaryimage"},"image":{"@id":"https:\/\/www.btv.md\/ro\/jirinovski-anunta-cand-se-va-retrage-putin-din-viata-politica\/#primaryimage"},"thumbnailUrl":"https:\/\/www.btv.md\/wp-content\/uploads\/2017\/09\/jirik.jpg","datePublished":"2017-09-20T07:39:30+00:00","author":{"@id":"https:\/\/www.btv.md\/#\/schema\/person\/8fadce81561b3ce2c34c46dadc4ccbf2"},"inLanguage":"ro-RO","potentialAction":[{"@type":"ReadAction","target":["https:\/\/www.btv.md\/ro\/jirinovski-anunta-cand-se-va-retrage-putin-din-viata-politica\/"]}]},{"@type":"ImageObject","inLanguage":"ro-RO","@id":"https:\/\/www.btv.md\/ro\/jirinovski-anunta-cand-se-va-retrage-putin-din-viata-politica\/#primaryimage","url":"https:\/\/www.btv.md\/wp-content\/uploads\/2017\/09\/jirik.jpg","contentUrl":"https:\/\/www.btv.md\/wp-content\/uploads\/2017\/09\/jirik.jpg","width":1165,"height":781,"caption":"Russian Prime Minister Vladimir Putin, background, looks at Liberal Democratic Party Leader Vladimir Zhirinovsky speaking after the premier's annual address in the State Duma, the Russian parliament's lower house, in Moscow, Tuesday, April 20, 2010. Putin pledged Tuesday to free Russian businesses from the excess paperwork that burdens their operations. (AP Photo\/Alexei Druzhinin, Pool)"},{"@type":"WebSite","@id":"https:\/\/www.btv.md\/#website","url":"https:\/\/www.btv.md\/","name":"BTV","description":"\u0411\u0435\u043b\u044c\u0446\u043a\u043e\u0435 \u0442\u0435\u043b\u0435\u0432\u0438\u0434\u0435\u043d\u0438\u0435","potentialAction":[{"@type":"SearchAction","target":{"@type":"EntryPoint","urlTemplate":"https:\/\/www.btv.md\/?s={search_term_string}"},"query-input":{"@type":"PropertyValueSpecification","valueRequired":true,"valueName":"search_term_string"}}],"inLanguage":"ro-RO"},{"@type":"Person","@id":"https:\/\/www.btv.md\/#\/schema\/person\/8fadce81561b3ce2c34c46dadc4ccbf2","name":"admin"}]}},"_links":{"self":[{"href":"https:\/\/www.btv.md\/ro\/wp-json\/wp\/v2\/posts\/32469","targetHints":{"allow":["GET"]}}],"collection":[{"href":"https:\/\/www.btv.md\/ro\/wp-json\/wp\/v2\/posts"}],"about":[{"href":"https:\/\/www.btv.md\/ro\/wp-json\/wp\/v2\/types\/post"}],"author":[{"embeddable":true,"href":"https:\/\/www.btv.md\/ro\/wp-json\/wp\/v2\/users\/4"}],"replies":[{"embeddable":true,"href":"https:\/\/www.btv.md\/ro\/wp-json\/wp\/v2\/comments?post=32469"}],"version-history":[{"count":0,"href":"https:\/\/www.btv.md\/ro\/wp-json\/wp\/v2\/posts\/32469\/revisions"}],"wp:featuredmedia":[{"embeddable":true,"href":"https:\/\/www.btv.md\/ro\/wp-json\/wp\/v2\/media\/32470"}],"wp:attachment":[{"href":"https:\/\/www.btv.md\/ro\/wp-json\/wp\/v2\/media?parent=32469"}],"wp:term":[{"taxonomy":"category","embeddable":true,"href":"https:\/\/www.btv.md\/ro\/wp-json\/wp\/v2\/categories?post=32469"},{"taxonomy":"post_tag","embeddable":true,"href":"https:\/\/www.btv.md\/ro\/wp-json\/wp\/v2\/tags?post=32469"}],"curies":[{"name":"wp","href":"https:\/\/api.w.org\/{rel}","templated":true}]}}