{"id":32475,"date":"2017-09-20T10:46:48","date_gmt":"2017-09-20T07:46:48","guid":{"rendered":"http:\/\/btv.md\/?p=32475"},"modified":"2017-09-20T10:46:48","modified_gmt":"2017-09-20T07:46:48","slug":"cea-mai-varstinica-persoana-din-lume-traieste-in-japonia","status":"publish","type":"post","link":"https:\/\/www.btv.md\/ro\/cea-mai-varstinica-persoana-din-lume-traieste-in-japonia\/","title":{"rendered":"Cea mai v\u00e2rstinic\u0103 persoan\u0103 din lume tr\u0103ie\u0219te \u00een Japonia"},"content":{"rendered":"<h3>Japoneza Nabi Tajima, av\u00eend v\u00eersta de 117 ani \u0219i 45 de zile, a fost recunoscut\u0103 luni cea mai v\u00eerstnic\u0103 femeie din lume, dup\u0103 decesul vineri al jamaicanei Violet Brown, tot \u00een v\u00eerst\u0103 de 117 ani, potrivit postului public NHK citat de EFE, informeaz\u0103 portalul noi.md<\/h3>\n<p>Nabi, care s-a n\u0103scut la 4 august 1900 pe insula Kikai (prefectura Kagoshima) unde locuie\u0219te \u00een prezent, a fost vizitat\u0103 de autorit\u0103\u021bile locale care i-au comunicat noul record pe care \u00eel de\u021bine \u00een lume, relateaz\u0103 NHK.<\/p>\n<p>B\u0103tr\u00eena, care m\u0103n\u00eenc\u0103 de trei ori pe zi, nu mai vorbe\u0219te, \u0219i doarme aproape tot timpul, s-a bucurat \u0219i a vrut parc\u0103 s\u0103 fac\u0103 c\u00ee\u021biva pa\u0219i de dans c\u00eend un grup de vecini i-a c\u00eentat la un instrument un c\u00eentec tradi\u021bional, potrivit imaginilor difuzate de postul de televiziune NHK.<\/p>\n<p>Nepotul lui Nabi, Hiroyuki Tajima, 64 de ani, a declarat: &#8222;Nu ne a\u0219teptam s\u0103 devin\u0103 cea mai v\u00eerstnic\u0103 persan\u0103 din lume; este ca un vis, sper s\u0103 tr\u0103iasc\u0103 \u00eenc\u0103 mult timp&#8221;.<\/p>\n<p>Num\u0103rul persoanelor \u00een v\u00eerst\u0103 de 100 de ani din Japonia a crescut cu 2.132 de persoane, sau 3,2%, comparativ cu perioada similar\u0103 a anului trecut, ajung\u00eend \u00een luna septembrie la cifra record de 67.284 de centenari, gra\u021bie progreselor medicinii.<\/p>\n<p>Este al 47-lea an consecutiv \u00een care popula\u021bia de centenari japonezi a crescut. Comparativ, doar 153 de persoane centenare tr\u0103iau \u00een Japonia \u00een anul 1963, pentru ca pragul de 1.000 de centenari s\u0103 fie atins \u00een anul 1983, 10.000 de centenari \u00een 1998, 30.000 \u00een 2007, \u00een 2012 fiind trecut pragul de 50.000 de centenari.<\/p>\n<p>Masazo Nonaka, n\u0103scut \u00een iulie 1905 la Ashono (\u00een insula Hokkaido), este la 112 ani cel mai longeviv b\u0103rbat din lume.<\/p>\n","protected":false},"excerpt":{"rendered":"<p>Japoneza Nabi Tajima, av\u00eend v\u00eersta de 117 ani \u0219i 45 de zile, a fost recunoscut\u0103 luni cea mai v\u00eerstnic\u0103 femeie din lume, dup\u0103 decesul vineri al jamaicanei Violet Brown, tot \u00een v\u00eerst\u0103 de 117 ani, potrivit postului public NHK citat de EFE, informeaz\u0103 portalul noi.md Nabi, care s-a n\u0103scut la 4 august 1900 pe insula [&hellip;]<\/p>\n","protected":false},"author":4,"featured_media":32477,"comment_status":"closed","ping_status":"closed","sticky":false,"template":"","format":"standard","meta":{"footnotes":""},"categories":[6354,6349],"tags":[],"class_list":["post-32475","post","type-post","status-publish","format-standard","has-post-thumbnail","hentry","category-externe-ro","category-social"],"yoast_head":"<!-- This site is optimized with the Yoast SEO plugin v27.4 - https:\/\/yoast.com\/product\/yoast-seo-wordpress\/ -->\n<title>Cea mai v\u00e2rstinic\u0103 persoan\u0103 din lume tr\u0103ie\u0219te \u00een Japonia - BTV<\/title>\n<meta name=\"robots\" content=\"index, follow, max-snippet:-1, max-image-preview:large, max-video-preview:-1\" \/>\n<link rel=\"canonical\" href=\"https:\/\/www.btv.md\/ro\/cea-mai-varstinica-persoana-din-lume-traieste-in-japonia\/\" \/>\n<meta property=\"og:locale\" content=\"ro_RO\" \/>\n<meta property=\"og:type\" content=\"article\" \/>\n<meta property=\"og:title\" content=\"Cea mai v\u00e2rstinic\u0103 persoan\u0103 din lume tr\u0103ie\u0219te \u00een Japonia - BTV\" \/>\n<meta property=\"og:description\" content=\"Japoneza Nabi Tajima, av\u00eend v\u00eersta de 117 ani \u0219i 45 de zile, a fost recunoscut\u0103 luni cea mai v\u00eerstnic\u0103 femeie din lume, dup\u0103 decesul vineri al jamaicanei Violet Brown, tot \u00een v\u00eerst\u0103 de 117 ani, potrivit postului public NHK citat de EFE, informeaz\u0103 portalul noi.md Nabi, care s-a n\u0103scut la 4 august 1900 pe insula [&hellip;]\" \/>\n<meta property=\"og:url\" content=\"https:\/\/www.btv.md\/ro\/cea-mai-varstinica-persoana-din-lume-traieste-in-japonia\/\" \/>\n<meta property=\"og:site_name\" content=\"BTV\" \/>\n<meta property=\"article:publisher\" content=\"https:\/\/www.facebook.com\/btvmoldova\/\" \/>\n<meta property=\"article:published_time\" content=\"2017-09-20T07:46:48+00:00\" \/>\n<meta property=\"og:image\" content=\"https:\/\/www.btv.md\/wp-content\/uploads\/2017\/09\/nabiw.jpg\" \/>\n\t<meta property=\"og:image:width\" content=\"259\" \/>\n\t<meta property=\"og:image:height\" content=\"194\" \/>\n\t<meta property=\"og:image:type\" content=\"image\/jpeg\" \/>\n<meta name=\"author\" content=\"admin\" \/>\n<meta name=\"twitter:label1\" content=\"Scris de\" \/>\n\t<meta name=\"twitter:data1\" content=\"admin\" \/>\n\t<meta name=\"twitter:label2\" content=\"Timp estimat pentru citire\" \/>\n\t<meta name=\"twitter:data2\" content=\"1 minut\" \/>\n<script type=\"application\/ld+json\" class=\"yoast-schema-graph\">{\"@context\":\"https:\\\/\\\/schema.org\",\"@graph\":[{\"@type\":\"Article\",\"@id\":\"https:\\\/\\\/www.btv.md\\\/ro\\\/cea-mai-varstinica-persoana-din-lume-traieste-in-japonia\\\/#article\",\"isPartOf\":{\"@id\":\"https:\\\/\\\/www.btv.md\\\/ro\\\/cea-mai-varstinica-persoana-din-lume-traieste-in-japonia\\\/\"},\"author\":{\"name\":\"admin\",\"@id\":\"https:\\\/\\\/www.btv.md\\\/#\\\/schema\\\/person\\\/8fadce81561b3ce2c34c46dadc4ccbf2\"},\"headline\":\"Cea mai v\u00e2rstinic\u0103 persoan\u0103 din lume tr\u0103ie\u0219te \u00een Japonia\",\"datePublished\":\"2017-09-20T07:46:48+00:00\",\"mainEntityOfPage\":{\"@id\":\"https:\\\/\\\/www.btv.md\\\/ro\\\/cea-mai-varstinica-persoana-din-lume-traieste-in-japonia\\\/\"},\"wordCount\":297,\"image\":{\"@id\":\"https:\\\/\\\/www.btv.md\\\/ro\\\/cea-mai-varstinica-persoana-din-lume-traieste-in-japonia\\\/#primaryimage\"},\"thumbnailUrl\":\"https:\\\/\\\/www.btv.md\\\/wp-content\\\/uploads\\\/2017\\\/09\\\/nabiw.jpg\",\"articleSection\":[\"Externe\",\"Social\"],\"inLanguage\":\"ro-RO\"},{\"@type\":\"WebPage\",\"@id\":\"https:\\\/\\\/www.btv.md\\\/ro\\\/cea-mai-varstinica-persoana-din-lume-traieste-in-japonia\\\/\",\"url\":\"https:\\\/\\\/www.btv.md\\\/ro\\\/cea-mai-varstinica-persoana-din-lume-traieste-in-japonia\\\/\",\"name\":\"Cea mai v\u00e2rstinic\u0103 persoan\u0103 din lume tr\u0103ie\u0219te \u00een Japonia - BTV\",\"isPartOf\":{\"@id\":\"https:\\\/\\\/www.btv.md\\\/#website\"},\"primaryImageOfPage\":{\"@id\":\"https:\\\/\\\/www.btv.md\\\/ro\\\/cea-mai-varstinica-persoana-din-lume-traieste-in-japonia\\\/#primaryimage\"},\"image\":{\"@id\":\"https:\\\/\\\/www.btv.md\\\/ro\\\/cea-mai-varstinica-persoana-din-lume-traieste-in-japonia\\\/#primaryimage\"},\"thumbnailUrl\":\"https:\\\/\\\/www.btv.md\\\/wp-content\\\/uploads\\\/2017\\\/09\\\/nabiw.jpg\",\"datePublished\":\"2017-09-20T07:46:48+00:00\",\"author\":{\"@id\":\"https:\\\/\\\/www.btv.md\\\/#\\\/schema\\\/person\\\/8fadce81561b3ce2c34c46dadc4ccbf2\"},\"inLanguage\":\"ro-RO\",\"potentialAction\":[{\"@type\":\"ReadAction\",\"target\":[\"https:\\\/\\\/www.btv.md\\\/ro\\\/cea-mai-varstinica-persoana-din-lume-traieste-in-japonia\\\/\"]}]},{\"@type\":\"ImageObject\",\"inLanguage\":\"ro-RO\",\"@id\":\"https:\\\/\\\/www.btv.md\\\/ro\\\/cea-mai-varstinica-persoana-din-lume-traieste-in-japonia\\\/#primaryimage\",\"url\":\"https:\\\/\\\/www.btv.md\\\/wp-content\\\/uploads\\\/2017\\\/09\\\/nabiw.jpg\",\"contentUrl\":\"https:\\\/\\\/www.btv.md\\\/wp-content\\\/uploads\\\/2017\\\/09\\\/nabiw.jpg\",\"width\":259,\"height\":194},{\"@type\":\"WebSite\",\"@id\":\"https:\\\/\\\/www.btv.md\\\/#website\",\"url\":\"https:\\\/\\\/www.btv.md\\\/\",\"name\":\"BTV\",\"description\":\"\u0411\u0435\u043b\u044c\u0446\u043a\u043e\u0435 \u0442\u0435\u043b\u0435\u0432\u0438\u0434\u0435\u043d\u0438\u0435\",\"potentialAction\":[{\"@type\":\"SearchAction\",\"target\":{\"@type\":\"EntryPoint\",\"urlTemplate\":\"https:\\\/\\\/www.btv.md\\\/?s={search_term_string}\"},\"query-input\":{\"@type\":\"PropertyValueSpecification\",\"valueRequired\":true,\"valueName\":\"search_term_string\"}}],\"inLanguage\":\"ro-RO\"},{\"@type\":\"Person\",\"@id\":\"https:\\\/\\\/www.btv.md\\\/#\\\/schema\\\/person\\\/8fadce81561b3ce2c34c46dadc4ccbf2\",\"name\":\"admin\"}]}<\/script>\n<!-- \/ Yoast SEO plugin. -->","yoast_head_json":{"title":"Cea mai v\u00e2rstinic\u0103 persoan\u0103 din lume tr\u0103ie\u0219te \u00een Japonia - BTV","robots":{"index":"index","follow":"follow","max-snippet":"max-snippet:-1","max-image-preview":"max-image-preview:large","max-video-preview":"max-video-preview:-1"},"canonical":"https:\/\/www.btv.md\/ro\/cea-mai-varstinica-persoana-din-lume-traieste-in-japonia\/","og_locale":"ro_RO","og_type":"article","og_title":"Cea mai v\u00e2rstinic\u0103 persoan\u0103 din lume tr\u0103ie\u0219te \u00een Japonia - BTV","og_description":"Japoneza Nabi Tajima, av\u00eend v\u00eersta de 117 ani \u0219i 45 de zile, a fost recunoscut\u0103 luni cea mai v\u00eerstnic\u0103 femeie din lume, dup\u0103 decesul vineri al jamaicanei Violet Brown, tot \u00een v\u00eerst\u0103 de 117 ani, potrivit postului public NHK citat de EFE, informeaz\u0103 portalul noi.md Nabi, care s-a n\u0103scut la 4 august 1900 pe insula [&hellip;]","og_url":"https:\/\/www.btv.md\/ro\/cea-mai-varstinica-persoana-din-lume-traieste-in-japonia\/","og_site_name":"BTV","article_publisher":"https:\/\/www.facebook.com\/btvmoldova\/","article_published_time":"2017-09-20T07:46:48+00:00","og_image":[{"width":259,"height":194,"url":"https:\/\/www.btv.md\/wp-content\/uploads\/2017\/09\/nabiw.jpg","type":"image\/jpeg"}],"author":"admin","twitter_misc":{"Scris de":"admin","Timp estimat pentru citire":"1 minut"},"schema":{"@context":"https:\/\/schema.org","@graph":[{"@type":"Article","@id":"https:\/\/www.btv.md\/ro\/cea-mai-varstinica-persoana-din-lume-traieste-in-japonia\/#article","isPartOf":{"@id":"https:\/\/www.btv.md\/ro\/cea-mai-varstinica-persoana-din-lume-traieste-in-japonia\/"},"author":{"name":"admin","@id":"https:\/\/www.btv.md\/#\/schema\/person\/8fadce81561b3ce2c34c46dadc4ccbf2"},"headline":"Cea mai v\u00e2rstinic\u0103 persoan\u0103 din lume tr\u0103ie\u0219te \u00een Japonia","datePublished":"2017-09-20T07:46:48+00:00","mainEntityOfPage":{"@id":"https:\/\/www.btv.md\/ro\/cea-mai-varstinica-persoana-din-lume-traieste-in-japonia\/"},"wordCount":297,"image":{"@id":"https:\/\/www.btv.md\/ro\/cea-mai-varstinica-persoana-din-lume-traieste-in-japonia\/#primaryimage"},"thumbnailUrl":"https:\/\/www.btv.md\/wp-content\/uploads\/2017\/09\/nabiw.jpg","articleSection":["Externe","Social"],"inLanguage":"ro-RO"},{"@type":"WebPage","@id":"https:\/\/www.btv.md\/ro\/cea-mai-varstinica-persoana-din-lume-traieste-in-japonia\/","url":"https:\/\/www.btv.md\/ro\/cea-mai-varstinica-persoana-din-lume-traieste-in-japonia\/","name":"Cea mai v\u00e2rstinic\u0103 persoan\u0103 din lume tr\u0103ie\u0219te \u00een Japonia - BTV","isPartOf":{"@id":"https:\/\/www.btv.md\/#website"},"primaryImageOfPage":{"@id":"https:\/\/www.btv.md\/ro\/cea-mai-varstinica-persoana-din-lume-traieste-in-japonia\/#primaryimage"},"image":{"@id":"https:\/\/www.btv.md\/ro\/cea-mai-varstinica-persoana-din-lume-traieste-in-japonia\/#primaryimage"},"thumbnailUrl":"https:\/\/www.btv.md\/wp-content\/uploads\/2017\/09\/nabiw.jpg","datePublished":"2017-09-20T07:46:48+00:00","author":{"@id":"https:\/\/www.btv.md\/#\/schema\/person\/8fadce81561b3ce2c34c46dadc4ccbf2"},"inLanguage":"ro-RO","potentialAction":[{"@type":"ReadAction","target":["https:\/\/www.btv.md\/ro\/cea-mai-varstinica-persoana-din-lume-traieste-in-japonia\/"]}]},{"@type":"ImageObject","inLanguage":"ro-RO","@id":"https:\/\/www.btv.md\/ro\/cea-mai-varstinica-persoana-din-lume-traieste-in-japonia\/#primaryimage","url":"https:\/\/www.btv.md\/wp-content\/uploads\/2017\/09\/nabiw.jpg","contentUrl":"https:\/\/www.btv.md\/wp-content\/uploads\/2017\/09\/nabiw.jpg","width":259,"height":194},{"@type":"WebSite","@id":"https:\/\/www.btv.md\/#website","url":"https:\/\/www.btv.md\/","name":"BTV","description":"\u0411\u0435\u043b\u044c\u0446\u043a\u043e\u0435 \u0442\u0435\u043b\u0435\u0432\u0438\u0434\u0435\u043d\u0438\u0435","potentialAction":[{"@type":"SearchAction","target":{"@type":"EntryPoint","urlTemplate":"https:\/\/www.btv.md\/?s={search_term_string}"},"query-input":{"@type":"PropertyValueSpecification","valueRequired":true,"valueName":"search_term_string"}}],"inLanguage":"ro-RO"},{"@type":"Person","@id":"https:\/\/www.btv.md\/#\/schema\/person\/8fadce81561b3ce2c34c46dadc4ccbf2","name":"admin"}]}},"_links":{"self":[{"href":"https:\/\/www.btv.md\/ro\/wp-json\/wp\/v2\/posts\/32475","targetHints":{"allow":["GET"]}}],"collection":[{"href":"https:\/\/www.btv.md\/ro\/wp-json\/wp\/v2\/posts"}],"about":[{"href":"https:\/\/www.btv.md\/ro\/wp-json\/wp\/v2\/types\/post"}],"author":[{"embeddable":true,"href":"https:\/\/www.btv.md\/ro\/wp-json\/wp\/v2\/users\/4"}],"replies":[{"embeddable":true,"href":"https:\/\/www.btv.md\/ro\/wp-json\/wp\/v2\/comments?post=32475"}],"version-history":[{"count":0,"href":"https:\/\/www.btv.md\/ro\/wp-json\/wp\/v2\/posts\/32475\/revisions"}],"wp:featuredmedia":[{"embeddable":true,"href":"https:\/\/www.btv.md\/ro\/wp-json\/wp\/v2\/media\/32477"}],"wp:attachment":[{"href":"https:\/\/www.btv.md\/ro\/wp-json\/wp\/v2\/media?parent=32475"}],"wp:term":[{"taxonomy":"category","embeddable":true,"href":"https:\/\/www.btv.md\/ro\/wp-json\/wp\/v2\/categories?post=32475"},{"taxonomy":"post_tag","embeddable":true,"href":"https:\/\/www.btv.md\/ro\/wp-json\/wp\/v2\/tags?post=32475"}],"curies":[{"name":"wp","href":"https:\/\/api.w.org\/{rel}","templated":true}]}}