{"id":32493,"date":"2017-09-20T12:30:05","date_gmt":"2017-09-20T09:30:05","guid":{"rendered":"http:\/\/btv.md\/?p=32493"},"modified":"2019-02-12T12:25:03","modified_gmt":"2019-02-12T10:25:03","slug":"sute-de-moldoveni-au-interdictie-de-a-parasi-tara","status":"publish","type":"post","link":"https:\/\/www.btv.md\/ro\/sute-de-moldoveni-au-interdictie-de-a-parasi-tara\/","title":{"rendered":"Sute  de  moldoveni  au  interdic\u021bie  de  a  p\u0103r\u0103si  \u021bara"},"content":{"rendered":"<p><strong>Conform Codului de executare, executorii judec\u0103tore\u0219ti au dreptul s\u0103 solicite instan\u0163ei judec\u0103tore\u015fti, la cererea creditorului, aplicarea fa\u0163\u0103 de debitor a interdic\u0163iei de a p\u0103r\u0103si \u0163ara \u00een cazul \u00een care plecarea acestuia ar face imposibil\u0103 sau dificil\u0103 executarea hot\u0103r\u00e2rii judec\u0103tore\u015fti, scrie <a href=\"http:\/\/bizlaw.md\/\">bizlaw.md<\/a><\/strong><\/p>\n<p>Potrivit\u00a0<a href=\"http:\/\/www.bizlaw.md\/2017\/09\/19\/sute-de-moldoveni-au-interdictie-de-a-parasi-tara-care-sunt-motivele\/\">bizlaw<\/a>, aproape 750 de persoane au \u00een prezent interdic\u021bie de a p\u0103r\u0103si \u021bara. Mai exact, potrivit informa\u021biilor oferite de Poli\u021bia de Frontier\u0103, 749 de cet\u0103\u021beni nu au voie s\u0103 s\u0103 ias\u0103 de pe teritoriul Republicii Moldova, pentru c\u0103 au aplicate interdic\u021bii de c\u0103tre judec\u0103tori \u0219i procurori.<\/p>\n<p>Documentul mai prevede c\u0103, interdic\u0163ia de a p\u0103r\u0103si \u0163ara \u00een cel mult 6 luni se aplic\u0103 de c\u0103tre judec\u0103tor, la demersul executorului judec\u0103toresc, doar dup\u0103 luarea m\u0103surilor de asigurare a execut\u0103rii documentului executoriu, cu obligarea executorului judec\u0103toresc de a efectua periodic un control privind necesitatea men\u0163inerii acestei interdic\u0163ii. \u00cencheierea instan\u021bei de judecat\u0103 se execut\u0103 imediat, \u00eens\u0103 poate fi atacat\u0103 cu recurs.<\/p>\n<p>Dac\u0103 este necesar\u0103 men\u0163inerea interdic\u0163iei pe un termen mai mare, aceasta poate fi aplicat\u0103 \u00een mod repetat \u00een urma unui demers motivat al executorului judec\u0103toresc, dar nu mai mult de 3 ori \u00een cadrul aceleia\u015fi proceduri de executare.<\/p>\n<p>Recent, un grup de deputa\u021bi a propus excluderea din Codul de executare a normei care vizeaz\u0103 aplicarea interdic\u021biei de a p\u0103r\u0103si \u021bara. Guvernul, \u00eens\u0103, a dat aviz negativ.<\/p>\n","protected":false},"excerpt":{"rendered":"<p>Conform Codului de executare, executorii judec\u0103tore\u0219ti au dreptul s\u0103 solicite instan\u0163ei judec\u0103tore\u015fti, la cererea creditorului, aplicarea fa\u0163\u0103 de debitor a interdic\u0163iei de a p\u0103r\u0103si \u0163ara \u00een cazul \u00een care plecarea acestuia ar face imposibil\u0103 sau dificil\u0103 executarea hot\u0103r\u00e2rii judec\u0103tore\u015fti, scrie bizlaw.md Potrivit\u00a0bizlaw, aproape 750 de persoane au \u00een prezent interdic\u021bie de a p\u0103r\u0103si \u021bara. Mai [&hellip;]<\/p>\n","protected":false},"author":4,"featured_media":32495,"comment_status":"closed","ping_status":"closed","sticky":false,"template":"","format":"standard","meta":{"footnotes":""},"categories":[6349],"tags":[],"class_list":["post-32493","post","type-post","status-publish","format-standard","has-post-thumbnail","hentry","category-social"],"yoast_head":"<!-- This site is optimized with the Yoast SEO plugin v27.4 - https:\/\/yoast.com\/product\/yoast-seo-wordpress\/ -->\n<title>Sute de moldoveni au interdic\u021bie de a p\u0103r\u0103si \u021bara - BTV<\/title>\n<meta name=\"robots\" content=\"index, follow, max-snippet:-1, max-image-preview:large, max-video-preview:-1\" \/>\n<link rel=\"canonical\" href=\"https:\/\/www.btv.md\/ro\/sute-de-moldoveni-au-interdictie-de-a-parasi-tara\/\" \/>\n<meta property=\"og:locale\" content=\"ro_RO\" \/>\n<meta property=\"og:type\" content=\"article\" \/>\n<meta property=\"og:title\" content=\"Sute de moldoveni au interdic\u021bie de a p\u0103r\u0103si \u021bara - BTV\" \/>\n<meta property=\"og:description\" content=\"Conform Codului de executare, executorii judec\u0103tore\u0219ti au dreptul s\u0103 solicite instan\u0163ei judec\u0103tore\u015fti, la cererea creditorului, aplicarea fa\u0163\u0103 de debitor a interdic\u0163iei de a p\u0103r\u0103si \u0163ara \u00een cazul \u00een care plecarea acestuia ar face imposibil\u0103 sau dificil\u0103 executarea hot\u0103r\u00e2rii judec\u0103tore\u015fti, scrie bizlaw.md Potrivit\u00a0bizlaw, aproape 750 de persoane au \u00een prezent interdic\u021bie de a p\u0103r\u0103si \u021bara. Mai [&hellip;]\" \/>\n<meta property=\"og:url\" content=\"https:\/\/www.btv.md\/ro\/sute-de-moldoveni-au-interdictie-de-a-parasi-tara\/\" \/>\n<meta property=\"og:site_name\" content=\"BTV\" \/>\n<meta property=\"article:publisher\" content=\"https:\/\/www.facebook.com\/btvmoldova\/\" \/>\n<meta property=\"article:published_time\" content=\"2017-09-20T09:30:05+00:00\" \/>\n<meta property=\"article:modified_time\" content=\"2019-02-12T10:25:03+00:00\" \/>\n<meta property=\"og:image\" content=\"https:\/\/www.btv.md\/wp-content\/uploads\/2017\/09\/interdictie.jpg\" \/>\n\t<meta property=\"og:image:width\" content=\"604\" \/>\n\t<meta property=\"og:image:height\" content=\"454\" \/>\n\t<meta property=\"og:image:type\" content=\"image\/jpeg\" \/>\n<meta name=\"author\" content=\"admin\" \/>\n<meta name=\"twitter:label1\" content=\"Scris de\" \/>\n\t<meta name=\"twitter:data1\" content=\"admin\" \/>\n\t<meta name=\"twitter:label2\" content=\"Timp estimat pentru citire\" \/>\n\t<meta name=\"twitter:data2\" content=\"1 minut\" \/>\n<script type=\"application\/ld+json\" class=\"yoast-schema-graph\">{\"@context\":\"https:\\\/\\\/schema.org\",\"@graph\":[{\"@type\":\"Article\",\"@id\":\"https:\\\/\\\/www.btv.md\\\/ro\\\/sute-de-moldoveni-au-interdictie-de-a-parasi-tara\\\/#article\",\"isPartOf\":{\"@id\":\"https:\\\/\\\/www.btv.md\\\/ro\\\/sute-de-moldoveni-au-interdictie-de-a-parasi-tara\\\/\"},\"author\":{\"name\":\"admin\",\"@id\":\"https:\\\/\\\/www.btv.md\\\/#\\\/schema\\\/person\\\/8fadce81561b3ce2c34c46dadc4ccbf2\"},\"headline\":\"Sute de moldoveni au interdic\u021bie de a p\u0103r\u0103si \u021bara\",\"datePublished\":\"2017-09-20T09:30:05+00:00\",\"dateModified\":\"2019-02-12T10:25:03+00:00\",\"mainEntityOfPage\":{\"@id\":\"https:\\\/\\\/www.btv.md\\\/ro\\\/sute-de-moldoveni-au-interdictie-de-a-parasi-tara\\\/\"},\"wordCount\":265,\"image\":{\"@id\":\"https:\\\/\\\/www.btv.md\\\/ro\\\/sute-de-moldoveni-au-interdictie-de-a-parasi-tara\\\/#primaryimage\"},\"thumbnailUrl\":\"https:\\\/\\\/www.btv.md\\\/wp-content\\\/uploads\\\/2017\\\/09\\\/interdictie.jpg\",\"articleSection\":[\"Social\"],\"inLanguage\":\"ro-RO\"},{\"@type\":\"WebPage\",\"@id\":\"https:\\\/\\\/www.btv.md\\\/ro\\\/sute-de-moldoveni-au-interdictie-de-a-parasi-tara\\\/\",\"url\":\"https:\\\/\\\/www.btv.md\\\/ro\\\/sute-de-moldoveni-au-interdictie-de-a-parasi-tara\\\/\",\"name\":\"Sute de moldoveni au interdic\u021bie de a p\u0103r\u0103si \u021bara - BTV\",\"isPartOf\":{\"@id\":\"https:\\\/\\\/www.btv.md\\\/#website\"},\"primaryImageOfPage\":{\"@id\":\"https:\\\/\\\/www.btv.md\\\/ro\\\/sute-de-moldoveni-au-interdictie-de-a-parasi-tara\\\/#primaryimage\"},\"image\":{\"@id\":\"https:\\\/\\\/www.btv.md\\\/ro\\\/sute-de-moldoveni-au-interdictie-de-a-parasi-tara\\\/#primaryimage\"},\"thumbnailUrl\":\"https:\\\/\\\/www.btv.md\\\/wp-content\\\/uploads\\\/2017\\\/09\\\/interdictie.jpg\",\"datePublished\":\"2017-09-20T09:30:05+00:00\",\"dateModified\":\"2019-02-12T10:25:03+00:00\",\"author\":{\"@id\":\"https:\\\/\\\/www.btv.md\\\/#\\\/schema\\\/person\\\/8fadce81561b3ce2c34c46dadc4ccbf2\"},\"inLanguage\":\"ro-RO\",\"potentialAction\":[{\"@type\":\"ReadAction\",\"target\":[\"https:\\\/\\\/www.btv.md\\\/ro\\\/sute-de-moldoveni-au-interdictie-de-a-parasi-tara\\\/\"]}]},{\"@type\":\"ImageObject\",\"inLanguage\":\"ro-RO\",\"@id\":\"https:\\\/\\\/www.btv.md\\\/ro\\\/sute-de-moldoveni-au-interdictie-de-a-parasi-tara\\\/#primaryimage\",\"url\":\"https:\\\/\\\/www.btv.md\\\/wp-content\\\/uploads\\\/2017\\\/09\\\/interdictie.jpg\",\"contentUrl\":\"https:\\\/\\\/www.btv.md\\\/wp-content\\\/uploads\\\/2017\\\/09\\\/interdictie.jpg\",\"width\":604,\"height\":454},{\"@type\":\"WebSite\",\"@id\":\"https:\\\/\\\/www.btv.md\\\/#website\",\"url\":\"https:\\\/\\\/www.btv.md\\\/\",\"name\":\"BTV\",\"description\":\"\u0411\u0435\u043b\u044c\u0446\u043a\u043e\u0435 \u0442\u0435\u043b\u0435\u0432\u0438\u0434\u0435\u043d\u0438\u0435\",\"potentialAction\":[{\"@type\":\"SearchAction\",\"target\":{\"@type\":\"EntryPoint\",\"urlTemplate\":\"https:\\\/\\\/www.btv.md\\\/?s={search_term_string}\"},\"query-input\":{\"@type\":\"PropertyValueSpecification\",\"valueRequired\":true,\"valueName\":\"search_term_string\"}}],\"inLanguage\":\"ro-RO\"},{\"@type\":\"Person\",\"@id\":\"https:\\\/\\\/www.btv.md\\\/#\\\/schema\\\/person\\\/8fadce81561b3ce2c34c46dadc4ccbf2\",\"name\":\"admin\"}]}<\/script>\n<!-- \/ Yoast SEO plugin. -->","yoast_head_json":{"title":"Sute de moldoveni au interdic\u021bie de a p\u0103r\u0103si \u021bara - BTV","robots":{"index":"index","follow":"follow","max-snippet":"max-snippet:-1","max-image-preview":"max-image-preview:large","max-video-preview":"max-video-preview:-1"},"canonical":"https:\/\/www.btv.md\/ro\/sute-de-moldoveni-au-interdictie-de-a-parasi-tara\/","og_locale":"ro_RO","og_type":"article","og_title":"Sute de moldoveni au interdic\u021bie de a p\u0103r\u0103si \u021bara - BTV","og_description":"Conform Codului de executare, executorii judec\u0103tore\u0219ti au dreptul s\u0103 solicite instan\u0163ei judec\u0103tore\u015fti, la cererea creditorului, aplicarea fa\u0163\u0103 de debitor a interdic\u0163iei de a p\u0103r\u0103si \u0163ara \u00een cazul \u00een care plecarea acestuia ar face imposibil\u0103 sau dificil\u0103 executarea hot\u0103r\u00e2rii judec\u0103tore\u015fti, scrie bizlaw.md Potrivit\u00a0bizlaw, aproape 750 de persoane au \u00een prezent interdic\u021bie de a p\u0103r\u0103si \u021bara. Mai [&hellip;]","og_url":"https:\/\/www.btv.md\/ro\/sute-de-moldoveni-au-interdictie-de-a-parasi-tara\/","og_site_name":"BTV","article_publisher":"https:\/\/www.facebook.com\/btvmoldova\/","article_published_time":"2017-09-20T09:30:05+00:00","article_modified_time":"2019-02-12T10:25:03+00:00","og_image":[{"width":604,"height":454,"url":"https:\/\/www.btv.md\/wp-content\/uploads\/2017\/09\/interdictie.jpg","type":"image\/jpeg"}],"author":"admin","twitter_misc":{"Scris de":"admin","Timp estimat pentru citire":"1 minut"},"schema":{"@context":"https:\/\/schema.org","@graph":[{"@type":"Article","@id":"https:\/\/www.btv.md\/ro\/sute-de-moldoveni-au-interdictie-de-a-parasi-tara\/#article","isPartOf":{"@id":"https:\/\/www.btv.md\/ro\/sute-de-moldoveni-au-interdictie-de-a-parasi-tara\/"},"author":{"name":"admin","@id":"https:\/\/www.btv.md\/#\/schema\/person\/8fadce81561b3ce2c34c46dadc4ccbf2"},"headline":"Sute de moldoveni au interdic\u021bie de a p\u0103r\u0103si \u021bara","datePublished":"2017-09-20T09:30:05+00:00","dateModified":"2019-02-12T10:25:03+00:00","mainEntityOfPage":{"@id":"https:\/\/www.btv.md\/ro\/sute-de-moldoveni-au-interdictie-de-a-parasi-tara\/"},"wordCount":265,"image":{"@id":"https:\/\/www.btv.md\/ro\/sute-de-moldoveni-au-interdictie-de-a-parasi-tara\/#primaryimage"},"thumbnailUrl":"https:\/\/www.btv.md\/wp-content\/uploads\/2017\/09\/interdictie.jpg","articleSection":["Social"],"inLanguage":"ro-RO"},{"@type":"WebPage","@id":"https:\/\/www.btv.md\/ro\/sute-de-moldoveni-au-interdictie-de-a-parasi-tara\/","url":"https:\/\/www.btv.md\/ro\/sute-de-moldoveni-au-interdictie-de-a-parasi-tara\/","name":"Sute de moldoveni au interdic\u021bie de a p\u0103r\u0103si \u021bara - BTV","isPartOf":{"@id":"https:\/\/www.btv.md\/#website"},"primaryImageOfPage":{"@id":"https:\/\/www.btv.md\/ro\/sute-de-moldoveni-au-interdictie-de-a-parasi-tara\/#primaryimage"},"image":{"@id":"https:\/\/www.btv.md\/ro\/sute-de-moldoveni-au-interdictie-de-a-parasi-tara\/#primaryimage"},"thumbnailUrl":"https:\/\/www.btv.md\/wp-content\/uploads\/2017\/09\/interdictie.jpg","datePublished":"2017-09-20T09:30:05+00:00","dateModified":"2019-02-12T10:25:03+00:00","author":{"@id":"https:\/\/www.btv.md\/#\/schema\/person\/8fadce81561b3ce2c34c46dadc4ccbf2"},"inLanguage":"ro-RO","potentialAction":[{"@type":"ReadAction","target":["https:\/\/www.btv.md\/ro\/sute-de-moldoveni-au-interdictie-de-a-parasi-tara\/"]}]},{"@type":"ImageObject","inLanguage":"ro-RO","@id":"https:\/\/www.btv.md\/ro\/sute-de-moldoveni-au-interdictie-de-a-parasi-tara\/#primaryimage","url":"https:\/\/www.btv.md\/wp-content\/uploads\/2017\/09\/interdictie.jpg","contentUrl":"https:\/\/www.btv.md\/wp-content\/uploads\/2017\/09\/interdictie.jpg","width":604,"height":454},{"@type":"WebSite","@id":"https:\/\/www.btv.md\/#website","url":"https:\/\/www.btv.md\/","name":"BTV","description":"\u0411\u0435\u043b\u044c\u0446\u043a\u043e\u0435 \u0442\u0435\u043b\u0435\u0432\u0438\u0434\u0435\u043d\u0438\u0435","potentialAction":[{"@type":"SearchAction","target":{"@type":"EntryPoint","urlTemplate":"https:\/\/www.btv.md\/?s={search_term_string}"},"query-input":{"@type":"PropertyValueSpecification","valueRequired":true,"valueName":"search_term_string"}}],"inLanguage":"ro-RO"},{"@type":"Person","@id":"https:\/\/www.btv.md\/#\/schema\/person\/8fadce81561b3ce2c34c46dadc4ccbf2","name":"admin"}]}},"_links":{"self":[{"href":"https:\/\/www.btv.md\/ro\/wp-json\/wp\/v2\/posts\/32493","targetHints":{"allow":["GET"]}}],"collection":[{"href":"https:\/\/www.btv.md\/ro\/wp-json\/wp\/v2\/posts"}],"about":[{"href":"https:\/\/www.btv.md\/ro\/wp-json\/wp\/v2\/types\/post"}],"author":[{"embeddable":true,"href":"https:\/\/www.btv.md\/ro\/wp-json\/wp\/v2\/users\/4"}],"replies":[{"embeddable":true,"href":"https:\/\/www.btv.md\/ro\/wp-json\/wp\/v2\/comments?post=32493"}],"version-history":[{"count":0,"href":"https:\/\/www.btv.md\/ro\/wp-json\/wp\/v2\/posts\/32493\/revisions"}],"wp:featuredmedia":[{"embeddable":true,"href":"https:\/\/www.btv.md\/ro\/wp-json\/wp\/v2\/media\/32495"}],"wp:attachment":[{"href":"https:\/\/www.btv.md\/ro\/wp-json\/wp\/v2\/media?parent=32493"}],"wp:term":[{"taxonomy":"category","embeddable":true,"href":"https:\/\/www.btv.md\/ro\/wp-json\/wp\/v2\/categories?post=32493"},{"taxonomy":"post_tag","embeddable":true,"href":"https:\/\/www.btv.md\/ro\/wp-json\/wp\/v2\/tags?post=32493"}],"curies":[{"name":"wp","href":"https:\/\/api.w.org\/{rel}","templated":true}]}}