{"id":32499,"date":"2017-09-20T12:52:26","date_gmt":"2017-09-20T09:52:26","guid":{"rendered":"http:\/\/btv.md\/?p=32499"},"modified":"2019-02-12T12:23:53","modified_gmt":"2019-02-12T10:23:53","slug":"referendumul-pentru-demiterea-lui-dorin-chirtoaca-va-avea-loc-pe-19-noiembrie","status":"publish","type":"post","link":"https:\/\/www.btv.md\/ro\/referendumul-pentru-demiterea-lui-dorin-chirtoaca-va-avea-loc-pe-19-noiembrie\/","title":{"rendered":"Referendumul pentru demiterea lui Dorin Chirtoac\u0103 va avea loc pe 19 noiembrie"},"content":{"rendered":"<p><strong>Comisia Electoral\u0103 Central\u0103 (CEC) a aprobat data desf\u0103\u0219ur\u0103rii referendumului de demitere a primarului suspendat, Dorin Chirtoac\u0103. Scrutinul va avea loc la 19 noiembrie, transmite <a href=\"http:\/\/independent.md\/\">independent.md<\/a>.<\/strong><\/p>\n<p>\u00cen cadrul \u015fedin\u0163ei CEC, a fost aprobat\u0103 data desf\u0103\u0219ur\u0103rii referendumului de demitere a primarului suspendat, Dorin Chirtoac\u0103. Astfel, scrutinul se va desf\u0103\u015fura la 19 noiembrie curent, a\u015fa cum a decis Consiliul Municipal Chi\u015fin\u0103u, la 12 septembrie. Decizia a fost aprobat\u0103 cu votul a \u015fase membri CEC \u015fi dou\u0103 ab\u021bineri.<\/p>\n<blockquote><p><em>\u201eComisia a stabilit pentru 19 noiembrie curent organizarea referendumu de demitere a edilului capitalei. Aceast\u0103 decizie va fi remis\u0103 c\u0103tre to\u0163i subiec\u021bii implica\u021bi \u00een acest proces<\/em>\u201d, a men\u021bionat \u015fefa CEC Alina Russu.<\/p><\/blockquote>\n<p>\u00centrebarea la care vor r\u0103spunde locuitorii capitalei este: Sunte\u0163i pentru revocarea primarului?<\/p>\n<p>Sociali\u015ftii \u00eel \u00eenvinuiesc pe Chirtoac\u0103 de incompeten\u0163\u0103 \u015fi iresponsabilitate, pe c\u00e2nd edilul capitalei a calificat aceste acuza\u0163ii ca fiind lipsite de sens.<\/p>\n","protected":false},"excerpt":{"rendered":"<p>Comisia Electoral\u0103 Central\u0103 (CEC) a aprobat data desf\u0103\u0219ur\u0103rii referendumului de demitere a primarului suspendat, Dorin Chirtoac\u0103. Scrutinul va avea loc la 19 noiembrie, transmite independent.md. \u00cen cadrul \u015fedin\u0163ei CEC, a fost aprobat\u0103 data desf\u0103\u0219ur\u0103rii referendumului de demitere a primarului suspendat, Dorin Chirtoac\u0103. Astfel, scrutinul se va desf\u0103\u015fura la 19 noiembrie curent, a\u015fa cum a decis [&hellip;]<\/p>\n","protected":false},"author":4,"featured_media":32500,"comment_status":"closed","ping_status":"closed","sticky":false,"template":"","format":"standard","meta":{"footnotes":""},"categories":[6368,6377],"tags":[],"class_list":["post-32499","post","type-post","status-publish","format-standard","has-post-thumbnail","hentry","category-politica-ro","category-stiri"],"yoast_head":"<!-- This site is optimized with the Yoast SEO plugin v27.4 - https:\/\/yoast.com\/product\/yoast-seo-wordpress\/ -->\n<title>Referendumul pentru demiterea lui Dorin Chirtoac\u0103 va avea loc pe 19 noiembrie - BTV<\/title>\n<meta name=\"robots\" content=\"index, follow, max-snippet:-1, max-image-preview:large, max-video-preview:-1\" \/>\n<link rel=\"canonical\" href=\"https:\/\/www.btv.md\/ro\/amp\/referendumul-pentru-demiterea-lui-dorin-chirtoaca-va-avea-loc-pe-19-noiembrie\/\" \/>\n<meta property=\"og:locale\" content=\"ro_RO\" \/>\n<meta property=\"og:type\" content=\"article\" \/>\n<meta property=\"og:title\" content=\"Referendumul pentru demiterea lui Dorin Chirtoac\u0103 va avea loc pe 19 noiembrie - BTV\" \/>\n<meta property=\"og:description\" content=\"Comisia Electoral\u0103 Central\u0103 (CEC) a aprobat data desf\u0103\u0219ur\u0103rii referendumului de demitere a primarului suspendat, Dorin Chirtoac\u0103. Scrutinul va avea loc la 19 noiembrie, transmite independent.md. \u00cen cadrul \u015fedin\u0163ei CEC, a fost aprobat\u0103 data desf\u0103\u0219ur\u0103rii referendumului de demitere a primarului suspendat, Dorin Chirtoac\u0103. Astfel, scrutinul se va desf\u0103\u015fura la 19 noiembrie curent, a\u015fa cum a decis [&hellip;]\" \/>\n<meta property=\"og:url\" content=\"https:\/\/www.btv.md\/ro\/amp\/referendumul-pentru-demiterea-lui-dorin-chirtoaca-va-avea-loc-pe-19-noiembrie\/\" \/>\n<meta property=\"og:site_name\" content=\"BTV\" \/>\n<meta property=\"article:publisher\" content=\"https:\/\/www.facebook.com\/btvmoldova\/\" \/>\n<meta property=\"article:published_time\" content=\"2017-09-20T09:52:26+00:00\" \/>\n<meta property=\"article:modified_time\" content=\"2019-02-12T10:23:53+00:00\" \/>\n<meta property=\"og:image\" content=\"https:\/\/www.btv.md\/wp-content\/uploads\/2017\/09\/chitoaca.jpg\" \/>\n\t<meta property=\"og:image:width\" content=\"1280\" \/>\n\t<meta property=\"og:image:height\" content=\"852\" \/>\n\t<meta property=\"og:image:type\" content=\"image\/jpeg\" \/>\n<meta name=\"author\" content=\"admin\" \/>\n<meta name=\"twitter:label1\" content=\"Scris de\" \/>\n\t<meta name=\"twitter:data1\" content=\"admin\" \/>\n\t<meta name=\"twitter:label2\" content=\"Timp estimat pentru citire\" \/>\n\t<meta name=\"twitter:data2\" content=\"1 minut\" \/>\n<script type=\"application\/ld+json\" class=\"yoast-schema-graph\">{\"@context\":\"https:\\\/\\\/schema.org\",\"@graph\":[{\"@type\":\"Article\",\"@id\":\"https:\\\/\\\/www.btv.md\\\/ro\\\/amp\\\/referendumul-pentru-demiterea-lui-dorin-chirtoaca-va-avea-loc-pe-19-noiembrie\\\/#article\",\"isPartOf\":{\"@id\":\"https:\\\/\\\/www.btv.md\\\/ro\\\/amp\\\/referendumul-pentru-demiterea-lui-dorin-chirtoaca-va-avea-loc-pe-19-noiembrie\\\/\"},\"author\":{\"name\":\"admin\",\"@id\":\"https:\\\/\\\/www.btv.md\\\/#\\\/schema\\\/person\\\/8fadce81561b3ce2c34c46dadc4ccbf2\"},\"headline\":\"Referendumul pentru demiterea lui Dorin Chirtoac\u0103 va avea loc pe 19 noiembrie\",\"datePublished\":\"2017-09-20T09:52:26+00:00\",\"dateModified\":\"2019-02-12T10:23:53+00:00\",\"mainEntityOfPage\":{\"@id\":\"https:\\\/\\\/www.btv.md\\\/ro\\\/amp\\\/referendumul-pentru-demiterea-lui-dorin-chirtoaca-va-avea-loc-pe-19-noiembrie\\\/\"},\"wordCount\":168,\"image\":{\"@id\":\"https:\\\/\\\/www.btv.md\\\/ro\\\/amp\\\/referendumul-pentru-demiterea-lui-dorin-chirtoaca-va-avea-loc-pe-19-noiembrie\\\/#primaryimage\"},\"thumbnailUrl\":\"https:\\\/\\\/www.btv.md\\\/wp-content\\\/uploads\\\/2017\\\/09\\\/chitoaca.jpg\",\"articleSection\":[\"Politic\u0103\",\"\u0218tiri\"],\"inLanguage\":\"ro-RO\"},{\"@type\":\"WebPage\",\"@id\":\"https:\\\/\\\/www.btv.md\\\/ro\\\/amp\\\/referendumul-pentru-demiterea-lui-dorin-chirtoaca-va-avea-loc-pe-19-noiembrie\\\/\",\"url\":\"https:\\\/\\\/www.btv.md\\\/ro\\\/amp\\\/referendumul-pentru-demiterea-lui-dorin-chirtoaca-va-avea-loc-pe-19-noiembrie\\\/\",\"name\":\"Referendumul pentru demiterea lui Dorin Chirtoac\u0103 va avea loc pe 19 noiembrie - BTV\",\"isPartOf\":{\"@id\":\"https:\\\/\\\/www.btv.md\\\/#website\"},\"primaryImageOfPage\":{\"@id\":\"https:\\\/\\\/www.btv.md\\\/ro\\\/amp\\\/referendumul-pentru-demiterea-lui-dorin-chirtoaca-va-avea-loc-pe-19-noiembrie\\\/#primaryimage\"},\"image\":{\"@id\":\"https:\\\/\\\/www.btv.md\\\/ro\\\/amp\\\/referendumul-pentru-demiterea-lui-dorin-chirtoaca-va-avea-loc-pe-19-noiembrie\\\/#primaryimage\"},\"thumbnailUrl\":\"https:\\\/\\\/www.btv.md\\\/wp-content\\\/uploads\\\/2017\\\/09\\\/chitoaca.jpg\",\"datePublished\":\"2017-09-20T09:52:26+00:00\",\"dateModified\":\"2019-02-12T10:23:53+00:00\",\"author\":{\"@id\":\"https:\\\/\\\/www.btv.md\\\/#\\\/schema\\\/person\\\/8fadce81561b3ce2c34c46dadc4ccbf2\"},\"inLanguage\":\"ro-RO\",\"potentialAction\":[{\"@type\":\"ReadAction\",\"target\":[\"https:\\\/\\\/www.btv.md\\\/ro\\\/amp\\\/referendumul-pentru-demiterea-lui-dorin-chirtoaca-va-avea-loc-pe-19-noiembrie\\\/\"]}]},{\"@type\":\"ImageObject\",\"inLanguage\":\"ro-RO\",\"@id\":\"https:\\\/\\\/www.btv.md\\\/ro\\\/amp\\\/referendumul-pentru-demiterea-lui-dorin-chirtoaca-va-avea-loc-pe-19-noiembrie\\\/#primaryimage\",\"url\":\"https:\\\/\\\/www.btv.md\\\/wp-content\\\/uploads\\\/2017\\\/09\\\/chitoaca.jpg\",\"contentUrl\":\"https:\\\/\\\/www.btv.md\\\/wp-content\\\/uploads\\\/2017\\\/09\\\/chitoaca.jpg\",\"width\":1280,\"height\":852},{\"@type\":\"WebSite\",\"@id\":\"https:\\\/\\\/www.btv.md\\\/#website\",\"url\":\"https:\\\/\\\/www.btv.md\\\/\",\"name\":\"BTV\",\"description\":\"\u0411\u0435\u043b\u044c\u0446\u043a\u043e\u0435 \u0442\u0435\u043b\u0435\u0432\u0438\u0434\u0435\u043d\u0438\u0435\",\"potentialAction\":[{\"@type\":\"SearchAction\",\"target\":{\"@type\":\"EntryPoint\",\"urlTemplate\":\"https:\\\/\\\/www.btv.md\\\/?s={search_term_string}\"},\"query-input\":{\"@type\":\"PropertyValueSpecification\",\"valueRequired\":true,\"valueName\":\"search_term_string\"}}],\"inLanguage\":\"ro-RO\"},{\"@type\":\"Person\",\"@id\":\"https:\\\/\\\/www.btv.md\\\/#\\\/schema\\\/person\\\/8fadce81561b3ce2c34c46dadc4ccbf2\",\"name\":\"admin\"}]}<\/script>\n<!-- \/ Yoast SEO plugin. -->","yoast_head_json":{"title":"Referendumul pentru demiterea lui Dorin Chirtoac\u0103 va avea loc pe 19 noiembrie - BTV","robots":{"index":"index","follow":"follow","max-snippet":"max-snippet:-1","max-image-preview":"max-image-preview:large","max-video-preview":"max-video-preview:-1"},"canonical":"https:\/\/www.btv.md\/ro\/amp\/referendumul-pentru-demiterea-lui-dorin-chirtoaca-va-avea-loc-pe-19-noiembrie\/","og_locale":"ro_RO","og_type":"article","og_title":"Referendumul pentru demiterea lui Dorin Chirtoac\u0103 va avea loc pe 19 noiembrie - BTV","og_description":"Comisia Electoral\u0103 Central\u0103 (CEC) a aprobat data desf\u0103\u0219ur\u0103rii referendumului de demitere a primarului suspendat, Dorin Chirtoac\u0103. Scrutinul va avea loc la 19 noiembrie, transmite independent.md. \u00cen cadrul \u015fedin\u0163ei CEC, a fost aprobat\u0103 data desf\u0103\u0219ur\u0103rii referendumului de demitere a primarului suspendat, Dorin Chirtoac\u0103. Astfel, scrutinul se va desf\u0103\u015fura la 19 noiembrie curent, a\u015fa cum a decis [&hellip;]","og_url":"https:\/\/www.btv.md\/ro\/amp\/referendumul-pentru-demiterea-lui-dorin-chirtoaca-va-avea-loc-pe-19-noiembrie\/","og_site_name":"BTV","article_publisher":"https:\/\/www.facebook.com\/btvmoldova\/","article_published_time":"2017-09-20T09:52:26+00:00","article_modified_time":"2019-02-12T10:23:53+00:00","og_image":[{"width":1280,"height":852,"url":"https:\/\/www.btv.md\/wp-content\/uploads\/2017\/09\/chitoaca.jpg","type":"image\/jpeg"}],"author":"admin","twitter_misc":{"Scris de":"admin","Timp estimat pentru citire":"1 minut"},"schema":{"@context":"https:\/\/schema.org","@graph":[{"@type":"Article","@id":"https:\/\/www.btv.md\/ro\/amp\/referendumul-pentru-demiterea-lui-dorin-chirtoaca-va-avea-loc-pe-19-noiembrie\/#article","isPartOf":{"@id":"https:\/\/www.btv.md\/ro\/amp\/referendumul-pentru-demiterea-lui-dorin-chirtoaca-va-avea-loc-pe-19-noiembrie\/"},"author":{"name":"admin","@id":"https:\/\/www.btv.md\/#\/schema\/person\/8fadce81561b3ce2c34c46dadc4ccbf2"},"headline":"Referendumul pentru demiterea lui Dorin Chirtoac\u0103 va avea loc pe 19 noiembrie","datePublished":"2017-09-20T09:52:26+00:00","dateModified":"2019-02-12T10:23:53+00:00","mainEntityOfPage":{"@id":"https:\/\/www.btv.md\/ro\/amp\/referendumul-pentru-demiterea-lui-dorin-chirtoaca-va-avea-loc-pe-19-noiembrie\/"},"wordCount":168,"image":{"@id":"https:\/\/www.btv.md\/ro\/amp\/referendumul-pentru-demiterea-lui-dorin-chirtoaca-va-avea-loc-pe-19-noiembrie\/#primaryimage"},"thumbnailUrl":"https:\/\/www.btv.md\/wp-content\/uploads\/2017\/09\/chitoaca.jpg","articleSection":["Politic\u0103","\u0218tiri"],"inLanguage":"ro-RO"},{"@type":"WebPage","@id":"https:\/\/www.btv.md\/ro\/amp\/referendumul-pentru-demiterea-lui-dorin-chirtoaca-va-avea-loc-pe-19-noiembrie\/","url":"https:\/\/www.btv.md\/ro\/amp\/referendumul-pentru-demiterea-lui-dorin-chirtoaca-va-avea-loc-pe-19-noiembrie\/","name":"Referendumul pentru demiterea lui Dorin Chirtoac\u0103 va avea loc pe 19 noiembrie - BTV","isPartOf":{"@id":"https:\/\/www.btv.md\/#website"},"primaryImageOfPage":{"@id":"https:\/\/www.btv.md\/ro\/amp\/referendumul-pentru-demiterea-lui-dorin-chirtoaca-va-avea-loc-pe-19-noiembrie\/#primaryimage"},"image":{"@id":"https:\/\/www.btv.md\/ro\/amp\/referendumul-pentru-demiterea-lui-dorin-chirtoaca-va-avea-loc-pe-19-noiembrie\/#primaryimage"},"thumbnailUrl":"https:\/\/www.btv.md\/wp-content\/uploads\/2017\/09\/chitoaca.jpg","datePublished":"2017-09-20T09:52:26+00:00","dateModified":"2019-02-12T10:23:53+00:00","author":{"@id":"https:\/\/www.btv.md\/#\/schema\/person\/8fadce81561b3ce2c34c46dadc4ccbf2"},"inLanguage":"ro-RO","potentialAction":[{"@type":"ReadAction","target":["https:\/\/www.btv.md\/ro\/amp\/referendumul-pentru-demiterea-lui-dorin-chirtoaca-va-avea-loc-pe-19-noiembrie\/"]}]},{"@type":"ImageObject","inLanguage":"ro-RO","@id":"https:\/\/www.btv.md\/ro\/amp\/referendumul-pentru-demiterea-lui-dorin-chirtoaca-va-avea-loc-pe-19-noiembrie\/#primaryimage","url":"https:\/\/www.btv.md\/wp-content\/uploads\/2017\/09\/chitoaca.jpg","contentUrl":"https:\/\/www.btv.md\/wp-content\/uploads\/2017\/09\/chitoaca.jpg","width":1280,"height":852},{"@type":"WebSite","@id":"https:\/\/www.btv.md\/#website","url":"https:\/\/www.btv.md\/","name":"BTV","description":"\u0411\u0435\u043b\u044c\u0446\u043a\u043e\u0435 \u0442\u0435\u043b\u0435\u0432\u0438\u0434\u0435\u043d\u0438\u0435","potentialAction":[{"@type":"SearchAction","target":{"@type":"EntryPoint","urlTemplate":"https:\/\/www.btv.md\/?s={search_term_string}"},"query-input":{"@type":"PropertyValueSpecification","valueRequired":true,"valueName":"search_term_string"}}],"inLanguage":"ro-RO"},{"@type":"Person","@id":"https:\/\/www.btv.md\/#\/schema\/person\/8fadce81561b3ce2c34c46dadc4ccbf2","name":"admin"}]}},"_links":{"self":[{"href":"https:\/\/www.btv.md\/ro\/wp-json\/wp\/v2\/posts\/32499","targetHints":{"allow":["GET"]}}],"collection":[{"href":"https:\/\/www.btv.md\/ro\/wp-json\/wp\/v2\/posts"}],"about":[{"href":"https:\/\/www.btv.md\/ro\/wp-json\/wp\/v2\/types\/post"}],"author":[{"embeddable":true,"href":"https:\/\/www.btv.md\/ro\/wp-json\/wp\/v2\/users\/4"}],"replies":[{"embeddable":true,"href":"https:\/\/www.btv.md\/ro\/wp-json\/wp\/v2\/comments?post=32499"}],"version-history":[{"count":0,"href":"https:\/\/www.btv.md\/ro\/wp-json\/wp\/v2\/posts\/32499\/revisions"}],"wp:featuredmedia":[{"embeddable":true,"href":"https:\/\/www.btv.md\/ro\/wp-json\/wp\/v2\/media\/32500"}],"wp:attachment":[{"href":"https:\/\/www.btv.md\/ro\/wp-json\/wp\/v2\/media?parent=32499"}],"wp:term":[{"taxonomy":"category","embeddable":true,"href":"https:\/\/www.btv.md\/ro\/wp-json\/wp\/v2\/categories?post=32499"},{"taxonomy":"post_tag","embeddable":true,"href":"https:\/\/www.btv.md\/ro\/wp-json\/wp\/v2\/tags?post=32499"}],"curies":[{"name":"wp","href":"https:\/\/api.w.org\/{rel}","templated":true}]}}