{"id":32503,"date":"2017-09-20T12:58:27","date_gmt":"2017-09-20T09:58:27","guid":{"rendered":"http:\/\/btv.md\/?p=32503"},"modified":"2017-09-20T12:58:27","modified_gmt":"2017-09-20T09:58:27","slug":"doi-angajati-ai-edinet-gaz-au-fost-retinuti-pentru-luare-de-mita","status":"publish","type":"post","link":"https:\/\/www.btv.md\/ro\/doi-angajati-ai-edinet-gaz-au-fost-retinuti-pentru-luare-de-mita\/","title":{"rendered":"Doi  angaja\u021bi  ai  Edine\u021b-Gaz  au  fost  re\u021binu\u021bi  pentru  luare  de  mit\u0103"},"content":{"rendered":"<p><strong>Doi ingineri din cadrul \u00eentreprinderii Edine\u0163\u2013Gaz au fost re\u0163inu\u0163i de ofi\u0163erii CNA \u015fi procurorii anticorup\u0163ie, fiind suspecta\u0163i de luare de mit\u0103.\u00a0Potrivit denun\u0163\u0103torului, ace\u015ftia ar fi estorcat 2.000 de lei de la el ca s\u0103 nu-l sanc\u0163ioneze pentru faptul c\u0103 ar fi modificat traseul conductei de gaze de la domiciliul s\u0103u, scrie Point.<\/strong><\/p>\n<p>Pe acest caz a fost ini\u0163iat\u0103 o urm\u0103rire penal\u0103. \u00cen urma acumul\u0103rii materialului probator, la data de 18 septembrie, imediat dup\u0103 primirea banilor, cei doi angaja\u0163i ai Edine\u0163-Gaz au fost re\u0163inu\u0163i.<\/p>\n<p>\u00cen prezent, ace\u015ftia se afl\u0103 \u00een custodia CNA pentru 72 de ore. Cele dou\u0103 persoane risc\u0103 o amend\u0103 de la 2.350 la 4.350 de unit\u0103\u0163i conven\u0163ionale sau \u00eenchisoare de la 2 la 7 ani, \u00een ambele cazuri cu privarea de dreptul de a ocupa anumite func\u0163ii sau de a exercita o anumit\u0103 activitate pe un termen de la 5 la 7 ani.<\/p>\n","protected":false},"excerpt":{"rendered":"<p>Doi ingineri din cadrul \u00eentreprinderii Edine\u0163\u2013Gaz au fost re\u0163inu\u0163i de ofi\u0163erii CNA \u015fi procurorii anticorup\u0163ie, fiind suspecta\u0163i de luare de mit\u0103.\u00a0Potrivit denun\u0163\u0103torului, ace\u015ftia ar fi estorcat 2.000 de lei de la el ca s\u0103 nu-l sanc\u0163ioneze pentru faptul c\u0103 ar fi modificat traseul conductei de gaze de la domiciliul s\u0103u, scrie Point. Pe acest caz [&hellip;]<\/p>\n","protected":false},"author":4,"featured_media":32505,"comment_status":"closed","ping_status":"closed","sticky":false,"template":"","format":"standard","meta":{"footnotes":""},"categories":[8],"tags":[],"class_list":["post-32503","post","type-post","status-publish","format-standard","has-post-thumbnail","hentry","category-obshestvo"],"yoast_head":"<!-- This site is optimized with the Yoast SEO plugin v27.4 - https:\/\/yoast.com\/product\/yoast-seo-wordpress\/ -->\n<title>Doi angaja\u021bi ai Edine\u021b-Gaz au fost re\u021binu\u021bi pentru luare de mit\u0103 - BTV<\/title>\n<meta name=\"robots\" content=\"index, follow, max-snippet:-1, max-image-preview:large, max-video-preview:-1\" \/>\n<link rel=\"canonical\" href=\"https:\/\/www.btv.md\/ro\/amp\/doi-angajati-ai-edinet-gaz-au-fost-retinuti-pentru-luare-de-mita\/\" \/>\n<meta property=\"og:locale\" content=\"ro_RO\" \/>\n<meta property=\"og:type\" content=\"article\" \/>\n<meta property=\"og:title\" content=\"Doi angaja\u021bi ai Edine\u021b-Gaz au fost re\u021binu\u021bi pentru luare de mit\u0103 - BTV\" \/>\n<meta property=\"og:description\" content=\"Doi ingineri din cadrul \u00eentreprinderii Edine\u0163\u2013Gaz au fost re\u0163inu\u0163i de ofi\u0163erii CNA \u015fi procurorii anticorup\u0163ie, fiind suspecta\u0163i de luare de mit\u0103.\u00a0Potrivit denun\u0163\u0103torului, ace\u015ftia ar fi estorcat 2.000 de lei de la el ca s\u0103 nu-l sanc\u0163ioneze pentru faptul c\u0103 ar fi modificat traseul conductei de gaze de la domiciliul s\u0103u, scrie Point. Pe acest caz [&hellip;]\" \/>\n<meta property=\"og:url\" content=\"https:\/\/www.btv.md\/ro\/amp\/doi-angajati-ai-edinet-gaz-au-fost-retinuti-pentru-luare-de-mita\/\" \/>\n<meta property=\"og:site_name\" content=\"BTV\" \/>\n<meta property=\"article:publisher\" content=\"https:\/\/www.facebook.com\/btvmoldova\/\" \/>\n<meta property=\"article:published_time\" content=\"2017-09-20T09:58:27+00:00\" \/>\n<meta property=\"og:image\" content=\"https:\/\/www.btv.md\/wp-content\/uploads\/2017\/09\/mita-1.jpg\" \/>\n\t<meta property=\"og:image:width\" content=\"1200\" \/>\n\t<meta property=\"og:image:height\" content=\"798\" \/>\n\t<meta property=\"og:image:type\" content=\"image\/jpeg\" \/>\n<meta name=\"author\" content=\"admin\" \/>\n<meta name=\"twitter:label1\" content=\"Scris de\" \/>\n\t<meta name=\"twitter:data1\" content=\"admin\" \/>\n\t<meta name=\"twitter:label2\" content=\"Timp estimat pentru citire\" \/>\n\t<meta name=\"twitter:data2\" content=\"1 minut\" \/>\n<script type=\"application\/ld+json\" class=\"yoast-schema-graph\">{\"@context\":\"https:\\\/\\\/schema.org\",\"@graph\":[{\"@type\":\"Article\",\"@id\":\"https:\\\/\\\/www.btv.md\\\/ro\\\/amp\\\/doi-angajati-ai-edinet-gaz-au-fost-retinuti-pentru-luare-de-mita\\\/#article\",\"isPartOf\":{\"@id\":\"https:\\\/\\\/www.btv.md\\\/ro\\\/amp\\\/doi-angajati-ai-edinet-gaz-au-fost-retinuti-pentru-luare-de-mita\\\/\"},\"author\":{\"name\":\"admin\",\"@id\":\"https:\\\/\\\/www.btv.md\\\/#\\\/schema\\\/person\\\/8fadce81561b3ce2c34c46dadc4ccbf2\"},\"headline\":\"Doi angaja\u021bi ai Edine\u021b-Gaz au fost re\u021binu\u021bi pentru luare de mit\u0103\",\"datePublished\":\"2017-09-20T09:58:27+00:00\",\"mainEntityOfPage\":{\"@id\":\"https:\\\/\\\/www.btv.md\\\/ro\\\/amp\\\/doi-angajati-ai-edinet-gaz-au-fost-retinuti-pentru-luare-de-mita\\\/\"},\"wordCount\":173,\"image\":{\"@id\":\"https:\\\/\\\/www.btv.md\\\/ro\\\/amp\\\/doi-angajati-ai-edinet-gaz-au-fost-retinuti-pentru-luare-de-mita\\\/#primaryimage\"},\"thumbnailUrl\":\"https:\\\/\\\/www.btv.md\\\/wp-content\\\/uploads\\\/2017\\\/09\\\/mita-1.jpg\",\"articleSection\":[\"\u041e\u0431\u0449\u0435\u0441\u0442\u0432\u043e\"],\"inLanguage\":\"ro-RO\"},{\"@type\":\"WebPage\",\"@id\":\"https:\\\/\\\/www.btv.md\\\/ro\\\/amp\\\/doi-angajati-ai-edinet-gaz-au-fost-retinuti-pentru-luare-de-mita\\\/\",\"url\":\"https:\\\/\\\/www.btv.md\\\/ro\\\/amp\\\/doi-angajati-ai-edinet-gaz-au-fost-retinuti-pentru-luare-de-mita\\\/\",\"name\":\"Doi angaja\u021bi ai Edine\u021b-Gaz au fost re\u021binu\u021bi pentru luare de mit\u0103 - BTV\",\"isPartOf\":{\"@id\":\"https:\\\/\\\/www.btv.md\\\/#website\"},\"primaryImageOfPage\":{\"@id\":\"https:\\\/\\\/www.btv.md\\\/ro\\\/amp\\\/doi-angajati-ai-edinet-gaz-au-fost-retinuti-pentru-luare-de-mita\\\/#primaryimage\"},\"image\":{\"@id\":\"https:\\\/\\\/www.btv.md\\\/ro\\\/amp\\\/doi-angajati-ai-edinet-gaz-au-fost-retinuti-pentru-luare-de-mita\\\/#primaryimage\"},\"thumbnailUrl\":\"https:\\\/\\\/www.btv.md\\\/wp-content\\\/uploads\\\/2017\\\/09\\\/mita-1.jpg\",\"datePublished\":\"2017-09-20T09:58:27+00:00\",\"author\":{\"@id\":\"https:\\\/\\\/www.btv.md\\\/#\\\/schema\\\/person\\\/8fadce81561b3ce2c34c46dadc4ccbf2\"},\"inLanguage\":\"ro-RO\",\"potentialAction\":[{\"@type\":\"ReadAction\",\"target\":[\"https:\\\/\\\/www.btv.md\\\/ro\\\/amp\\\/doi-angajati-ai-edinet-gaz-au-fost-retinuti-pentru-luare-de-mita\\\/\"]}]},{\"@type\":\"ImageObject\",\"inLanguage\":\"ro-RO\",\"@id\":\"https:\\\/\\\/www.btv.md\\\/ro\\\/amp\\\/doi-angajati-ai-edinet-gaz-au-fost-retinuti-pentru-luare-de-mita\\\/#primaryimage\",\"url\":\"https:\\\/\\\/www.btv.md\\\/wp-content\\\/uploads\\\/2017\\\/09\\\/mita-1.jpg\",\"contentUrl\":\"https:\\\/\\\/www.btv.md\\\/wp-content\\\/uploads\\\/2017\\\/09\\\/mita-1.jpg\",\"width\":1200,\"height\":798,\"caption\":\"mit\u0103\"},{\"@type\":\"WebSite\",\"@id\":\"https:\\\/\\\/www.btv.md\\\/#website\",\"url\":\"https:\\\/\\\/www.btv.md\\\/\",\"name\":\"BTV\",\"description\":\"\u0411\u0435\u043b\u044c\u0446\u043a\u043e\u0435 \u0442\u0435\u043b\u0435\u0432\u0438\u0434\u0435\u043d\u0438\u0435\",\"potentialAction\":[{\"@type\":\"SearchAction\",\"target\":{\"@type\":\"EntryPoint\",\"urlTemplate\":\"https:\\\/\\\/www.btv.md\\\/?s={search_term_string}\"},\"query-input\":{\"@type\":\"PropertyValueSpecification\",\"valueRequired\":true,\"valueName\":\"search_term_string\"}}],\"inLanguage\":\"ro-RO\"},{\"@type\":\"Person\",\"@id\":\"https:\\\/\\\/www.btv.md\\\/#\\\/schema\\\/person\\\/8fadce81561b3ce2c34c46dadc4ccbf2\",\"name\":\"admin\"}]}<\/script>\n<!-- \/ Yoast SEO plugin. -->","yoast_head_json":{"title":"Doi angaja\u021bi ai Edine\u021b-Gaz au fost re\u021binu\u021bi pentru luare de mit\u0103 - BTV","robots":{"index":"index","follow":"follow","max-snippet":"max-snippet:-1","max-image-preview":"max-image-preview:large","max-video-preview":"max-video-preview:-1"},"canonical":"https:\/\/www.btv.md\/ro\/amp\/doi-angajati-ai-edinet-gaz-au-fost-retinuti-pentru-luare-de-mita\/","og_locale":"ro_RO","og_type":"article","og_title":"Doi angaja\u021bi ai Edine\u021b-Gaz au fost re\u021binu\u021bi pentru luare de mit\u0103 - BTV","og_description":"Doi ingineri din cadrul \u00eentreprinderii Edine\u0163\u2013Gaz au fost re\u0163inu\u0163i de ofi\u0163erii CNA \u015fi procurorii anticorup\u0163ie, fiind suspecta\u0163i de luare de mit\u0103.\u00a0Potrivit denun\u0163\u0103torului, ace\u015ftia ar fi estorcat 2.000 de lei de la el ca s\u0103 nu-l sanc\u0163ioneze pentru faptul c\u0103 ar fi modificat traseul conductei de gaze de la domiciliul s\u0103u, scrie Point. Pe acest caz [&hellip;]","og_url":"https:\/\/www.btv.md\/ro\/amp\/doi-angajati-ai-edinet-gaz-au-fost-retinuti-pentru-luare-de-mita\/","og_site_name":"BTV","article_publisher":"https:\/\/www.facebook.com\/btvmoldova\/","article_published_time":"2017-09-20T09:58:27+00:00","og_image":[{"width":1200,"height":798,"url":"https:\/\/www.btv.md\/wp-content\/uploads\/2017\/09\/mita-1.jpg","type":"image\/jpeg"}],"author":"admin","twitter_misc":{"Scris de":"admin","Timp estimat pentru citire":"1 minut"},"schema":{"@context":"https:\/\/schema.org","@graph":[{"@type":"Article","@id":"https:\/\/www.btv.md\/ro\/amp\/doi-angajati-ai-edinet-gaz-au-fost-retinuti-pentru-luare-de-mita\/#article","isPartOf":{"@id":"https:\/\/www.btv.md\/ro\/amp\/doi-angajati-ai-edinet-gaz-au-fost-retinuti-pentru-luare-de-mita\/"},"author":{"name":"admin","@id":"https:\/\/www.btv.md\/#\/schema\/person\/8fadce81561b3ce2c34c46dadc4ccbf2"},"headline":"Doi angaja\u021bi ai Edine\u021b-Gaz au fost re\u021binu\u021bi pentru luare de mit\u0103","datePublished":"2017-09-20T09:58:27+00:00","mainEntityOfPage":{"@id":"https:\/\/www.btv.md\/ro\/amp\/doi-angajati-ai-edinet-gaz-au-fost-retinuti-pentru-luare-de-mita\/"},"wordCount":173,"image":{"@id":"https:\/\/www.btv.md\/ro\/amp\/doi-angajati-ai-edinet-gaz-au-fost-retinuti-pentru-luare-de-mita\/#primaryimage"},"thumbnailUrl":"https:\/\/www.btv.md\/wp-content\/uploads\/2017\/09\/mita-1.jpg","articleSection":["\u041e\u0431\u0449\u0435\u0441\u0442\u0432\u043e"],"inLanguage":"ro-RO"},{"@type":"WebPage","@id":"https:\/\/www.btv.md\/ro\/amp\/doi-angajati-ai-edinet-gaz-au-fost-retinuti-pentru-luare-de-mita\/","url":"https:\/\/www.btv.md\/ro\/amp\/doi-angajati-ai-edinet-gaz-au-fost-retinuti-pentru-luare-de-mita\/","name":"Doi angaja\u021bi ai Edine\u021b-Gaz au fost re\u021binu\u021bi pentru luare de mit\u0103 - BTV","isPartOf":{"@id":"https:\/\/www.btv.md\/#website"},"primaryImageOfPage":{"@id":"https:\/\/www.btv.md\/ro\/amp\/doi-angajati-ai-edinet-gaz-au-fost-retinuti-pentru-luare-de-mita\/#primaryimage"},"image":{"@id":"https:\/\/www.btv.md\/ro\/amp\/doi-angajati-ai-edinet-gaz-au-fost-retinuti-pentru-luare-de-mita\/#primaryimage"},"thumbnailUrl":"https:\/\/www.btv.md\/wp-content\/uploads\/2017\/09\/mita-1.jpg","datePublished":"2017-09-20T09:58:27+00:00","author":{"@id":"https:\/\/www.btv.md\/#\/schema\/person\/8fadce81561b3ce2c34c46dadc4ccbf2"},"inLanguage":"ro-RO","potentialAction":[{"@type":"ReadAction","target":["https:\/\/www.btv.md\/ro\/amp\/doi-angajati-ai-edinet-gaz-au-fost-retinuti-pentru-luare-de-mita\/"]}]},{"@type":"ImageObject","inLanguage":"ro-RO","@id":"https:\/\/www.btv.md\/ro\/amp\/doi-angajati-ai-edinet-gaz-au-fost-retinuti-pentru-luare-de-mita\/#primaryimage","url":"https:\/\/www.btv.md\/wp-content\/uploads\/2017\/09\/mita-1.jpg","contentUrl":"https:\/\/www.btv.md\/wp-content\/uploads\/2017\/09\/mita-1.jpg","width":1200,"height":798,"caption":"mit\u0103"},{"@type":"WebSite","@id":"https:\/\/www.btv.md\/#website","url":"https:\/\/www.btv.md\/","name":"BTV","description":"\u0411\u0435\u043b\u044c\u0446\u043a\u043e\u0435 \u0442\u0435\u043b\u0435\u0432\u0438\u0434\u0435\u043d\u0438\u0435","potentialAction":[{"@type":"SearchAction","target":{"@type":"EntryPoint","urlTemplate":"https:\/\/www.btv.md\/?s={search_term_string}"},"query-input":{"@type":"PropertyValueSpecification","valueRequired":true,"valueName":"search_term_string"}}],"inLanguage":"ro-RO"},{"@type":"Person","@id":"https:\/\/www.btv.md\/#\/schema\/person\/8fadce81561b3ce2c34c46dadc4ccbf2","name":"admin"}]}},"_links":{"self":[{"href":"https:\/\/www.btv.md\/ro\/wp-json\/wp\/v2\/posts\/32503","targetHints":{"allow":["GET"]}}],"collection":[{"href":"https:\/\/www.btv.md\/ro\/wp-json\/wp\/v2\/posts"}],"about":[{"href":"https:\/\/www.btv.md\/ro\/wp-json\/wp\/v2\/types\/post"}],"author":[{"embeddable":true,"href":"https:\/\/www.btv.md\/ro\/wp-json\/wp\/v2\/users\/4"}],"replies":[{"embeddable":true,"href":"https:\/\/www.btv.md\/ro\/wp-json\/wp\/v2\/comments?post=32503"}],"version-history":[{"count":0,"href":"https:\/\/www.btv.md\/ro\/wp-json\/wp\/v2\/posts\/32503\/revisions"}],"wp:featuredmedia":[{"embeddable":true,"href":"https:\/\/www.btv.md\/ro\/wp-json\/wp\/v2\/media\/32505"}],"wp:attachment":[{"href":"https:\/\/www.btv.md\/ro\/wp-json\/wp\/v2\/media?parent=32503"}],"wp:term":[{"taxonomy":"category","embeddable":true,"href":"https:\/\/www.btv.md\/ro\/wp-json\/wp\/v2\/categories?post=32503"},{"taxonomy":"post_tag","embeddable":true,"href":"https:\/\/www.btv.md\/ro\/wp-json\/wp\/v2\/tags?post=32503"}],"curies":[{"name":"wp","href":"https:\/\/api.w.org\/{rel}","templated":true}]}}