{"id":33417,"date":"2017-09-05T15:35:46","date_gmt":"2017-09-05T12:35:46","guid":{"rendered":"http:\/\/btv.md\/?p=33417"},"modified":"2017-10-05T15:41:08","modified_gmt":"2017-10-05T12:41:08","slug":"cum-arata-cea-mai-noua-masina-a-politistilor-din-moldova","status":"publish","type":"post","link":"https:\/\/www.btv.md\/ro\/cum-arata-cea-mai-noua-masina-a-politistilor-din-moldova\/","title":{"rendered":"Cum arat\u0103 cea mai nou\u0103 ma\u0219in\u0103 a poli\u021bi\u0219tilor din Moldova"},"content":{"rendered":"<p><strong>\u0218eful Inspectoratului General al Poli\u021biei, Alexandru P\u00eenzari, al\u0103turi de doi poli\u021bi\u0219ti, a testat la data de 5 septembrie o achizi\u021bie nou-nou\u021b\u0103.<\/strong><\/p>\n<p style=\"text-align: center;\"><iframe data-src=\"https:\/\/www.youtube.com\/embed\/EElXIahQM4g\" width=\"854\" height=\"480\" frameborder=\"0\" allowfullscreen=\"allowfullscreen\" src=\"data:image\/svg+xml;base64,PHN2ZyB3aWR0aD0iMSIgaGVpZ2h0PSIxIiB4bWxucz0iaHR0cDovL3d3dy53My5vcmcvMjAwMC9zdmciPjwvc3ZnPg==\" class=\"lazyload\" data-load-mode=\"1\"><\/iframe><\/p>\n<p>Este vorba despre un automobil de model Toyota Hybrid, cheile c\u0103ruia au fost \u00eenm\u00e2nate angaja\u0163ilor Batalionului Reac\u0163ionare Operativ\u0103 din cadrul Direc\u0163iei de Poli\u0163ie a municipiului Chi\u015fin\u0103u, transmite realitatea.md.<\/p>\n<p>Ma\u0219ina a fost oferit\u0103 pentru o perioad\u0103 de trei luni de testare, astfel \u00eenc\u00e2t angaja\u021bii Poli\u021biei Capitalei s\u0103 reac\u021bioneze mai operativ la apelurile de urgen\u021b\u0103 ale cet\u0103\u021benilor.<\/p>\n<p>De men\u021bionat c\u0103, dac\u0103 se va dovedi a fi eficient\u0103, de la \u00eenceputul anului viitor se preconizeaz\u0103 ca Poli\u021bia Na\u021bional\u0103 s\u0103 fie dotat\u0103 cu mai multe automobile de serviciu de acest fel.<\/p>\n","protected":false},"excerpt":{"rendered":"<p>\u0218eful Inspectoratului General al Poli\u021biei, Alexandru P\u00eenzari, al\u0103turi de doi poli\u021bi\u0219ti, a testat la data de 5 septembrie o achizi\u021bie nou-nou\u021b\u0103. Este vorba despre un automobil de model Toyota Hybrid, cheile c\u0103ruia au fost \u00eenm\u00e2nate angaja\u0163ilor Batalionului Reac\u0163ionare Operativ\u0103 din cadrul Direc\u0163iei de Poli\u0163ie a municipiului Chi\u015fin\u0103u, transmite realitatea.md. Ma\u0219ina a fost oferit\u0103 pentru o [&hellip;]<\/p>\n","protected":false},"author":4,"featured_media":33420,"comment_status":"closed","ping_status":"closed","sticky":false,"template":"","format":"standard","meta":{"footnotes":""},"categories":[8],"tags":[],"class_list":["post-33417","post","type-post","status-publish","format-standard","has-post-thumbnail","hentry","category-obshestvo"],"yoast_head":"<!-- This site is optimized with the Yoast SEO plugin v27.4 - https:\/\/yoast.com\/product\/yoast-seo-wordpress\/ -->\n<title>Cum arat\u0103 cea mai nou\u0103 ma\u0219in\u0103 a poli\u021bi\u0219tilor din Moldova<\/title>\n<meta name=\"description\" content=\"\u0218eful Inspectoratului General al Poli\u021biei, Alexandru P\u00eenzari, al\u0103turi de doi poli\u021bi\u0219ti, a testat la data de 5 septembrie o achizi\u021bie nou-nou\u021b\u0103.\" \/>\n<meta name=\"robots\" content=\"index, follow, max-snippet:-1, max-image-preview:large, max-video-preview:-1\" \/>\n<link rel=\"canonical\" href=\"https:\/\/www.btv.md\/ro\/cum-arata-cea-mai-noua-masina-a-politistilor-din-moldova\/\" \/>\n<meta property=\"og:locale\" content=\"ro_RO\" \/>\n<meta property=\"og:type\" content=\"article\" \/>\n<meta property=\"og:title\" content=\"Cum arat\u0103 cea mai nou\u0103 ma\u0219in\u0103 a poli\u021bi\u0219tilor din Moldova\" \/>\n<meta property=\"og:description\" content=\"\u0218eful Inspectoratului General al Poli\u021biei, Alexandru P\u00eenzari, al\u0103turi de doi poli\u021bi\u0219ti, a testat la data de 5 septembrie o achizi\u021bie nou-nou\u021b\u0103.\" \/>\n<meta property=\"og:url\" content=\"https:\/\/www.btv.md\/ro\/cum-arata-cea-mai-noua-masina-a-politistilor-din-moldova\/\" \/>\n<meta property=\"og:site_name\" content=\"BTV\" \/>\n<meta property=\"article:publisher\" content=\"https:\/\/www.facebook.com\/btvmoldova\/\" \/>\n<meta property=\"article:published_time\" content=\"2017-09-05T12:35:46+00:00\" \/>\n<meta property=\"article:modified_time\" content=\"2017-10-05T12:41:08+00:00\" \/>\n<meta property=\"og:image\" content=\"https:\/\/www.btv.md\/wp-content\/uploads\/2017\/10\/masina.png\" \/>\n\t<meta property=\"og:image:width\" content=\"1366\" \/>\n\t<meta property=\"og:image:height\" content=\"543\" \/>\n\t<meta property=\"og:image:type\" content=\"image\/png\" \/>\n<meta name=\"author\" content=\"admin\" \/>\n<meta name=\"twitter:label1\" content=\"Scris de\" \/>\n\t<meta name=\"twitter:data1\" content=\"admin\" \/>\n\t<meta name=\"twitter:label2\" content=\"Timp estimat pentru citire\" \/>\n\t<meta name=\"twitter:data2\" content=\"1 minut\" \/>\n<script type=\"application\/ld+json\" class=\"yoast-schema-graph\">{\"@context\":\"https:\\\/\\\/schema.org\",\"@graph\":[{\"@type\":\"Article\",\"@id\":\"https:\\\/\\\/www.btv.md\\\/ro\\\/cum-arata-cea-mai-noua-masina-a-politistilor-din-moldova\\\/#article\",\"isPartOf\":{\"@id\":\"https:\\\/\\\/www.btv.md\\\/ro\\\/cum-arata-cea-mai-noua-masina-a-politistilor-din-moldova\\\/\"},\"author\":{\"name\":\"admin\",\"@id\":\"https:\\\/\\\/www.btv.md\\\/#\\\/schema\\\/person\\\/8fadce81561b3ce2c34c46dadc4ccbf2\"},\"headline\":\"Cum arat\u0103 cea mai nou\u0103 ma\u0219in\u0103 a poli\u021bi\u0219tilor din Moldova\",\"datePublished\":\"2017-09-05T12:35:46+00:00\",\"dateModified\":\"2017-10-05T12:41:08+00:00\",\"mainEntityOfPage\":{\"@id\":\"https:\\\/\\\/www.btv.md\\\/ro\\\/cum-arata-cea-mai-noua-masina-a-politistilor-din-moldova\\\/\"},\"wordCount\":144,\"image\":{\"@id\":\"https:\\\/\\\/www.btv.md\\\/ro\\\/cum-arata-cea-mai-noua-masina-a-politistilor-din-moldova\\\/#primaryimage\"},\"thumbnailUrl\":\"https:\\\/\\\/www.btv.md\\\/wp-content\\\/uploads\\\/2017\\\/10\\\/masina.png\",\"articleSection\":[\"\u041e\u0431\u0449\u0435\u0441\u0442\u0432\u043e\"],\"inLanguage\":\"ro-RO\"},{\"@type\":\"WebPage\",\"@id\":\"https:\\\/\\\/www.btv.md\\\/ro\\\/cum-arata-cea-mai-noua-masina-a-politistilor-din-moldova\\\/\",\"url\":\"https:\\\/\\\/www.btv.md\\\/ro\\\/cum-arata-cea-mai-noua-masina-a-politistilor-din-moldova\\\/\",\"name\":\"Cum arat\u0103 cea mai nou\u0103 ma\u0219in\u0103 a poli\u021bi\u0219tilor din Moldova\",\"isPartOf\":{\"@id\":\"https:\\\/\\\/www.btv.md\\\/#website\"},\"primaryImageOfPage\":{\"@id\":\"https:\\\/\\\/www.btv.md\\\/ro\\\/cum-arata-cea-mai-noua-masina-a-politistilor-din-moldova\\\/#primaryimage\"},\"image\":{\"@id\":\"https:\\\/\\\/www.btv.md\\\/ro\\\/cum-arata-cea-mai-noua-masina-a-politistilor-din-moldova\\\/#primaryimage\"},\"thumbnailUrl\":\"https:\\\/\\\/www.btv.md\\\/wp-content\\\/uploads\\\/2017\\\/10\\\/masina.png\",\"datePublished\":\"2017-09-05T12:35:46+00:00\",\"dateModified\":\"2017-10-05T12:41:08+00:00\",\"author\":{\"@id\":\"https:\\\/\\\/www.btv.md\\\/#\\\/schema\\\/person\\\/8fadce81561b3ce2c34c46dadc4ccbf2\"},\"description\":\"\u0218eful Inspectoratului General al Poli\u021biei, Alexandru P\u00eenzari, al\u0103turi de doi poli\u021bi\u0219ti, a testat la data de 5 septembrie o achizi\u021bie nou-nou\u021b\u0103.\",\"inLanguage\":\"ro-RO\",\"potentialAction\":[{\"@type\":\"ReadAction\",\"target\":[\"https:\\\/\\\/www.btv.md\\\/ro\\\/cum-arata-cea-mai-noua-masina-a-politistilor-din-moldova\\\/\"]}]},{\"@type\":\"ImageObject\",\"inLanguage\":\"ro-RO\",\"@id\":\"https:\\\/\\\/www.btv.md\\\/ro\\\/cum-arata-cea-mai-noua-masina-a-politistilor-din-moldova\\\/#primaryimage\",\"url\":\"https:\\\/\\\/www.btv.md\\\/wp-content\\\/uploads\\\/2017\\\/10\\\/masina.png\",\"contentUrl\":\"https:\\\/\\\/www.btv.md\\\/wp-content\\\/uploads\\\/2017\\\/10\\\/masina.png\",\"width\":1366,\"height\":543,\"caption\":\"nou\u0103 ma\u0219in\u0103 a poli\u021bi\u0219tilor\"},{\"@type\":\"WebSite\",\"@id\":\"https:\\\/\\\/www.btv.md\\\/#website\",\"url\":\"https:\\\/\\\/www.btv.md\\\/\",\"name\":\"BTV\",\"description\":\"\u0411\u0435\u043b\u044c\u0446\u043a\u043e\u0435 \u0442\u0435\u043b\u0435\u0432\u0438\u0434\u0435\u043d\u0438\u0435\",\"potentialAction\":[{\"@type\":\"SearchAction\",\"target\":{\"@type\":\"EntryPoint\",\"urlTemplate\":\"https:\\\/\\\/www.btv.md\\\/?s={search_term_string}\"},\"query-input\":{\"@type\":\"PropertyValueSpecification\",\"valueRequired\":true,\"valueName\":\"search_term_string\"}}],\"inLanguage\":\"ro-RO\"},{\"@type\":\"Person\",\"@id\":\"https:\\\/\\\/www.btv.md\\\/#\\\/schema\\\/person\\\/8fadce81561b3ce2c34c46dadc4ccbf2\",\"name\":\"admin\"}]}<\/script>\n<!-- \/ Yoast SEO plugin. -->","yoast_head_json":{"title":"Cum arat\u0103 cea mai nou\u0103 ma\u0219in\u0103 a poli\u021bi\u0219tilor din Moldova","description":"\u0218eful Inspectoratului General al Poli\u021biei, Alexandru P\u00eenzari, al\u0103turi de doi poli\u021bi\u0219ti, a testat la data de 5 septembrie o achizi\u021bie nou-nou\u021b\u0103.","robots":{"index":"index","follow":"follow","max-snippet":"max-snippet:-1","max-image-preview":"max-image-preview:large","max-video-preview":"max-video-preview:-1"},"canonical":"https:\/\/www.btv.md\/ro\/cum-arata-cea-mai-noua-masina-a-politistilor-din-moldova\/","og_locale":"ro_RO","og_type":"article","og_title":"Cum arat\u0103 cea mai nou\u0103 ma\u0219in\u0103 a poli\u021bi\u0219tilor din Moldova","og_description":"\u0218eful Inspectoratului General al Poli\u021biei, Alexandru P\u00eenzari, al\u0103turi de doi poli\u021bi\u0219ti, a testat la data de 5 septembrie o achizi\u021bie nou-nou\u021b\u0103.","og_url":"https:\/\/www.btv.md\/ro\/cum-arata-cea-mai-noua-masina-a-politistilor-din-moldova\/","og_site_name":"BTV","article_publisher":"https:\/\/www.facebook.com\/btvmoldova\/","article_published_time":"2017-09-05T12:35:46+00:00","article_modified_time":"2017-10-05T12:41:08+00:00","og_image":[{"width":1366,"height":543,"url":"https:\/\/www.btv.md\/wp-content\/uploads\/2017\/10\/masina.png","type":"image\/png"}],"author":"admin","twitter_misc":{"Scris de":"admin","Timp estimat pentru citire":"1 minut"},"schema":{"@context":"https:\/\/schema.org","@graph":[{"@type":"Article","@id":"https:\/\/www.btv.md\/ro\/cum-arata-cea-mai-noua-masina-a-politistilor-din-moldova\/#article","isPartOf":{"@id":"https:\/\/www.btv.md\/ro\/cum-arata-cea-mai-noua-masina-a-politistilor-din-moldova\/"},"author":{"name":"admin","@id":"https:\/\/www.btv.md\/#\/schema\/person\/8fadce81561b3ce2c34c46dadc4ccbf2"},"headline":"Cum arat\u0103 cea mai nou\u0103 ma\u0219in\u0103 a poli\u021bi\u0219tilor din Moldova","datePublished":"2017-09-05T12:35:46+00:00","dateModified":"2017-10-05T12:41:08+00:00","mainEntityOfPage":{"@id":"https:\/\/www.btv.md\/ro\/cum-arata-cea-mai-noua-masina-a-politistilor-din-moldova\/"},"wordCount":144,"image":{"@id":"https:\/\/www.btv.md\/ro\/cum-arata-cea-mai-noua-masina-a-politistilor-din-moldova\/#primaryimage"},"thumbnailUrl":"https:\/\/www.btv.md\/wp-content\/uploads\/2017\/10\/masina.png","articleSection":["\u041e\u0431\u0449\u0435\u0441\u0442\u0432\u043e"],"inLanguage":"ro-RO"},{"@type":"WebPage","@id":"https:\/\/www.btv.md\/ro\/cum-arata-cea-mai-noua-masina-a-politistilor-din-moldova\/","url":"https:\/\/www.btv.md\/ro\/cum-arata-cea-mai-noua-masina-a-politistilor-din-moldova\/","name":"Cum arat\u0103 cea mai nou\u0103 ma\u0219in\u0103 a poli\u021bi\u0219tilor din Moldova","isPartOf":{"@id":"https:\/\/www.btv.md\/#website"},"primaryImageOfPage":{"@id":"https:\/\/www.btv.md\/ro\/cum-arata-cea-mai-noua-masina-a-politistilor-din-moldova\/#primaryimage"},"image":{"@id":"https:\/\/www.btv.md\/ro\/cum-arata-cea-mai-noua-masina-a-politistilor-din-moldova\/#primaryimage"},"thumbnailUrl":"https:\/\/www.btv.md\/wp-content\/uploads\/2017\/10\/masina.png","datePublished":"2017-09-05T12:35:46+00:00","dateModified":"2017-10-05T12:41:08+00:00","author":{"@id":"https:\/\/www.btv.md\/#\/schema\/person\/8fadce81561b3ce2c34c46dadc4ccbf2"},"description":"\u0218eful Inspectoratului General al Poli\u021biei, Alexandru P\u00eenzari, al\u0103turi de doi poli\u021bi\u0219ti, a testat la data de 5 septembrie o achizi\u021bie nou-nou\u021b\u0103.","inLanguage":"ro-RO","potentialAction":[{"@type":"ReadAction","target":["https:\/\/www.btv.md\/ro\/cum-arata-cea-mai-noua-masina-a-politistilor-din-moldova\/"]}]},{"@type":"ImageObject","inLanguage":"ro-RO","@id":"https:\/\/www.btv.md\/ro\/cum-arata-cea-mai-noua-masina-a-politistilor-din-moldova\/#primaryimage","url":"https:\/\/www.btv.md\/wp-content\/uploads\/2017\/10\/masina.png","contentUrl":"https:\/\/www.btv.md\/wp-content\/uploads\/2017\/10\/masina.png","width":1366,"height":543,"caption":"nou\u0103 ma\u0219in\u0103 a poli\u021bi\u0219tilor"},{"@type":"WebSite","@id":"https:\/\/www.btv.md\/#website","url":"https:\/\/www.btv.md\/","name":"BTV","description":"\u0411\u0435\u043b\u044c\u0446\u043a\u043e\u0435 \u0442\u0435\u043b\u0435\u0432\u0438\u0434\u0435\u043d\u0438\u0435","potentialAction":[{"@type":"SearchAction","target":{"@type":"EntryPoint","urlTemplate":"https:\/\/www.btv.md\/?s={search_term_string}"},"query-input":{"@type":"PropertyValueSpecification","valueRequired":true,"valueName":"search_term_string"}}],"inLanguage":"ro-RO"},{"@type":"Person","@id":"https:\/\/www.btv.md\/#\/schema\/person\/8fadce81561b3ce2c34c46dadc4ccbf2","name":"admin"}]}},"_links":{"self":[{"href":"https:\/\/www.btv.md\/ro\/wp-json\/wp\/v2\/posts\/33417","targetHints":{"allow":["GET"]}}],"collection":[{"href":"https:\/\/www.btv.md\/ro\/wp-json\/wp\/v2\/posts"}],"about":[{"href":"https:\/\/www.btv.md\/ro\/wp-json\/wp\/v2\/types\/post"}],"author":[{"embeddable":true,"href":"https:\/\/www.btv.md\/ro\/wp-json\/wp\/v2\/users\/4"}],"replies":[{"embeddable":true,"href":"https:\/\/www.btv.md\/ro\/wp-json\/wp\/v2\/comments?post=33417"}],"version-history":[{"count":0,"href":"https:\/\/www.btv.md\/ro\/wp-json\/wp\/v2\/posts\/33417\/revisions"}],"wp:featuredmedia":[{"embeddable":true,"href":"https:\/\/www.btv.md\/ro\/wp-json\/wp\/v2\/media\/33420"}],"wp:attachment":[{"href":"https:\/\/www.btv.md\/ro\/wp-json\/wp\/v2\/media?parent=33417"}],"wp:term":[{"taxonomy":"category","embeddable":true,"href":"https:\/\/www.btv.md\/ro\/wp-json\/wp\/v2\/categories?post=33417"},{"taxonomy":"post_tag","embeddable":true,"href":"https:\/\/www.btv.md\/ro\/wp-json\/wp\/v2\/tags?post=33417"}],"curies":[{"name":"wp","href":"https:\/\/api.w.org\/{rel}","templated":true}]}}