{"id":33461,"date":"2017-10-06T12:31:15","date_gmt":"2017-10-06T09:31:15","guid":{"rendered":"http:\/\/btv.md\/?p=33461"},"modified":"2019-02-12T11:39:01","modified_gmt":"2019-02-12T09:39:01","slug":"19-morti-intr-o-coliziune-intre-un-tren-si-un-autobuz-in-rusia","status":"publish","type":"post","link":"https:\/\/www.btv.md\/ro\/19-morti-intr-o-coliziune-intre-un-tren-si-un-autobuz-in-rusia\/","title":{"rendered":"19 mor\u021bi \u00eentr-o coliziune \u00eentre un tren \u0219i un autobuz \u00een Rusia"},"content":{"rendered":"<p><strong>Cel pu\u021bin 19 oameni \u0219i-au pierdut via\u021ba vineri diminea\u021ba \u00een coliziunea dintre un tren \u0219i un autobuz, \u00een centrul Rusiei, au anun\u021bat autorit\u0103\u021bile regionale, relateaz\u0103 <a href=\"tv8.md\">tv8.md<\/a>.<\/strong><\/p>\n<p style=\"text-align: center;\"><iframe data-src=\"https:\/\/www.youtube.com\/embed\/nZNmbdMSAw0\" width=\"854\" height=\"480\" frameborder=\"0\" allowfullscreen=\"allowfullscreen\" src=\"data:image\/svg+xml;base64,PHN2ZyB3aWR0aD0iMSIgaGVpZ2h0PSIxIiB4bWxucz0iaHR0cDovL3d3dy53My5vcmcvMjAwMC9zdmciPjwvc3ZnPg==\" class=\"lazyload\" data-load-mode=\"1\"><\/iframe><\/p>\n<p>\u00centre cei mor\u021bi \u00een accident se num\u0103r\u0103 \u0219i un copil. Cel pu\u021bin cinci r\u0103ni\u021bi au fost transporta\u021bi la spital \u00een urma ciocnirii care a avut loc \u00een apropiere de ora\u0219ul Vladimir, la circa 190 km est de Moscova.<\/p>\n<p>O surs\u0103 din cadrul poli\u021biei a declarat pentru agen\u021bia TASS c\u0103 este posibil ca autobuzul s\u0103 fi fost oprit la o trecere la nivel cu calea ferat\u0103 \u00een momentul \u00een care a fost lovit de tren.<\/p>\n<p>Trenul implicat \u00een accident se deplasa din Sankt Petersburg c\u0103tre Nijni Novgorod (vest), al cincilea cel mai mare ora\u0219 din Rusia.<\/p>\n","protected":false},"excerpt":{"rendered":"<p>Cel pu\u021bin 19 oameni \u0219i-au pierdut via\u021ba vineri diminea\u021ba \u00een coliziunea dintre un tren \u0219i un autobuz, \u00een centrul Rusiei, au anun\u021bat autorit\u0103\u021bile regionale, relateaz\u0103 tv8.md. \u00centre cei mor\u021bi \u00een accident se num\u0103r\u0103 \u0219i un copil. Cel pu\u021bin cinci r\u0103ni\u021bi au fost transporta\u021bi la spital \u00een urma ciocnirii care a avut loc \u00een apropiere de [&hellip;]<\/p>\n","protected":false},"author":4,"featured_media":33462,"comment_status":"closed","ping_status":"closed","sticky":false,"template":"","format":"standard","meta":{"footnotes":""},"categories":[6354],"tags":[],"class_list":["post-33461","post","type-post","status-publish","format-standard","has-post-thumbnail","hentry","category-externe-ro"],"yoast_head":"<!-- This site is optimized with the Yoast SEO plugin v27.4 - https:\/\/yoast.com\/product\/yoast-seo-wordpress\/ -->\n<title>19 mor\u021bi \u00eentr-o coliziune \u00eentre un tren \u0219i un autobuz \u00een Rusia<\/title>\n<meta name=\"description\" content=\"Cel pu\u021bin 19 oameni \u0219i-au pierdut via\u021ba vineri diminea\u021ba \u00een coliziunea dintre un tren \u0219i un autobuz, \u00een centrul Rusiei, au anun\u021bat autorit\u0103\u021bile regionale.\" \/>\n<meta name=\"robots\" content=\"index, follow, max-snippet:-1, max-image-preview:large, max-video-preview:-1\" \/>\n<link rel=\"canonical\" href=\"https:\/\/www.btv.md\/ro\/19-morti-intr-o-coliziune-intre-un-tren-si-un-autobuz-in-rusia\/\" \/>\n<meta property=\"og:locale\" content=\"ro_RO\" \/>\n<meta property=\"og:type\" content=\"article\" \/>\n<meta property=\"og:title\" content=\"19 mor\u021bi \u00eentr-o coliziune \u00eentre un tren \u0219i un autobuz \u00een Rusia\" \/>\n<meta property=\"og:description\" content=\"Cel pu\u021bin 19 oameni \u0219i-au pierdut via\u021ba vineri diminea\u021ba \u00een coliziunea dintre un tren \u0219i un autobuz, \u00een centrul Rusiei, au anun\u021bat autorit\u0103\u021bile regionale.\" \/>\n<meta property=\"og:url\" content=\"https:\/\/www.btv.md\/ro\/19-morti-intr-o-coliziune-intre-un-tren-si-un-autobuz-in-rusia\/\" \/>\n<meta property=\"og:site_name\" content=\"BTV\" \/>\n<meta property=\"article:publisher\" content=\"https:\/\/www.facebook.com\/btvmoldova\/\" \/>\n<meta property=\"article:published_time\" content=\"2017-10-06T09:31:15+00:00\" \/>\n<meta property=\"article:modified_time\" content=\"2019-02-12T09:39:01+00:00\" \/>\n<meta property=\"og:image\" content=\"https:\/\/www.btv.md\/wp-content\/uploads\/2017\/10\/coliziune_tren_70842000.jpg\" \/>\n\t<meta property=\"og:image:width\" content=\"620\" \/>\n\t<meta property=\"og:image:height\" content=\"385\" \/>\n\t<meta property=\"og:image:type\" content=\"image\/jpeg\" \/>\n<meta name=\"author\" content=\"admin\" \/>\n<meta name=\"twitter:label1\" content=\"Scris de\" \/>\n\t<meta name=\"twitter:data1\" content=\"admin\" \/>\n\t<meta name=\"twitter:label2\" content=\"Timp estimat pentru citire\" \/>\n\t<meta name=\"twitter:data2\" content=\"1 minut\" \/>\n<script type=\"application\/ld+json\" class=\"yoast-schema-graph\">{\"@context\":\"https:\\\/\\\/schema.org\",\"@graph\":[{\"@type\":\"Article\",\"@id\":\"https:\\\/\\\/www.btv.md\\\/ro\\\/19-morti-intr-o-coliziune-intre-un-tren-si-un-autobuz-in-rusia\\\/#article\",\"isPartOf\":{\"@id\":\"https:\\\/\\\/www.btv.md\\\/ro\\\/19-morti-intr-o-coliziune-intre-un-tren-si-un-autobuz-in-rusia\\\/\"},\"author\":{\"name\":\"admin\",\"@id\":\"https:\\\/\\\/www.btv.md\\\/#\\\/schema\\\/person\\\/8fadce81561b3ce2c34c46dadc4ccbf2\"},\"headline\":\"19 mor\u021bi \u00eentr-o coliziune \u00eentre un tren \u0219i un autobuz \u00een Rusia\",\"datePublished\":\"2017-10-06T09:31:15+00:00\",\"dateModified\":\"2019-02-12T09:39:01+00:00\",\"mainEntityOfPage\":{\"@id\":\"https:\\\/\\\/www.btv.md\\\/ro\\\/19-morti-intr-o-coliziune-intre-un-tren-si-un-autobuz-in-rusia\\\/\"},\"wordCount\":147,\"image\":{\"@id\":\"https:\\\/\\\/www.btv.md\\\/ro\\\/19-morti-intr-o-coliziune-intre-un-tren-si-un-autobuz-in-rusia\\\/#primaryimage\"},\"thumbnailUrl\":\"https:\\\/\\\/www.btv.md\\\/wp-content\\\/uploads\\\/2017\\\/10\\\/coliziune_tren_70842000.jpg\",\"articleSection\":[\"Externe\"],\"inLanguage\":\"ro-RO\"},{\"@type\":\"WebPage\",\"@id\":\"https:\\\/\\\/www.btv.md\\\/ro\\\/19-morti-intr-o-coliziune-intre-un-tren-si-un-autobuz-in-rusia\\\/\",\"url\":\"https:\\\/\\\/www.btv.md\\\/ro\\\/19-morti-intr-o-coliziune-intre-un-tren-si-un-autobuz-in-rusia\\\/\",\"name\":\"19 mor\u021bi \u00eentr-o coliziune \u00eentre un tren \u0219i un autobuz \u00een Rusia\",\"isPartOf\":{\"@id\":\"https:\\\/\\\/www.btv.md\\\/#website\"},\"primaryImageOfPage\":{\"@id\":\"https:\\\/\\\/www.btv.md\\\/ro\\\/19-morti-intr-o-coliziune-intre-un-tren-si-un-autobuz-in-rusia\\\/#primaryimage\"},\"image\":{\"@id\":\"https:\\\/\\\/www.btv.md\\\/ro\\\/19-morti-intr-o-coliziune-intre-un-tren-si-un-autobuz-in-rusia\\\/#primaryimage\"},\"thumbnailUrl\":\"https:\\\/\\\/www.btv.md\\\/wp-content\\\/uploads\\\/2017\\\/10\\\/coliziune_tren_70842000.jpg\",\"datePublished\":\"2017-10-06T09:31:15+00:00\",\"dateModified\":\"2019-02-12T09:39:01+00:00\",\"author\":{\"@id\":\"https:\\\/\\\/www.btv.md\\\/#\\\/schema\\\/person\\\/8fadce81561b3ce2c34c46dadc4ccbf2\"},\"description\":\"Cel pu\u021bin 19 oameni \u0219i-au pierdut via\u021ba vineri diminea\u021ba \u00een coliziunea dintre un tren \u0219i un autobuz, \u00een centrul Rusiei, au anun\u021bat autorit\u0103\u021bile regionale.\",\"inLanguage\":\"ro-RO\",\"potentialAction\":[{\"@type\":\"ReadAction\",\"target\":[\"https:\\\/\\\/www.btv.md\\\/ro\\\/19-morti-intr-o-coliziune-intre-un-tren-si-un-autobuz-in-rusia\\\/\"]}]},{\"@type\":\"ImageObject\",\"inLanguage\":\"ro-RO\",\"@id\":\"https:\\\/\\\/www.btv.md\\\/ro\\\/19-morti-intr-o-coliziune-intre-un-tren-si-un-autobuz-in-rusia\\\/#primaryimage\",\"url\":\"https:\\\/\\\/www.btv.md\\\/wp-content\\\/uploads\\\/2017\\\/10\\\/coliziune_tren_70842000.jpg\",\"contentUrl\":\"https:\\\/\\\/www.btv.md\\\/wp-content\\\/uploads\\\/2017\\\/10\\\/coliziune_tren_70842000.jpg\",\"width\":620,\"height\":385,\"caption\":\"coliziune \u00eentre un tren \u0219i un autobuz\"},{\"@type\":\"WebSite\",\"@id\":\"https:\\\/\\\/www.btv.md\\\/#website\",\"url\":\"https:\\\/\\\/www.btv.md\\\/\",\"name\":\"BTV\",\"description\":\"\u0411\u0435\u043b\u044c\u0446\u043a\u043e\u0435 \u0442\u0435\u043b\u0435\u0432\u0438\u0434\u0435\u043d\u0438\u0435\",\"potentialAction\":[{\"@type\":\"SearchAction\",\"target\":{\"@type\":\"EntryPoint\",\"urlTemplate\":\"https:\\\/\\\/www.btv.md\\\/?s={search_term_string}\"},\"query-input\":{\"@type\":\"PropertyValueSpecification\",\"valueRequired\":true,\"valueName\":\"search_term_string\"}}],\"inLanguage\":\"ro-RO\"},{\"@type\":\"Person\",\"@id\":\"https:\\\/\\\/www.btv.md\\\/#\\\/schema\\\/person\\\/8fadce81561b3ce2c34c46dadc4ccbf2\",\"name\":\"admin\"}]}<\/script>\n<!-- \/ Yoast SEO plugin. -->","yoast_head_json":{"title":"19 mor\u021bi \u00eentr-o coliziune \u00eentre un tren \u0219i un autobuz \u00een Rusia","description":"Cel pu\u021bin 19 oameni \u0219i-au pierdut via\u021ba vineri diminea\u021ba \u00een coliziunea dintre un tren \u0219i un autobuz, \u00een centrul Rusiei, au anun\u021bat autorit\u0103\u021bile regionale.","robots":{"index":"index","follow":"follow","max-snippet":"max-snippet:-1","max-image-preview":"max-image-preview:large","max-video-preview":"max-video-preview:-1"},"canonical":"https:\/\/www.btv.md\/ro\/19-morti-intr-o-coliziune-intre-un-tren-si-un-autobuz-in-rusia\/","og_locale":"ro_RO","og_type":"article","og_title":"19 mor\u021bi \u00eentr-o coliziune \u00eentre un tren \u0219i un autobuz \u00een Rusia","og_description":"Cel pu\u021bin 19 oameni \u0219i-au pierdut via\u021ba vineri diminea\u021ba \u00een coliziunea dintre un tren \u0219i un autobuz, \u00een centrul Rusiei, au anun\u021bat autorit\u0103\u021bile regionale.","og_url":"https:\/\/www.btv.md\/ro\/19-morti-intr-o-coliziune-intre-un-tren-si-un-autobuz-in-rusia\/","og_site_name":"BTV","article_publisher":"https:\/\/www.facebook.com\/btvmoldova\/","article_published_time":"2017-10-06T09:31:15+00:00","article_modified_time":"2019-02-12T09:39:01+00:00","og_image":[{"width":620,"height":385,"url":"https:\/\/www.btv.md\/wp-content\/uploads\/2017\/10\/coliziune_tren_70842000.jpg","type":"image\/jpeg"}],"author":"admin","twitter_misc":{"Scris de":"admin","Timp estimat pentru citire":"1 minut"},"schema":{"@context":"https:\/\/schema.org","@graph":[{"@type":"Article","@id":"https:\/\/www.btv.md\/ro\/19-morti-intr-o-coliziune-intre-un-tren-si-un-autobuz-in-rusia\/#article","isPartOf":{"@id":"https:\/\/www.btv.md\/ro\/19-morti-intr-o-coliziune-intre-un-tren-si-un-autobuz-in-rusia\/"},"author":{"name":"admin","@id":"https:\/\/www.btv.md\/#\/schema\/person\/8fadce81561b3ce2c34c46dadc4ccbf2"},"headline":"19 mor\u021bi \u00eentr-o coliziune \u00eentre un tren \u0219i un autobuz \u00een Rusia","datePublished":"2017-10-06T09:31:15+00:00","dateModified":"2019-02-12T09:39:01+00:00","mainEntityOfPage":{"@id":"https:\/\/www.btv.md\/ro\/19-morti-intr-o-coliziune-intre-un-tren-si-un-autobuz-in-rusia\/"},"wordCount":147,"image":{"@id":"https:\/\/www.btv.md\/ro\/19-morti-intr-o-coliziune-intre-un-tren-si-un-autobuz-in-rusia\/#primaryimage"},"thumbnailUrl":"https:\/\/www.btv.md\/wp-content\/uploads\/2017\/10\/coliziune_tren_70842000.jpg","articleSection":["Externe"],"inLanguage":"ro-RO"},{"@type":"WebPage","@id":"https:\/\/www.btv.md\/ro\/19-morti-intr-o-coliziune-intre-un-tren-si-un-autobuz-in-rusia\/","url":"https:\/\/www.btv.md\/ro\/19-morti-intr-o-coliziune-intre-un-tren-si-un-autobuz-in-rusia\/","name":"19 mor\u021bi \u00eentr-o coliziune \u00eentre un tren \u0219i un autobuz \u00een Rusia","isPartOf":{"@id":"https:\/\/www.btv.md\/#website"},"primaryImageOfPage":{"@id":"https:\/\/www.btv.md\/ro\/19-morti-intr-o-coliziune-intre-un-tren-si-un-autobuz-in-rusia\/#primaryimage"},"image":{"@id":"https:\/\/www.btv.md\/ro\/19-morti-intr-o-coliziune-intre-un-tren-si-un-autobuz-in-rusia\/#primaryimage"},"thumbnailUrl":"https:\/\/www.btv.md\/wp-content\/uploads\/2017\/10\/coliziune_tren_70842000.jpg","datePublished":"2017-10-06T09:31:15+00:00","dateModified":"2019-02-12T09:39:01+00:00","author":{"@id":"https:\/\/www.btv.md\/#\/schema\/person\/8fadce81561b3ce2c34c46dadc4ccbf2"},"description":"Cel pu\u021bin 19 oameni \u0219i-au pierdut via\u021ba vineri diminea\u021ba \u00een coliziunea dintre un tren \u0219i un autobuz, \u00een centrul Rusiei, au anun\u021bat autorit\u0103\u021bile regionale.","inLanguage":"ro-RO","potentialAction":[{"@type":"ReadAction","target":["https:\/\/www.btv.md\/ro\/19-morti-intr-o-coliziune-intre-un-tren-si-un-autobuz-in-rusia\/"]}]},{"@type":"ImageObject","inLanguage":"ro-RO","@id":"https:\/\/www.btv.md\/ro\/19-morti-intr-o-coliziune-intre-un-tren-si-un-autobuz-in-rusia\/#primaryimage","url":"https:\/\/www.btv.md\/wp-content\/uploads\/2017\/10\/coliziune_tren_70842000.jpg","contentUrl":"https:\/\/www.btv.md\/wp-content\/uploads\/2017\/10\/coliziune_tren_70842000.jpg","width":620,"height":385,"caption":"coliziune \u00eentre un tren \u0219i un autobuz"},{"@type":"WebSite","@id":"https:\/\/www.btv.md\/#website","url":"https:\/\/www.btv.md\/","name":"BTV","description":"\u0411\u0435\u043b\u044c\u0446\u043a\u043e\u0435 \u0442\u0435\u043b\u0435\u0432\u0438\u0434\u0435\u043d\u0438\u0435","potentialAction":[{"@type":"SearchAction","target":{"@type":"EntryPoint","urlTemplate":"https:\/\/www.btv.md\/?s={search_term_string}"},"query-input":{"@type":"PropertyValueSpecification","valueRequired":true,"valueName":"search_term_string"}}],"inLanguage":"ro-RO"},{"@type":"Person","@id":"https:\/\/www.btv.md\/#\/schema\/person\/8fadce81561b3ce2c34c46dadc4ccbf2","name":"admin"}]}},"_links":{"self":[{"href":"https:\/\/www.btv.md\/ro\/wp-json\/wp\/v2\/posts\/33461","targetHints":{"allow":["GET"]}}],"collection":[{"href":"https:\/\/www.btv.md\/ro\/wp-json\/wp\/v2\/posts"}],"about":[{"href":"https:\/\/www.btv.md\/ro\/wp-json\/wp\/v2\/types\/post"}],"author":[{"embeddable":true,"href":"https:\/\/www.btv.md\/ro\/wp-json\/wp\/v2\/users\/4"}],"replies":[{"embeddable":true,"href":"https:\/\/www.btv.md\/ro\/wp-json\/wp\/v2\/comments?post=33461"}],"version-history":[{"count":0,"href":"https:\/\/www.btv.md\/ro\/wp-json\/wp\/v2\/posts\/33461\/revisions"}],"wp:featuredmedia":[{"embeddable":true,"href":"https:\/\/www.btv.md\/ro\/wp-json\/wp\/v2\/media\/33462"}],"wp:attachment":[{"href":"https:\/\/www.btv.md\/ro\/wp-json\/wp\/v2\/media?parent=33461"}],"wp:term":[{"taxonomy":"category","embeddable":true,"href":"https:\/\/www.btv.md\/ro\/wp-json\/wp\/v2\/categories?post=33461"},{"taxonomy":"post_tag","embeddable":true,"href":"https:\/\/www.btv.md\/ro\/wp-json\/wp\/v2\/tags?post=33461"}],"curies":[{"name":"wp","href":"https:\/\/api.w.org\/{rel}","templated":true}]}}