{"id":33513,"date":"2017-10-09T11:18:17","date_gmt":"2017-10-09T08:18:17","guid":{"rendered":"http:\/\/btv.md\/?p=33513"},"modified":"2019-02-12T11:35:58","modified_gmt":"2019-02-12T09:35:58","slug":"tragedie-la-balti-un-barbat-a-murit-dupa-ce-a-fost-lovit-de-o-masina","status":"publish","type":"post","link":"https:\/\/www.btv.md\/ro\/tragedie-la-balti-un-barbat-a-murit-dupa-ce-a-fost-lovit-de-o-masina\/","title":{"rendered":"Tragedie la B\u0103l\u021bi. Un b\u0103rbat a murit dup\u0103 ce a fost lovit de o ma\u0219in\u0103"},"content":{"rendered":"<p><strong>Un b\u0103rbat din B\u0103l\u021bi a fost lovit mortal de o ma\u0219in\u0103, \u00een timp ce traversa strada neregulamentar. Tragedia s-a produs, \u00een seara zilei de s\u00e2mb\u0103t\u0103, pe strada Calea Ie\u0219ilor, regiunea cartierului opt.<\/strong><\/p>\n<p style=\"text-align: center;\"><iframe data-src=\"https:\/\/www.youtube.com\/embed\/_AeIJBf_iLI\" width=\"854\" height=\"480\" frameborder=\"0\" allowfullscreen=\"allowfullscreen\" src=\"data:image\/svg+xml;base64,PHN2ZyB3aWR0aD0iMSIgaGVpZ2h0PSIxIiB4bWxucz0iaHR0cDovL3d3dy53My5vcmcvMjAwMC9zdmciPjwvc3ZnPg==\" class=\"lazyload\" data-load-mode=\"1\"><\/iframe><\/p>\n<p>Potrivit ofi\u021berului de pres\u0103 al Inspectoratului de Poli\u021bie B\u0103l\u021bi, Jana Molceanov, victima \u00een v\u00e2rst\u0103 de 34 de ani, a murit pe loc.<\/p>\n<blockquote><p><em>\u201e\u00cen urma tampon\u0103rii i-au fost cauzate leziunui grave, care a provocat decesul b\u0103rbatului la fa\u021ba locului. Pe cazul dat a fost pornit\u0103 o cauz\u0103 penal\u0103. Persoana de la volanul ma\u0219inii risc\u0103 pedeaps\u0103 cu priva\u021biune de libertate de la 3 la 7 ani.\u201d<\/em><\/p><\/blockquote>\n<p>La volanul automobilului se afla un \u015fofer \u00een v\u00e2rst\u0103 de 59 de ani, originar din B\u0103l\u021bi. Rezultatele alcoolscopului au demonstrat c\u0103 acesta nu conducea sub influen\u021ba b\u0103uturilor alcoolice \u0219i nici nu ar fi dep\u0103\u0219it limita de vitez\u0103.<\/p>\n","protected":false},"excerpt":{"rendered":"<p>Un b\u0103rbat din B\u0103l\u021bi a fost lovit mortal de o ma\u0219in\u0103, \u00een timp ce traversa strada neregulamentar. Tragedia s-a produs, \u00een seara zilei de s\u00e2mb\u0103t\u0103, pe strada Calea Ie\u0219ilor, regiunea cartierului opt. Potrivit ofi\u021berului de pres\u0103 al Inspectoratului de Poli\u021bie B\u0103l\u021bi, Jana Molceanov, victima \u00een v\u00e2rst\u0103 de 34 de ani, a murit pe loc. \u201e\u00cen [&hellip;]<\/p>\n","protected":false},"author":4,"featured_media":12482,"comment_status":"closed","ping_status":"closed","sticky":false,"template":"","format":"standard","meta":{"footnotes":""},"categories":[6351,6377],"tags":[],"class_list":["post-33513","post","type-post","status-publish","format-standard","has-post-thumbnail","hentry","category-incidente","category-stiri"],"yoast_head":"<!-- This site is optimized with the Yoast SEO plugin v27.4 - https:\/\/yoast.com\/product\/yoast-seo-wordpress\/ -->\n<title>Tragedie la B\u0103l\u021bi. Un b\u0103rbat a murit dup\u0103 ce a fost lovit de o ma\u0219in\u0103<\/title>\n<meta name=\"description\" content=\"Un b\u0103rbat din B\u0103l\u021bi a fost lovit mortal de o ma\u0219in\u0103, \u00een timp ce traversa strada neregulamentar. Tragedia s-a produs, \u00een seara zilei de s\u00e2mb\u0103t\u0103.\" \/>\n<meta name=\"robots\" content=\"index, follow, max-snippet:-1, max-image-preview:large, max-video-preview:-1\" \/>\n<link rel=\"canonical\" href=\"https:\/\/www.btv.md\/ro\/tragedie-la-balti-un-barbat-a-murit-dupa-ce-a-fost-lovit-de-o-masina\/\" \/>\n<meta property=\"og:locale\" content=\"ro_RO\" \/>\n<meta property=\"og:type\" content=\"article\" \/>\n<meta property=\"og:title\" content=\"Tragedie la B\u0103l\u021bi. Un b\u0103rbat a murit dup\u0103 ce a fost lovit de o ma\u0219in\u0103\" \/>\n<meta property=\"og:description\" content=\"Un b\u0103rbat din B\u0103l\u021bi a fost lovit mortal de o ma\u0219in\u0103, \u00een timp ce traversa strada neregulamentar. Tragedia s-a produs, \u00een seara zilei de s\u00e2mb\u0103t\u0103, pe strada Calea Ie\u0219ilor, regiunea cartierului opt.\" \/>\n<meta property=\"og:url\" content=\"https:\/\/www.btv.md\/ro\/tragedie-la-balti-un-barbat-a-murit-dupa-ce-a-fost-lovit-de-o-masina\/\" \/>\n<meta property=\"og:site_name\" content=\"BTV\" \/>\n<meta property=\"article:publisher\" content=\"https:\/\/www.facebook.com\/btvmoldova\/\" \/>\n<meta property=\"article:published_time\" content=\"2017-10-09T08:18:17+00:00\" \/>\n<meta property=\"article:modified_time\" content=\"2019-02-12T09:35:58+00:00\" \/>\n<meta property=\"og:image\" content=\"https:\/\/www.btv.md\/wp-content\/uploads\/2016\/05\/politia.jpg\" \/>\n\t<meta property=\"og:image:width\" content=\"659\" \/>\n\t<meta property=\"og:image:height\" content=\"400\" \/>\n\t<meta property=\"og:image:type\" content=\"image\/jpeg\" \/>\n<meta name=\"author\" content=\"admin\" \/>\n<meta name=\"twitter:label1\" content=\"Scris de\" \/>\n\t<meta name=\"twitter:data1\" content=\"admin\" \/>\n\t<meta name=\"twitter:label2\" content=\"Timp estimat pentru citire\" \/>\n\t<meta name=\"twitter:data2\" content=\"1 minut\" \/>\n<script type=\"application\/ld+json\" class=\"yoast-schema-graph\">{\"@context\":\"https:\\\/\\\/schema.org\",\"@graph\":[{\"@type\":\"Article\",\"@id\":\"https:\\\/\\\/www.btv.md\\\/ro\\\/tragedie-la-balti-un-barbat-a-murit-dupa-ce-a-fost-lovit-de-o-masina\\\/#article\",\"isPartOf\":{\"@id\":\"https:\\\/\\\/www.btv.md\\\/ro\\\/tragedie-la-balti-un-barbat-a-murit-dupa-ce-a-fost-lovit-de-o-masina\\\/\"},\"author\":{\"name\":\"admin\",\"@id\":\"https:\\\/\\\/www.btv.md\\\/#\\\/schema\\\/person\\\/8fadce81561b3ce2c34c46dadc4ccbf2\"},\"headline\":\"Tragedie la B\u0103l\u021bi. Un b\u0103rbat a murit dup\u0103 ce a fost lovit de o ma\u0219in\u0103\",\"datePublished\":\"2017-10-09T08:18:17+00:00\",\"dateModified\":\"2019-02-12T09:35:58+00:00\",\"mainEntityOfPage\":{\"@id\":\"https:\\\/\\\/www.btv.md\\\/ro\\\/tragedie-la-balti-un-barbat-a-murit-dupa-ce-a-fost-lovit-de-o-masina\\\/\"},\"wordCount\":171,\"image\":{\"@id\":\"https:\\\/\\\/www.btv.md\\\/ro\\\/tragedie-la-balti-un-barbat-a-murit-dupa-ce-a-fost-lovit-de-o-masina\\\/#primaryimage\"},\"thumbnailUrl\":\"https:\\\/\\\/www.btv.md\\\/wp-content\\\/uploads\\\/2016\\\/05\\\/politia.jpg\",\"articleSection\":[\"Incidente\",\"\u0218tiri\"],\"inLanguage\":\"ro-RO\"},{\"@type\":\"WebPage\",\"@id\":\"https:\\\/\\\/www.btv.md\\\/ro\\\/tragedie-la-balti-un-barbat-a-murit-dupa-ce-a-fost-lovit-de-o-masina\\\/\",\"url\":\"https:\\\/\\\/www.btv.md\\\/ro\\\/tragedie-la-balti-un-barbat-a-murit-dupa-ce-a-fost-lovit-de-o-masina\\\/\",\"name\":\"Tragedie la B\u0103l\u021bi. Un b\u0103rbat a murit dup\u0103 ce a fost lovit de o ma\u0219in\u0103\",\"isPartOf\":{\"@id\":\"https:\\\/\\\/www.btv.md\\\/#website\"},\"primaryImageOfPage\":{\"@id\":\"https:\\\/\\\/www.btv.md\\\/ro\\\/tragedie-la-balti-un-barbat-a-murit-dupa-ce-a-fost-lovit-de-o-masina\\\/#primaryimage\"},\"image\":{\"@id\":\"https:\\\/\\\/www.btv.md\\\/ro\\\/tragedie-la-balti-un-barbat-a-murit-dupa-ce-a-fost-lovit-de-o-masina\\\/#primaryimage\"},\"thumbnailUrl\":\"https:\\\/\\\/www.btv.md\\\/wp-content\\\/uploads\\\/2016\\\/05\\\/politia.jpg\",\"datePublished\":\"2017-10-09T08:18:17+00:00\",\"dateModified\":\"2019-02-12T09:35:58+00:00\",\"author\":{\"@id\":\"https:\\\/\\\/www.btv.md\\\/#\\\/schema\\\/person\\\/8fadce81561b3ce2c34c46dadc4ccbf2\"},\"description\":\"Un b\u0103rbat din B\u0103l\u021bi a fost lovit mortal de o ma\u0219in\u0103, \u00een timp ce traversa strada neregulamentar. Tragedia s-a produs, \u00een seara zilei de s\u00e2mb\u0103t\u0103.\",\"inLanguage\":\"ro-RO\",\"potentialAction\":[{\"@type\":\"ReadAction\",\"target\":[\"https:\\\/\\\/www.btv.md\\\/ro\\\/tragedie-la-balti-un-barbat-a-murit-dupa-ce-a-fost-lovit-de-o-masina\\\/\"]}]},{\"@type\":\"ImageObject\",\"inLanguage\":\"ro-RO\",\"@id\":\"https:\\\/\\\/www.btv.md\\\/ro\\\/tragedie-la-balti-un-barbat-a-murit-dupa-ce-a-fost-lovit-de-o-masina\\\/#primaryimage\",\"url\":\"https:\\\/\\\/www.btv.md\\\/wp-content\\\/uploads\\\/2016\\\/05\\\/politia.jpg\",\"contentUrl\":\"https:\\\/\\\/www.btv.md\\\/wp-content\\\/uploads\\\/2016\\\/05\\\/politia.jpg\",\"width\":659,\"height\":400,\"caption\":\"weradio.ro\"},{\"@type\":\"WebSite\",\"@id\":\"https:\\\/\\\/www.btv.md\\\/#website\",\"url\":\"https:\\\/\\\/www.btv.md\\\/\",\"name\":\"BTV\",\"description\":\"\u0411\u0435\u043b\u044c\u0446\u043a\u043e\u0435 \u0442\u0435\u043b\u0435\u0432\u0438\u0434\u0435\u043d\u0438\u0435\",\"potentialAction\":[{\"@type\":\"SearchAction\",\"target\":{\"@type\":\"EntryPoint\",\"urlTemplate\":\"https:\\\/\\\/www.btv.md\\\/?s={search_term_string}\"},\"query-input\":{\"@type\":\"PropertyValueSpecification\",\"valueRequired\":true,\"valueName\":\"search_term_string\"}}],\"inLanguage\":\"ro-RO\"},{\"@type\":\"Person\",\"@id\":\"https:\\\/\\\/www.btv.md\\\/#\\\/schema\\\/person\\\/8fadce81561b3ce2c34c46dadc4ccbf2\",\"name\":\"admin\"}]}<\/script>\n<!-- \/ Yoast SEO plugin. -->","yoast_head_json":{"title":"Tragedie la B\u0103l\u021bi. Un b\u0103rbat a murit dup\u0103 ce a fost lovit de o ma\u0219in\u0103","description":"Un b\u0103rbat din B\u0103l\u021bi a fost lovit mortal de o ma\u0219in\u0103, \u00een timp ce traversa strada neregulamentar. Tragedia s-a produs, \u00een seara zilei de s\u00e2mb\u0103t\u0103.","robots":{"index":"index","follow":"follow","max-snippet":"max-snippet:-1","max-image-preview":"max-image-preview:large","max-video-preview":"max-video-preview:-1"},"canonical":"https:\/\/www.btv.md\/ro\/tragedie-la-balti-un-barbat-a-murit-dupa-ce-a-fost-lovit-de-o-masina\/","og_locale":"ro_RO","og_type":"article","og_title":"Tragedie la B\u0103l\u021bi. Un b\u0103rbat a murit dup\u0103 ce a fost lovit de o ma\u0219in\u0103","og_description":"Un b\u0103rbat din B\u0103l\u021bi a fost lovit mortal de o ma\u0219in\u0103, \u00een timp ce traversa strada neregulamentar. Tragedia s-a produs, \u00een seara zilei de s\u00e2mb\u0103t\u0103, pe strada Calea Ie\u0219ilor, regiunea cartierului opt.","og_url":"https:\/\/www.btv.md\/ro\/tragedie-la-balti-un-barbat-a-murit-dupa-ce-a-fost-lovit-de-o-masina\/","og_site_name":"BTV","article_publisher":"https:\/\/www.facebook.com\/btvmoldova\/","article_published_time":"2017-10-09T08:18:17+00:00","article_modified_time":"2019-02-12T09:35:58+00:00","og_image":[{"width":659,"height":400,"url":"https:\/\/www.btv.md\/wp-content\/uploads\/2016\/05\/politia.jpg","type":"image\/jpeg"}],"author":"admin","twitter_misc":{"Scris de":"admin","Timp estimat pentru citire":"1 minut"},"schema":{"@context":"https:\/\/schema.org","@graph":[{"@type":"Article","@id":"https:\/\/www.btv.md\/ro\/tragedie-la-balti-un-barbat-a-murit-dupa-ce-a-fost-lovit-de-o-masina\/#article","isPartOf":{"@id":"https:\/\/www.btv.md\/ro\/tragedie-la-balti-un-barbat-a-murit-dupa-ce-a-fost-lovit-de-o-masina\/"},"author":{"name":"admin","@id":"https:\/\/www.btv.md\/#\/schema\/person\/8fadce81561b3ce2c34c46dadc4ccbf2"},"headline":"Tragedie la B\u0103l\u021bi. Un b\u0103rbat a murit dup\u0103 ce a fost lovit de o ma\u0219in\u0103","datePublished":"2017-10-09T08:18:17+00:00","dateModified":"2019-02-12T09:35:58+00:00","mainEntityOfPage":{"@id":"https:\/\/www.btv.md\/ro\/tragedie-la-balti-un-barbat-a-murit-dupa-ce-a-fost-lovit-de-o-masina\/"},"wordCount":171,"image":{"@id":"https:\/\/www.btv.md\/ro\/tragedie-la-balti-un-barbat-a-murit-dupa-ce-a-fost-lovit-de-o-masina\/#primaryimage"},"thumbnailUrl":"https:\/\/www.btv.md\/wp-content\/uploads\/2016\/05\/politia.jpg","articleSection":["Incidente","\u0218tiri"],"inLanguage":"ro-RO"},{"@type":"WebPage","@id":"https:\/\/www.btv.md\/ro\/tragedie-la-balti-un-barbat-a-murit-dupa-ce-a-fost-lovit-de-o-masina\/","url":"https:\/\/www.btv.md\/ro\/tragedie-la-balti-un-barbat-a-murit-dupa-ce-a-fost-lovit-de-o-masina\/","name":"Tragedie la B\u0103l\u021bi. Un b\u0103rbat a murit dup\u0103 ce a fost lovit de o ma\u0219in\u0103","isPartOf":{"@id":"https:\/\/www.btv.md\/#website"},"primaryImageOfPage":{"@id":"https:\/\/www.btv.md\/ro\/tragedie-la-balti-un-barbat-a-murit-dupa-ce-a-fost-lovit-de-o-masina\/#primaryimage"},"image":{"@id":"https:\/\/www.btv.md\/ro\/tragedie-la-balti-un-barbat-a-murit-dupa-ce-a-fost-lovit-de-o-masina\/#primaryimage"},"thumbnailUrl":"https:\/\/www.btv.md\/wp-content\/uploads\/2016\/05\/politia.jpg","datePublished":"2017-10-09T08:18:17+00:00","dateModified":"2019-02-12T09:35:58+00:00","author":{"@id":"https:\/\/www.btv.md\/#\/schema\/person\/8fadce81561b3ce2c34c46dadc4ccbf2"},"description":"Un b\u0103rbat din B\u0103l\u021bi a fost lovit mortal de o ma\u0219in\u0103, \u00een timp ce traversa strada neregulamentar. Tragedia s-a produs, \u00een seara zilei de s\u00e2mb\u0103t\u0103.","inLanguage":"ro-RO","potentialAction":[{"@type":"ReadAction","target":["https:\/\/www.btv.md\/ro\/tragedie-la-balti-un-barbat-a-murit-dupa-ce-a-fost-lovit-de-o-masina\/"]}]},{"@type":"ImageObject","inLanguage":"ro-RO","@id":"https:\/\/www.btv.md\/ro\/tragedie-la-balti-un-barbat-a-murit-dupa-ce-a-fost-lovit-de-o-masina\/#primaryimage","url":"https:\/\/www.btv.md\/wp-content\/uploads\/2016\/05\/politia.jpg","contentUrl":"https:\/\/www.btv.md\/wp-content\/uploads\/2016\/05\/politia.jpg","width":659,"height":400,"caption":"weradio.ro"},{"@type":"WebSite","@id":"https:\/\/www.btv.md\/#website","url":"https:\/\/www.btv.md\/","name":"BTV","description":"\u0411\u0435\u043b\u044c\u0446\u043a\u043e\u0435 \u0442\u0435\u043b\u0435\u0432\u0438\u0434\u0435\u043d\u0438\u0435","potentialAction":[{"@type":"SearchAction","target":{"@type":"EntryPoint","urlTemplate":"https:\/\/www.btv.md\/?s={search_term_string}"},"query-input":{"@type":"PropertyValueSpecification","valueRequired":true,"valueName":"search_term_string"}}],"inLanguage":"ro-RO"},{"@type":"Person","@id":"https:\/\/www.btv.md\/#\/schema\/person\/8fadce81561b3ce2c34c46dadc4ccbf2","name":"admin"}]}},"_links":{"self":[{"href":"https:\/\/www.btv.md\/ro\/wp-json\/wp\/v2\/posts\/33513","targetHints":{"allow":["GET"]}}],"collection":[{"href":"https:\/\/www.btv.md\/ro\/wp-json\/wp\/v2\/posts"}],"about":[{"href":"https:\/\/www.btv.md\/ro\/wp-json\/wp\/v2\/types\/post"}],"author":[{"embeddable":true,"href":"https:\/\/www.btv.md\/ro\/wp-json\/wp\/v2\/users\/4"}],"replies":[{"embeddable":true,"href":"https:\/\/www.btv.md\/ro\/wp-json\/wp\/v2\/comments?post=33513"}],"version-history":[{"count":0,"href":"https:\/\/www.btv.md\/ro\/wp-json\/wp\/v2\/posts\/33513\/revisions"}],"wp:featuredmedia":[{"embeddable":true,"href":"https:\/\/www.btv.md\/ro\/wp-json\/wp\/v2\/media\/12482"}],"wp:attachment":[{"href":"https:\/\/www.btv.md\/ro\/wp-json\/wp\/v2\/media?parent=33513"}],"wp:term":[{"taxonomy":"category","embeddable":true,"href":"https:\/\/www.btv.md\/ro\/wp-json\/wp\/v2\/categories?post=33513"},{"taxonomy":"post_tag","embeddable":true,"href":"https:\/\/www.btv.md\/ro\/wp-json\/wp\/v2\/tags?post=33513"}],"curies":[{"name":"wp","href":"https:\/\/api.w.org\/{rel}","templated":true}]}}