{"id":33522,"date":"2017-10-09T13:00:03","date_gmt":"2017-10-09T10:00:03","guid":{"rendered":"http:\/\/btv.md\/?p=33522"},"modified":"2017-10-09T13:00:03","modified_gmt":"2017-10-09T10:00:03","slug":"rusia-incendiu-intr-un-centru-comercial-de-langa-moscova-3-000-de-persoane-evacuate","status":"publish","type":"post","link":"https:\/\/www.btv.md\/ro\/rusia-incendiu-intr-un-centru-comercial-de-langa-moscova-3-000-de-persoane-evacuate\/","title":{"rendered":"Rusia: Incendiu \u00eentr-un centru comercial de l\u00e2ng\u0103 Moscova, 3.000 de persoane evacuate"},"content":{"rendered":"<p class=\"intro\"><strong>Un incendiu uria\u0219 a izbucnit duminic\u0103 \u00eentr-un mare centru comercial situat la sud-vest de Moscova, provoc\u00e2nd evacuarea a 3.000 \u0219i f\u0103c\u00e2nd r\u0103ni\u021bi, a anun\u021bat Ministerul rus pentru Situa\u021bii de Urgen\u021b\u0103 \u00eentr-un comunicat, transmite AFP, citat de <a href=\"https:\/\/www.agerpres.ro\/externe\/2017\/10\/08\/rusia-incendiu-intr-un-centru-comercial-de-langa-moscova-3-000-de-persoane-evacuate-22-33-24\">agerpres.ro<\/a>.<\/strong><\/p>\n<div class=\"image-wrapper medium-image mb25\">\u00a0<\/div>\n<p>Aproape 55.000 de metri p\u0103tra\u021bi din acest centru comercial, specializat \u00een v\u00e2nzarea materialelor de construc\u021bie \u0219i decora\u021biunilor, erau cuprin\u0219i de fl\u0103c\u0103ri \u00een jurul orelor 18.50, potrivit comunicatului.<\/p>\n<p>Nori imen\u0219i de fum negru dens s-au ridicat deasupra cl\u0103dirii al c\u0103rei acoperi\u0219 s-a pr\u0103bu\u0219it par\u021bial, a constatat un corespondent al agen\u021biei France Presse.\u00a0<\/p>\n<blockquote>\n<p>&#8222;<em>\u00cen total, 3.000 de persoane au fost evacuate din cl\u0103dire&#8221;, a declarat Ministerul pentru Situa\u021bii de Urgen\u021b\u0103, preciz\u00e2nd c\u0103 incendiul s-a soldat cu &#8222;r\u0103ni\u021bi, potrivit informa\u021biilor preliminare&#8221;<\/em>.<\/p>\n<\/blockquote>\n<p>Peste 290 de pompieri, 170 de ma\u0219ini de pompieri \u0219i trei elicoptere au fost trimise la fa\u021ba locului, potrivit aceleia\u0219i surse.<\/p>\n","protected":false},"excerpt":{"rendered":"<p>Un incendiu uria\u0219 a izbucnit duminic\u0103 \u00eentr-un mare centru comercial situat la sud-vest de Moscova, provoc\u00e2nd evacuarea a 3.000 \u0219i f\u0103c\u00e2nd r\u0103ni\u021bi, a anun\u021bat Ministerul rus pentru Situa\u021bii de Urgen\u021b\u0103 \u00eentr-un comunicat, transmite AFP, citat de agerpres.ro. \u00a0 Aproape 55.000 de metri p\u0103tra\u021bi din acest centru comercial, specializat \u00een v\u00e2nzarea materialelor de construc\u021bie \u0219i decora\u021biunilor, [&hellip;]<\/p>\n","protected":false},"author":4,"featured_media":33523,"comment_status":"closed","ping_status":"closed","sticky":false,"template":"","format":"standard","meta":{"footnotes":""},"categories":[6354],"tags":[],"class_list":["post-33522","post","type-post","status-publish","format-standard","has-post-thumbnail","hentry","category-externe-ro"],"yoast_head":"<!-- This site is optimized with the Yoast SEO plugin v27.4 - https:\/\/yoast.com\/product\/yoast-seo-wordpress\/ -->\n<title>Incendiu \u00eentr-un centru comercial de l\u00e2ng\u0103 Moscova<\/title>\n<meta name=\"description\" content=\"Un incendiu uria\u0219 a izbucnit duminic\u0103 \u00eentr-un mare centru comercial situat la sud-vest de Moscova, provoc\u00e2nd evacuarea a 3.000 \u0219i f\u0103c\u00e2nd r\u0103ni\u021bi.\" \/>\n<meta name=\"robots\" content=\"index, follow, max-snippet:-1, max-image-preview:large, max-video-preview:-1\" \/>\n<link rel=\"canonical\" href=\"https:\/\/www.btv.md\/ro\/rusia-incendiu-intr-un-centru-comercial-de-langa-moscova-3-000-de-persoane-evacuate\/\" \/>\n<meta property=\"og:locale\" content=\"ro_RO\" \/>\n<meta property=\"og:type\" content=\"article\" \/>\n<meta property=\"og:title\" content=\"Rusia: Incendiu \u00eentr-un centru comercial de l\u00e2ng\u0103 Moscova, 3.000 de persoane evacuate\" \/>\n<meta property=\"og:description\" content=\"Un incendiu uria\u0219 a izbucnit duminic\u0103 \u00eentr-un mare centru comercial situat la sud-vest de Moscova, provoc\u00e2nd evacuarea a 3.000 \u0219i f\u0103c\u00e2nd r\u0103ni\u021bi, a anun\u021bat Ministerul rus .\" \/>\n<meta property=\"og:url\" content=\"https:\/\/www.btv.md\/ro\/rusia-incendiu-intr-un-centru-comercial-de-langa-moscova-3-000-de-persoane-evacuate\/\" \/>\n<meta property=\"og:site_name\" content=\"BTV\" \/>\n<meta property=\"article:publisher\" content=\"https:\/\/www.facebook.com\/btvmoldova\/\" \/>\n<meta property=\"article:published_time\" content=\"2017-10-09T10:00:03+00:00\" \/>\n<meta property=\"og:image\" content=\"https:\/\/www.btv.md\/wp-content\/uploads\/2017\/10\/incendiurusia2_00248500.jpg\" \/>\n\t<meta property=\"og:image:width\" content=\"702\" \/>\n\t<meta property=\"og:image:height\" content=\"400\" \/>\n\t<meta property=\"og:image:type\" content=\"image\/jpeg\" \/>\n<meta name=\"author\" content=\"admin\" \/>\n<meta name=\"twitter:label1\" content=\"Scris de\" \/>\n\t<meta name=\"twitter:data1\" content=\"admin\" \/>\n\t<meta name=\"twitter:label2\" content=\"Timp estimat pentru citire\" \/>\n\t<meta name=\"twitter:data2\" content=\"1 minut\" \/>\n<script type=\"application\/ld+json\" class=\"yoast-schema-graph\">{\"@context\":\"https:\\\/\\\/schema.org\",\"@graph\":[{\"@type\":\"Article\",\"@id\":\"https:\\\/\\\/www.btv.md\\\/ro\\\/rusia-incendiu-intr-un-centru-comercial-de-langa-moscova-3-000-de-persoane-evacuate\\\/#article\",\"isPartOf\":{\"@id\":\"https:\\\/\\\/www.btv.md\\\/ro\\\/rusia-incendiu-intr-un-centru-comercial-de-langa-moscova-3-000-de-persoane-evacuate\\\/\"},\"author\":{\"name\":\"admin\",\"@id\":\"https:\\\/\\\/www.btv.md\\\/#\\\/schema\\\/person\\\/8fadce81561b3ce2c34c46dadc4ccbf2\"},\"headline\":\"Rusia: Incendiu \u00eentr-un centru comercial de l\u00e2ng\u0103 Moscova, 3.000 de persoane evacuate\",\"datePublished\":\"2017-10-09T10:00:03+00:00\",\"mainEntityOfPage\":{\"@id\":\"https:\\\/\\\/www.btv.md\\\/ro\\\/rusia-incendiu-intr-un-centru-comercial-de-langa-moscova-3-000-de-persoane-evacuate\\\/\"},\"wordCount\":174,\"image\":{\"@id\":\"https:\\\/\\\/www.btv.md\\\/ro\\\/rusia-incendiu-intr-un-centru-comercial-de-langa-moscova-3-000-de-persoane-evacuate\\\/#primaryimage\"},\"thumbnailUrl\":\"https:\\\/\\\/www.btv.md\\\/wp-content\\\/uploads\\\/2017\\\/10\\\/incendiurusia2_00248500.jpg\",\"articleSection\":[\"Externe\"],\"inLanguage\":\"ro-RO\"},{\"@type\":\"WebPage\",\"@id\":\"https:\\\/\\\/www.btv.md\\\/ro\\\/rusia-incendiu-intr-un-centru-comercial-de-langa-moscova-3-000-de-persoane-evacuate\\\/\",\"url\":\"https:\\\/\\\/www.btv.md\\\/ro\\\/rusia-incendiu-intr-un-centru-comercial-de-langa-moscova-3-000-de-persoane-evacuate\\\/\",\"name\":\"Incendiu \u00eentr-un centru comercial de l\u00e2ng\u0103 Moscova\",\"isPartOf\":{\"@id\":\"https:\\\/\\\/www.btv.md\\\/#website\"},\"primaryImageOfPage\":{\"@id\":\"https:\\\/\\\/www.btv.md\\\/ro\\\/rusia-incendiu-intr-un-centru-comercial-de-langa-moscova-3-000-de-persoane-evacuate\\\/#primaryimage\"},\"image\":{\"@id\":\"https:\\\/\\\/www.btv.md\\\/ro\\\/rusia-incendiu-intr-un-centru-comercial-de-langa-moscova-3-000-de-persoane-evacuate\\\/#primaryimage\"},\"thumbnailUrl\":\"https:\\\/\\\/www.btv.md\\\/wp-content\\\/uploads\\\/2017\\\/10\\\/incendiurusia2_00248500.jpg\",\"datePublished\":\"2017-10-09T10:00:03+00:00\",\"author\":{\"@id\":\"https:\\\/\\\/www.btv.md\\\/#\\\/schema\\\/person\\\/8fadce81561b3ce2c34c46dadc4ccbf2\"},\"description\":\"Un incendiu uria\u0219 a izbucnit duminic\u0103 \u00eentr-un mare centru comercial situat la sud-vest de Moscova, provoc\u00e2nd evacuarea a 3.000 \u0219i f\u0103c\u00e2nd r\u0103ni\u021bi.\",\"inLanguage\":\"ro-RO\",\"potentialAction\":[{\"@type\":\"ReadAction\",\"target\":[\"https:\\\/\\\/www.btv.md\\\/ro\\\/rusia-incendiu-intr-un-centru-comercial-de-langa-moscova-3-000-de-persoane-evacuate\\\/\"]}]},{\"@type\":\"ImageObject\",\"inLanguage\":\"ro-RO\",\"@id\":\"https:\\\/\\\/www.btv.md\\\/ro\\\/rusia-incendiu-intr-un-centru-comercial-de-langa-moscova-3-000-de-persoane-evacuate\\\/#primaryimage\",\"url\":\"https:\\\/\\\/www.btv.md\\\/wp-content\\\/uploads\\\/2017\\\/10\\\/incendiurusia2_00248500.jpg\",\"contentUrl\":\"https:\\\/\\\/www.btv.md\\\/wp-content\\\/uploads\\\/2017\\\/10\\\/incendiurusia2_00248500.jpg\",\"width\":702,\"height\":400,\"caption\":\"incendiu in centru comercial\"},{\"@type\":\"WebSite\",\"@id\":\"https:\\\/\\\/www.btv.md\\\/#website\",\"url\":\"https:\\\/\\\/www.btv.md\\\/\",\"name\":\"BTV\",\"description\":\"\u0411\u0435\u043b\u044c\u0446\u043a\u043e\u0435 \u0442\u0435\u043b\u0435\u0432\u0438\u0434\u0435\u043d\u0438\u0435\",\"potentialAction\":[{\"@type\":\"SearchAction\",\"target\":{\"@type\":\"EntryPoint\",\"urlTemplate\":\"https:\\\/\\\/www.btv.md\\\/?s={search_term_string}\"},\"query-input\":{\"@type\":\"PropertyValueSpecification\",\"valueRequired\":true,\"valueName\":\"search_term_string\"}}],\"inLanguage\":\"ro-RO\"},{\"@type\":\"Person\",\"@id\":\"https:\\\/\\\/www.btv.md\\\/#\\\/schema\\\/person\\\/8fadce81561b3ce2c34c46dadc4ccbf2\",\"name\":\"admin\"}]}<\/script>\n<!-- \/ Yoast SEO plugin. -->","yoast_head_json":{"title":"Incendiu \u00eentr-un centru comercial de l\u00e2ng\u0103 Moscova","description":"Un incendiu uria\u0219 a izbucnit duminic\u0103 \u00eentr-un mare centru comercial situat la sud-vest de Moscova, provoc\u00e2nd evacuarea a 3.000 \u0219i f\u0103c\u00e2nd r\u0103ni\u021bi.","robots":{"index":"index","follow":"follow","max-snippet":"max-snippet:-1","max-image-preview":"max-image-preview:large","max-video-preview":"max-video-preview:-1"},"canonical":"https:\/\/www.btv.md\/ro\/rusia-incendiu-intr-un-centru-comercial-de-langa-moscova-3-000-de-persoane-evacuate\/","og_locale":"ro_RO","og_type":"article","og_title":"Rusia: Incendiu \u00eentr-un centru comercial de l\u00e2ng\u0103 Moscova, 3.000 de persoane evacuate","og_description":"Un incendiu uria\u0219 a izbucnit duminic\u0103 \u00eentr-un mare centru comercial situat la sud-vest de Moscova, provoc\u00e2nd evacuarea a 3.000 \u0219i f\u0103c\u00e2nd r\u0103ni\u021bi, a anun\u021bat Ministerul rus .","og_url":"https:\/\/www.btv.md\/ro\/rusia-incendiu-intr-un-centru-comercial-de-langa-moscova-3-000-de-persoane-evacuate\/","og_site_name":"BTV","article_publisher":"https:\/\/www.facebook.com\/btvmoldova\/","article_published_time":"2017-10-09T10:00:03+00:00","og_image":[{"width":702,"height":400,"url":"https:\/\/www.btv.md\/wp-content\/uploads\/2017\/10\/incendiurusia2_00248500.jpg","type":"image\/jpeg"}],"author":"admin","twitter_misc":{"Scris de":"admin","Timp estimat pentru citire":"1 minut"},"schema":{"@context":"https:\/\/schema.org","@graph":[{"@type":"Article","@id":"https:\/\/www.btv.md\/ro\/rusia-incendiu-intr-un-centru-comercial-de-langa-moscova-3-000-de-persoane-evacuate\/#article","isPartOf":{"@id":"https:\/\/www.btv.md\/ro\/rusia-incendiu-intr-un-centru-comercial-de-langa-moscova-3-000-de-persoane-evacuate\/"},"author":{"name":"admin","@id":"https:\/\/www.btv.md\/#\/schema\/person\/8fadce81561b3ce2c34c46dadc4ccbf2"},"headline":"Rusia: Incendiu \u00eentr-un centru comercial de l\u00e2ng\u0103 Moscova, 3.000 de persoane evacuate","datePublished":"2017-10-09T10:00:03+00:00","mainEntityOfPage":{"@id":"https:\/\/www.btv.md\/ro\/rusia-incendiu-intr-un-centru-comercial-de-langa-moscova-3-000-de-persoane-evacuate\/"},"wordCount":174,"image":{"@id":"https:\/\/www.btv.md\/ro\/rusia-incendiu-intr-un-centru-comercial-de-langa-moscova-3-000-de-persoane-evacuate\/#primaryimage"},"thumbnailUrl":"https:\/\/www.btv.md\/wp-content\/uploads\/2017\/10\/incendiurusia2_00248500.jpg","articleSection":["Externe"],"inLanguage":"ro-RO"},{"@type":"WebPage","@id":"https:\/\/www.btv.md\/ro\/rusia-incendiu-intr-un-centru-comercial-de-langa-moscova-3-000-de-persoane-evacuate\/","url":"https:\/\/www.btv.md\/ro\/rusia-incendiu-intr-un-centru-comercial-de-langa-moscova-3-000-de-persoane-evacuate\/","name":"Incendiu \u00eentr-un centru comercial de l\u00e2ng\u0103 Moscova","isPartOf":{"@id":"https:\/\/www.btv.md\/#website"},"primaryImageOfPage":{"@id":"https:\/\/www.btv.md\/ro\/rusia-incendiu-intr-un-centru-comercial-de-langa-moscova-3-000-de-persoane-evacuate\/#primaryimage"},"image":{"@id":"https:\/\/www.btv.md\/ro\/rusia-incendiu-intr-un-centru-comercial-de-langa-moscova-3-000-de-persoane-evacuate\/#primaryimage"},"thumbnailUrl":"https:\/\/www.btv.md\/wp-content\/uploads\/2017\/10\/incendiurusia2_00248500.jpg","datePublished":"2017-10-09T10:00:03+00:00","author":{"@id":"https:\/\/www.btv.md\/#\/schema\/person\/8fadce81561b3ce2c34c46dadc4ccbf2"},"description":"Un incendiu uria\u0219 a izbucnit duminic\u0103 \u00eentr-un mare centru comercial situat la sud-vest de Moscova, provoc\u00e2nd evacuarea a 3.000 \u0219i f\u0103c\u00e2nd r\u0103ni\u021bi.","inLanguage":"ro-RO","potentialAction":[{"@type":"ReadAction","target":["https:\/\/www.btv.md\/ro\/rusia-incendiu-intr-un-centru-comercial-de-langa-moscova-3-000-de-persoane-evacuate\/"]}]},{"@type":"ImageObject","inLanguage":"ro-RO","@id":"https:\/\/www.btv.md\/ro\/rusia-incendiu-intr-un-centru-comercial-de-langa-moscova-3-000-de-persoane-evacuate\/#primaryimage","url":"https:\/\/www.btv.md\/wp-content\/uploads\/2017\/10\/incendiurusia2_00248500.jpg","contentUrl":"https:\/\/www.btv.md\/wp-content\/uploads\/2017\/10\/incendiurusia2_00248500.jpg","width":702,"height":400,"caption":"incendiu in centru comercial"},{"@type":"WebSite","@id":"https:\/\/www.btv.md\/#website","url":"https:\/\/www.btv.md\/","name":"BTV","description":"\u0411\u0435\u043b\u044c\u0446\u043a\u043e\u0435 \u0442\u0435\u043b\u0435\u0432\u0438\u0434\u0435\u043d\u0438\u0435","potentialAction":[{"@type":"SearchAction","target":{"@type":"EntryPoint","urlTemplate":"https:\/\/www.btv.md\/?s={search_term_string}"},"query-input":{"@type":"PropertyValueSpecification","valueRequired":true,"valueName":"search_term_string"}}],"inLanguage":"ro-RO"},{"@type":"Person","@id":"https:\/\/www.btv.md\/#\/schema\/person\/8fadce81561b3ce2c34c46dadc4ccbf2","name":"admin"}]}},"_links":{"self":[{"href":"https:\/\/www.btv.md\/ro\/wp-json\/wp\/v2\/posts\/33522","targetHints":{"allow":["GET"]}}],"collection":[{"href":"https:\/\/www.btv.md\/ro\/wp-json\/wp\/v2\/posts"}],"about":[{"href":"https:\/\/www.btv.md\/ro\/wp-json\/wp\/v2\/types\/post"}],"author":[{"embeddable":true,"href":"https:\/\/www.btv.md\/ro\/wp-json\/wp\/v2\/users\/4"}],"replies":[{"embeddable":true,"href":"https:\/\/www.btv.md\/ro\/wp-json\/wp\/v2\/comments?post=33522"}],"version-history":[{"count":0,"href":"https:\/\/www.btv.md\/ro\/wp-json\/wp\/v2\/posts\/33522\/revisions"}],"wp:featuredmedia":[{"embeddable":true,"href":"https:\/\/www.btv.md\/ro\/wp-json\/wp\/v2\/media\/33523"}],"wp:attachment":[{"href":"https:\/\/www.btv.md\/ro\/wp-json\/wp\/v2\/media?parent=33522"}],"wp:term":[{"taxonomy":"category","embeddable":true,"href":"https:\/\/www.btv.md\/ro\/wp-json\/wp\/v2\/categories?post=33522"},{"taxonomy":"post_tag","embeddable":true,"href":"https:\/\/www.btv.md\/ro\/wp-json\/wp\/v2\/tags?post=33522"}],"curies":[{"name":"wp","href":"https:\/\/api.w.org\/{rel}","templated":true}]}}