{"id":33567,"date":"2017-10-09T15:55:45","date_gmt":"2017-10-09T12:55:45","guid":{"rendered":"http:\/\/btv.md\/?p=33567"},"modified":"2017-10-09T15:55:45","modified_gmt":"2017-10-09T12:55:45","slug":"basescu-unionismul-trebuie-sa-devina-o-forta-politica-in-chisinau","status":"publish","type":"post","link":"https:\/\/www.btv.md\/ro\/basescu-unionismul-trebuie-sa-devina-o-forta-politica-in-chisinau\/","title":{"rendered":"B\u0103sescu: Unionismul trebuie s\u0103 devin\u0103 o for\u021b\u0103 politic\u0103 \u00een Chi\u0219in\u0103u"},"content":{"rendered":"<p><strong>Toate for\u021bele unioniste, dar \u0219i electoratul, ar trebui s\u0103 se uneasc\u0103 la urm\u0103toarele alegeri parlamentare pentru a sus\u021binere Partidul Unit\u0103\u021bii Na\u021bionale (PUN), a\u0219a \u00eenc\u00e2t unionismul s\u0103 aib\u0103 o reprezentan\u021b\u0103 \u0219i s\u0103 devin\u0103 o for\u021b\u0103 politic\u0103 \u00een Parlamentul de la Chi\u0219in\u0103u.<\/strong><\/p>\n<p>Declara\u021bia apar\u021bine pre\u0219edintelui de onoare al Partidului Unit\u0103\u021bii Na\u021bionale, Traian B\u0103sescu, citat de\u00a0<a href=\"http:\/\/www.ipn.md\/ro\">IPN<\/a>.<\/p>\n<p>\u00cen cadrul unei conferin\u021be de pres\u0103, \u00een data de 6 octombrie, fostul pre\u0219edinte al Rom\u00e2niei, a spus c\u0103 \u0219i-a propus s\u0103 sus\u021bin\u0103 PUN \u00eentruc\u00e2t curentul unionist este destul de puternic \u00een Republica Moldova \u0219i poate fi reprezentat \u00een Parlament de politicieni care vor promova idea reunific\u0103rii \u021b\u0103rii.<\/p>\n<p>\u201eObiectivul meu este ca acest partid rom\u00e2nesc s\u0103 aprind\u0103 flac\u0103ra unionismului \u00een Republica Moldova. Este un proiect de importan\u021b\u0103 major\u0103 pentru rom\u00e2nii de pe ambele maluri ale Prutului. Sunt pragmatic \u0219i \u00een\u021beleg c\u0103 obiectivul unirii nu este un obiectiv pentru m\u00e2ine, dar s\u0103 fie un partid care s\u0103 explice avantajele unirii Rom\u00e2niei cu Republica Moldova este necesar\u201d, a mai spus Traian B\u0103sescu.<\/p>\n<p>Partidul Unit\u0103\u021bii Na\u021bionale a fost \u00eenscris pe 21 iunie la Ministerul Justi\u021biei. La primul congres al forma\u021biunii, din 25 iunie, au participat 1.200 de delega\u021bi \u0219i invita\u021bi din Republica Moldova \u0219i Rom\u00e2nia. Tot atunci, ex-pre\u0219edintele Rom\u00e2niei, Traian B\u0103sescu, a fost ales pre\u0219edintele de onoare al Partidului Unit\u0103\u021bii Na\u021bionale (PUN), iar Constantin Codreanu, deputat \u00een Parlamentul Rom\u00e2niei, a fost ales prim-vicepre\u0219edinte al forma\u021biunii politice.<\/p>\n","protected":false},"excerpt":{"rendered":"<p>Toate for\u021bele unioniste, dar \u0219i electoratul, ar trebui s\u0103 se uneasc\u0103 la urm\u0103toarele alegeri parlamentare pentru a sus\u021binere Partidul Unit\u0103\u021bii Na\u021bionale (PUN), a\u0219a \u00eenc\u00e2t unionismul s\u0103 aib\u0103 o reprezentan\u021b\u0103 \u0219i s\u0103 devin\u0103 o for\u021b\u0103 politic\u0103 \u00een Parlamentul de la Chi\u0219in\u0103u. Declara\u021bia apar\u021bine pre\u0219edintelui de onoare al Partidului Unit\u0103\u021bii Na\u021bionale, Traian B\u0103sescu, citat de\u00a0IPN. \u00cen cadrul [&hellip;]<\/p>\n","protected":false},"author":4,"featured_media":29927,"comment_status":"closed","ping_status":"closed","sticky":false,"template":"","format":"standard","meta":{"footnotes":""},"categories":[11],"tags":[],"class_list":["post-33567","post","type-post","status-publish","format-standard","has-post-thumbnail","hentry","category-politica"],"yoast_head":"<!-- This site is optimized with the Yoast SEO plugin v27.4 - https:\/\/yoast.com\/product\/yoast-seo-wordpress\/ -->\n<title>B\u0103sescu: Unionismul trebuie s\u0103 devin\u0103 o for\u021b\u0103 politic\u0103 \u00een Chi\u0219in\u0103u<\/title>\n<meta name=\"description\" content=\"Toate for\u021bele unioniste, dar \u0219i electoratul, ar trebui s\u0103 se uneasc\u0103 la urm\u0103toarele alegeri parlamentare pentru a sus\u021binere Partidul Unit\u0103\u021bii Na\u021bionale.\" \/>\n<meta name=\"robots\" content=\"index, follow, max-snippet:-1, max-image-preview:large, max-video-preview:-1\" \/>\n<link rel=\"canonical\" href=\"https:\/\/www.btv.md\/ro\/basescu-unionismul-trebuie-sa-devina-o-forta-politica-in-chisinau\/\" \/>\n<meta property=\"og:locale\" content=\"ro_RO\" \/>\n<meta property=\"og:type\" content=\"article\" \/>\n<meta property=\"og:title\" content=\"B\u0103sescu: Unionismul trebuie s\u0103 devin\u0103 o for\u021b\u0103 politic\u0103 \u00een Chi\u0219in\u0103u\" \/>\n<meta property=\"og:description\" content=\"Toate for\u021bele unioniste, dar \u0219i electoratul, ar trebui s\u0103 se uneasc\u0103 la urm\u0103toarele alegeri parlamentare pentru a sus\u021binere Partidul Unit\u0103\u021bii Na\u021bionale (PUN).\" \/>\n<meta property=\"og:url\" content=\"https:\/\/www.btv.md\/ro\/basescu-unionismul-trebuie-sa-devina-o-forta-politica-in-chisinau\/\" \/>\n<meta property=\"og:site_name\" content=\"BTV\" \/>\n<meta property=\"article:publisher\" content=\"https:\/\/www.facebook.com\/btvmoldova\/\" \/>\n<meta property=\"article:published_time\" content=\"2017-10-09T12:55:45+00:00\" \/>\n<meta property=\"og:image\" content=\"https:\/\/www.btv.md\/wp-content\/uploads\/2017\/08\/basescu.jpg\" \/>\n\t<meta property=\"og:image:width\" content=\"758\" \/>\n\t<meta property=\"og:image:height\" content=\"426\" \/>\n\t<meta property=\"og:image:type\" content=\"image\/jpeg\" \/>\n<meta name=\"author\" content=\"admin\" \/>\n<meta name=\"twitter:label1\" content=\"Scris de\" \/>\n\t<meta name=\"twitter:data1\" content=\"admin\" \/>\n\t<meta name=\"twitter:label2\" content=\"Timp estimat pentru citire\" \/>\n\t<meta name=\"twitter:data2\" content=\"1 minut\" \/>\n<script type=\"application\/ld+json\" class=\"yoast-schema-graph\">{\"@context\":\"https:\\\/\\\/schema.org\",\"@graph\":[{\"@type\":\"Article\",\"@id\":\"https:\\\/\\\/www.btv.md\\\/ro\\\/basescu-unionismul-trebuie-sa-devina-o-forta-politica-in-chisinau\\\/#article\",\"isPartOf\":{\"@id\":\"https:\\\/\\\/www.btv.md\\\/ro\\\/basescu-unionismul-trebuie-sa-devina-o-forta-politica-in-chisinau\\\/\"},\"author\":{\"name\":\"admin\",\"@id\":\"https:\\\/\\\/www.btv.md\\\/#\\\/schema\\\/person\\\/8fadce81561b3ce2c34c46dadc4ccbf2\"},\"headline\":\"B\u0103sescu: Unionismul trebuie s\u0103 devin\u0103 o for\u021b\u0103 politic\u0103 \u00een Chi\u0219in\u0103u\",\"datePublished\":\"2017-10-09T12:55:45+00:00\",\"mainEntityOfPage\":{\"@id\":\"https:\\\/\\\/www.btv.md\\\/ro\\\/basescu-unionismul-trebuie-sa-devina-o-forta-politica-in-chisinau\\\/\"},\"wordCount\":279,\"image\":{\"@id\":\"https:\\\/\\\/www.btv.md\\\/ro\\\/basescu-unionismul-trebuie-sa-devina-o-forta-politica-in-chisinau\\\/#primaryimage\"},\"thumbnailUrl\":\"https:\\\/\\\/www.btv.md\\\/wp-content\\\/uploads\\\/2017\\\/08\\\/basescu.jpg\",\"articleSection\":[\"\u041f\u043e\u043b\u0438\u0442\u0438\u043a\u0430\"],\"inLanguage\":\"ro-RO\"},{\"@type\":\"WebPage\",\"@id\":\"https:\\\/\\\/www.btv.md\\\/ro\\\/basescu-unionismul-trebuie-sa-devina-o-forta-politica-in-chisinau\\\/\",\"url\":\"https:\\\/\\\/www.btv.md\\\/ro\\\/basescu-unionismul-trebuie-sa-devina-o-forta-politica-in-chisinau\\\/\",\"name\":\"B\u0103sescu: Unionismul trebuie s\u0103 devin\u0103 o for\u021b\u0103 politic\u0103 \u00een Chi\u0219in\u0103u\",\"isPartOf\":{\"@id\":\"https:\\\/\\\/www.btv.md\\\/#website\"},\"primaryImageOfPage\":{\"@id\":\"https:\\\/\\\/www.btv.md\\\/ro\\\/basescu-unionismul-trebuie-sa-devina-o-forta-politica-in-chisinau\\\/#primaryimage\"},\"image\":{\"@id\":\"https:\\\/\\\/www.btv.md\\\/ro\\\/basescu-unionismul-trebuie-sa-devina-o-forta-politica-in-chisinau\\\/#primaryimage\"},\"thumbnailUrl\":\"https:\\\/\\\/www.btv.md\\\/wp-content\\\/uploads\\\/2017\\\/08\\\/basescu.jpg\",\"datePublished\":\"2017-10-09T12:55:45+00:00\",\"author\":{\"@id\":\"https:\\\/\\\/www.btv.md\\\/#\\\/schema\\\/person\\\/8fadce81561b3ce2c34c46dadc4ccbf2\"},\"description\":\"Toate for\u021bele unioniste, dar \u0219i electoratul, ar trebui s\u0103 se uneasc\u0103 la urm\u0103toarele alegeri parlamentare pentru a sus\u021binere Partidul Unit\u0103\u021bii Na\u021bionale.\",\"inLanguage\":\"ro-RO\",\"potentialAction\":[{\"@type\":\"ReadAction\",\"target\":[\"https:\\\/\\\/www.btv.md\\\/ro\\\/basescu-unionismul-trebuie-sa-devina-o-forta-politica-in-chisinau\\\/\"]}]},{\"@type\":\"ImageObject\",\"inLanguage\":\"ro-RO\",\"@id\":\"https:\\\/\\\/www.btv.md\\\/ro\\\/basescu-unionismul-trebuie-sa-devina-o-forta-politica-in-chisinau\\\/#primaryimage\",\"url\":\"https:\\\/\\\/www.btv.md\\\/wp-content\\\/uploads\\\/2017\\\/08\\\/basescu.jpg\",\"contentUrl\":\"https:\\\/\\\/www.btv.md\\\/wp-content\\\/uploads\\\/2017\\\/08\\\/basescu.jpg\",\"width\":758,\"height\":426,\"caption\":\"Presedintele Traian Basescu participa la intalnirea cu reprezentantii comunitatilor romanesti din Ucraina, la Palatul Cotroceni, miercuri, 24 iunie 2009. BOGDAN MARAN \\\/ MEDIAFAX FOTO\"},{\"@type\":\"WebSite\",\"@id\":\"https:\\\/\\\/www.btv.md\\\/#website\",\"url\":\"https:\\\/\\\/www.btv.md\\\/\",\"name\":\"BTV\",\"description\":\"\u0411\u0435\u043b\u044c\u0446\u043a\u043e\u0435 \u0442\u0435\u043b\u0435\u0432\u0438\u0434\u0435\u043d\u0438\u0435\",\"potentialAction\":[{\"@type\":\"SearchAction\",\"target\":{\"@type\":\"EntryPoint\",\"urlTemplate\":\"https:\\\/\\\/www.btv.md\\\/?s={search_term_string}\"},\"query-input\":{\"@type\":\"PropertyValueSpecification\",\"valueRequired\":true,\"valueName\":\"search_term_string\"}}],\"inLanguage\":\"ro-RO\"},{\"@type\":\"Person\",\"@id\":\"https:\\\/\\\/www.btv.md\\\/#\\\/schema\\\/person\\\/8fadce81561b3ce2c34c46dadc4ccbf2\",\"name\":\"admin\"}]}<\/script>\n<!-- \/ Yoast SEO plugin. -->","yoast_head_json":{"title":"B\u0103sescu: Unionismul trebuie s\u0103 devin\u0103 o for\u021b\u0103 politic\u0103 \u00een Chi\u0219in\u0103u","description":"Toate for\u021bele unioniste, dar \u0219i electoratul, ar trebui s\u0103 se uneasc\u0103 la urm\u0103toarele alegeri parlamentare pentru a sus\u021binere Partidul Unit\u0103\u021bii Na\u021bionale.","robots":{"index":"index","follow":"follow","max-snippet":"max-snippet:-1","max-image-preview":"max-image-preview:large","max-video-preview":"max-video-preview:-1"},"canonical":"https:\/\/www.btv.md\/ro\/basescu-unionismul-trebuie-sa-devina-o-forta-politica-in-chisinau\/","og_locale":"ro_RO","og_type":"article","og_title":"B\u0103sescu: Unionismul trebuie s\u0103 devin\u0103 o for\u021b\u0103 politic\u0103 \u00een Chi\u0219in\u0103u","og_description":"Toate for\u021bele unioniste, dar \u0219i electoratul, ar trebui s\u0103 se uneasc\u0103 la urm\u0103toarele alegeri parlamentare pentru a sus\u021binere Partidul Unit\u0103\u021bii Na\u021bionale (PUN).","og_url":"https:\/\/www.btv.md\/ro\/basescu-unionismul-trebuie-sa-devina-o-forta-politica-in-chisinau\/","og_site_name":"BTV","article_publisher":"https:\/\/www.facebook.com\/btvmoldova\/","article_published_time":"2017-10-09T12:55:45+00:00","og_image":[{"width":758,"height":426,"url":"https:\/\/www.btv.md\/wp-content\/uploads\/2017\/08\/basescu.jpg","type":"image\/jpeg"}],"author":"admin","twitter_misc":{"Scris de":"admin","Timp estimat pentru citire":"1 minut"},"schema":{"@context":"https:\/\/schema.org","@graph":[{"@type":"Article","@id":"https:\/\/www.btv.md\/ro\/basescu-unionismul-trebuie-sa-devina-o-forta-politica-in-chisinau\/#article","isPartOf":{"@id":"https:\/\/www.btv.md\/ro\/basescu-unionismul-trebuie-sa-devina-o-forta-politica-in-chisinau\/"},"author":{"name":"admin","@id":"https:\/\/www.btv.md\/#\/schema\/person\/8fadce81561b3ce2c34c46dadc4ccbf2"},"headline":"B\u0103sescu: Unionismul trebuie s\u0103 devin\u0103 o for\u021b\u0103 politic\u0103 \u00een Chi\u0219in\u0103u","datePublished":"2017-10-09T12:55:45+00:00","mainEntityOfPage":{"@id":"https:\/\/www.btv.md\/ro\/basescu-unionismul-trebuie-sa-devina-o-forta-politica-in-chisinau\/"},"wordCount":279,"image":{"@id":"https:\/\/www.btv.md\/ro\/basescu-unionismul-trebuie-sa-devina-o-forta-politica-in-chisinau\/#primaryimage"},"thumbnailUrl":"https:\/\/www.btv.md\/wp-content\/uploads\/2017\/08\/basescu.jpg","articleSection":["\u041f\u043e\u043b\u0438\u0442\u0438\u043a\u0430"],"inLanguage":"ro-RO"},{"@type":"WebPage","@id":"https:\/\/www.btv.md\/ro\/basescu-unionismul-trebuie-sa-devina-o-forta-politica-in-chisinau\/","url":"https:\/\/www.btv.md\/ro\/basescu-unionismul-trebuie-sa-devina-o-forta-politica-in-chisinau\/","name":"B\u0103sescu: Unionismul trebuie s\u0103 devin\u0103 o for\u021b\u0103 politic\u0103 \u00een Chi\u0219in\u0103u","isPartOf":{"@id":"https:\/\/www.btv.md\/#website"},"primaryImageOfPage":{"@id":"https:\/\/www.btv.md\/ro\/basescu-unionismul-trebuie-sa-devina-o-forta-politica-in-chisinau\/#primaryimage"},"image":{"@id":"https:\/\/www.btv.md\/ro\/basescu-unionismul-trebuie-sa-devina-o-forta-politica-in-chisinau\/#primaryimage"},"thumbnailUrl":"https:\/\/www.btv.md\/wp-content\/uploads\/2017\/08\/basescu.jpg","datePublished":"2017-10-09T12:55:45+00:00","author":{"@id":"https:\/\/www.btv.md\/#\/schema\/person\/8fadce81561b3ce2c34c46dadc4ccbf2"},"description":"Toate for\u021bele unioniste, dar \u0219i electoratul, ar trebui s\u0103 se uneasc\u0103 la urm\u0103toarele alegeri parlamentare pentru a sus\u021binere Partidul Unit\u0103\u021bii Na\u021bionale.","inLanguage":"ro-RO","potentialAction":[{"@type":"ReadAction","target":["https:\/\/www.btv.md\/ro\/basescu-unionismul-trebuie-sa-devina-o-forta-politica-in-chisinau\/"]}]},{"@type":"ImageObject","inLanguage":"ro-RO","@id":"https:\/\/www.btv.md\/ro\/basescu-unionismul-trebuie-sa-devina-o-forta-politica-in-chisinau\/#primaryimage","url":"https:\/\/www.btv.md\/wp-content\/uploads\/2017\/08\/basescu.jpg","contentUrl":"https:\/\/www.btv.md\/wp-content\/uploads\/2017\/08\/basescu.jpg","width":758,"height":426,"caption":"Presedintele Traian Basescu participa la intalnirea cu reprezentantii comunitatilor romanesti din Ucraina, la Palatul Cotroceni, miercuri, 24 iunie 2009. BOGDAN MARAN \/ MEDIAFAX FOTO"},{"@type":"WebSite","@id":"https:\/\/www.btv.md\/#website","url":"https:\/\/www.btv.md\/","name":"BTV","description":"\u0411\u0435\u043b\u044c\u0446\u043a\u043e\u0435 \u0442\u0435\u043b\u0435\u0432\u0438\u0434\u0435\u043d\u0438\u0435","potentialAction":[{"@type":"SearchAction","target":{"@type":"EntryPoint","urlTemplate":"https:\/\/www.btv.md\/?s={search_term_string}"},"query-input":{"@type":"PropertyValueSpecification","valueRequired":true,"valueName":"search_term_string"}}],"inLanguage":"ro-RO"},{"@type":"Person","@id":"https:\/\/www.btv.md\/#\/schema\/person\/8fadce81561b3ce2c34c46dadc4ccbf2","name":"admin"}]}},"_links":{"self":[{"href":"https:\/\/www.btv.md\/ro\/wp-json\/wp\/v2\/posts\/33567","targetHints":{"allow":["GET"]}}],"collection":[{"href":"https:\/\/www.btv.md\/ro\/wp-json\/wp\/v2\/posts"}],"about":[{"href":"https:\/\/www.btv.md\/ro\/wp-json\/wp\/v2\/types\/post"}],"author":[{"embeddable":true,"href":"https:\/\/www.btv.md\/ro\/wp-json\/wp\/v2\/users\/4"}],"replies":[{"embeddable":true,"href":"https:\/\/www.btv.md\/ro\/wp-json\/wp\/v2\/comments?post=33567"}],"version-history":[{"count":0,"href":"https:\/\/www.btv.md\/ro\/wp-json\/wp\/v2\/posts\/33567\/revisions"}],"wp:featuredmedia":[{"embeddable":true,"href":"https:\/\/www.btv.md\/ro\/wp-json\/wp\/v2\/media\/29927"}],"wp:attachment":[{"href":"https:\/\/www.btv.md\/ro\/wp-json\/wp\/v2\/media?parent=33567"}],"wp:term":[{"taxonomy":"category","embeddable":true,"href":"https:\/\/www.btv.md\/ro\/wp-json\/wp\/v2\/categories?post=33567"},{"taxonomy":"post_tag","embeddable":true,"href":"https:\/\/www.btv.md\/ro\/wp-json\/wp\/v2\/tags?post=33567"}],"curies":[{"name":"wp","href":"https:\/\/api.w.org\/{rel}","templated":true}]}}