{"id":33569,"date":"2017-10-09T15:59:53","date_gmt":"2017-10-09T12:59:53","guid":{"rendered":"http:\/\/btv.md\/?p=33569"},"modified":"2017-10-09T15:59:53","modified_gmt":"2017-10-09T12:59:53","slug":"moldovenii-din-franta-sunt-chemati-acasa","status":"publish","type":"post","link":"https:\/\/www.btv.md\/ro\/moldovenii-din-franta-sunt-chemati-acasa\/","title":{"rendered":"Moldovenii din Fran\u021ba sunt chema\u021bi acas\u0103"},"content":{"rendered":"<p><strong>Cet\u0103\u021benii Republicii Moldova care au locuit \u0219i au muncit \u00een Fran\u021ba vor primi suport de reintegrare la \u00eentoarcerea \u00een \u021bar\u0103, anun\u021b\u0103 Sputnik.\u00a0 Ace\u0219tia vor beneficia de ajutoare materiale \u0219i financiare pentru dezvoltarea unei afaceri, \u00eencadrarea \u00een c\u00e2mpul muncii precum \u0219i incluziunea social\u0103. Un acord de colaborare a fost semnat \u00eentre Ministerul S\u0103n\u0103t\u0103\u021bii, Muncii \u0219i Protec\u021biei Sociale \u0219i Oficiul pentru Imigrare \u0219i Integrare al Republicii Franceze.\u00a0<\/strong><\/p>\n<blockquote>\n<p>\u201e<em>Acordul va stimula re\u00eentoarcerea voluntar\u0103 a cet\u0103\u021benilor no\u0219tri \u0219i va contribui la promovarea unor practici similare cu alte state<\/em>\u201d, a declarat viceministrul S\u0103n\u0103t\u0103\u021bii, Muncii \u0219i Protec\u021biei Sociale, Anastasia Oceretn\u00eei<\/p>\n<\/blockquote>\n<p>Acordul prevede sus\u021binerea cet\u0103\u021benilor Republicii Moldova re\u00eentor\u0219i din Fran\u021ba prin ajutor pentru reintegrarea social\u0103, care include suportul oferit beneficiarilor \u015fi familiilor acestora pentru o perioad\u0103 de maxim 6 luni \u0219i finan\u021barea primelor cheltuieli \u00een scopul reintegr\u0103rii familiei. De asemenea, va fi acordat un ajutor pentru reintegrarea \u00een c\u00e2mpul muncii \u0219i ajutor pentru ini\u021bierea unei afaceri.<\/p>\n<p>\u00cen domeniul migra\u021biei de munc\u0103, Republica Moldova a semnat acorduri bilaterale cu Federa\u021bia Rus\u0103, Ucraina, Republica Belarus, Azerbaidjan, Italia \u0219i Israel.<\/p>\n<p>&nbsp;<\/p>\n<p><strong><em>Foto: moldova 24<\/em><\/strong><\/p>\n","protected":false},"excerpt":{"rendered":"<p>Cet\u0103\u021benii Republicii Moldova care au locuit \u0219i au muncit \u00een Fran\u021ba vor primi suport de reintegrare la \u00eentoarcerea \u00een \u021bar\u0103, anun\u021b\u0103 Sputnik.\u00a0 Ace\u0219tia vor beneficia de ajutoare materiale \u0219i financiare pentru dezvoltarea unei afaceri, \u00eencadrarea \u00een c\u00e2mpul muncii precum \u0219i incluziunea social\u0103. Un acord de colaborare a fost semnat \u00eentre Ministerul S\u0103n\u0103t\u0103\u021bii, Muncii \u0219i Protec\u021biei [&hellip;]<\/p>\n","protected":false},"author":4,"featured_media":33570,"comment_status":"closed","ping_status":"closed","sticky":false,"template":"","format":"standard","meta":{"footnotes":""},"categories":[6349],"tags":[],"class_list":["post-33569","post","type-post","status-publish","format-standard","has-post-thumbnail","hentry","category-social"],"yoast_head":"<!-- This site is optimized with the Yoast SEO plugin v27.4 - https:\/\/yoast.com\/product\/yoast-seo-wordpress\/ -->\n<title>Moldovenii din Fran\u021ba sunt chema\u021bi acas\u0103<\/title>\n<meta name=\"description\" content=\"Cet\u0103\u021benii Republicii Moldova care au locuit \u0219i au muncit \u00een Fran\u021ba vor primi suport de reintegrare la \u00eentoarcerea \u00een \u021bar\u0103, anun\u021b\u0103 Sputnik.\u00a0\" \/>\n<meta name=\"robots\" content=\"index, follow, max-snippet:-1, max-image-preview:large, max-video-preview:-1\" \/>\n<link rel=\"canonical\" href=\"https:\/\/www.btv.md\/ro\/moldovenii-din-franta-sunt-chemati-acasa\/\" \/>\n<meta property=\"og:locale\" content=\"ro_RO\" \/>\n<meta property=\"og:type\" content=\"article\" \/>\n<meta property=\"og:title\" content=\"Moldovenii din Fran\u021ba sunt chema\u021bi acas\u0103\" \/>\n<meta property=\"og:description\" content=\"Cet\u0103\u021benii Republicii Moldova care au locuit \u0219i au muncit \u00een Fran\u021ba vor primi suport de reintegrare la \u00eentoarcerea \u00een \u021bar\u0103, anun\u021b\u0103 Sputnik.\u00a0\" \/>\n<meta property=\"og:url\" content=\"https:\/\/www.btv.md\/ro\/moldovenii-din-franta-sunt-chemati-acasa\/\" \/>\n<meta property=\"og:site_name\" content=\"BTV\" \/>\n<meta property=\"article:publisher\" content=\"https:\/\/www.facebook.com\/btvmoldova\/\" \/>\n<meta property=\"article:published_time\" content=\"2017-10-09T12:59:53+00:00\" \/>\n<meta property=\"og:image\" content=\"https:\/\/www.btv.md\/wp-content\/uploads\/2017\/10\/Moldovenii-din-Fran-a-au-ie-it-la-protest-Noi-am-plecat-din-Moldova-dar-nu-i-Moldova-din-noi.jpg\" \/>\n\t<meta property=\"og:image:width\" content=\"700\" \/>\n\t<meta property=\"og:image:height\" content=\"525\" \/>\n\t<meta property=\"og:image:type\" content=\"image\/jpeg\" \/>\n<meta name=\"author\" content=\"admin\" \/>\n<meta name=\"twitter:label1\" content=\"Scris de\" \/>\n\t<meta name=\"twitter:data1\" content=\"admin\" \/>\n\t<meta name=\"twitter:label2\" content=\"Timp estimat pentru citire\" \/>\n\t<meta name=\"twitter:data2\" content=\"1 minut\" \/>\n<script type=\"application\/ld+json\" class=\"yoast-schema-graph\">{\"@context\":\"https:\\\/\\\/schema.org\",\"@graph\":[{\"@type\":\"Article\",\"@id\":\"https:\\\/\\\/www.btv.md\\\/ro\\\/moldovenii-din-franta-sunt-chemati-acasa\\\/#article\",\"isPartOf\":{\"@id\":\"https:\\\/\\\/www.btv.md\\\/ro\\\/moldovenii-din-franta-sunt-chemati-acasa\\\/\"},\"author\":{\"name\":\"admin\",\"@id\":\"https:\\\/\\\/www.btv.md\\\/#\\\/schema\\\/person\\\/8fadce81561b3ce2c34c46dadc4ccbf2\"},\"headline\":\"Moldovenii din Fran\u021ba sunt chema\u021bi acas\u0103\",\"datePublished\":\"2017-10-09T12:59:53+00:00\",\"mainEntityOfPage\":{\"@id\":\"https:\\\/\\\/www.btv.md\\\/ro\\\/moldovenii-din-franta-sunt-chemati-acasa\\\/\"},\"wordCount\":207,\"image\":{\"@id\":\"https:\\\/\\\/www.btv.md\\\/ro\\\/moldovenii-din-franta-sunt-chemati-acasa\\\/#primaryimage\"},\"thumbnailUrl\":\"https:\\\/\\\/www.btv.md\\\/wp-content\\\/uploads\\\/2017\\\/10\\\/Moldovenii-din-Fran-a-au-ie-it-la-protest-Noi-am-plecat-din-Moldova-dar-nu-i-Moldova-din-noi.jpg\",\"articleSection\":[\"Social\"],\"inLanguage\":\"ro-RO\"},{\"@type\":\"WebPage\",\"@id\":\"https:\\\/\\\/www.btv.md\\\/ro\\\/moldovenii-din-franta-sunt-chemati-acasa\\\/\",\"url\":\"https:\\\/\\\/www.btv.md\\\/ro\\\/moldovenii-din-franta-sunt-chemati-acasa\\\/\",\"name\":\"Moldovenii din Fran\u021ba sunt chema\u021bi acas\u0103\",\"isPartOf\":{\"@id\":\"https:\\\/\\\/www.btv.md\\\/#website\"},\"primaryImageOfPage\":{\"@id\":\"https:\\\/\\\/www.btv.md\\\/ro\\\/moldovenii-din-franta-sunt-chemati-acasa\\\/#primaryimage\"},\"image\":{\"@id\":\"https:\\\/\\\/www.btv.md\\\/ro\\\/moldovenii-din-franta-sunt-chemati-acasa\\\/#primaryimage\"},\"thumbnailUrl\":\"https:\\\/\\\/www.btv.md\\\/wp-content\\\/uploads\\\/2017\\\/10\\\/Moldovenii-din-Fran-a-au-ie-it-la-protest-Noi-am-plecat-din-Moldova-dar-nu-i-Moldova-din-noi.jpg\",\"datePublished\":\"2017-10-09T12:59:53+00:00\",\"author\":{\"@id\":\"https:\\\/\\\/www.btv.md\\\/#\\\/schema\\\/person\\\/8fadce81561b3ce2c34c46dadc4ccbf2\"},\"description\":\"Cet\u0103\u021benii Republicii Moldova care au locuit \u0219i au muncit \u00een Fran\u021ba vor primi suport de reintegrare la \u00eentoarcerea \u00een \u021bar\u0103, anun\u021b\u0103 Sputnik.\u00a0\",\"inLanguage\":\"ro-RO\",\"potentialAction\":[{\"@type\":\"ReadAction\",\"target\":[\"https:\\\/\\\/www.btv.md\\\/ro\\\/moldovenii-din-franta-sunt-chemati-acasa\\\/\"]}]},{\"@type\":\"ImageObject\",\"inLanguage\":\"ro-RO\",\"@id\":\"https:\\\/\\\/www.btv.md\\\/ro\\\/moldovenii-din-franta-sunt-chemati-acasa\\\/#primaryimage\",\"url\":\"https:\\\/\\\/www.btv.md\\\/wp-content\\\/uploads\\\/2017\\\/10\\\/Moldovenii-din-Fran-a-au-ie-it-la-protest-Noi-am-plecat-din-Moldova-dar-nu-i-Moldova-din-noi.jpg\",\"contentUrl\":\"https:\\\/\\\/www.btv.md\\\/wp-content\\\/uploads\\\/2017\\\/10\\\/Moldovenii-din-Fran-a-au-ie-it-la-protest-Noi-am-plecat-din-Moldova-dar-nu-i-Moldova-din-noi.jpg\",\"width\":700,\"height\":525,\"caption\":\"moldovenii din Fran\u021ba\"},{\"@type\":\"WebSite\",\"@id\":\"https:\\\/\\\/www.btv.md\\\/#website\",\"url\":\"https:\\\/\\\/www.btv.md\\\/\",\"name\":\"BTV\",\"description\":\"\u0411\u0435\u043b\u044c\u0446\u043a\u043e\u0435 \u0442\u0435\u043b\u0435\u0432\u0438\u0434\u0435\u043d\u0438\u0435\",\"potentialAction\":[{\"@type\":\"SearchAction\",\"target\":{\"@type\":\"EntryPoint\",\"urlTemplate\":\"https:\\\/\\\/www.btv.md\\\/?s={search_term_string}\"},\"query-input\":{\"@type\":\"PropertyValueSpecification\",\"valueRequired\":true,\"valueName\":\"search_term_string\"}}],\"inLanguage\":\"ro-RO\"},{\"@type\":\"Person\",\"@id\":\"https:\\\/\\\/www.btv.md\\\/#\\\/schema\\\/person\\\/8fadce81561b3ce2c34c46dadc4ccbf2\",\"name\":\"admin\"}]}<\/script>\n<!-- \/ Yoast SEO plugin. -->","yoast_head_json":{"title":"Moldovenii din Fran\u021ba sunt chema\u021bi acas\u0103","description":"Cet\u0103\u021benii Republicii Moldova care au locuit \u0219i au muncit \u00een Fran\u021ba vor primi suport de reintegrare la \u00eentoarcerea \u00een \u021bar\u0103, anun\u021b\u0103 Sputnik.\u00a0","robots":{"index":"index","follow":"follow","max-snippet":"max-snippet:-1","max-image-preview":"max-image-preview:large","max-video-preview":"max-video-preview:-1"},"canonical":"https:\/\/www.btv.md\/ro\/moldovenii-din-franta-sunt-chemati-acasa\/","og_locale":"ro_RO","og_type":"article","og_title":"Moldovenii din Fran\u021ba sunt chema\u021bi acas\u0103","og_description":"Cet\u0103\u021benii Republicii Moldova care au locuit \u0219i au muncit \u00een Fran\u021ba vor primi suport de reintegrare la \u00eentoarcerea \u00een \u021bar\u0103, anun\u021b\u0103 Sputnik.\u00a0","og_url":"https:\/\/www.btv.md\/ro\/moldovenii-din-franta-sunt-chemati-acasa\/","og_site_name":"BTV","article_publisher":"https:\/\/www.facebook.com\/btvmoldova\/","article_published_time":"2017-10-09T12:59:53+00:00","og_image":[{"width":700,"height":525,"url":"https:\/\/www.btv.md\/wp-content\/uploads\/2017\/10\/Moldovenii-din-Fran-a-au-ie-it-la-protest-Noi-am-plecat-din-Moldova-dar-nu-i-Moldova-din-noi.jpg","type":"image\/jpeg"}],"author":"admin","twitter_misc":{"Scris de":"admin","Timp estimat pentru citire":"1 minut"},"schema":{"@context":"https:\/\/schema.org","@graph":[{"@type":"Article","@id":"https:\/\/www.btv.md\/ro\/moldovenii-din-franta-sunt-chemati-acasa\/#article","isPartOf":{"@id":"https:\/\/www.btv.md\/ro\/moldovenii-din-franta-sunt-chemati-acasa\/"},"author":{"name":"admin","@id":"https:\/\/www.btv.md\/#\/schema\/person\/8fadce81561b3ce2c34c46dadc4ccbf2"},"headline":"Moldovenii din Fran\u021ba sunt chema\u021bi acas\u0103","datePublished":"2017-10-09T12:59:53+00:00","mainEntityOfPage":{"@id":"https:\/\/www.btv.md\/ro\/moldovenii-din-franta-sunt-chemati-acasa\/"},"wordCount":207,"image":{"@id":"https:\/\/www.btv.md\/ro\/moldovenii-din-franta-sunt-chemati-acasa\/#primaryimage"},"thumbnailUrl":"https:\/\/www.btv.md\/wp-content\/uploads\/2017\/10\/Moldovenii-din-Fran-a-au-ie-it-la-protest-Noi-am-plecat-din-Moldova-dar-nu-i-Moldova-din-noi.jpg","articleSection":["Social"],"inLanguage":"ro-RO"},{"@type":"WebPage","@id":"https:\/\/www.btv.md\/ro\/moldovenii-din-franta-sunt-chemati-acasa\/","url":"https:\/\/www.btv.md\/ro\/moldovenii-din-franta-sunt-chemati-acasa\/","name":"Moldovenii din Fran\u021ba sunt chema\u021bi acas\u0103","isPartOf":{"@id":"https:\/\/www.btv.md\/#website"},"primaryImageOfPage":{"@id":"https:\/\/www.btv.md\/ro\/moldovenii-din-franta-sunt-chemati-acasa\/#primaryimage"},"image":{"@id":"https:\/\/www.btv.md\/ro\/moldovenii-din-franta-sunt-chemati-acasa\/#primaryimage"},"thumbnailUrl":"https:\/\/www.btv.md\/wp-content\/uploads\/2017\/10\/Moldovenii-din-Fran-a-au-ie-it-la-protest-Noi-am-plecat-din-Moldova-dar-nu-i-Moldova-din-noi.jpg","datePublished":"2017-10-09T12:59:53+00:00","author":{"@id":"https:\/\/www.btv.md\/#\/schema\/person\/8fadce81561b3ce2c34c46dadc4ccbf2"},"description":"Cet\u0103\u021benii Republicii Moldova care au locuit \u0219i au muncit \u00een Fran\u021ba vor primi suport de reintegrare la \u00eentoarcerea \u00een \u021bar\u0103, anun\u021b\u0103 Sputnik.\u00a0","inLanguage":"ro-RO","potentialAction":[{"@type":"ReadAction","target":["https:\/\/www.btv.md\/ro\/moldovenii-din-franta-sunt-chemati-acasa\/"]}]},{"@type":"ImageObject","inLanguage":"ro-RO","@id":"https:\/\/www.btv.md\/ro\/moldovenii-din-franta-sunt-chemati-acasa\/#primaryimage","url":"https:\/\/www.btv.md\/wp-content\/uploads\/2017\/10\/Moldovenii-din-Fran-a-au-ie-it-la-protest-Noi-am-plecat-din-Moldova-dar-nu-i-Moldova-din-noi.jpg","contentUrl":"https:\/\/www.btv.md\/wp-content\/uploads\/2017\/10\/Moldovenii-din-Fran-a-au-ie-it-la-protest-Noi-am-plecat-din-Moldova-dar-nu-i-Moldova-din-noi.jpg","width":700,"height":525,"caption":"moldovenii din Fran\u021ba"},{"@type":"WebSite","@id":"https:\/\/www.btv.md\/#website","url":"https:\/\/www.btv.md\/","name":"BTV","description":"\u0411\u0435\u043b\u044c\u0446\u043a\u043e\u0435 \u0442\u0435\u043b\u0435\u0432\u0438\u0434\u0435\u043d\u0438\u0435","potentialAction":[{"@type":"SearchAction","target":{"@type":"EntryPoint","urlTemplate":"https:\/\/www.btv.md\/?s={search_term_string}"},"query-input":{"@type":"PropertyValueSpecification","valueRequired":true,"valueName":"search_term_string"}}],"inLanguage":"ro-RO"},{"@type":"Person","@id":"https:\/\/www.btv.md\/#\/schema\/person\/8fadce81561b3ce2c34c46dadc4ccbf2","name":"admin"}]}},"_links":{"self":[{"href":"https:\/\/www.btv.md\/ro\/wp-json\/wp\/v2\/posts\/33569","targetHints":{"allow":["GET"]}}],"collection":[{"href":"https:\/\/www.btv.md\/ro\/wp-json\/wp\/v2\/posts"}],"about":[{"href":"https:\/\/www.btv.md\/ro\/wp-json\/wp\/v2\/types\/post"}],"author":[{"embeddable":true,"href":"https:\/\/www.btv.md\/ro\/wp-json\/wp\/v2\/users\/4"}],"replies":[{"embeddable":true,"href":"https:\/\/www.btv.md\/ro\/wp-json\/wp\/v2\/comments?post=33569"}],"version-history":[{"count":0,"href":"https:\/\/www.btv.md\/ro\/wp-json\/wp\/v2\/posts\/33569\/revisions"}],"wp:featuredmedia":[{"embeddable":true,"href":"https:\/\/www.btv.md\/ro\/wp-json\/wp\/v2\/media\/33570"}],"wp:attachment":[{"href":"https:\/\/www.btv.md\/ro\/wp-json\/wp\/v2\/media?parent=33569"}],"wp:term":[{"taxonomy":"category","embeddable":true,"href":"https:\/\/www.btv.md\/ro\/wp-json\/wp\/v2\/categories?post=33569"},{"taxonomy":"post_tag","embeddable":true,"href":"https:\/\/www.btv.md\/ro\/wp-json\/wp\/v2\/tags?post=33569"}],"curies":[{"name":"wp","href":"https:\/\/api.w.org\/{rel}","templated":true}]}}