{"id":33572,"date":"2017-10-09T16:02:21","date_gmt":"2017-10-09T13:02:21","guid":{"rendered":"http:\/\/btv.md\/?p=33572"},"modified":"2017-10-09T16:03:04","modified_gmt":"2017-10-09T13:03:04","slug":"un-preot-din-moldova-a-anulat-toate-taxele-bisericesti","status":"publish","type":"post","link":"https:\/\/www.btv.md\/ro\/un-preot-din-moldova-a-anulat-toate-taxele-bisericesti\/","title":{"rendered":"Un preot din Moldova a anulat toate taxele biserice\u0219ti"},"content":{"rendered":"<p><strong>Biserica din satul Mihuleni, \u0218old\u0103ne\u0219ti, nu mai percepe taxe pentru \u00eenmorm\u00e2nt\u0103ri, cununii sau botezuri. Parohul Ioan Graur a interzis orice tax\u0103. Localnicii \u00eel laud\u0103 \u0219i spun c\u0103 de c\u00e2nd a venit \u00een satul lor, biserica \u0219i satul \u00eenflore\u0219te, relateaz\u0103 <a href=\"http:\/\/tv8.md\">TV8<\/a>.<\/strong><\/p>\n<p>Este absolvent al facult\u0103\u021bii de Calculatoare, Informatic\u0103 \u0219i Microelectronic\u0103, iar anul trecut a absolvit \u0219i Teologia la Chi\u0219in\u0103u. Din februarie 2017, este paroh la biserica din Mihuleni. Cum a ajuns acolo, s-a apucat de reforme, iar primul lucru pe care l-a f\u0103cut a fost anularea tuturor taxelor biserice\u0219ti, informeaz\u0103\u00a0<a href=\"http:\/\/tv8.md\/2017\/10\/06\/video-fara-sfintele-taxe-un-preot-din-moldova-nu-mai-percepe-bani-pentru-inmormantari-cununii-sau-botezuri\/\">Tv8.md<\/a>.\u00a0<\/p>\n<p>\u201e\u00a0Fiecare dup\u0103 putin\u021b\u0103 dac\u0103 este vreo r\u00e2nduial\u0103, mai las\u0103 ceva.Noi taxe nu impunem, dar fiecare dac\u0103 are ceva de l\u0103sat \u0219i de ajutat normal c\u0103 nu putem s\u0103 respingem primim acea sum\u0103 de bani \u0219i o folosim la fel pentru men\u021binerea l\u0103ca\u0219ului\u201d, a men\u021bionat parohul Ioan Graur.<\/p>\n<p>Oamenii l-au \u00eendr\u0103git \u0219i \u00eel ajut\u0103 cum pot. La renovarea l\u0103ca\u0219ului s-a implicat inclusiv diaspora din Canada, Portugalia \u0219i Rusia.<\/p>\n<p>Pentru c\u0103 nu prime\u0219te salariu \u00een calitate de preot, dar are familie \u0219i copii, parohul \u0219i-a deschis o afacere \u00een microelectronic\u0103. Contact, episcopul Ioan Mo\u0219negu\u021bu a precizat ca Mitropolia Moldovei nu a impus nici o tax\u0103 bisericeasc\u0103 nici unei parohii \u0219i a \u00eendemnat to\u021bi preo\u021bii s\u0103-i urmeze exemplul parohului Ioan din Mihuleni.<\/p>\n","protected":false},"excerpt":{"rendered":"<p>Biserica din satul Mihuleni, \u0218old\u0103ne\u0219ti, nu mai percepe taxe pentru \u00eenmorm\u00e2nt\u0103ri, cununii sau botezuri. Parohul Ioan Graur a interzis orice tax\u0103. Localnicii \u00eel laud\u0103 \u0219i spun c\u0103 de c\u00e2nd a venit \u00een satul lor, biserica \u0219i satul \u00eenflore\u0219te, relateaz\u0103 TV8. Este absolvent al facult\u0103\u021bii de Calculatoare, Informatic\u0103 \u0219i Microelectronic\u0103, iar anul trecut a absolvit \u0219i [&hellip;]<\/p>\n","protected":false},"author":4,"featured_media":33573,"comment_status":"closed","ping_status":"closed","sticky":false,"template":"","format":"standard","meta":{"footnotes":""},"categories":[259,8],"tags":[],"class_list":["post-33572","post","type-post","status-publish","format-standard","has-post-thumbnail","hentry","category-novosti","category-obshestvo"],"yoast_head":"<!-- This site is optimized with the Yoast SEO plugin v27.4 - https:\/\/yoast.com\/product\/yoast-seo-wordpress\/ -->\n<title>Un preot din Moldova a anulat toate taxele biserice\u0219ti<\/title>\n<meta name=\"description\" content=\"Biserica din satul Mihuleni, \u0218old\u0103ne\u0219ti, nu mai percepe taxe pentru \u00eenmorm\u00e2nt\u0103ri, cununii sau botezuri. Parohul Ioan Graur a interzis orice tax\u0103.\" \/>\n<meta name=\"robots\" content=\"index, follow, max-snippet:-1, max-image-preview:large, max-video-preview:-1\" \/>\n<link rel=\"canonical\" href=\"https:\/\/www.btv.md\/ro\/amp\/un-preot-din-moldova-a-anulat-toate-taxele-bisericesti\/\" \/>\n<meta property=\"og:locale\" content=\"ro_RO\" \/>\n<meta property=\"og:type\" content=\"article\" \/>\n<meta property=\"og:title\" content=\"Un preot din Moldova a anulat toate taxele biserice\u0219ti\" \/>\n<meta property=\"og:description\" content=\"Biserica din satul Mihuleni, \u0218old\u0103ne\u0219ti, nu mai percepe taxe pentru \u00eenmorm\u00e2nt\u0103ri, cununii sau botezuri. Parohul Ioan Graur a interzis orice tax\u0103.\" \/>\n<meta property=\"og:url\" content=\"https:\/\/www.btv.md\/ro\/amp\/un-preot-din-moldova-a-anulat-toate-taxele-bisericesti\/\" \/>\n<meta property=\"og:site_name\" content=\"BTV\" \/>\n<meta property=\"article:publisher\" content=\"https:\/\/www.facebook.com\/btvmoldova\/\" \/>\n<meta property=\"article:published_time\" content=\"2017-10-09T13:02:21+00:00\" \/>\n<meta property=\"article:modified_time\" content=\"2017-10-09T13:03:04+00:00\" \/>\n<meta property=\"og:image\" content=\"https:\/\/www.btv.md\/wp-content\/uploads\/2017\/10\/59d5e8259625f_59d5e825962e6.jpg\" \/>\n\t<meta property=\"og:image:width\" content=\"1024\" \/>\n\t<meta property=\"og:image:height\" content=\"678\" \/>\n\t<meta property=\"og:image:type\" content=\"image\/jpeg\" \/>\n<meta name=\"author\" content=\"admin\" \/>\n<meta name=\"twitter:label1\" content=\"Scris de\" \/>\n\t<meta name=\"twitter:data1\" content=\"admin\" \/>\n\t<meta name=\"twitter:label2\" content=\"Timp estimat pentru citire\" \/>\n\t<meta name=\"twitter:data2\" content=\"1 minut\" \/>\n<script type=\"application\/ld+json\" class=\"yoast-schema-graph\">{\"@context\":\"https:\\\/\\\/schema.org\",\"@graph\":[{\"@type\":\"Article\",\"@id\":\"https:\\\/\\\/www.btv.md\\\/ro\\\/amp\\\/un-preot-din-moldova-a-anulat-toate-taxele-bisericesti\\\/#article\",\"isPartOf\":{\"@id\":\"https:\\\/\\\/www.btv.md\\\/ro\\\/amp\\\/un-preot-din-moldova-a-anulat-toate-taxele-bisericesti\\\/\"},\"author\":{\"name\":\"admin\",\"@id\":\"https:\\\/\\\/www.btv.md\\\/#\\\/schema\\\/person\\\/8fadce81561b3ce2c34c46dadc4ccbf2\"},\"headline\":\"Un preot din Moldova a anulat toate taxele biserice\u0219ti\",\"datePublished\":\"2017-10-09T13:02:21+00:00\",\"dateModified\":\"2017-10-09T13:03:04+00:00\",\"mainEntityOfPage\":{\"@id\":\"https:\\\/\\\/www.btv.md\\\/ro\\\/amp\\\/un-preot-din-moldova-a-anulat-toate-taxele-bisericesti\\\/\"},\"wordCount\":246,\"image\":{\"@id\":\"https:\\\/\\\/www.btv.md\\\/ro\\\/amp\\\/un-preot-din-moldova-a-anulat-toate-taxele-bisericesti\\\/#primaryimage\"},\"thumbnailUrl\":\"https:\\\/\\\/www.btv.md\\\/wp-content\\\/uploads\\\/2017\\\/10\\\/59d5e8259625f_59d5e825962e6.jpg\",\"articleSection\":[\"\u041d\u043e\u0432\u043e\u0441\u0442\u0438\",\"\u041e\u0431\u0449\u0435\u0441\u0442\u0432\u043e\"],\"inLanguage\":\"ro-RO\"},{\"@type\":\"WebPage\",\"@id\":\"https:\\\/\\\/www.btv.md\\\/ro\\\/amp\\\/un-preot-din-moldova-a-anulat-toate-taxele-bisericesti\\\/\",\"url\":\"https:\\\/\\\/www.btv.md\\\/ro\\\/amp\\\/un-preot-din-moldova-a-anulat-toate-taxele-bisericesti\\\/\",\"name\":\"Un preot din Moldova a anulat toate taxele biserice\u0219ti\",\"isPartOf\":{\"@id\":\"https:\\\/\\\/www.btv.md\\\/#website\"},\"primaryImageOfPage\":{\"@id\":\"https:\\\/\\\/www.btv.md\\\/ro\\\/amp\\\/un-preot-din-moldova-a-anulat-toate-taxele-bisericesti\\\/#primaryimage\"},\"image\":{\"@id\":\"https:\\\/\\\/www.btv.md\\\/ro\\\/amp\\\/un-preot-din-moldova-a-anulat-toate-taxele-bisericesti\\\/#primaryimage\"},\"thumbnailUrl\":\"https:\\\/\\\/www.btv.md\\\/wp-content\\\/uploads\\\/2017\\\/10\\\/59d5e8259625f_59d5e825962e6.jpg\",\"datePublished\":\"2017-10-09T13:02:21+00:00\",\"dateModified\":\"2017-10-09T13:03:04+00:00\",\"author\":{\"@id\":\"https:\\\/\\\/www.btv.md\\\/#\\\/schema\\\/person\\\/8fadce81561b3ce2c34c46dadc4ccbf2\"},\"description\":\"Biserica din satul Mihuleni, \u0218old\u0103ne\u0219ti, nu mai percepe taxe pentru \u00eenmorm\u00e2nt\u0103ri, cununii sau botezuri. Parohul Ioan Graur a interzis orice tax\u0103.\",\"inLanguage\":\"ro-RO\",\"potentialAction\":[{\"@type\":\"ReadAction\",\"target\":[\"https:\\\/\\\/www.btv.md\\\/ro\\\/amp\\\/un-preot-din-moldova-a-anulat-toate-taxele-bisericesti\\\/\"]}]},{\"@type\":\"ImageObject\",\"inLanguage\":\"ro-RO\",\"@id\":\"https:\\\/\\\/www.btv.md\\\/ro\\\/amp\\\/un-preot-din-moldova-a-anulat-toate-taxele-bisericesti\\\/#primaryimage\",\"url\":\"https:\\\/\\\/www.btv.md\\\/wp-content\\\/uploads\\\/2017\\\/10\\\/59d5e8259625f_59d5e825962e6.jpg\",\"contentUrl\":\"https:\\\/\\\/www.btv.md\\\/wp-content\\\/uploads\\\/2017\\\/10\\\/59d5e8259625f_59d5e825962e6.jpg\",\"width\":1024,\"height\":678,\"caption\":\"taxe biserice\u0219ti\"},{\"@type\":\"WebSite\",\"@id\":\"https:\\\/\\\/www.btv.md\\\/#website\",\"url\":\"https:\\\/\\\/www.btv.md\\\/\",\"name\":\"BTV\",\"description\":\"\u0411\u0435\u043b\u044c\u0446\u043a\u043e\u0435 \u0442\u0435\u043b\u0435\u0432\u0438\u0434\u0435\u043d\u0438\u0435\",\"potentialAction\":[{\"@type\":\"SearchAction\",\"target\":{\"@type\":\"EntryPoint\",\"urlTemplate\":\"https:\\\/\\\/www.btv.md\\\/?s={search_term_string}\"},\"query-input\":{\"@type\":\"PropertyValueSpecification\",\"valueRequired\":true,\"valueName\":\"search_term_string\"}}],\"inLanguage\":\"ro-RO\"},{\"@type\":\"Person\",\"@id\":\"https:\\\/\\\/www.btv.md\\\/#\\\/schema\\\/person\\\/8fadce81561b3ce2c34c46dadc4ccbf2\",\"name\":\"admin\"}]}<\/script>\n<!-- \/ Yoast SEO plugin. -->","yoast_head_json":{"title":"Un preot din Moldova a anulat toate taxele biserice\u0219ti","description":"Biserica din satul Mihuleni, \u0218old\u0103ne\u0219ti, nu mai percepe taxe pentru \u00eenmorm\u00e2nt\u0103ri, cununii sau botezuri. Parohul Ioan Graur a interzis orice tax\u0103.","robots":{"index":"index","follow":"follow","max-snippet":"max-snippet:-1","max-image-preview":"max-image-preview:large","max-video-preview":"max-video-preview:-1"},"canonical":"https:\/\/www.btv.md\/ro\/amp\/un-preot-din-moldova-a-anulat-toate-taxele-bisericesti\/","og_locale":"ro_RO","og_type":"article","og_title":"Un preot din Moldova a anulat toate taxele biserice\u0219ti","og_description":"Biserica din satul Mihuleni, \u0218old\u0103ne\u0219ti, nu mai percepe taxe pentru \u00eenmorm\u00e2nt\u0103ri, cununii sau botezuri. Parohul Ioan Graur a interzis orice tax\u0103.","og_url":"https:\/\/www.btv.md\/ro\/amp\/un-preot-din-moldova-a-anulat-toate-taxele-bisericesti\/","og_site_name":"BTV","article_publisher":"https:\/\/www.facebook.com\/btvmoldova\/","article_published_time":"2017-10-09T13:02:21+00:00","article_modified_time":"2017-10-09T13:03:04+00:00","og_image":[{"width":1024,"height":678,"url":"https:\/\/www.btv.md\/wp-content\/uploads\/2017\/10\/59d5e8259625f_59d5e825962e6.jpg","type":"image\/jpeg"}],"author":"admin","twitter_misc":{"Scris de":"admin","Timp estimat pentru citire":"1 minut"},"schema":{"@context":"https:\/\/schema.org","@graph":[{"@type":"Article","@id":"https:\/\/www.btv.md\/ro\/amp\/un-preot-din-moldova-a-anulat-toate-taxele-bisericesti\/#article","isPartOf":{"@id":"https:\/\/www.btv.md\/ro\/amp\/un-preot-din-moldova-a-anulat-toate-taxele-bisericesti\/"},"author":{"name":"admin","@id":"https:\/\/www.btv.md\/#\/schema\/person\/8fadce81561b3ce2c34c46dadc4ccbf2"},"headline":"Un preot din Moldova a anulat toate taxele biserice\u0219ti","datePublished":"2017-10-09T13:02:21+00:00","dateModified":"2017-10-09T13:03:04+00:00","mainEntityOfPage":{"@id":"https:\/\/www.btv.md\/ro\/amp\/un-preot-din-moldova-a-anulat-toate-taxele-bisericesti\/"},"wordCount":246,"image":{"@id":"https:\/\/www.btv.md\/ro\/amp\/un-preot-din-moldova-a-anulat-toate-taxele-bisericesti\/#primaryimage"},"thumbnailUrl":"https:\/\/www.btv.md\/wp-content\/uploads\/2017\/10\/59d5e8259625f_59d5e825962e6.jpg","articleSection":["\u041d\u043e\u0432\u043e\u0441\u0442\u0438","\u041e\u0431\u0449\u0435\u0441\u0442\u0432\u043e"],"inLanguage":"ro-RO"},{"@type":"WebPage","@id":"https:\/\/www.btv.md\/ro\/amp\/un-preot-din-moldova-a-anulat-toate-taxele-bisericesti\/","url":"https:\/\/www.btv.md\/ro\/amp\/un-preot-din-moldova-a-anulat-toate-taxele-bisericesti\/","name":"Un preot din Moldova a anulat toate taxele biserice\u0219ti","isPartOf":{"@id":"https:\/\/www.btv.md\/#website"},"primaryImageOfPage":{"@id":"https:\/\/www.btv.md\/ro\/amp\/un-preot-din-moldova-a-anulat-toate-taxele-bisericesti\/#primaryimage"},"image":{"@id":"https:\/\/www.btv.md\/ro\/amp\/un-preot-din-moldova-a-anulat-toate-taxele-bisericesti\/#primaryimage"},"thumbnailUrl":"https:\/\/www.btv.md\/wp-content\/uploads\/2017\/10\/59d5e8259625f_59d5e825962e6.jpg","datePublished":"2017-10-09T13:02:21+00:00","dateModified":"2017-10-09T13:03:04+00:00","author":{"@id":"https:\/\/www.btv.md\/#\/schema\/person\/8fadce81561b3ce2c34c46dadc4ccbf2"},"description":"Biserica din satul Mihuleni, \u0218old\u0103ne\u0219ti, nu mai percepe taxe pentru \u00eenmorm\u00e2nt\u0103ri, cununii sau botezuri. Parohul Ioan Graur a interzis orice tax\u0103.","inLanguage":"ro-RO","potentialAction":[{"@type":"ReadAction","target":["https:\/\/www.btv.md\/ro\/amp\/un-preot-din-moldova-a-anulat-toate-taxele-bisericesti\/"]}]},{"@type":"ImageObject","inLanguage":"ro-RO","@id":"https:\/\/www.btv.md\/ro\/amp\/un-preot-din-moldova-a-anulat-toate-taxele-bisericesti\/#primaryimage","url":"https:\/\/www.btv.md\/wp-content\/uploads\/2017\/10\/59d5e8259625f_59d5e825962e6.jpg","contentUrl":"https:\/\/www.btv.md\/wp-content\/uploads\/2017\/10\/59d5e8259625f_59d5e825962e6.jpg","width":1024,"height":678,"caption":"taxe biserice\u0219ti"},{"@type":"WebSite","@id":"https:\/\/www.btv.md\/#website","url":"https:\/\/www.btv.md\/","name":"BTV","description":"\u0411\u0435\u043b\u044c\u0446\u043a\u043e\u0435 \u0442\u0435\u043b\u0435\u0432\u0438\u0434\u0435\u043d\u0438\u0435","potentialAction":[{"@type":"SearchAction","target":{"@type":"EntryPoint","urlTemplate":"https:\/\/www.btv.md\/?s={search_term_string}"},"query-input":{"@type":"PropertyValueSpecification","valueRequired":true,"valueName":"search_term_string"}}],"inLanguage":"ro-RO"},{"@type":"Person","@id":"https:\/\/www.btv.md\/#\/schema\/person\/8fadce81561b3ce2c34c46dadc4ccbf2","name":"admin"}]}},"_links":{"self":[{"href":"https:\/\/www.btv.md\/ro\/wp-json\/wp\/v2\/posts\/33572","targetHints":{"allow":["GET"]}}],"collection":[{"href":"https:\/\/www.btv.md\/ro\/wp-json\/wp\/v2\/posts"}],"about":[{"href":"https:\/\/www.btv.md\/ro\/wp-json\/wp\/v2\/types\/post"}],"author":[{"embeddable":true,"href":"https:\/\/www.btv.md\/ro\/wp-json\/wp\/v2\/users\/4"}],"replies":[{"embeddable":true,"href":"https:\/\/www.btv.md\/ro\/wp-json\/wp\/v2\/comments?post=33572"}],"version-history":[{"count":0,"href":"https:\/\/www.btv.md\/ro\/wp-json\/wp\/v2\/posts\/33572\/revisions"}],"wp:featuredmedia":[{"embeddable":true,"href":"https:\/\/www.btv.md\/ro\/wp-json\/wp\/v2\/media\/33573"}],"wp:attachment":[{"href":"https:\/\/www.btv.md\/ro\/wp-json\/wp\/v2\/media?parent=33572"}],"wp:term":[{"taxonomy":"category","embeddable":true,"href":"https:\/\/www.btv.md\/ro\/wp-json\/wp\/v2\/categories?post=33572"},{"taxonomy":"post_tag","embeddable":true,"href":"https:\/\/www.btv.md\/ro\/wp-json\/wp\/v2\/tags?post=33572"}],"curies":[{"name":"wp","href":"https:\/\/api.w.org\/{rel}","templated":true}]}}