{"id":33575,"date":"2017-10-09T16:04:50","date_gmt":"2017-10-09T13:04:50","guid":{"rendered":"http:\/\/btv.md\/?p=33575"},"modified":"2017-10-09T16:06:25","modified_gmt":"2017-10-09T13:06:25","slug":"oficial-european-shor-trebuie-sa-si-ispaseasca-pedeapsa","status":"publish","type":"post","link":"https:\/\/www.btv.md\/ro\/oficial-european-shor-trebuie-sa-si-ispaseasca-pedeapsa\/","title":{"rendered":"Oficial european: \u201eShor trebuie s\u0103-\u0219i isp\u0103\u0219easc\u0103 pedeapsa\u201d"},"content":{"rendered":"<p><strong>Primarul de Orhei, Ilan \u0218or, trebuie s\u0103-\u0219i isp\u0103\u0219easc\u0103 pedeapsa pentru c\u0103 a furat de la poporul moldovean, a reac\u021bionat liderul Partidului Popular European Joseph Daul, anun\u021b\u00eend, totodat\u0103, c\u0103 nu a existat nici un contact oficial sau \u00eent\u00eelnire oficial\u0103 \u00eentre conducerea Partidului Popular European \u0219i Ilan Shor, \u00een contextul \u00een care acesta se afl\u0103 la Bruxelles.<\/strong><\/p>\n<blockquote>\n<p>\u201e<em>Partidul Popular European nu are nimic \u00een comun cu Ilan \u0218or, nici politic, \u0219i nici nu \u00eemp\u0103rt\u0103\u0219im acelea\u0219i valori ale partidui de st\u00eenga \u0219i populist al lui \u0218or. Dup\u0103 ce justi\u021bia din Moldova l-a g\u0103sit vinovat de sp\u0103lare de bani \u0219i fraud\u0103 bancar\u0103, Ilan \u0218or trebuie s\u0103-\u0219i isp\u0103\u0219easc\u0103 pedeapsa pentru c\u0103 a furat de la poporul moldovean<\/em>\u201d, a reac\u021bionat liderul celui mai mare partid din Parlamentul UE, transmite <a href=\"http:\/\/independent.md\/\">independent.md<\/a>.<\/p>\n<\/blockquote>\n<p>\u00cen ce prive\u0219te implicarea europarlamentarului [Fulvio] Martusciello \u00een vizita lui \u0218or la Strasourg, oficialul spune c\u0103 Mastuciello nu reprezint\u0103 nici conducerea PPE, \u0219i nici pozi\u021bia PPE cu privire la Moldova, ci doar interesele lui personale.<\/p>\n<blockquote>\n<p>,<em>,\u00cel voi convoca pe europarlamentarul [Fulvio] Martusciello s\u0103pt\u0103m\u00eena viitoare la o \u00eent\u00eelnire la care s\u0103 dea explica\u021bii referitoare la ac\u021biunile sale<\/em>\u201d, se spune \u00een declara\u021bia liderului PPE Joseph Dahl cu privire la vizita la Parlamentul European a lui Ilan \u0218or, conform Europa Liber\u0103.<\/p>\n<\/blockquote>\n","protected":false},"excerpt":{"rendered":"<p>Primarul de Orhei, Ilan \u0218or, trebuie s\u0103-\u0219i isp\u0103\u0219easc\u0103 pedeapsa pentru c\u0103 a furat de la poporul moldovean, a reac\u021bionat liderul Partidului Popular European Joseph Daul, anun\u021b\u00eend, totodat\u0103, c\u0103 nu a existat nici un contact oficial sau \u00eent\u00eelnire oficial\u0103 \u00eentre conducerea Partidului Popular European \u0219i Ilan Shor, \u00een contextul \u00een care acesta se afl\u0103 la Bruxelles. [&hellip;]<\/p>\n","protected":false},"author":4,"featured_media":33576,"comment_status":"closed","ping_status":"closed","sticky":false,"template":"","format":"standard","meta":{"footnotes":""},"categories":[6368],"tags":[],"class_list":["post-33575","post","type-post","status-publish","format-standard","has-post-thumbnail","hentry","category-politica-ro"],"yoast_head":"<!-- This site is optimized with the Yoast SEO plugin v27.4 - https:\/\/yoast.com\/product\/yoast-seo-wordpress\/ -->\n<title>Oficial european: \u201eShor trebuie s\u0103-\u0219i isp\u0103\u0219easc\u0103 pedeapsa\u201d<\/title>\n<meta name=\"description\" content=\"Primarul de Orhei, Ilan \u0218or, trebuie s\u0103-\u0219i isp\u0103\u0219easc\u0103 pedeapsa pentru c\u0103 a furat de la poporul moldovean, a reac\u021bionat liderul PPE, Joseph Daul.\" \/>\n<meta name=\"robots\" content=\"index, follow, max-snippet:-1, max-image-preview:large, max-video-preview:-1\" \/>\n<link rel=\"canonical\" href=\"https:\/\/www.btv.md\/ro\/oficial-european-shor-trebuie-sa-si-ispaseasca-pedeapsa\/\" \/>\n<meta property=\"og:locale\" content=\"ro_RO\" \/>\n<meta property=\"og:type\" content=\"article\" \/>\n<meta property=\"og:title\" content=\"Oficial european: \u201eShor trebuie s\u0103-\u0219i isp\u0103\u0219easc\u0103 pedeapsa\u201d\" \/>\n<meta property=\"og:description\" content=\"Primarul de Orhei, Ilan \u0218or, trebuie s\u0103-\u0219i isp\u0103\u0219easc\u0103 pedeapsa pentru c\u0103 a furat de la poporul moldovean, a reac\u021bionat liderul Partidului Popular European Joseph Daul.\" \/>\n<meta property=\"og:url\" content=\"https:\/\/www.btv.md\/ro\/oficial-european-shor-trebuie-sa-si-ispaseasca-pedeapsa\/\" \/>\n<meta property=\"og:site_name\" content=\"BTV\" \/>\n<meta property=\"article:publisher\" content=\"https:\/\/www.facebook.com\/btvmoldova\/\" \/>\n<meta property=\"article:published_time\" content=\"2017-10-09T13:04:50+00:00\" \/>\n<meta property=\"article:modified_time\" content=\"2017-10-09T13:06:25+00:00\" \/>\n<meta property=\"og:image\" content=\"https:\/\/www.btv.md\/wp-content\/uploads\/2017\/10\/img_2624261_thumbs_640x480_4610511.jpg\" \/>\n\t<meta property=\"og:image:width\" content=\"640\" \/>\n\t<meta property=\"og:image:height\" content=\"480\" \/>\n\t<meta property=\"og:image:type\" content=\"image\/jpeg\" \/>\n<meta name=\"author\" content=\"admin\" \/>\n<meta name=\"twitter:label1\" content=\"Scris de\" \/>\n\t<meta name=\"twitter:data1\" content=\"admin\" \/>\n\t<meta name=\"twitter:label2\" content=\"Timp estimat pentru citire\" \/>\n\t<meta name=\"twitter:data2\" content=\"1 minut\" \/>\n<script type=\"application\/ld+json\" class=\"yoast-schema-graph\">{\"@context\":\"https:\\\/\\\/schema.org\",\"@graph\":[{\"@type\":\"Article\",\"@id\":\"https:\\\/\\\/www.btv.md\\\/ro\\\/oficial-european-shor-trebuie-sa-si-ispaseasca-pedeapsa\\\/#article\",\"isPartOf\":{\"@id\":\"https:\\\/\\\/www.btv.md\\\/ro\\\/oficial-european-shor-trebuie-sa-si-ispaseasca-pedeapsa\\\/\"},\"author\":{\"name\":\"admin\",\"@id\":\"https:\\\/\\\/www.btv.md\\\/#\\\/schema\\\/person\\\/8fadce81561b3ce2c34c46dadc4ccbf2\"},\"headline\":\"Oficial european: \u201eShor trebuie s\u0103-\u0219i isp\u0103\u0219easc\u0103 pedeapsa\u201d\",\"datePublished\":\"2017-10-09T13:04:50+00:00\",\"dateModified\":\"2017-10-09T13:06:25+00:00\",\"mainEntityOfPage\":{\"@id\":\"https:\\\/\\\/www.btv.md\\\/ro\\\/oficial-european-shor-trebuie-sa-si-ispaseasca-pedeapsa\\\/\"},\"wordCount\":239,\"image\":{\"@id\":\"https:\\\/\\\/www.btv.md\\\/ro\\\/oficial-european-shor-trebuie-sa-si-ispaseasca-pedeapsa\\\/#primaryimage\"},\"thumbnailUrl\":\"https:\\\/\\\/www.btv.md\\\/wp-content\\\/uploads\\\/2017\\\/10\\\/img_2624261_thumbs_640x480_4610511.jpg\",\"articleSection\":[\"Politic\u0103\"],\"inLanguage\":\"ro-RO\"},{\"@type\":\"WebPage\",\"@id\":\"https:\\\/\\\/www.btv.md\\\/ro\\\/oficial-european-shor-trebuie-sa-si-ispaseasca-pedeapsa\\\/\",\"url\":\"https:\\\/\\\/www.btv.md\\\/ro\\\/oficial-european-shor-trebuie-sa-si-ispaseasca-pedeapsa\\\/\",\"name\":\"Oficial european: \u201eShor trebuie s\u0103-\u0219i isp\u0103\u0219easc\u0103 pedeapsa\u201d\",\"isPartOf\":{\"@id\":\"https:\\\/\\\/www.btv.md\\\/#website\"},\"primaryImageOfPage\":{\"@id\":\"https:\\\/\\\/www.btv.md\\\/ro\\\/oficial-european-shor-trebuie-sa-si-ispaseasca-pedeapsa\\\/#primaryimage\"},\"image\":{\"@id\":\"https:\\\/\\\/www.btv.md\\\/ro\\\/oficial-european-shor-trebuie-sa-si-ispaseasca-pedeapsa\\\/#primaryimage\"},\"thumbnailUrl\":\"https:\\\/\\\/www.btv.md\\\/wp-content\\\/uploads\\\/2017\\\/10\\\/img_2624261_thumbs_640x480_4610511.jpg\",\"datePublished\":\"2017-10-09T13:04:50+00:00\",\"dateModified\":\"2017-10-09T13:06:25+00:00\",\"author\":{\"@id\":\"https:\\\/\\\/www.btv.md\\\/#\\\/schema\\\/person\\\/8fadce81561b3ce2c34c46dadc4ccbf2\"},\"description\":\"Primarul de Orhei, Ilan \u0218or, trebuie s\u0103-\u0219i isp\u0103\u0219easc\u0103 pedeapsa pentru c\u0103 a furat de la poporul moldovean, a reac\u021bionat liderul PPE, Joseph Daul.\",\"inLanguage\":\"ro-RO\",\"potentialAction\":[{\"@type\":\"ReadAction\",\"target\":[\"https:\\\/\\\/www.btv.md\\\/ro\\\/oficial-european-shor-trebuie-sa-si-ispaseasca-pedeapsa\\\/\"]}]},{\"@type\":\"ImageObject\",\"inLanguage\":\"ro-RO\",\"@id\":\"https:\\\/\\\/www.btv.md\\\/ro\\\/oficial-european-shor-trebuie-sa-si-ispaseasca-pedeapsa\\\/#primaryimage\",\"url\":\"https:\\\/\\\/www.btv.md\\\/wp-content\\\/uploads\\\/2017\\\/10\\\/img_2624261_thumbs_640x480_4610511.jpg\",\"contentUrl\":\"https:\\\/\\\/www.btv.md\\\/wp-content\\\/uploads\\\/2017\\\/10\\\/img_2624261_thumbs_640x480_4610511.jpg\",\"width\":640,\"height\":480,\"caption\":\"Joseph Daul\"},{\"@type\":\"WebSite\",\"@id\":\"https:\\\/\\\/www.btv.md\\\/#website\",\"url\":\"https:\\\/\\\/www.btv.md\\\/\",\"name\":\"BTV\",\"description\":\"\u0411\u0435\u043b\u044c\u0446\u043a\u043e\u0435 \u0442\u0435\u043b\u0435\u0432\u0438\u0434\u0435\u043d\u0438\u0435\",\"potentialAction\":[{\"@type\":\"SearchAction\",\"target\":{\"@type\":\"EntryPoint\",\"urlTemplate\":\"https:\\\/\\\/www.btv.md\\\/?s={search_term_string}\"},\"query-input\":{\"@type\":\"PropertyValueSpecification\",\"valueRequired\":true,\"valueName\":\"search_term_string\"}}],\"inLanguage\":\"ro-RO\"},{\"@type\":\"Person\",\"@id\":\"https:\\\/\\\/www.btv.md\\\/#\\\/schema\\\/person\\\/8fadce81561b3ce2c34c46dadc4ccbf2\",\"name\":\"admin\"}]}<\/script>\n<!-- \/ Yoast SEO plugin. -->","yoast_head_json":{"title":"Oficial european: \u201eShor trebuie s\u0103-\u0219i isp\u0103\u0219easc\u0103 pedeapsa\u201d","description":"Primarul de Orhei, Ilan \u0218or, trebuie s\u0103-\u0219i isp\u0103\u0219easc\u0103 pedeapsa pentru c\u0103 a furat de la poporul moldovean, a reac\u021bionat liderul PPE, Joseph Daul.","robots":{"index":"index","follow":"follow","max-snippet":"max-snippet:-1","max-image-preview":"max-image-preview:large","max-video-preview":"max-video-preview:-1"},"canonical":"https:\/\/www.btv.md\/ro\/oficial-european-shor-trebuie-sa-si-ispaseasca-pedeapsa\/","og_locale":"ro_RO","og_type":"article","og_title":"Oficial european: \u201eShor trebuie s\u0103-\u0219i isp\u0103\u0219easc\u0103 pedeapsa\u201d","og_description":"Primarul de Orhei, Ilan \u0218or, trebuie s\u0103-\u0219i isp\u0103\u0219easc\u0103 pedeapsa pentru c\u0103 a furat de la poporul moldovean, a reac\u021bionat liderul Partidului Popular European Joseph Daul.","og_url":"https:\/\/www.btv.md\/ro\/oficial-european-shor-trebuie-sa-si-ispaseasca-pedeapsa\/","og_site_name":"BTV","article_publisher":"https:\/\/www.facebook.com\/btvmoldova\/","article_published_time":"2017-10-09T13:04:50+00:00","article_modified_time":"2017-10-09T13:06:25+00:00","og_image":[{"width":640,"height":480,"url":"https:\/\/www.btv.md\/wp-content\/uploads\/2017\/10\/img_2624261_thumbs_640x480_4610511.jpg","type":"image\/jpeg"}],"author":"admin","twitter_misc":{"Scris de":"admin","Timp estimat pentru citire":"1 minut"},"schema":{"@context":"https:\/\/schema.org","@graph":[{"@type":"Article","@id":"https:\/\/www.btv.md\/ro\/oficial-european-shor-trebuie-sa-si-ispaseasca-pedeapsa\/#article","isPartOf":{"@id":"https:\/\/www.btv.md\/ro\/oficial-european-shor-trebuie-sa-si-ispaseasca-pedeapsa\/"},"author":{"name":"admin","@id":"https:\/\/www.btv.md\/#\/schema\/person\/8fadce81561b3ce2c34c46dadc4ccbf2"},"headline":"Oficial european: \u201eShor trebuie s\u0103-\u0219i isp\u0103\u0219easc\u0103 pedeapsa\u201d","datePublished":"2017-10-09T13:04:50+00:00","dateModified":"2017-10-09T13:06:25+00:00","mainEntityOfPage":{"@id":"https:\/\/www.btv.md\/ro\/oficial-european-shor-trebuie-sa-si-ispaseasca-pedeapsa\/"},"wordCount":239,"image":{"@id":"https:\/\/www.btv.md\/ro\/oficial-european-shor-trebuie-sa-si-ispaseasca-pedeapsa\/#primaryimage"},"thumbnailUrl":"https:\/\/www.btv.md\/wp-content\/uploads\/2017\/10\/img_2624261_thumbs_640x480_4610511.jpg","articleSection":["Politic\u0103"],"inLanguage":"ro-RO"},{"@type":"WebPage","@id":"https:\/\/www.btv.md\/ro\/oficial-european-shor-trebuie-sa-si-ispaseasca-pedeapsa\/","url":"https:\/\/www.btv.md\/ro\/oficial-european-shor-trebuie-sa-si-ispaseasca-pedeapsa\/","name":"Oficial european: \u201eShor trebuie s\u0103-\u0219i isp\u0103\u0219easc\u0103 pedeapsa\u201d","isPartOf":{"@id":"https:\/\/www.btv.md\/#website"},"primaryImageOfPage":{"@id":"https:\/\/www.btv.md\/ro\/oficial-european-shor-trebuie-sa-si-ispaseasca-pedeapsa\/#primaryimage"},"image":{"@id":"https:\/\/www.btv.md\/ro\/oficial-european-shor-trebuie-sa-si-ispaseasca-pedeapsa\/#primaryimage"},"thumbnailUrl":"https:\/\/www.btv.md\/wp-content\/uploads\/2017\/10\/img_2624261_thumbs_640x480_4610511.jpg","datePublished":"2017-10-09T13:04:50+00:00","dateModified":"2017-10-09T13:06:25+00:00","author":{"@id":"https:\/\/www.btv.md\/#\/schema\/person\/8fadce81561b3ce2c34c46dadc4ccbf2"},"description":"Primarul de Orhei, Ilan \u0218or, trebuie s\u0103-\u0219i isp\u0103\u0219easc\u0103 pedeapsa pentru c\u0103 a furat de la poporul moldovean, a reac\u021bionat liderul PPE, Joseph Daul.","inLanguage":"ro-RO","potentialAction":[{"@type":"ReadAction","target":["https:\/\/www.btv.md\/ro\/oficial-european-shor-trebuie-sa-si-ispaseasca-pedeapsa\/"]}]},{"@type":"ImageObject","inLanguage":"ro-RO","@id":"https:\/\/www.btv.md\/ro\/oficial-european-shor-trebuie-sa-si-ispaseasca-pedeapsa\/#primaryimage","url":"https:\/\/www.btv.md\/wp-content\/uploads\/2017\/10\/img_2624261_thumbs_640x480_4610511.jpg","contentUrl":"https:\/\/www.btv.md\/wp-content\/uploads\/2017\/10\/img_2624261_thumbs_640x480_4610511.jpg","width":640,"height":480,"caption":"Joseph Daul"},{"@type":"WebSite","@id":"https:\/\/www.btv.md\/#website","url":"https:\/\/www.btv.md\/","name":"BTV","description":"\u0411\u0435\u043b\u044c\u0446\u043a\u043e\u0435 \u0442\u0435\u043b\u0435\u0432\u0438\u0434\u0435\u043d\u0438\u0435","potentialAction":[{"@type":"SearchAction","target":{"@type":"EntryPoint","urlTemplate":"https:\/\/www.btv.md\/?s={search_term_string}"},"query-input":{"@type":"PropertyValueSpecification","valueRequired":true,"valueName":"search_term_string"}}],"inLanguage":"ro-RO"},{"@type":"Person","@id":"https:\/\/www.btv.md\/#\/schema\/person\/8fadce81561b3ce2c34c46dadc4ccbf2","name":"admin"}]}},"_links":{"self":[{"href":"https:\/\/www.btv.md\/ro\/wp-json\/wp\/v2\/posts\/33575","targetHints":{"allow":["GET"]}}],"collection":[{"href":"https:\/\/www.btv.md\/ro\/wp-json\/wp\/v2\/posts"}],"about":[{"href":"https:\/\/www.btv.md\/ro\/wp-json\/wp\/v2\/types\/post"}],"author":[{"embeddable":true,"href":"https:\/\/www.btv.md\/ro\/wp-json\/wp\/v2\/users\/4"}],"replies":[{"embeddable":true,"href":"https:\/\/www.btv.md\/ro\/wp-json\/wp\/v2\/comments?post=33575"}],"version-history":[{"count":0,"href":"https:\/\/www.btv.md\/ro\/wp-json\/wp\/v2\/posts\/33575\/revisions"}],"wp:featuredmedia":[{"embeddable":true,"href":"https:\/\/www.btv.md\/ro\/wp-json\/wp\/v2\/media\/33576"}],"wp:attachment":[{"href":"https:\/\/www.btv.md\/ro\/wp-json\/wp\/v2\/media?parent=33575"}],"wp:term":[{"taxonomy":"category","embeddable":true,"href":"https:\/\/www.btv.md\/ro\/wp-json\/wp\/v2\/categories?post=33575"},{"taxonomy":"post_tag","embeddable":true,"href":"https:\/\/www.btv.md\/ro\/wp-json\/wp\/v2\/tags?post=33575"}],"curies":[{"name":"wp","href":"https:\/\/api.w.org\/{rel}","templated":true}]}}