{"id":33579,"date":"2017-10-09T16:08:02","date_gmt":"2017-10-09T13:08:02","guid":{"rendered":"http:\/\/btv.md\/?p=33579"},"modified":"2017-10-09T16:08:02","modified_gmt":"2017-10-09T13:08:02","slug":"a-venit-iarna-in-romania","status":"publish","type":"post","link":"https:\/\/www.btv.md\/ro\/a-venit-iarna-in-romania\/","title":{"rendered":"A  venit  iarna  \u00een  Rom\u00e2nia"},"content":{"rendered":"<p><strong>Cel mai mare strat de z\u0103pad\u0103 din Rom\u00e2nia, respectiv 82 de centimetri a fost \u00eenregistrat duminic\u0103 la V\u00e2rful Omu, \u00een Mun\u0163ii Bucegi, potrivit meteorologilor.<\/strong><\/p>\n<p>Drumarii au \u00eempr\u0103\u015ftiat deja pe \u015fosele 16 tone de material antiderapant. Vremea va continua s\u0103 fie rece \u015fi se vor \u00eenregistra precipita\u0163ii importante, scrie\u00a0news.ro.<\/p>\n<p>De asemenea, strat de z\u0103pad\u0103 este \u015fi \u00een Covasna, la V\u00e2rful L\u0103c\u0103u\u0163i. La B\u00e2lea Lac, \u00een Mun\u0163ii F\u0103g\u0103ra\u015f, stratul de z\u0103pad\u0103 m\u0103soar\u0103 24 de centimetri.<\/p>\n<p>Poli\u0163i\u015ftii \u00eei sf\u0103tuiesc pe \u015foferi s\u0103 adapteze viteza condi\u0163iilor meteo \u015fi s\u0103 respecte semnaliz\u0103rile rutiere \u015fi restric\u0163iile instituite temporar. De asemenea, se recomand\u0103 echiparea ma\u015finilor pentru circula\u0163ia \u00een condi\u0163ii de iarn\u0103 \u00een cazul \u00een care tranziteaz\u0103 zonele montane afectate de ninsori \u00een aceast\u0103 perioad\u0103.<\/p>\n","protected":false},"excerpt":{"rendered":"<p>Cel mai mare strat de z\u0103pad\u0103 din Rom\u00e2nia, respectiv 82 de centimetri a fost \u00eenregistrat duminic\u0103 la V\u00e2rful Omu, \u00een Mun\u0163ii Bucegi, potrivit meteorologilor. Drumarii au \u00eempr\u0103\u015ftiat deja pe \u015fosele 16 tone de material antiderapant. Vremea va continua s\u0103 fie rece \u015fi se vor \u00eenregistra precipita\u0163ii importante, scrie\u00a0news.ro. De asemenea, strat de z\u0103pad\u0103 este \u015fi [&hellip;]<\/p>\n","protected":false},"author":4,"featured_media":33580,"comment_status":"closed","ping_status":"closed","sticky":false,"template":"","format":"standard","meta":{"footnotes":""},"categories":[6354],"tags":[],"class_list":["post-33579","post","type-post","status-publish","format-standard","has-post-thumbnail","hentry","category-externe-ro"],"yoast_head":"<!-- This site is optimized with the Yoast SEO plugin v27.4 - https:\/\/yoast.com\/product\/yoast-seo-wordpress\/ -->\n<title>A venit iarna \u00een Rom\u00e2nia<\/title>\n<meta name=\"description\" content=\"Cel mai mare strat de z\u0103pad\u0103 din Rom\u00e2nia, respectiv 82 de centimetri a fost \u00eenregistrat duminic\u0103 la V\u00e2rful Omu, \u00een Mun\u0163ii Bucegi, potrivit meteorologilor.\" \/>\n<meta name=\"robots\" content=\"index, follow, max-snippet:-1, max-image-preview:large, max-video-preview:-1\" \/>\n<link rel=\"canonical\" href=\"https:\/\/www.btv.md\/ro\/a-venit-iarna-in-romania\/\" \/>\n<meta property=\"og:locale\" content=\"ro_RO\" \/>\n<meta property=\"og:type\" content=\"article\" \/>\n<meta property=\"og:title\" content=\"A venit iarna \u00een Rom\u00e2nia\" \/>\n<meta property=\"og:description\" content=\"Cel mai mare strat de z\u0103pad\u0103 din Rom\u00e2nia, respectiv 82 de centimetri a fost \u00eenregistrat duminic\u0103 la V\u00e2rful Omu, \u00een Mun\u0163ii Bucegi, potrivit meteorologilor.\" \/>\n<meta property=\"og:url\" content=\"https:\/\/www.btv.md\/ro\/a-venit-iarna-in-romania\/\" \/>\n<meta property=\"og:site_name\" content=\"BTV\" \/>\n<meta property=\"article:publisher\" content=\"https:\/\/www.facebook.com\/btvmoldova\/\" \/>\n<meta property=\"article:published_time\" content=\"2017-10-09T13:08:02+00:00\" \/>\n<meta property=\"og:image\" content=\"https:\/\/www.btv.md\/wp-content\/uploads\/2017\/10\/72089_1500285279.jpg\" \/>\n\t<meta property=\"og:image:width\" content=\"1000\" \/>\n\t<meta property=\"og:image:height\" content=\"541\" \/>\n\t<meta property=\"og:image:type\" content=\"image\/jpeg\" \/>\n<meta name=\"author\" content=\"admin\" \/>\n<meta name=\"twitter:label1\" content=\"Scris de\" \/>\n\t<meta name=\"twitter:data1\" content=\"admin\" \/>\n\t<meta name=\"twitter:label2\" content=\"Timp estimat pentru citire\" \/>\n\t<meta name=\"twitter:data2\" content=\"1 minut\" \/>\n<script type=\"application\/ld+json\" class=\"yoast-schema-graph\">{\"@context\":\"https:\\\/\\\/schema.org\",\"@graph\":[{\"@type\":\"Article\",\"@id\":\"https:\\\/\\\/www.btv.md\\\/ro\\\/a-venit-iarna-in-romania\\\/#article\",\"isPartOf\":{\"@id\":\"https:\\\/\\\/www.btv.md\\\/ro\\\/a-venit-iarna-in-romania\\\/\"},\"author\":{\"name\":\"admin\",\"@id\":\"https:\\\/\\\/www.btv.md\\\/#\\\/schema\\\/person\\\/8fadce81561b3ce2c34c46dadc4ccbf2\"},\"headline\":\"A venit iarna \u00een Rom\u00e2nia\",\"datePublished\":\"2017-10-09T13:08:02+00:00\",\"mainEntityOfPage\":{\"@id\":\"https:\\\/\\\/www.btv.md\\\/ro\\\/a-venit-iarna-in-romania\\\/\"},\"wordCount\":148,\"image\":{\"@id\":\"https:\\\/\\\/www.btv.md\\\/ro\\\/a-venit-iarna-in-romania\\\/#primaryimage\"},\"thumbnailUrl\":\"https:\\\/\\\/www.btv.md\\\/wp-content\\\/uploads\\\/2017\\\/10\\\/72089_1500285279.jpg\",\"articleSection\":[\"Externe\"],\"inLanguage\":\"ro-RO\"},{\"@type\":\"WebPage\",\"@id\":\"https:\\\/\\\/www.btv.md\\\/ro\\\/a-venit-iarna-in-romania\\\/\",\"url\":\"https:\\\/\\\/www.btv.md\\\/ro\\\/a-venit-iarna-in-romania\\\/\",\"name\":\"A venit iarna \u00een Rom\u00e2nia\",\"isPartOf\":{\"@id\":\"https:\\\/\\\/www.btv.md\\\/#website\"},\"primaryImageOfPage\":{\"@id\":\"https:\\\/\\\/www.btv.md\\\/ro\\\/a-venit-iarna-in-romania\\\/#primaryimage\"},\"image\":{\"@id\":\"https:\\\/\\\/www.btv.md\\\/ro\\\/a-venit-iarna-in-romania\\\/#primaryimage\"},\"thumbnailUrl\":\"https:\\\/\\\/www.btv.md\\\/wp-content\\\/uploads\\\/2017\\\/10\\\/72089_1500285279.jpg\",\"datePublished\":\"2017-10-09T13:08:02+00:00\",\"author\":{\"@id\":\"https:\\\/\\\/www.btv.md\\\/#\\\/schema\\\/person\\\/8fadce81561b3ce2c34c46dadc4ccbf2\"},\"description\":\"Cel mai mare strat de z\u0103pad\u0103 din Rom\u00e2nia, respectiv 82 de centimetri a fost \u00eenregistrat duminic\u0103 la V\u00e2rful Omu, \u00een Mun\u0163ii Bucegi, potrivit meteorologilor.\",\"inLanguage\":\"ro-RO\",\"potentialAction\":[{\"@type\":\"ReadAction\",\"target\":[\"https:\\\/\\\/www.btv.md\\\/ro\\\/a-venit-iarna-in-romania\\\/\"]}]},{\"@type\":\"ImageObject\",\"inLanguage\":\"ro-RO\",\"@id\":\"https:\\\/\\\/www.btv.md\\\/ro\\\/a-venit-iarna-in-romania\\\/#primaryimage\",\"url\":\"https:\\\/\\\/www.btv.md\\\/wp-content\\\/uploads\\\/2017\\\/10\\\/72089_1500285279.jpg\",\"contentUrl\":\"https:\\\/\\\/www.btv.md\\\/wp-content\\\/uploads\\\/2017\\\/10\\\/72089_1500285279.jpg\",\"width\":1000,\"height\":541,\"caption\":\"iarna \u00een Rom\u00e2nia\"},{\"@type\":\"WebSite\",\"@id\":\"https:\\\/\\\/www.btv.md\\\/#website\",\"url\":\"https:\\\/\\\/www.btv.md\\\/\",\"name\":\"BTV\",\"description\":\"\u0411\u0435\u043b\u044c\u0446\u043a\u043e\u0435 \u0442\u0435\u043b\u0435\u0432\u0438\u0434\u0435\u043d\u0438\u0435\",\"potentialAction\":[{\"@type\":\"SearchAction\",\"target\":{\"@type\":\"EntryPoint\",\"urlTemplate\":\"https:\\\/\\\/www.btv.md\\\/?s={search_term_string}\"},\"query-input\":{\"@type\":\"PropertyValueSpecification\",\"valueRequired\":true,\"valueName\":\"search_term_string\"}}],\"inLanguage\":\"ro-RO\"},{\"@type\":\"Person\",\"@id\":\"https:\\\/\\\/www.btv.md\\\/#\\\/schema\\\/person\\\/8fadce81561b3ce2c34c46dadc4ccbf2\",\"name\":\"admin\"}]}<\/script>\n<!-- \/ Yoast SEO plugin. -->","yoast_head_json":{"title":"A venit iarna \u00een Rom\u00e2nia","description":"Cel mai mare strat de z\u0103pad\u0103 din Rom\u00e2nia, respectiv 82 de centimetri a fost \u00eenregistrat duminic\u0103 la V\u00e2rful Omu, \u00een Mun\u0163ii Bucegi, potrivit meteorologilor.","robots":{"index":"index","follow":"follow","max-snippet":"max-snippet:-1","max-image-preview":"max-image-preview:large","max-video-preview":"max-video-preview:-1"},"canonical":"https:\/\/www.btv.md\/ro\/a-venit-iarna-in-romania\/","og_locale":"ro_RO","og_type":"article","og_title":"A venit iarna \u00een Rom\u00e2nia","og_description":"Cel mai mare strat de z\u0103pad\u0103 din Rom\u00e2nia, respectiv 82 de centimetri a fost \u00eenregistrat duminic\u0103 la V\u00e2rful Omu, \u00een Mun\u0163ii Bucegi, potrivit meteorologilor.","og_url":"https:\/\/www.btv.md\/ro\/a-venit-iarna-in-romania\/","og_site_name":"BTV","article_publisher":"https:\/\/www.facebook.com\/btvmoldova\/","article_published_time":"2017-10-09T13:08:02+00:00","og_image":[{"width":1000,"height":541,"url":"https:\/\/www.btv.md\/wp-content\/uploads\/2017\/10\/72089_1500285279.jpg","type":"image\/jpeg"}],"author":"admin","twitter_misc":{"Scris de":"admin","Timp estimat pentru citire":"1 minut"},"schema":{"@context":"https:\/\/schema.org","@graph":[{"@type":"Article","@id":"https:\/\/www.btv.md\/ro\/a-venit-iarna-in-romania\/#article","isPartOf":{"@id":"https:\/\/www.btv.md\/ro\/a-venit-iarna-in-romania\/"},"author":{"name":"admin","@id":"https:\/\/www.btv.md\/#\/schema\/person\/8fadce81561b3ce2c34c46dadc4ccbf2"},"headline":"A venit iarna \u00een Rom\u00e2nia","datePublished":"2017-10-09T13:08:02+00:00","mainEntityOfPage":{"@id":"https:\/\/www.btv.md\/ro\/a-venit-iarna-in-romania\/"},"wordCount":148,"image":{"@id":"https:\/\/www.btv.md\/ro\/a-venit-iarna-in-romania\/#primaryimage"},"thumbnailUrl":"https:\/\/www.btv.md\/wp-content\/uploads\/2017\/10\/72089_1500285279.jpg","articleSection":["Externe"],"inLanguage":"ro-RO"},{"@type":"WebPage","@id":"https:\/\/www.btv.md\/ro\/a-venit-iarna-in-romania\/","url":"https:\/\/www.btv.md\/ro\/a-venit-iarna-in-romania\/","name":"A venit iarna \u00een Rom\u00e2nia","isPartOf":{"@id":"https:\/\/www.btv.md\/#website"},"primaryImageOfPage":{"@id":"https:\/\/www.btv.md\/ro\/a-venit-iarna-in-romania\/#primaryimage"},"image":{"@id":"https:\/\/www.btv.md\/ro\/a-venit-iarna-in-romania\/#primaryimage"},"thumbnailUrl":"https:\/\/www.btv.md\/wp-content\/uploads\/2017\/10\/72089_1500285279.jpg","datePublished":"2017-10-09T13:08:02+00:00","author":{"@id":"https:\/\/www.btv.md\/#\/schema\/person\/8fadce81561b3ce2c34c46dadc4ccbf2"},"description":"Cel mai mare strat de z\u0103pad\u0103 din Rom\u00e2nia, respectiv 82 de centimetri a fost \u00eenregistrat duminic\u0103 la V\u00e2rful Omu, \u00een Mun\u0163ii Bucegi, potrivit meteorologilor.","inLanguage":"ro-RO","potentialAction":[{"@type":"ReadAction","target":["https:\/\/www.btv.md\/ro\/a-venit-iarna-in-romania\/"]}]},{"@type":"ImageObject","inLanguage":"ro-RO","@id":"https:\/\/www.btv.md\/ro\/a-venit-iarna-in-romania\/#primaryimage","url":"https:\/\/www.btv.md\/wp-content\/uploads\/2017\/10\/72089_1500285279.jpg","contentUrl":"https:\/\/www.btv.md\/wp-content\/uploads\/2017\/10\/72089_1500285279.jpg","width":1000,"height":541,"caption":"iarna \u00een Rom\u00e2nia"},{"@type":"WebSite","@id":"https:\/\/www.btv.md\/#website","url":"https:\/\/www.btv.md\/","name":"BTV","description":"\u0411\u0435\u043b\u044c\u0446\u043a\u043e\u0435 \u0442\u0435\u043b\u0435\u0432\u0438\u0434\u0435\u043d\u0438\u0435","potentialAction":[{"@type":"SearchAction","target":{"@type":"EntryPoint","urlTemplate":"https:\/\/www.btv.md\/?s={search_term_string}"},"query-input":{"@type":"PropertyValueSpecification","valueRequired":true,"valueName":"search_term_string"}}],"inLanguage":"ro-RO"},{"@type":"Person","@id":"https:\/\/www.btv.md\/#\/schema\/person\/8fadce81561b3ce2c34c46dadc4ccbf2","name":"admin"}]}},"_links":{"self":[{"href":"https:\/\/www.btv.md\/ro\/wp-json\/wp\/v2\/posts\/33579","targetHints":{"allow":["GET"]}}],"collection":[{"href":"https:\/\/www.btv.md\/ro\/wp-json\/wp\/v2\/posts"}],"about":[{"href":"https:\/\/www.btv.md\/ro\/wp-json\/wp\/v2\/types\/post"}],"author":[{"embeddable":true,"href":"https:\/\/www.btv.md\/ro\/wp-json\/wp\/v2\/users\/4"}],"replies":[{"embeddable":true,"href":"https:\/\/www.btv.md\/ro\/wp-json\/wp\/v2\/comments?post=33579"}],"version-history":[{"count":0,"href":"https:\/\/www.btv.md\/ro\/wp-json\/wp\/v2\/posts\/33579\/revisions"}],"wp:featuredmedia":[{"embeddable":true,"href":"https:\/\/www.btv.md\/ro\/wp-json\/wp\/v2\/media\/33580"}],"wp:attachment":[{"href":"https:\/\/www.btv.md\/ro\/wp-json\/wp\/v2\/media?parent=33579"}],"wp:term":[{"taxonomy":"category","embeddable":true,"href":"https:\/\/www.btv.md\/ro\/wp-json\/wp\/v2\/categories?post=33579"},{"taxonomy":"post_tag","embeddable":true,"href":"https:\/\/www.btv.md\/ro\/wp-json\/wp\/v2\/tags?post=33579"}],"curies":[{"name":"wp","href":"https:\/\/api.w.org\/{rel}","templated":true}]}}