{"id":33603,"date":"2017-10-09T19:10:37","date_gmt":"2017-10-09T16:10:37","guid":{"rendered":"http:\/\/btv.md\/?p=33603"},"modified":"2019-02-12T11:34:25","modified_gmt":"2019-02-12T09:34:25","slug":"o-noua-sansa-pentru-minorii-din-balti-certati-cu-legea","status":"publish","type":"post","link":"https:\/\/www.btv.md\/ro\/o-noua-sansa-pentru-minorii-din-balti-certati-cu-legea\/","title":{"rendered":"O nou\u0103 \u0219ans\u0103 pentru minorii din B\u0103l\u021bi, certa\u021bi cu legea"},"content":{"rendered":"<p><strong>Treizeci de minori din B\u0103l\u021bi vor primi a doua \u0219ans\u0103 la via\u021b\u0103. Cel pu\u021bin asta \u00ee\u0219i propun ini\u021biatorii proiectului \u201eA Second Chance to Advance\u201d, care de cur\u00e2nd, va fi lansat la B\u0103l\u021bi. Proiectul are ca scop reducerea num\u0103rului de infrac\u021biuni \u00een r\u00e2ndul tinerilor, reabilitarea \u0219i reintegrarea \u00een societate a minorilor din familii social vulnerabile \u0219i care sunt \u00een conflict cu legea.<\/strong><\/p>\n<p style=\"text-align: center;\"><iframe data-src=\"https:\/\/www.youtube.com\/embed\/O-Ye_JNq9hg\" width=\"854\" height=\"480\" frameborder=\"0\" allowfullscreen=\"allowfullscreen\" src=\"data:image\/svg+xml;base64,PHN2ZyB3aWR0aD0iMSIgaGVpZ2h0PSIxIiB4bWxucz0iaHR0cDovL3d3dy53My5vcmcvMjAwMC9zdmciPjwvc3ZnPg==\" class=\"lazyload\" data-load-mode=\"1\"><\/iframe><\/p>\n<p>Ini\u021biativa apar\u021bine unui grup de voluntari \u00een parteneriat cu reprezentan\u021bii asocia\u021biei \u201eTinerii pentru Dreptul la Via\u021b\u0103\u201d.<\/p>\n<blockquote><p><em>\u201eVom \u00eencerca \u0219i vom reu\u0219i s\u0103 le str\u0103mut\u0103m aten\u021bia de la lucruri care sunt social neacceptate \u0219i nefavorabile, c\u0103tre unele bune \u0219i pozitive, cum ar fi sportul, voluntariatul, implicarea activ\u0103, cre\u0219terea imaginii de sine \u0219i dezvoltarea personal\u0103.\u201d<\/em><\/p><\/blockquote>\n<p>Programul presupune educa\u021bie nonformal\u0103 \u0219i mult sport. Principalele aspecte discutate vor \u021bine de drepturile minorilor, riscurile de \u00eenc\u0103lcare a legii \u0219i pericolele consumului de droguri.<\/p>\n<blockquote><p><em>\u201e\u00cen echip\u0103 sunt psihologi,\u00a0 antrenori de sport, inclusiv voluntari de la Corpul P\u0103cii, care svor avea grij\u0103 timp de opt luni de 30 de copii din familii social-vulnerabile. Avem multe familii s\u0103race, avem copii c\u0103rora nu li se acord\u0103 suficient\u0103 aten\u021bie. \u00cen cazul dat am f\u0103cut demers c\u0103tre Direc\u021bia Asisten\u021b\u0103 Social\u0103 \u0219i Protec\u021bia Familiei, apel\u0103m la Inspectoratul de Poli\u021bie, pentru a determina poten\u021bialii beneficiari.\u201d<\/em><\/p><\/blockquote>\n<p>Activitatea echipei de speciali\u0219ti va fi orientat\u0103 spre dezvoltarea aptitudinilor personale, leadership \u0219i comunicare. Mai mult, fiecare beneficiar va avea parte de ore de consiliere psihologic\u0103.<\/p>\n<blockquote><p><em>\u201eScopul nostru este ca \u00een cadrul \u0219edin\u021belor individuale s\u0103-i sus\u021binem \u00een schimbarea de comportament. Paralel cu activit\u0103\u021bile \u00een care vor fi inclu\u0219i, minorii vor avea parte \u0219i de\u00a0 consulta\u021bii individuale cu specialistul psiholog.\u201d<\/em><\/p><\/blockquote>\n<p>Tinerii vor face cuno\u0219tin\u021b\u0103 cu spectrul de servicii a ONG-urilor locale \u00een care se pot dezvolta \u00een continuare \u0219i pot participa la proiecte comunitare.<\/p>\n<blockquote><p><em>\u201eAcest proiect va permite s\u0103 afl\u0103m p\u0103rerea tinerilor care sunt \u00een conflict cu legea, au probleme cu drogurile sau alcoolul. Dac\u0103 vom crea condi\u021bii favorabile pentru tineri, vom putea schimba situa\u021bia problematic\u0103 a unor tineri din ora\u0219.<\/em><em>\u201d<\/em><\/p><\/blockquote>\n<p>Proiectul va fi realizat cu suportul financiar al Ambasadei SUA \u00een Moldova, dar \u0219i a altor sponsori.<\/p>\n","protected":false},"excerpt":{"rendered":"<p>Treizeci de minori din B\u0103l\u021bi vor primi a doua \u0219ans\u0103 la via\u021b\u0103. Cel pu\u021bin asta \u00ee\u0219i propun ini\u021biatorii proiectului \u201eA Second Chance to Advance\u201d, care de cur\u00e2nd, va fi lansat la B\u0103l\u021bi. Proiectul are ca scop reducerea num\u0103rului de infrac\u021biuni \u00een r\u00e2ndul tinerilor, reabilitarea \u0219i reintegrarea \u00een societate a minorilor din familii social vulnerabile \u0219i [&hellip;]<\/p>\n","protected":false},"author":4,"featured_media":33619,"comment_status":"closed","ping_status":"closed","sticky":false,"template":"","format":"standard","meta":{"footnotes":""},"categories":[6353,6377],"tags":[],"class_list":["post-33603","post","type-post","status-publish","format-standard","has-post-thumbnail","hentry","category-oras","category-stiri"],"yoast_head":"<!-- This site is optimized with the Yoast SEO plugin v27.4 - https:\/\/yoast.com\/product\/yoast-seo-wordpress\/ -->\n<title>O nou\u0103 \u0219ans\u0103 pentru minorii din B\u0103l\u021bi, certa\u021bi cu legea<\/title>\n<meta name=\"description\" content=\"Treizeci de minori din B\u0103l\u021bi vor primi a doua \u0219ans\u0103 la via\u021b\u0103. Cel pu\u021bin asta \u00ee\u0219i propun ini\u021biatorii proiectului \u201eA Second Chance to Advance\u201d.\" \/>\n<meta name=\"robots\" content=\"index, follow, max-snippet:-1, max-image-preview:large, max-video-preview:-1\" \/>\n<link rel=\"canonical\" href=\"https:\/\/www.btv.md\/ro\/o-noua-sansa-pentru-minorii-din-balti-certati-cu-legea\/\" \/>\n<meta property=\"og:locale\" content=\"ro_RO\" \/>\n<meta property=\"og:type\" content=\"article\" \/>\n<meta property=\"og:title\" content=\"O nou\u0103 \u0219ans\u0103 pentru minorii din B\u0103l\u021bi, certa\u021bi cu legea\" \/>\n<meta property=\"og:description\" content=\"Treizeci de minori din B\u0103l\u021bi vor primi a doua \u0219ans\u0103 la via\u021b\u0103. Cel pu\u021bin asta \u00ee\u0219i propun ini\u021biatorii proiectului \u201eA Second Chance to Advance\u201d, care de cur\u00e2nd, va fi lansat la B\u0103l\u021bi.\" \/>\n<meta property=\"og:url\" content=\"https:\/\/www.btv.md\/ro\/o-noua-sansa-pentru-minorii-din-balti-certati-cu-legea\/\" \/>\n<meta property=\"og:site_name\" content=\"BTV\" \/>\n<meta property=\"article:publisher\" content=\"https:\/\/www.facebook.com\/btvmoldova\/\" \/>\n<meta property=\"article:published_time\" content=\"2017-10-09T16:10:37+00:00\" \/>\n<meta property=\"article:modified_time\" content=\"2019-02-12T09:34:25+00:00\" \/>\n<meta property=\"og:image\" content=\"https:\/\/www.btv.md\/wp-content\/uploads\/2017\/10\/tineri-1.png\" \/>\n\t<meta property=\"og:image:width\" content=\"1366\" \/>\n\t<meta property=\"og:image:height\" content=\"589\" \/>\n\t<meta property=\"og:image:type\" content=\"image\/png\" \/>\n<meta name=\"author\" content=\"admin\" \/>\n<meta name=\"twitter:label1\" content=\"Scris de\" \/>\n\t<meta name=\"twitter:data1\" content=\"admin\" \/>\n\t<meta name=\"twitter:label2\" content=\"Timp estimat pentru citire\" \/>\n\t<meta name=\"twitter:data2\" content=\"2 minute\" \/>\n<script type=\"application\/ld+json\" class=\"yoast-schema-graph\">{\"@context\":\"https:\\\/\\\/schema.org\",\"@graph\":[{\"@type\":\"Article\",\"@id\":\"https:\\\/\\\/www.btv.md\\\/ro\\\/o-noua-sansa-pentru-minorii-din-balti-certati-cu-legea\\\/#article\",\"isPartOf\":{\"@id\":\"https:\\\/\\\/www.btv.md\\\/ro\\\/o-noua-sansa-pentru-minorii-din-balti-certati-cu-legea\\\/\"},\"author\":{\"name\":\"admin\",\"@id\":\"https:\\\/\\\/www.btv.md\\\/#\\\/schema\\\/person\\\/8fadce81561b3ce2c34c46dadc4ccbf2\"},\"headline\":\"O nou\u0103 \u0219ans\u0103 pentru minorii din B\u0103l\u021bi, certa\u021bi cu legea\",\"datePublished\":\"2017-10-09T16:10:37+00:00\",\"dateModified\":\"2019-02-12T09:34:25+00:00\",\"mainEntityOfPage\":{\"@id\":\"https:\\\/\\\/www.btv.md\\\/ro\\\/o-noua-sansa-pentru-minorii-din-balti-certati-cu-legea\\\/\"},\"wordCount\":397,\"image\":{\"@id\":\"https:\\\/\\\/www.btv.md\\\/ro\\\/o-noua-sansa-pentru-minorii-din-balti-certati-cu-legea\\\/#primaryimage\"},\"thumbnailUrl\":\"https:\\\/\\\/www.btv.md\\\/wp-content\\\/uploads\\\/2017\\\/10\\\/tineri-1.png\",\"articleSection\":[\"Ora\u0219\",\"\u0218tiri\"],\"inLanguage\":\"ro-RO\"},{\"@type\":\"WebPage\",\"@id\":\"https:\\\/\\\/www.btv.md\\\/ro\\\/o-noua-sansa-pentru-minorii-din-balti-certati-cu-legea\\\/\",\"url\":\"https:\\\/\\\/www.btv.md\\\/ro\\\/o-noua-sansa-pentru-minorii-din-balti-certati-cu-legea\\\/\",\"name\":\"O nou\u0103 \u0219ans\u0103 pentru minorii din B\u0103l\u021bi, certa\u021bi cu legea\",\"isPartOf\":{\"@id\":\"https:\\\/\\\/www.btv.md\\\/#website\"},\"primaryImageOfPage\":{\"@id\":\"https:\\\/\\\/www.btv.md\\\/ro\\\/o-noua-sansa-pentru-minorii-din-balti-certati-cu-legea\\\/#primaryimage\"},\"image\":{\"@id\":\"https:\\\/\\\/www.btv.md\\\/ro\\\/o-noua-sansa-pentru-minorii-din-balti-certati-cu-legea\\\/#primaryimage\"},\"thumbnailUrl\":\"https:\\\/\\\/www.btv.md\\\/wp-content\\\/uploads\\\/2017\\\/10\\\/tineri-1.png\",\"datePublished\":\"2017-10-09T16:10:37+00:00\",\"dateModified\":\"2019-02-12T09:34:25+00:00\",\"author\":{\"@id\":\"https:\\\/\\\/www.btv.md\\\/#\\\/schema\\\/person\\\/8fadce81561b3ce2c34c46dadc4ccbf2\"},\"description\":\"Treizeci de minori din B\u0103l\u021bi vor primi a doua \u0219ans\u0103 la via\u021b\u0103. Cel pu\u021bin asta \u00ee\u0219i propun ini\u021biatorii proiectului \u201eA Second Chance to Advance\u201d.\",\"inLanguage\":\"ro-RO\",\"potentialAction\":[{\"@type\":\"ReadAction\",\"target\":[\"https:\\\/\\\/www.btv.md\\\/ro\\\/o-noua-sansa-pentru-minorii-din-balti-certati-cu-legea\\\/\"]}]},{\"@type\":\"ImageObject\",\"inLanguage\":\"ro-RO\",\"@id\":\"https:\\\/\\\/www.btv.md\\\/ro\\\/o-noua-sansa-pentru-minorii-din-balti-certati-cu-legea\\\/#primaryimage\",\"url\":\"https:\\\/\\\/www.btv.md\\\/wp-content\\\/uploads\\\/2017\\\/10\\\/tineri-1.png\",\"contentUrl\":\"https:\\\/\\\/www.btv.md\\\/wp-content\\\/uploads\\\/2017\\\/10\\\/tineri-1.png\",\"width\":1366,\"height\":589,\"caption\":\"\u201eA Second Chance to Advance\u201d\"},{\"@type\":\"WebSite\",\"@id\":\"https:\\\/\\\/www.btv.md\\\/#website\",\"url\":\"https:\\\/\\\/www.btv.md\\\/\",\"name\":\"BTV\",\"description\":\"\u0411\u0435\u043b\u044c\u0446\u043a\u043e\u0435 \u0442\u0435\u043b\u0435\u0432\u0438\u0434\u0435\u043d\u0438\u0435\",\"potentialAction\":[{\"@type\":\"SearchAction\",\"target\":{\"@type\":\"EntryPoint\",\"urlTemplate\":\"https:\\\/\\\/www.btv.md\\\/?s={search_term_string}\"},\"query-input\":{\"@type\":\"PropertyValueSpecification\",\"valueRequired\":true,\"valueName\":\"search_term_string\"}}],\"inLanguage\":\"ro-RO\"},{\"@type\":\"Person\",\"@id\":\"https:\\\/\\\/www.btv.md\\\/#\\\/schema\\\/person\\\/8fadce81561b3ce2c34c46dadc4ccbf2\",\"name\":\"admin\"}]}<\/script>\n<!-- \/ Yoast SEO plugin. -->","yoast_head_json":{"title":"O nou\u0103 \u0219ans\u0103 pentru minorii din B\u0103l\u021bi, certa\u021bi cu legea","description":"Treizeci de minori din B\u0103l\u021bi vor primi a doua \u0219ans\u0103 la via\u021b\u0103. Cel pu\u021bin asta \u00ee\u0219i propun ini\u021biatorii proiectului \u201eA Second Chance to Advance\u201d.","robots":{"index":"index","follow":"follow","max-snippet":"max-snippet:-1","max-image-preview":"max-image-preview:large","max-video-preview":"max-video-preview:-1"},"canonical":"https:\/\/www.btv.md\/ro\/o-noua-sansa-pentru-minorii-din-balti-certati-cu-legea\/","og_locale":"ro_RO","og_type":"article","og_title":"O nou\u0103 \u0219ans\u0103 pentru minorii din B\u0103l\u021bi, certa\u021bi cu legea","og_description":"Treizeci de minori din B\u0103l\u021bi vor primi a doua \u0219ans\u0103 la via\u021b\u0103. Cel pu\u021bin asta \u00ee\u0219i propun ini\u021biatorii proiectului \u201eA Second Chance to Advance\u201d, care de cur\u00e2nd, va fi lansat la B\u0103l\u021bi.","og_url":"https:\/\/www.btv.md\/ro\/o-noua-sansa-pentru-minorii-din-balti-certati-cu-legea\/","og_site_name":"BTV","article_publisher":"https:\/\/www.facebook.com\/btvmoldova\/","article_published_time":"2017-10-09T16:10:37+00:00","article_modified_time":"2019-02-12T09:34:25+00:00","og_image":[{"width":1366,"height":589,"url":"https:\/\/www.btv.md\/wp-content\/uploads\/2017\/10\/tineri-1.png","type":"image\/png"}],"author":"admin","twitter_misc":{"Scris de":"admin","Timp estimat pentru citire":"2 minute"},"schema":{"@context":"https:\/\/schema.org","@graph":[{"@type":"Article","@id":"https:\/\/www.btv.md\/ro\/o-noua-sansa-pentru-minorii-din-balti-certati-cu-legea\/#article","isPartOf":{"@id":"https:\/\/www.btv.md\/ro\/o-noua-sansa-pentru-minorii-din-balti-certati-cu-legea\/"},"author":{"name":"admin","@id":"https:\/\/www.btv.md\/#\/schema\/person\/8fadce81561b3ce2c34c46dadc4ccbf2"},"headline":"O nou\u0103 \u0219ans\u0103 pentru minorii din B\u0103l\u021bi, certa\u021bi cu legea","datePublished":"2017-10-09T16:10:37+00:00","dateModified":"2019-02-12T09:34:25+00:00","mainEntityOfPage":{"@id":"https:\/\/www.btv.md\/ro\/o-noua-sansa-pentru-minorii-din-balti-certati-cu-legea\/"},"wordCount":397,"image":{"@id":"https:\/\/www.btv.md\/ro\/o-noua-sansa-pentru-minorii-din-balti-certati-cu-legea\/#primaryimage"},"thumbnailUrl":"https:\/\/www.btv.md\/wp-content\/uploads\/2017\/10\/tineri-1.png","articleSection":["Ora\u0219","\u0218tiri"],"inLanguage":"ro-RO"},{"@type":"WebPage","@id":"https:\/\/www.btv.md\/ro\/o-noua-sansa-pentru-minorii-din-balti-certati-cu-legea\/","url":"https:\/\/www.btv.md\/ro\/o-noua-sansa-pentru-minorii-din-balti-certati-cu-legea\/","name":"O nou\u0103 \u0219ans\u0103 pentru minorii din B\u0103l\u021bi, certa\u021bi cu legea","isPartOf":{"@id":"https:\/\/www.btv.md\/#website"},"primaryImageOfPage":{"@id":"https:\/\/www.btv.md\/ro\/o-noua-sansa-pentru-minorii-din-balti-certati-cu-legea\/#primaryimage"},"image":{"@id":"https:\/\/www.btv.md\/ro\/o-noua-sansa-pentru-minorii-din-balti-certati-cu-legea\/#primaryimage"},"thumbnailUrl":"https:\/\/www.btv.md\/wp-content\/uploads\/2017\/10\/tineri-1.png","datePublished":"2017-10-09T16:10:37+00:00","dateModified":"2019-02-12T09:34:25+00:00","author":{"@id":"https:\/\/www.btv.md\/#\/schema\/person\/8fadce81561b3ce2c34c46dadc4ccbf2"},"description":"Treizeci de minori din B\u0103l\u021bi vor primi a doua \u0219ans\u0103 la via\u021b\u0103. Cel pu\u021bin asta \u00ee\u0219i propun ini\u021biatorii proiectului \u201eA Second Chance to Advance\u201d.","inLanguage":"ro-RO","potentialAction":[{"@type":"ReadAction","target":["https:\/\/www.btv.md\/ro\/o-noua-sansa-pentru-minorii-din-balti-certati-cu-legea\/"]}]},{"@type":"ImageObject","inLanguage":"ro-RO","@id":"https:\/\/www.btv.md\/ro\/o-noua-sansa-pentru-minorii-din-balti-certati-cu-legea\/#primaryimage","url":"https:\/\/www.btv.md\/wp-content\/uploads\/2017\/10\/tineri-1.png","contentUrl":"https:\/\/www.btv.md\/wp-content\/uploads\/2017\/10\/tineri-1.png","width":1366,"height":589,"caption":"\u201eA Second Chance to Advance\u201d"},{"@type":"WebSite","@id":"https:\/\/www.btv.md\/#website","url":"https:\/\/www.btv.md\/","name":"BTV","description":"\u0411\u0435\u043b\u044c\u0446\u043a\u043e\u0435 \u0442\u0435\u043b\u0435\u0432\u0438\u0434\u0435\u043d\u0438\u0435","potentialAction":[{"@type":"SearchAction","target":{"@type":"EntryPoint","urlTemplate":"https:\/\/www.btv.md\/?s={search_term_string}"},"query-input":{"@type":"PropertyValueSpecification","valueRequired":true,"valueName":"search_term_string"}}],"inLanguage":"ro-RO"},{"@type":"Person","@id":"https:\/\/www.btv.md\/#\/schema\/person\/8fadce81561b3ce2c34c46dadc4ccbf2","name":"admin"}]}},"_links":{"self":[{"href":"https:\/\/www.btv.md\/ro\/wp-json\/wp\/v2\/posts\/33603","targetHints":{"allow":["GET"]}}],"collection":[{"href":"https:\/\/www.btv.md\/ro\/wp-json\/wp\/v2\/posts"}],"about":[{"href":"https:\/\/www.btv.md\/ro\/wp-json\/wp\/v2\/types\/post"}],"author":[{"embeddable":true,"href":"https:\/\/www.btv.md\/ro\/wp-json\/wp\/v2\/users\/4"}],"replies":[{"embeddable":true,"href":"https:\/\/www.btv.md\/ro\/wp-json\/wp\/v2\/comments?post=33603"}],"version-history":[{"count":0,"href":"https:\/\/www.btv.md\/ro\/wp-json\/wp\/v2\/posts\/33603\/revisions"}],"wp:featuredmedia":[{"embeddable":true,"href":"https:\/\/www.btv.md\/ro\/wp-json\/wp\/v2\/media\/33619"}],"wp:attachment":[{"href":"https:\/\/www.btv.md\/ro\/wp-json\/wp\/v2\/media?parent=33603"}],"wp:term":[{"taxonomy":"category","embeddable":true,"href":"https:\/\/www.btv.md\/ro\/wp-json\/wp\/v2\/categories?post=33603"},{"taxonomy":"post_tag","embeddable":true,"href":"https:\/\/www.btv.md\/ro\/wp-json\/wp\/v2\/tags?post=33603"}],"curies":[{"name":"wp","href":"https:\/\/api.w.org\/{rel}","templated":true}]}}