{"id":33667,"date":"2017-10-10T15:46:18","date_gmt":"2017-10-10T12:46:18","guid":{"rendered":"http:\/\/btv.md\/?p=33667"},"modified":"2017-10-10T17:00:58","modified_gmt":"2017-10-10T14:00:58","slug":"aplicatia-care-poate-numara-corect-oamenii-de-la-un-protest","status":"publish","type":"post","link":"https:\/\/www.btv.md\/ro\/aplicatia-care-poate-numara-corect-oamenii-de-la-un-protest\/","title":{"rendered":"Aplica\u021bia care poate num\u0103ra corect oamenii de la un protest"},"content":{"rendered":"<p><strong>Cum pot fi num\u0103ra\u0163i corect oamenii de la un protest sau ce impact are o reclam\u0103 asupra publicului? Sunt r\u0103spunsurile pe care le ofer\u0103 un soft creat de un student \u015fi un profesor de la Sibiu, relateaz\u0103 <a href=\"http:\/\/digi24.ro\">Digi24.ro<\/a>.<\/strong><\/p>\n<p style=\"text-align: center;\"><iframe data-src=\"https:\/\/www.youtube.com\/embed\/CZ0eYgjCG00\" width=\"854\" height=\"480\" frameborder=\"0\" allowfullscreen=\"allowfullscreen\" src=\"data:image\/svg+xml;base64,PHN2ZyB3aWR0aD0iMSIgaGVpZ2h0PSIxIiB4bWxucz0iaHR0cDovL3d3dy53My5vcmcvMjAwMC9zdmciPjwvc3ZnPg==\" class=\"lazyload\" data-load-mode=\"1\"><\/iframe><\/p>\n<p>\u00cempreun\u0103 cu o echip\u0103 de speciali\u015fti din Lisabona, ei au realizat o aplica\u0163ie ce stabile\u015fte cu precizie c\u00e2te persoane sunt \u00eentr-un perimetru \u015fi identific\u0103 reac\u0163iile oamenilor. Sistemul, spun inventatorii, este unic \u00een Rom\u00e2nia.<\/p>\n<p>Aproape un an a lucrat studentul de la Inginerie la programul care num\u0103r\u0103 cu exactitate oamenii. Mentor i-a fost unul dintre profesori. Programul are \u0219i o func\u021bie care poate fi folosit\u0103 de cei care lucreaz\u0103 \u00een publicitate: recunoa\u015fte expresiile de pe fe\u021be. Creatorii de reclame pot s\u0103 afle astfel dac\u0103 mesajul lor are impact.<\/p>\n<p>Aplica\u021bia a fost testat\u0103 la Noaptea Cercet\u0103torilor de la Sibiu, c\u00e2nd programul a num\u0103rat 8.400 de vizitatori. Dup\u0103 acela\u0219i algoritm, poate fi folosit\u0103 \u0219i de autorit\u0103\u021bi, ca s\u0103 afle c\u00e2te persoane particip\u0103 la manifest\u0103rile dintr-un spa\u021biu public.<\/p>\n<blockquote>\n<p>\u201e<em>Noi am dezvoltat un modul separat de wallie, care num\u0103r\u0103 c\u00e2te persoane trec, c\u00e2te fe\u021be detecteaz\u0103 ca privind direct la camer\u0103 \u0219i c\u00e2te dintre aceste fe\u021be au fost remarcate ca z\u00e2mbind<\/em>\u201d, explic\u0103 VALENTIN FLEAC\u0102, studentul care a lucrat la aplica\u021bie.<\/p>\n<\/blockquote>\n<p>Dezvoltatorii softului au deja o ofert\u0103 din \u021b\u0103rile nordice.<\/p>\n<blockquote>\n<p>\u201e<em>Printr-o colaborare cu University College South-East of Norway, profesorul Lasse Bernson a propus s\u0103 folosim aplica\u021bia noastr\u0103 la monitorizarea sau cuantificarea num\u0103rului de pe\u0219ti din r\u00e2urile din Norvegia<\/em>\u201d, a declarat ADRIAN FLOREA, profesor la ULSB.<\/p>\n<\/blockquote>\n<p>Inventatorii nu au reu\u0219it deocamdat\u0103 implementarea sistemului \u00een Rom\u00e2nia, \u00een schimb este func\u021bional \u00een Portugalia \u0219i America de Sud.<\/p>\n<p>&nbsp;<\/p>\n<p><strong><em>Foto: digi24.ro<\/em><\/strong><\/p>\n","protected":false},"excerpt":{"rendered":"<p>Cum pot fi num\u0103ra\u0163i corect oamenii de la un protest sau ce impact are o reclam\u0103 asupra publicului? Sunt r\u0103spunsurile pe care le ofer\u0103 un soft creat de un student \u015fi un profesor de la Sibiu, relateaz\u0103 Digi24.ro. \u00cempreun\u0103 cu o echip\u0103 de speciali\u015fti din Lisabona, ei au realizat o aplica\u0163ie ce stabile\u015fte cu precizie [&hellip;]<\/p>\n","protected":false},"author":4,"featured_media":33669,"comment_status":"closed","ping_status":"closed","sticky":false,"template":"","format":"standard","meta":{"footnotes":""},"categories":[6354],"tags":[],"class_list":["post-33667","post","type-post","status-publish","format-standard","has-post-thumbnail","hentry","category-externe-ro"],"yoast_head":"<!-- This site is optimized with the Yoast SEO plugin v27.4 - https:\/\/yoast.com\/product\/yoast-seo-wordpress\/ -->\n<title>Aplica\u021bia care poate num\u0103ra corect oamenii de la un protest<\/title>\n<meta name=\"description\" content=\"Cum pot fi num\u0103ra\u0163i corect oamenii de la un protest sau ce impact are o reclam\u0103 asupra publicului? Sunt r\u0103spunsurile pe care le ofer\u0103 un soft.\" \/>\n<meta name=\"robots\" content=\"index, follow, max-snippet:-1, max-image-preview:large, max-video-preview:-1\" \/>\n<link rel=\"canonical\" href=\"https:\/\/www.btv.md\/ro\/aplicatia-care-poate-numara-corect-oamenii-de-la-un-protest\/\" \/>\n<meta property=\"og:locale\" content=\"ro_RO\" \/>\n<meta property=\"og:type\" content=\"article\" \/>\n<meta property=\"og:title\" content=\"Aplica\u021bia care poate num\u0103ra corect oamenii de la un protest\" \/>\n<meta property=\"og:description\" content=\"Cum pot fi num\u0103ra\u0163i corect oamenii de la un protest sau ce impact are o reclam\u0103 asupra publicului? Sunt r\u0103spunsurile pe care le ofer\u0103 un soft creat de un student \u015fi un profesor de la Sibiu.\" \/>\n<meta property=\"og:url\" content=\"https:\/\/www.btv.md\/ro\/aplicatia-care-poate-numara-corect-oamenii-de-la-un-protest\/\" \/>\n<meta property=\"og:site_name\" content=\"BTV\" \/>\n<meta property=\"article:publisher\" content=\"https:\/\/www.facebook.com\/btvmoldova\/\" \/>\n<meta property=\"article:published_time\" content=\"2017-10-10T12:46:18+00:00\" \/>\n<meta property=\"article:modified_time\" content=\"2017-10-10T14:00:58+00:00\" \/>\n<meta property=\"og:image\" content=\"https:\/\/www.btv.md\/wp-content\/uploads\/2017\/10\/NDgwJnpjPTEmaGFzaD0yMjY2YmE5Yjg2NTE3YWFmNTlkNGZjZGE1ZWFjNDhjMg.thumb_.jpg\" \/>\n\t<meta property=\"og:image:width\" content=\"640\" \/>\n\t<meta property=\"og:image:height\" content=\"480\" \/>\n\t<meta property=\"og:image:type\" content=\"image\/jpeg\" \/>\n<meta name=\"author\" content=\"admin\" \/>\n<meta name=\"twitter:label1\" content=\"Scris de\" \/>\n\t<meta name=\"twitter:data1\" content=\"admin\" \/>\n\t<meta name=\"twitter:label2\" content=\"Timp estimat pentru citire\" \/>\n\t<meta name=\"twitter:data2\" content=\"2 minute\" \/>\n<script type=\"application\/ld+json\" class=\"yoast-schema-graph\">{\"@context\":\"https:\\\/\\\/schema.org\",\"@graph\":[{\"@type\":\"Article\",\"@id\":\"https:\\\/\\\/www.btv.md\\\/ro\\\/aplicatia-care-poate-numara-corect-oamenii-de-la-un-protest\\\/#article\",\"isPartOf\":{\"@id\":\"https:\\\/\\\/www.btv.md\\\/ro\\\/aplicatia-care-poate-numara-corect-oamenii-de-la-un-protest\\\/\"},\"author\":{\"name\":\"admin\",\"@id\":\"https:\\\/\\\/www.btv.md\\\/#\\\/schema\\\/person\\\/8fadce81561b3ce2c34c46dadc4ccbf2\"},\"headline\":\"Aplica\u021bia care poate num\u0103ra corect oamenii de la un protest\",\"datePublished\":\"2017-10-10T12:46:18+00:00\",\"dateModified\":\"2017-10-10T14:00:58+00:00\",\"mainEntityOfPage\":{\"@id\":\"https:\\\/\\\/www.btv.md\\\/ro\\\/aplicatia-care-poate-numara-corect-oamenii-de-la-un-protest\\\/\"},\"wordCount\":318,\"image\":{\"@id\":\"https:\\\/\\\/www.btv.md\\\/ro\\\/aplicatia-care-poate-numara-corect-oamenii-de-la-un-protest\\\/#primaryimage\"},\"thumbnailUrl\":\"https:\\\/\\\/www.btv.md\\\/wp-content\\\/uploads\\\/2017\\\/10\\\/NDgwJnpjPTEmaGFzaD0yMjY2YmE5Yjg2NTE3YWFmNTlkNGZjZGE1ZWFjNDhjMg.thumb_.jpg\",\"articleSection\":[\"Externe\"],\"inLanguage\":\"ro-RO\"},{\"@type\":\"WebPage\",\"@id\":\"https:\\\/\\\/www.btv.md\\\/ro\\\/aplicatia-care-poate-numara-corect-oamenii-de-la-un-protest\\\/\",\"url\":\"https:\\\/\\\/www.btv.md\\\/ro\\\/aplicatia-care-poate-numara-corect-oamenii-de-la-un-protest\\\/\",\"name\":\"Aplica\u021bia care poate num\u0103ra corect oamenii de la un protest\",\"isPartOf\":{\"@id\":\"https:\\\/\\\/www.btv.md\\\/#website\"},\"primaryImageOfPage\":{\"@id\":\"https:\\\/\\\/www.btv.md\\\/ro\\\/aplicatia-care-poate-numara-corect-oamenii-de-la-un-protest\\\/#primaryimage\"},\"image\":{\"@id\":\"https:\\\/\\\/www.btv.md\\\/ro\\\/aplicatia-care-poate-numara-corect-oamenii-de-la-un-protest\\\/#primaryimage\"},\"thumbnailUrl\":\"https:\\\/\\\/www.btv.md\\\/wp-content\\\/uploads\\\/2017\\\/10\\\/NDgwJnpjPTEmaGFzaD0yMjY2YmE5Yjg2NTE3YWFmNTlkNGZjZGE1ZWFjNDhjMg.thumb_.jpg\",\"datePublished\":\"2017-10-10T12:46:18+00:00\",\"dateModified\":\"2017-10-10T14:00:58+00:00\",\"author\":{\"@id\":\"https:\\\/\\\/www.btv.md\\\/#\\\/schema\\\/person\\\/8fadce81561b3ce2c34c46dadc4ccbf2\"},\"description\":\"Cum pot fi num\u0103ra\u0163i corect oamenii de la un protest sau ce impact are o reclam\u0103 asupra publicului? Sunt r\u0103spunsurile pe care le ofer\u0103 un soft.\",\"inLanguage\":\"ro-RO\",\"potentialAction\":[{\"@type\":\"ReadAction\",\"target\":[\"https:\\\/\\\/www.btv.md\\\/ro\\\/aplicatia-care-poate-numara-corect-oamenii-de-la-un-protest\\\/\"]}]},{\"@type\":\"ImageObject\",\"inLanguage\":\"ro-RO\",\"@id\":\"https:\\\/\\\/www.btv.md\\\/ro\\\/aplicatia-care-poate-numara-corect-oamenii-de-la-un-protest\\\/#primaryimage\",\"url\":\"https:\\\/\\\/www.btv.md\\\/wp-content\\\/uploads\\\/2017\\\/10\\\/NDgwJnpjPTEmaGFzaD0yMjY2YmE5Yjg2NTE3YWFmNTlkNGZjZGE1ZWFjNDhjMg.thumb_.jpg\",\"contentUrl\":\"https:\\\/\\\/www.btv.md\\\/wp-content\\\/uploads\\\/2017\\\/10\\\/NDgwJnpjPTEmaGFzaD0yMjY2YmE5Yjg2NTE3YWFmNTlkNGZjZGE1ZWFjNDhjMg.thumb_.jpg\",\"width\":640,\"height\":480,\"caption\":\"aplica\u021bie care num\u0103r\u0103 oamenii\"},{\"@type\":\"WebSite\",\"@id\":\"https:\\\/\\\/www.btv.md\\\/#website\",\"url\":\"https:\\\/\\\/www.btv.md\\\/\",\"name\":\"BTV\",\"description\":\"\u0411\u0435\u043b\u044c\u0446\u043a\u043e\u0435 \u0442\u0435\u043b\u0435\u0432\u0438\u0434\u0435\u043d\u0438\u0435\",\"potentialAction\":[{\"@type\":\"SearchAction\",\"target\":{\"@type\":\"EntryPoint\",\"urlTemplate\":\"https:\\\/\\\/www.btv.md\\\/?s={search_term_string}\"},\"query-input\":{\"@type\":\"PropertyValueSpecification\",\"valueRequired\":true,\"valueName\":\"search_term_string\"}}],\"inLanguage\":\"ro-RO\"},{\"@type\":\"Person\",\"@id\":\"https:\\\/\\\/www.btv.md\\\/#\\\/schema\\\/person\\\/8fadce81561b3ce2c34c46dadc4ccbf2\",\"name\":\"admin\"}]}<\/script>\n<!-- \/ Yoast SEO plugin. -->","yoast_head_json":{"title":"Aplica\u021bia care poate num\u0103ra corect oamenii de la un protest","description":"Cum pot fi num\u0103ra\u0163i corect oamenii de la un protest sau ce impact are o reclam\u0103 asupra publicului? Sunt r\u0103spunsurile pe care le ofer\u0103 un soft.","robots":{"index":"index","follow":"follow","max-snippet":"max-snippet:-1","max-image-preview":"max-image-preview:large","max-video-preview":"max-video-preview:-1"},"canonical":"https:\/\/www.btv.md\/ro\/aplicatia-care-poate-numara-corect-oamenii-de-la-un-protest\/","og_locale":"ro_RO","og_type":"article","og_title":"Aplica\u021bia care poate num\u0103ra corect oamenii de la un protest","og_description":"Cum pot fi num\u0103ra\u0163i corect oamenii de la un protest sau ce impact are o reclam\u0103 asupra publicului? Sunt r\u0103spunsurile pe care le ofer\u0103 un soft creat de un student \u015fi un profesor de la Sibiu.","og_url":"https:\/\/www.btv.md\/ro\/aplicatia-care-poate-numara-corect-oamenii-de-la-un-protest\/","og_site_name":"BTV","article_publisher":"https:\/\/www.facebook.com\/btvmoldova\/","article_published_time":"2017-10-10T12:46:18+00:00","article_modified_time":"2017-10-10T14:00:58+00:00","og_image":[{"width":640,"height":480,"url":"https:\/\/www.btv.md\/wp-content\/uploads\/2017\/10\/NDgwJnpjPTEmaGFzaD0yMjY2YmE5Yjg2NTE3YWFmNTlkNGZjZGE1ZWFjNDhjMg.thumb_.jpg","type":"image\/jpeg"}],"author":"admin","twitter_misc":{"Scris de":"admin","Timp estimat pentru citire":"2 minute"},"schema":{"@context":"https:\/\/schema.org","@graph":[{"@type":"Article","@id":"https:\/\/www.btv.md\/ro\/aplicatia-care-poate-numara-corect-oamenii-de-la-un-protest\/#article","isPartOf":{"@id":"https:\/\/www.btv.md\/ro\/aplicatia-care-poate-numara-corect-oamenii-de-la-un-protest\/"},"author":{"name":"admin","@id":"https:\/\/www.btv.md\/#\/schema\/person\/8fadce81561b3ce2c34c46dadc4ccbf2"},"headline":"Aplica\u021bia care poate num\u0103ra corect oamenii de la un protest","datePublished":"2017-10-10T12:46:18+00:00","dateModified":"2017-10-10T14:00:58+00:00","mainEntityOfPage":{"@id":"https:\/\/www.btv.md\/ro\/aplicatia-care-poate-numara-corect-oamenii-de-la-un-protest\/"},"wordCount":318,"image":{"@id":"https:\/\/www.btv.md\/ro\/aplicatia-care-poate-numara-corect-oamenii-de-la-un-protest\/#primaryimage"},"thumbnailUrl":"https:\/\/www.btv.md\/wp-content\/uploads\/2017\/10\/NDgwJnpjPTEmaGFzaD0yMjY2YmE5Yjg2NTE3YWFmNTlkNGZjZGE1ZWFjNDhjMg.thumb_.jpg","articleSection":["Externe"],"inLanguage":"ro-RO"},{"@type":"WebPage","@id":"https:\/\/www.btv.md\/ro\/aplicatia-care-poate-numara-corect-oamenii-de-la-un-protest\/","url":"https:\/\/www.btv.md\/ro\/aplicatia-care-poate-numara-corect-oamenii-de-la-un-protest\/","name":"Aplica\u021bia care poate num\u0103ra corect oamenii de la un protest","isPartOf":{"@id":"https:\/\/www.btv.md\/#website"},"primaryImageOfPage":{"@id":"https:\/\/www.btv.md\/ro\/aplicatia-care-poate-numara-corect-oamenii-de-la-un-protest\/#primaryimage"},"image":{"@id":"https:\/\/www.btv.md\/ro\/aplicatia-care-poate-numara-corect-oamenii-de-la-un-protest\/#primaryimage"},"thumbnailUrl":"https:\/\/www.btv.md\/wp-content\/uploads\/2017\/10\/NDgwJnpjPTEmaGFzaD0yMjY2YmE5Yjg2NTE3YWFmNTlkNGZjZGE1ZWFjNDhjMg.thumb_.jpg","datePublished":"2017-10-10T12:46:18+00:00","dateModified":"2017-10-10T14:00:58+00:00","author":{"@id":"https:\/\/www.btv.md\/#\/schema\/person\/8fadce81561b3ce2c34c46dadc4ccbf2"},"description":"Cum pot fi num\u0103ra\u0163i corect oamenii de la un protest sau ce impact are o reclam\u0103 asupra publicului? Sunt r\u0103spunsurile pe care le ofer\u0103 un soft.","inLanguage":"ro-RO","potentialAction":[{"@type":"ReadAction","target":["https:\/\/www.btv.md\/ro\/aplicatia-care-poate-numara-corect-oamenii-de-la-un-protest\/"]}]},{"@type":"ImageObject","inLanguage":"ro-RO","@id":"https:\/\/www.btv.md\/ro\/aplicatia-care-poate-numara-corect-oamenii-de-la-un-protest\/#primaryimage","url":"https:\/\/www.btv.md\/wp-content\/uploads\/2017\/10\/NDgwJnpjPTEmaGFzaD0yMjY2YmE5Yjg2NTE3YWFmNTlkNGZjZGE1ZWFjNDhjMg.thumb_.jpg","contentUrl":"https:\/\/www.btv.md\/wp-content\/uploads\/2017\/10\/NDgwJnpjPTEmaGFzaD0yMjY2YmE5Yjg2NTE3YWFmNTlkNGZjZGE1ZWFjNDhjMg.thumb_.jpg","width":640,"height":480,"caption":"aplica\u021bie care num\u0103r\u0103 oamenii"},{"@type":"WebSite","@id":"https:\/\/www.btv.md\/#website","url":"https:\/\/www.btv.md\/","name":"BTV","description":"\u0411\u0435\u043b\u044c\u0446\u043a\u043e\u0435 \u0442\u0435\u043b\u0435\u0432\u0438\u0434\u0435\u043d\u0438\u0435","potentialAction":[{"@type":"SearchAction","target":{"@type":"EntryPoint","urlTemplate":"https:\/\/www.btv.md\/?s={search_term_string}"},"query-input":{"@type":"PropertyValueSpecification","valueRequired":true,"valueName":"search_term_string"}}],"inLanguage":"ro-RO"},{"@type":"Person","@id":"https:\/\/www.btv.md\/#\/schema\/person\/8fadce81561b3ce2c34c46dadc4ccbf2","name":"admin"}]}},"_links":{"self":[{"href":"https:\/\/www.btv.md\/ro\/wp-json\/wp\/v2\/posts\/33667","targetHints":{"allow":["GET"]}}],"collection":[{"href":"https:\/\/www.btv.md\/ro\/wp-json\/wp\/v2\/posts"}],"about":[{"href":"https:\/\/www.btv.md\/ro\/wp-json\/wp\/v2\/types\/post"}],"author":[{"embeddable":true,"href":"https:\/\/www.btv.md\/ro\/wp-json\/wp\/v2\/users\/4"}],"replies":[{"embeddable":true,"href":"https:\/\/www.btv.md\/ro\/wp-json\/wp\/v2\/comments?post=33667"}],"version-history":[{"count":0,"href":"https:\/\/www.btv.md\/ro\/wp-json\/wp\/v2\/posts\/33667\/revisions"}],"wp:featuredmedia":[{"embeddable":true,"href":"https:\/\/www.btv.md\/ro\/wp-json\/wp\/v2\/media\/33669"}],"wp:attachment":[{"href":"https:\/\/www.btv.md\/ro\/wp-json\/wp\/v2\/media?parent=33667"}],"wp:term":[{"taxonomy":"category","embeddable":true,"href":"https:\/\/www.btv.md\/ro\/wp-json\/wp\/v2\/categories?post=33667"},{"taxonomy":"post_tag","embeddable":true,"href":"https:\/\/www.btv.md\/ro\/wp-json\/wp\/v2\/tags?post=33667"}],"curies":[{"name":"wp","href":"https:\/\/api.w.org\/{rel}","templated":true}]}}