{"id":33674,"date":"2017-10-10T16:20:48","date_gmt":"2017-10-10T13:20:48","guid":{"rendered":"http:\/\/btv.md\/?p=33674"},"modified":"2017-10-10T16:20:48","modified_gmt":"2017-10-10T13:20:48","slug":"doua-autospeciale-implicate-in-lupta-cu-focul-in-orasul-codru","status":"publish","type":"post","link":"https:\/\/www.btv.md\/ro\/doua-autospeciale-implicate-in-lupta-cu-focul-in-orasul-codru\/","title":{"rendered":"Dou\u0103 autospeciale, implicate \u00een lupta cu focul \u00een ora\u0219ul Codru"},"content":{"rendered":"<p><strong>Un incendiu a izbucnit la data de 9 octombrie \u00eentr-un garaj situat pe strada Sitarului din ora\u0219ul Codru, municipiul Chi\u0219in\u0103u. La fa\u021ba locului au fost \u00eendreptate dou\u0103 echipaje de pompieri care ajun\u0219i au stabilit c\u0103 garajul din preajma unei case de locuit este cuprins de fl\u0103c\u0103ri, relateaz\u0103 <a href=\"http:\/\/unimedia.info\/stiri\/video-incendiu-in-orasul-codru--doua-autospeciale-au-luptat-cu-focul-140751.html\">unimedia.info<\/a>.<\/strong><\/p>\n<p style=\"text-align: center;\"><iframe data-src=\"https:\/\/www.youtube.com\/embed\/ZASuKc0H_K8\" width=\"854\" height=\"480\" frameborder=\"0\" allowfullscreen=\"allowfullscreen\" src=\"data:image\/svg+xml;base64,PHN2ZyB3aWR0aD0iMSIgaGVpZ2h0PSIxIiB4bWxucz0iaHR0cDovL3d3dy53My5vcmcvMjAwMC9zdmciPjwvc3ZnPg==\" class=\"lazyload\" data-load-mode=\"1\"><\/iframe><\/p>\n<p>\u00cen urma arderii a avut loc o explozie, \u00eentruc\u00e2t \u00een interior se aflau dou\u0103 butelii de gaz. Salvatorii au reu\u0219it s\u0103 previn\u0103 o alt\u0103 explozie evacu\u00e2nd butelia care risca s\u0103 explodeze \u00een orice moment. Pompierii au stins incendiul \u00een decurs de trei ore, f\u0103r\u0103 ca acesta s\u0103 se r\u0103sp\u00e2ndeasc\u0103 la casa aflat\u0103 \u00een apropiere. \u00cen urma ardeii nimeni nu a avut de suferit. Toate circumstan\u021bele urmeaz\u0103 a fi stabilite de speciali\u0219ti.<\/p>\n","protected":false},"excerpt":{"rendered":"<p>Un incendiu a izbucnit la data de 9 octombrie \u00eentr-un garaj situat pe strada Sitarului din ora\u0219ul Codru, municipiul Chi\u0219in\u0103u. La fa\u021ba locului au fost \u00eendreptate dou\u0103 echipaje de pompieri care ajun\u0219i au stabilit c\u0103 garajul din preajma unei case de locuit este cuprins de fl\u0103c\u0103ri, relateaz\u0103 unimedia.info. \u00cen urma arderii a avut loc o [&hellip;]<\/p>\n","protected":false},"author":4,"featured_media":33675,"comment_status":"closed","ping_status":"closed","sticky":false,"template":"","format":"standard","meta":{"footnotes":""},"categories":[6351],"tags":[],"class_list":["post-33674","post","type-post","status-publish","format-standard","has-post-thumbnail","hentry","category-incidente"],"yoast_head":"<!-- This site is optimized with the Yoast SEO plugin v27.4 - https:\/\/yoast.com\/product\/yoast-seo-wordpress\/ -->\n<title>Dou\u0103 autospeciale, implicate \u00een lupta cu focul \u00een ora\u0219ul Codru<\/title>\n<meta name=\"description\" content=\"Un incendiu a izbucnit la data de 9 octombrie \u00eentr-un garaj situat pe strada Sitarului din ora\u0219ul Codru, municipiul Chi\u0219in\u0103u.\" \/>\n<meta name=\"robots\" content=\"index, follow, max-snippet:-1, max-image-preview:large, max-video-preview:-1\" \/>\n<link rel=\"canonical\" href=\"https:\/\/www.btv.md\/ro\/doua-autospeciale-implicate-in-lupta-cu-focul-in-orasul-codru\/\" \/>\n<meta property=\"og:locale\" content=\"ro_RO\" \/>\n<meta property=\"og:type\" content=\"article\" \/>\n<meta property=\"og:title\" content=\"Dou\u0103 autospeciale, implicate \u00een lupta cu focul \u00een ora\u0219ul Codru\" \/>\n<meta property=\"og:description\" content=\"Un incendiu a izbucnit la data de 9 octombrie \u00eentr-un garaj situat pe strada Sitarului din ora\u0219ul Codru, municipiul Chi\u0219in\u0103u.\" \/>\n<meta property=\"og:url\" content=\"https:\/\/www.btv.md\/ro\/doua-autospeciale-implicate-in-lupta-cu-focul-in-orasul-codru\/\" \/>\n<meta property=\"og:site_name\" content=\"BTV\" \/>\n<meta property=\"article:publisher\" content=\"https:\/\/www.facebook.com\/btvmoldova\/\" \/>\n<meta property=\"article:published_time\" content=\"2017-10-10T13:20:48+00:00\" \/>\n<meta property=\"og:image\" content=\"https:\/\/www.btv.md\/wp-content\/uploads\/2017\/10\/55674_large_81235000.jpg\" \/>\n\t<meta property=\"og:image:width\" content=\"780\" \/>\n\t<meta property=\"og:image:height\" content=\"439\" \/>\n\t<meta property=\"og:image:type\" content=\"image\/jpeg\" \/>\n<meta name=\"author\" content=\"admin\" \/>\n<meta name=\"twitter:label1\" content=\"Scris de\" \/>\n\t<meta name=\"twitter:data1\" content=\"admin\" \/>\n\t<meta name=\"twitter:label2\" content=\"Timp estimat pentru citire\" \/>\n\t<meta name=\"twitter:data2\" content=\"1 minut\" \/>\n<script type=\"application\/ld+json\" class=\"yoast-schema-graph\">{\"@context\":\"https:\\\/\\\/schema.org\",\"@graph\":[{\"@type\":\"Article\",\"@id\":\"https:\\\/\\\/www.btv.md\\\/ro\\\/doua-autospeciale-implicate-in-lupta-cu-focul-in-orasul-codru\\\/#article\",\"isPartOf\":{\"@id\":\"https:\\\/\\\/www.btv.md\\\/ro\\\/doua-autospeciale-implicate-in-lupta-cu-focul-in-orasul-codru\\\/\"},\"author\":{\"name\":\"admin\",\"@id\":\"https:\\\/\\\/www.btv.md\\\/#\\\/schema\\\/person\\\/8fadce81561b3ce2c34c46dadc4ccbf2\"},\"headline\":\"Dou\u0103 autospeciale, implicate \u00een lupta cu focul \u00een ora\u0219ul Codru\",\"datePublished\":\"2017-10-10T13:20:48+00:00\",\"mainEntityOfPage\":{\"@id\":\"https:\\\/\\\/www.btv.md\\\/ro\\\/doua-autospeciale-implicate-in-lupta-cu-focul-in-orasul-codru\\\/\"},\"wordCount\":145,\"image\":{\"@id\":\"https:\\\/\\\/www.btv.md\\\/ro\\\/doua-autospeciale-implicate-in-lupta-cu-focul-in-orasul-codru\\\/#primaryimage\"},\"thumbnailUrl\":\"https:\\\/\\\/www.btv.md\\\/wp-content\\\/uploads\\\/2017\\\/10\\\/55674_large_81235000.jpg\",\"articleSection\":[\"Incidente\"],\"inLanguage\":\"ro-RO\"},{\"@type\":\"WebPage\",\"@id\":\"https:\\\/\\\/www.btv.md\\\/ro\\\/doua-autospeciale-implicate-in-lupta-cu-focul-in-orasul-codru\\\/\",\"url\":\"https:\\\/\\\/www.btv.md\\\/ro\\\/doua-autospeciale-implicate-in-lupta-cu-focul-in-orasul-codru\\\/\",\"name\":\"Dou\u0103 autospeciale, implicate \u00een lupta cu focul \u00een ora\u0219ul Codru\",\"isPartOf\":{\"@id\":\"https:\\\/\\\/www.btv.md\\\/#website\"},\"primaryImageOfPage\":{\"@id\":\"https:\\\/\\\/www.btv.md\\\/ro\\\/doua-autospeciale-implicate-in-lupta-cu-focul-in-orasul-codru\\\/#primaryimage\"},\"image\":{\"@id\":\"https:\\\/\\\/www.btv.md\\\/ro\\\/doua-autospeciale-implicate-in-lupta-cu-focul-in-orasul-codru\\\/#primaryimage\"},\"thumbnailUrl\":\"https:\\\/\\\/www.btv.md\\\/wp-content\\\/uploads\\\/2017\\\/10\\\/55674_large_81235000.jpg\",\"datePublished\":\"2017-10-10T13:20:48+00:00\",\"author\":{\"@id\":\"https:\\\/\\\/www.btv.md\\\/#\\\/schema\\\/person\\\/8fadce81561b3ce2c34c46dadc4ccbf2\"},\"description\":\"Un incendiu a izbucnit la data de 9 octombrie \u00eentr-un garaj situat pe strada Sitarului din ora\u0219ul Codru, municipiul Chi\u0219in\u0103u.\",\"inLanguage\":\"ro-RO\",\"potentialAction\":[{\"@type\":\"ReadAction\",\"target\":[\"https:\\\/\\\/www.btv.md\\\/ro\\\/doua-autospeciale-implicate-in-lupta-cu-focul-in-orasul-codru\\\/\"]}]},{\"@type\":\"ImageObject\",\"inLanguage\":\"ro-RO\",\"@id\":\"https:\\\/\\\/www.btv.md\\\/ro\\\/doua-autospeciale-implicate-in-lupta-cu-focul-in-orasul-codru\\\/#primaryimage\",\"url\":\"https:\\\/\\\/www.btv.md\\\/wp-content\\\/uploads\\\/2017\\\/10\\\/55674_large_81235000.jpg\",\"contentUrl\":\"https:\\\/\\\/www.btv.md\\\/wp-content\\\/uploads\\\/2017\\\/10\\\/55674_large_81235000.jpg\",\"width\":780,\"height\":439,\"caption\":\"ora\u0219ul Codru\"},{\"@type\":\"WebSite\",\"@id\":\"https:\\\/\\\/www.btv.md\\\/#website\",\"url\":\"https:\\\/\\\/www.btv.md\\\/\",\"name\":\"BTV\",\"description\":\"\u0411\u0435\u043b\u044c\u0446\u043a\u043e\u0435 \u0442\u0435\u043b\u0435\u0432\u0438\u0434\u0435\u043d\u0438\u0435\",\"potentialAction\":[{\"@type\":\"SearchAction\",\"target\":{\"@type\":\"EntryPoint\",\"urlTemplate\":\"https:\\\/\\\/www.btv.md\\\/?s={search_term_string}\"},\"query-input\":{\"@type\":\"PropertyValueSpecification\",\"valueRequired\":true,\"valueName\":\"search_term_string\"}}],\"inLanguage\":\"ro-RO\"},{\"@type\":\"Person\",\"@id\":\"https:\\\/\\\/www.btv.md\\\/#\\\/schema\\\/person\\\/8fadce81561b3ce2c34c46dadc4ccbf2\",\"name\":\"admin\"}]}<\/script>\n<!-- \/ Yoast SEO plugin. -->","yoast_head_json":{"title":"Dou\u0103 autospeciale, implicate \u00een lupta cu focul \u00een ora\u0219ul Codru","description":"Un incendiu a izbucnit la data de 9 octombrie \u00eentr-un garaj situat pe strada Sitarului din ora\u0219ul Codru, municipiul Chi\u0219in\u0103u.","robots":{"index":"index","follow":"follow","max-snippet":"max-snippet:-1","max-image-preview":"max-image-preview:large","max-video-preview":"max-video-preview:-1"},"canonical":"https:\/\/www.btv.md\/ro\/doua-autospeciale-implicate-in-lupta-cu-focul-in-orasul-codru\/","og_locale":"ro_RO","og_type":"article","og_title":"Dou\u0103 autospeciale, implicate \u00een lupta cu focul \u00een ora\u0219ul Codru","og_description":"Un incendiu a izbucnit la data de 9 octombrie \u00eentr-un garaj situat pe strada Sitarului din ora\u0219ul Codru, municipiul Chi\u0219in\u0103u.","og_url":"https:\/\/www.btv.md\/ro\/doua-autospeciale-implicate-in-lupta-cu-focul-in-orasul-codru\/","og_site_name":"BTV","article_publisher":"https:\/\/www.facebook.com\/btvmoldova\/","article_published_time":"2017-10-10T13:20:48+00:00","og_image":[{"width":780,"height":439,"url":"https:\/\/www.btv.md\/wp-content\/uploads\/2017\/10\/55674_large_81235000.jpg","type":"image\/jpeg"}],"author":"admin","twitter_misc":{"Scris de":"admin","Timp estimat pentru citire":"1 minut"},"schema":{"@context":"https:\/\/schema.org","@graph":[{"@type":"Article","@id":"https:\/\/www.btv.md\/ro\/doua-autospeciale-implicate-in-lupta-cu-focul-in-orasul-codru\/#article","isPartOf":{"@id":"https:\/\/www.btv.md\/ro\/doua-autospeciale-implicate-in-lupta-cu-focul-in-orasul-codru\/"},"author":{"name":"admin","@id":"https:\/\/www.btv.md\/#\/schema\/person\/8fadce81561b3ce2c34c46dadc4ccbf2"},"headline":"Dou\u0103 autospeciale, implicate \u00een lupta cu focul \u00een ora\u0219ul Codru","datePublished":"2017-10-10T13:20:48+00:00","mainEntityOfPage":{"@id":"https:\/\/www.btv.md\/ro\/doua-autospeciale-implicate-in-lupta-cu-focul-in-orasul-codru\/"},"wordCount":145,"image":{"@id":"https:\/\/www.btv.md\/ro\/doua-autospeciale-implicate-in-lupta-cu-focul-in-orasul-codru\/#primaryimage"},"thumbnailUrl":"https:\/\/www.btv.md\/wp-content\/uploads\/2017\/10\/55674_large_81235000.jpg","articleSection":["Incidente"],"inLanguage":"ro-RO"},{"@type":"WebPage","@id":"https:\/\/www.btv.md\/ro\/doua-autospeciale-implicate-in-lupta-cu-focul-in-orasul-codru\/","url":"https:\/\/www.btv.md\/ro\/doua-autospeciale-implicate-in-lupta-cu-focul-in-orasul-codru\/","name":"Dou\u0103 autospeciale, implicate \u00een lupta cu focul \u00een ora\u0219ul Codru","isPartOf":{"@id":"https:\/\/www.btv.md\/#website"},"primaryImageOfPage":{"@id":"https:\/\/www.btv.md\/ro\/doua-autospeciale-implicate-in-lupta-cu-focul-in-orasul-codru\/#primaryimage"},"image":{"@id":"https:\/\/www.btv.md\/ro\/doua-autospeciale-implicate-in-lupta-cu-focul-in-orasul-codru\/#primaryimage"},"thumbnailUrl":"https:\/\/www.btv.md\/wp-content\/uploads\/2017\/10\/55674_large_81235000.jpg","datePublished":"2017-10-10T13:20:48+00:00","author":{"@id":"https:\/\/www.btv.md\/#\/schema\/person\/8fadce81561b3ce2c34c46dadc4ccbf2"},"description":"Un incendiu a izbucnit la data de 9 octombrie \u00eentr-un garaj situat pe strada Sitarului din ora\u0219ul Codru, municipiul Chi\u0219in\u0103u.","inLanguage":"ro-RO","potentialAction":[{"@type":"ReadAction","target":["https:\/\/www.btv.md\/ro\/doua-autospeciale-implicate-in-lupta-cu-focul-in-orasul-codru\/"]}]},{"@type":"ImageObject","inLanguage":"ro-RO","@id":"https:\/\/www.btv.md\/ro\/doua-autospeciale-implicate-in-lupta-cu-focul-in-orasul-codru\/#primaryimage","url":"https:\/\/www.btv.md\/wp-content\/uploads\/2017\/10\/55674_large_81235000.jpg","contentUrl":"https:\/\/www.btv.md\/wp-content\/uploads\/2017\/10\/55674_large_81235000.jpg","width":780,"height":439,"caption":"ora\u0219ul Codru"},{"@type":"WebSite","@id":"https:\/\/www.btv.md\/#website","url":"https:\/\/www.btv.md\/","name":"BTV","description":"\u0411\u0435\u043b\u044c\u0446\u043a\u043e\u0435 \u0442\u0435\u043b\u0435\u0432\u0438\u0434\u0435\u043d\u0438\u0435","potentialAction":[{"@type":"SearchAction","target":{"@type":"EntryPoint","urlTemplate":"https:\/\/www.btv.md\/?s={search_term_string}"},"query-input":{"@type":"PropertyValueSpecification","valueRequired":true,"valueName":"search_term_string"}}],"inLanguage":"ro-RO"},{"@type":"Person","@id":"https:\/\/www.btv.md\/#\/schema\/person\/8fadce81561b3ce2c34c46dadc4ccbf2","name":"admin"}]}},"_links":{"self":[{"href":"https:\/\/www.btv.md\/ro\/wp-json\/wp\/v2\/posts\/33674","targetHints":{"allow":["GET"]}}],"collection":[{"href":"https:\/\/www.btv.md\/ro\/wp-json\/wp\/v2\/posts"}],"about":[{"href":"https:\/\/www.btv.md\/ro\/wp-json\/wp\/v2\/types\/post"}],"author":[{"embeddable":true,"href":"https:\/\/www.btv.md\/ro\/wp-json\/wp\/v2\/users\/4"}],"replies":[{"embeddable":true,"href":"https:\/\/www.btv.md\/ro\/wp-json\/wp\/v2\/comments?post=33674"}],"version-history":[{"count":0,"href":"https:\/\/www.btv.md\/ro\/wp-json\/wp\/v2\/posts\/33674\/revisions"}],"wp:featuredmedia":[{"embeddable":true,"href":"https:\/\/www.btv.md\/ro\/wp-json\/wp\/v2\/media\/33675"}],"wp:attachment":[{"href":"https:\/\/www.btv.md\/ro\/wp-json\/wp\/v2\/media?parent=33674"}],"wp:term":[{"taxonomy":"category","embeddable":true,"href":"https:\/\/www.btv.md\/ro\/wp-json\/wp\/v2\/categories?post=33674"},{"taxonomy":"post_tag","embeddable":true,"href":"https:\/\/www.btv.md\/ro\/wp-json\/wp\/v2\/tags?post=33674"}],"curies":[{"name":"wp","href":"https:\/\/api.w.org\/{rel}","templated":true}]}}