{"id":33686,"date":"2017-10-10T17:54:31","date_gmt":"2017-10-10T14:54:31","guid":{"rendered":"http:\/\/btv.md\/?p=33686"},"modified":"2017-10-10T19:00:39","modified_gmt":"2017-10-10T16:00:39","slug":"cel-mai-mare-somn-din-lume-prins-in-franta","status":"publish","type":"post","link":"https:\/\/www.btv.md\/ro\/cel-mai-mare-somn-din-lume-prins-in-franta\/","title":{"rendered":"Cel mai mare somn din lume, prins \u00een Fran\u021ba"},"content":{"rendered":"<p><strong>O \u00eent\u00e2mplare pesc\u0103reasc\u0103, real\u0103 sut\u0103 la sut\u0103, vine din Fran\u0163a. Un b\u0103rbat a prins un somn de 2,74 metri \u015fi a dobor\u00e2t, astfel, recordul mondial pentru aceast\u0103 specie de pe\u015fte, scrie <a href=\"http:\/\/www.digi24.ro\/magazin\/stil-de-viata\/animale\/cel-mai-mare-somn-din-lume-prins-in-franta-802192\">Digi24.ro<\/a>.<\/strong><\/p>\n<p style=\"text-align: center;\"><iframe data-src=\"https:\/\/www.youtube.com\/embed\/ChrMoiuPEcE\" width=\"854\" height=\"480\" frameborder=\"0\" allowfullscreen=\"allowfullscreen\" src=\"data:image\/svg+xml;base64,PHN2ZyB3aWR0aD0iMSIgaGVpZ2h0PSIxIiB4bWxucz0iaHR0cDovL3d3dy53My5vcmcvMjAwMC9zdmciPjwvc3ZnPg==\" class=\"lazyload\" data-load-mode=\"1\"><\/iframe><\/p>\n<p>B\u0103rbatul a reu\u015fit isprava pe un r\u00e2u din sudul \u0163\u0103rii, Tarn, \u015fi a povestit c\u0103 lupta cu &#8222;monstrul&#8221; de aproape trei metri a durat aproximativ zece minute. \u015ei-a dat seama c\u0103 are de-a face cu o captur\u0103 impresionant\u0103, dar nu \u015fi-a imaginat c\u0103 va scoate din ap\u0103 un pe\u015fte at\u00e2t de mare.<\/p>\n<p>Precedentul record era de\u0163inut de un somn cu doar un centimetru mai mic, ce fusese prins tot \u00eentr-un r\u00e2u din Fran\u0163a\/<\/p>\n<p>Presa local\u0103 scrie c\u0103 exemplarul prins la 16 septembrie c\u00e2nt\u0103rea peste 120 de kilograme \u0219i a fost eliberat \u00een r\u00e2u de \u00eendat\u0103 ce a fost omologat oficial ca nou record mondial.<\/p>\n<p>Pe\u0219tele a fost prins de Jean-Christophe Con\u00e9j\u00e9ro, consultant francez pentru marca german\u0103 Zeck Fishing. El a folosit ca momeal\u0103 un amestec de viermi \u0219i calamar \u0219i a pescuit dintr-o barc\u0103 gonflabil\u0103! \u201eAvea un cap enorm, lupta a fost fantastic\u0103\u201d, a declarat pescarul.<\/p>\n","protected":false},"excerpt":{"rendered":"<p>O \u00eent\u00e2mplare pesc\u0103reasc\u0103, real\u0103 sut\u0103 la sut\u0103, vine din Fran\u0163a. Un b\u0103rbat a prins un somn de 2,74 metri \u015fi a dobor\u00e2t, astfel, recordul mondial pentru aceast\u0103 specie de pe\u015fte, scrie Digi24.ro. B\u0103rbatul a reu\u015fit isprava pe un r\u00e2u din sudul \u0163\u0103rii, Tarn, \u015fi a povestit c\u0103 lupta cu &#8222;monstrul&#8221; de aproape trei metri a [&hellip;]<\/p>\n","protected":false},"author":4,"featured_media":33688,"comment_status":"closed","ping_status":"closed","sticky":false,"template":"","format":"standard","meta":{"footnotes":""},"categories":[6354],"tags":[],"class_list":["post-33686","post","type-post","status-publish","format-standard","has-post-thumbnail","hentry","category-externe-ro"],"yoast_head":"<!-- This site is optimized with the Yoast SEO plugin v27.4 - https:\/\/yoast.com\/product\/yoast-seo-wordpress\/ -->\n<title>Cel mai mare pe\u0219te somn din lume, prins \u00een Fran\u021ba<\/title>\n<meta name=\"description\" content=\"O \u00eent\u00e2mplare pesc\u0103reasc\u0103, real\u0103 sut\u0103 la sut\u0103, vine din Fran\u0163a. Un b\u0103rbat a prins un somn de 2,74 metri \u015fi a dobor\u00e2t, astfel, recordul mondial.\" \/>\n<meta name=\"robots\" content=\"index, follow, max-snippet:-1, max-image-preview:large, max-video-preview:-1\" \/>\n<link rel=\"canonical\" href=\"https:\/\/www.btv.md\/ro\/amp\/cel-mai-mare-somn-din-lume-prins-in-franta\/\" \/>\n<meta property=\"og:locale\" content=\"ro_RO\" \/>\n<meta property=\"og:type\" content=\"article\" \/>\n<meta property=\"og:title\" content=\"Cel mai mare somn din lume, prins \u00een Fran\u021ba\" \/>\n<meta property=\"og:description\" content=\"O \u00eent\u00e2mplare pesc\u0103reasc\u0103, real\u0103 sut\u0103 la sut\u0103, vine din Fran\u0163a. Un b\u0103rbat a prins un somn de 2,74 metri \u015fi a dobor\u00e2t, astfel, recordul mondial pentru aceast\u0103 specie de pe\u015fte.\" \/>\n<meta property=\"og:url\" content=\"https:\/\/www.btv.md\/ro\/amp\/cel-mai-mare-somn-din-lume-prins-in-franta\/\" \/>\n<meta property=\"og:site_name\" content=\"BTV\" \/>\n<meta property=\"article:publisher\" content=\"https:\/\/www.facebook.com\/btvmoldova\/\" \/>\n<meta property=\"article:published_time\" content=\"2017-10-10T14:54:31+00:00\" \/>\n<meta property=\"article:modified_time\" content=\"2017-10-10T16:00:39+00:00\" \/>\n<meta property=\"og:image\" content=\"https:\/\/www.btv.md\/wp-content\/uploads\/2017\/10\/aGFzaD00OTdhNmM0ODNiYTkxNjNmZmNkNmMyNDdhMTQzODMzYQ.thumb_.jpg\" \/>\n\t<meta property=\"og:image:width\" content=\"800\" \/>\n\t<meta property=\"og:image:height\" content=\"400\" \/>\n\t<meta property=\"og:image:type\" content=\"image\/jpeg\" \/>\n<meta name=\"author\" content=\"admin\" \/>\n<meta name=\"twitter:label1\" content=\"Scris de\" \/>\n\t<meta name=\"twitter:data1\" content=\"admin\" \/>\n\t<meta name=\"twitter:label2\" content=\"Timp estimat pentru citire\" \/>\n\t<meta name=\"twitter:data2\" content=\"1 minut\" \/>\n<script type=\"application\/ld+json\" class=\"yoast-schema-graph\">{\"@context\":\"https:\\\/\\\/schema.org\",\"@graph\":[{\"@type\":\"Article\",\"@id\":\"https:\\\/\\\/www.btv.md\\\/ro\\\/amp\\\/cel-mai-mare-somn-din-lume-prins-in-franta\\\/#article\",\"isPartOf\":{\"@id\":\"https:\\\/\\\/www.btv.md\\\/ro\\\/amp\\\/cel-mai-mare-somn-din-lume-prins-in-franta\\\/\"},\"author\":{\"name\":\"admin\",\"@id\":\"https:\\\/\\\/www.btv.md\\\/#\\\/schema\\\/person\\\/8fadce81561b3ce2c34c46dadc4ccbf2\"},\"headline\":\"Cel mai mare somn din lume, prins \u00een Fran\u021ba\",\"datePublished\":\"2017-10-10T14:54:31+00:00\",\"dateModified\":\"2017-10-10T16:00:39+00:00\",\"mainEntityOfPage\":{\"@id\":\"https:\\\/\\\/www.btv.md\\\/ro\\\/amp\\\/cel-mai-mare-somn-din-lume-prins-in-franta\\\/\"},\"wordCount\":206,\"image\":{\"@id\":\"https:\\\/\\\/www.btv.md\\\/ro\\\/amp\\\/cel-mai-mare-somn-din-lume-prins-in-franta\\\/#primaryimage\"},\"thumbnailUrl\":\"https:\\\/\\\/www.btv.md\\\/wp-content\\\/uploads\\\/2017\\\/10\\\/aGFzaD00OTdhNmM0ODNiYTkxNjNmZmNkNmMyNDdhMTQzODMzYQ.thumb_.jpg\",\"articleSection\":[\"Externe\"],\"inLanguage\":\"ro-RO\"},{\"@type\":\"WebPage\",\"@id\":\"https:\\\/\\\/www.btv.md\\\/ro\\\/amp\\\/cel-mai-mare-somn-din-lume-prins-in-franta\\\/\",\"url\":\"https:\\\/\\\/www.btv.md\\\/ro\\\/amp\\\/cel-mai-mare-somn-din-lume-prins-in-franta\\\/\",\"name\":\"Cel mai mare pe\u0219te somn din lume, prins \u00een Fran\u021ba\",\"isPartOf\":{\"@id\":\"https:\\\/\\\/www.btv.md\\\/#website\"},\"primaryImageOfPage\":{\"@id\":\"https:\\\/\\\/www.btv.md\\\/ro\\\/amp\\\/cel-mai-mare-somn-din-lume-prins-in-franta\\\/#primaryimage\"},\"image\":{\"@id\":\"https:\\\/\\\/www.btv.md\\\/ro\\\/amp\\\/cel-mai-mare-somn-din-lume-prins-in-franta\\\/#primaryimage\"},\"thumbnailUrl\":\"https:\\\/\\\/www.btv.md\\\/wp-content\\\/uploads\\\/2017\\\/10\\\/aGFzaD00OTdhNmM0ODNiYTkxNjNmZmNkNmMyNDdhMTQzODMzYQ.thumb_.jpg\",\"datePublished\":\"2017-10-10T14:54:31+00:00\",\"dateModified\":\"2017-10-10T16:00:39+00:00\",\"author\":{\"@id\":\"https:\\\/\\\/www.btv.md\\\/#\\\/schema\\\/person\\\/8fadce81561b3ce2c34c46dadc4ccbf2\"},\"description\":\"O \u00eent\u00e2mplare pesc\u0103reasc\u0103, real\u0103 sut\u0103 la sut\u0103, vine din Fran\u0163a. Un b\u0103rbat a prins un somn de 2,74 metri \u015fi a dobor\u00e2t, astfel, recordul mondial.\",\"inLanguage\":\"ro-RO\",\"potentialAction\":[{\"@type\":\"ReadAction\",\"target\":[\"https:\\\/\\\/www.btv.md\\\/ro\\\/amp\\\/cel-mai-mare-somn-din-lume-prins-in-franta\\\/\"]}]},{\"@type\":\"ImageObject\",\"inLanguage\":\"ro-RO\",\"@id\":\"https:\\\/\\\/www.btv.md\\\/ro\\\/amp\\\/cel-mai-mare-somn-din-lume-prins-in-franta\\\/#primaryimage\",\"url\":\"https:\\\/\\\/www.btv.md\\\/wp-content\\\/uploads\\\/2017\\\/10\\\/aGFzaD00OTdhNmM0ODNiYTkxNjNmZmNkNmMyNDdhMTQzODMzYQ.thumb_.jpg\",\"contentUrl\":\"https:\\\/\\\/www.btv.md\\\/wp-content\\\/uploads\\\/2017\\\/10\\\/aGFzaD00OTdhNmM0ODNiYTkxNjNmZmNkNmMyNDdhMTQzODMzYQ.thumb_.jpg\",\"width\":800,\"height\":400,\"caption\":\"cel mai mare pe\u0219te somn\"},{\"@type\":\"WebSite\",\"@id\":\"https:\\\/\\\/www.btv.md\\\/#website\",\"url\":\"https:\\\/\\\/www.btv.md\\\/\",\"name\":\"BTV\",\"description\":\"\u0411\u0435\u043b\u044c\u0446\u043a\u043e\u0435 \u0442\u0435\u043b\u0435\u0432\u0438\u0434\u0435\u043d\u0438\u0435\",\"potentialAction\":[{\"@type\":\"SearchAction\",\"target\":{\"@type\":\"EntryPoint\",\"urlTemplate\":\"https:\\\/\\\/www.btv.md\\\/?s={search_term_string}\"},\"query-input\":{\"@type\":\"PropertyValueSpecification\",\"valueRequired\":true,\"valueName\":\"search_term_string\"}}],\"inLanguage\":\"ro-RO\"},{\"@type\":\"Person\",\"@id\":\"https:\\\/\\\/www.btv.md\\\/#\\\/schema\\\/person\\\/8fadce81561b3ce2c34c46dadc4ccbf2\",\"name\":\"admin\"}]}<\/script>\n<!-- \/ Yoast SEO plugin. -->","yoast_head_json":{"title":"Cel mai mare pe\u0219te somn din lume, prins \u00een Fran\u021ba","description":"O \u00eent\u00e2mplare pesc\u0103reasc\u0103, real\u0103 sut\u0103 la sut\u0103, vine din Fran\u0163a. Un b\u0103rbat a prins un somn de 2,74 metri \u015fi a dobor\u00e2t, astfel, recordul mondial.","robots":{"index":"index","follow":"follow","max-snippet":"max-snippet:-1","max-image-preview":"max-image-preview:large","max-video-preview":"max-video-preview:-1"},"canonical":"https:\/\/www.btv.md\/ro\/amp\/cel-mai-mare-somn-din-lume-prins-in-franta\/","og_locale":"ro_RO","og_type":"article","og_title":"Cel mai mare somn din lume, prins \u00een Fran\u021ba","og_description":"O \u00eent\u00e2mplare pesc\u0103reasc\u0103, real\u0103 sut\u0103 la sut\u0103, vine din Fran\u0163a. Un b\u0103rbat a prins un somn de 2,74 metri \u015fi a dobor\u00e2t, astfel, recordul mondial pentru aceast\u0103 specie de pe\u015fte.","og_url":"https:\/\/www.btv.md\/ro\/amp\/cel-mai-mare-somn-din-lume-prins-in-franta\/","og_site_name":"BTV","article_publisher":"https:\/\/www.facebook.com\/btvmoldova\/","article_published_time":"2017-10-10T14:54:31+00:00","article_modified_time":"2017-10-10T16:00:39+00:00","og_image":[{"width":800,"height":400,"url":"https:\/\/www.btv.md\/wp-content\/uploads\/2017\/10\/aGFzaD00OTdhNmM0ODNiYTkxNjNmZmNkNmMyNDdhMTQzODMzYQ.thumb_.jpg","type":"image\/jpeg"}],"author":"admin","twitter_misc":{"Scris de":"admin","Timp estimat pentru citire":"1 minut"},"schema":{"@context":"https:\/\/schema.org","@graph":[{"@type":"Article","@id":"https:\/\/www.btv.md\/ro\/amp\/cel-mai-mare-somn-din-lume-prins-in-franta\/#article","isPartOf":{"@id":"https:\/\/www.btv.md\/ro\/amp\/cel-mai-mare-somn-din-lume-prins-in-franta\/"},"author":{"name":"admin","@id":"https:\/\/www.btv.md\/#\/schema\/person\/8fadce81561b3ce2c34c46dadc4ccbf2"},"headline":"Cel mai mare somn din lume, prins \u00een Fran\u021ba","datePublished":"2017-10-10T14:54:31+00:00","dateModified":"2017-10-10T16:00:39+00:00","mainEntityOfPage":{"@id":"https:\/\/www.btv.md\/ro\/amp\/cel-mai-mare-somn-din-lume-prins-in-franta\/"},"wordCount":206,"image":{"@id":"https:\/\/www.btv.md\/ro\/amp\/cel-mai-mare-somn-din-lume-prins-in-franta\/#primaryimage"},"thumbnailUrl":"https:\/\/www.btv.md\/wp-content\/uploads\/2017\/10\/aGFzaD00OTdhNmM0ODNiYTkxNjNmZmNkNmMyNDdhMTQzODMzYQ.thumb_.jpg","articleSection":["Externe"],"inLanguage":"ro-RO"},{"@type":"WebPage","@id":"https:\/\/www.btv.md\/ro\/amp\/cel-mai-mare-somn-din-lume-prins-in-franta\/","url":"https:\/\/www.btv.md\/ro\/amp\/cel-mai-mare-somn-din-lume-prins-in-franta\/","name":"Cel mai mare pe\u0219te somn din lume, prins \u00een Fran\u021ba","isPartOf":{"@id":"https:\/\/www.btv.md\/#website"},"primaryImageOfPage":{"@id":"https:\/\/www.btv.md\/ro\/amp\/cel-mai-mare-somn-din-lume-prins-in-franta\/#primaryimage"},"image":{"@id":"https:\/\/www.btv.md\/ro\/amp\/cel-mai-mare-somn-din-lume-prins-in-franta\/#primaryimage"},"thumbnailUrl":"https:\/\/www.btv.md\/wp-content\/uploads\/2017\/10\/aGFzaD00OTdhNmM0ODNiYTkxNjNmZmNkNmMyNDdhMTQzODMzYQ.thumb_.jpg","datePublished":"2017-10-10T14:54:31+00:00","dateModified":"2017-10-10T16:00:39+00:00","author":{"@id":"https:\/\/www.btv.md\/#\/schema\/person\/8fadce81561b3ce2c34c46dadc4ccbf2"},"description":"O \u00eent\u00e2mplare pesc\u0103reasc\u0103, real\u0103 sut\u0103 la sut\u0103, vine din Fran\u0163a. Un b\u0103rbat a prins un somn de 2,74 metri \u015fi a dobor\u00e2t, astfel, recordul mondial.","inLanguage":"ro-RO","potentialAction":[{"@type":"ReadAction","target":["https:\/\/www.btv.md\/ro\/amp\/cel-mai-mare-somn-din-lume-prins-in-franta\/"]}]},{"@type":"ImageObject","inLanguage":"ro-RO","@id":"https:\/\/www.btv.md\/ro\/amp\/cel-mai-mare-somn-din-lume-prins-in-franta\/#primaryimage","url":"https:\/\/www.btv.md\/wp-content\/uploads\/2017\/10\/aGFzaD00OTdhNmM0ODNiYTkxNjNmZmNkNmMyNDdhMTQzODMzYQ.thumb_.jpg","contentUrl":"https:\/\/www.btv.md\/wp-content\/uploads\/2017\/10\/aGFzaD00OTdhNmM0ODNiYTkxNjNmZmNkNmMyNDdhMTQzODMzYQ.thumb_.jpg","width":800,"height":400,"caption":"cel mai mare pe\u0219te somn"},{"@type":"WebSite","@id":"https:\/\/www.btv.md\/#website","url":"https:\/\/www.btv.md\/","name":"BTV","description":"\u0411\u0435\u043b\u044c\u0446\u043a\u043e\u0435 \u0442\u0435\u043b\u0435\u0432\u0438\u0434\u0435\u043d\u0438\u0435","potentialAction":[{"@type":"SearchAction","target":{"@type":"EntryPoint","urlTemplate":"https:\/\/www.btv.md\/?s={search_term_string}"},"query-input":{"@type":"PropertyValueSpecification","valueRequired":true,"valueName":"search_term_string"}}],"inLanguage":"ro-RO"},{"@type":"Person","@id":"https:\/\/www.btv.md\/#\/schema\/person\/8fadce81561b3ce2c34c46dadc4ccbf2","name":"admin"}]}},"_links":{"self":[{"href":"https:\/\/www.btv.md\/ro\/wp-json\/wp\/v2\/posts\/33686","targetHints":{"allow":["GET"]}}],"collection":[{"href":"https:\/\/www.btv.md\/ro\/wp-json\/wp\/v2\/posts"}],"about":[{"href":"https:\/\/www.btv.md\/ro\/wp-json\/wp\/v2\/types\/post"}],"author":[{"embeddable":true,"href":"https:\/\/www.btv.md\/ro\/wp-json\/wp\/v2\/users\/4"}],"replies":[{"embeddable":true,"href":"https:\/\/www.btv.md\/ro\/wp-json\/wp\/v2\/comments?post=33686"}],"version-history":[{"count":0,"href":"https:\/\/www.btv.md\/ro\/wp-json\/wp\/v2\/posts\/33686\/revisions"}],"wp:featuredmedia":[{"embeddable":true,"href":"https:\/\/www.btv.md\/ro\/wp-json\/wp\/v2\/media\/33688"}],"wp:attachment":[{"href":"https:\/\/www.btv.md\/ro\/wp-json\/wp\/v2\/media?parent=33686"}],"wp:term":[{"taxonomy":"category","embeddable":true,"href":"https:\/\/www.btv.md\/ro\/wp-json\/wp\/v2\/categories?post=33686"},{"taxonomy":"post_tag","embeddable":true,"href":"https:\/\/www.btv.md\/ro\/wp-json\/wp\/v2\/tags?post=33686"}],"curies":[{"name":"wp","href":"https:\/\/api.w.org\/{rel}","templated":true}]}}