{"id":36152,"date":"2017-11-17T15:23:34","date_gmt":"2017-11-17T12:23:34","guid":{"rendered":"http:\/\/btv.md\/?p=36152"},"modified":"2019-02-10T16:31:45","modified_gmt":"2019-02-10T14:31:45","slug":"colectii-de-icoane-si-carti-au-ars-intr-o-casa-din-balti","status":"publish","type":"post","link":"https:\/\/www.btv.md\/ro\/colectii-de-icoane-si-carti-au-ars-intr-o-casa-din-balti\/","title":{"rendered":"Colec\u021bii de icoane \u0219i c\u0103r\u021bi au ars \u00eentr-o cas\u0103 din B\u0103l\u021bi"},"content":{"rendered":"<p><strong>Au r\u0103mas \u00een prag de iarn\u0103 cu casa ars\u0103, dar cel mai tragic pentru proprietari, f\u0103r\u0103 colec\u021biile adunate de o via\u021b\u0103. Este drama unei familii din B\u0103l\u021bi, care a tr\u0103it un adev\u0103rat co\u0219mar \u00een noaptea de joi spre vinei.<\/strong><\/p>\n<p style=\"text-align: center;\"><iframe data-src=\"https:\/\/www.youtube.com\/embed\/xKQQ6u-G-rQ\" width=\"854\" height=\"480\" frameborder=\"0\" allowfullscreen=\"allowfullscreen\" src=\"data:image\/svg+xml;base64,PHN2ZyB3aWR0aD0iMSIgaGVpZ2h0PSIxIiB4bWxucz0iaHR0cDovL3d3dy53My5vcmcvMjAwMC9zdmciPjwvc3ZnPg==\" class=\"lazyload\" data-load-mode=\"1\"><\/iframe><\/p>\n<p>Fl\u0103c\u0103rile au izbucnit la terasa locuin\u021bei, reu\u0219ind s\u0103 distrug\u0103 o mare parte din bunurile, care dateaz\u0103 de zeci \u0219i chiar sute de ani.<\/p>\n<blockquote><p>LARISA GAVRILIUC, PROPRIETAR\u0102:\u00a0<em>\u201eSo\u021bul meu este ctitor. El a ajutat foarte mult bisericile. Aici se afl\u0103 iconostasul \u0219i multe icoane. A ajutata bisericilor \u0219i caselor de copii, caselor pentru oameni cu dizabilit\u0103\u021bi. \u00cen prezent, el este invalid de gradul \u00eent\u00e2i, este foarte bolnav. Iat\u0103, vede\u021bi icoanele din care nu a mai r\u0103mas nimic, aici e Sf\u00e2nta Matrona, c\u0103r\u021bi, lucruri foarte vechi. Asta au facut oameni care nu ne doresc binele.\u201d<\/em><\/p><\/blockquote>\n<blockquote><p><em>\u201eVreau s\u0103 v\u0103 ar\u0103t cartea asta, foarte veche, acoperit\u0103 cu argint.\u201d<\/em><\/p><\/blockquote>\n<p>Casa este \u00een v\u00e2nzare deja de doi ani. Femeia poveste\u0219te c\u0103 acum o lun\u0103, a v\u0103zut o persoan\u0103 suspect\u0103, care a alergat chiar pe gardul din piatr\u0103. Acest lucru o face s\u0103 cread\u0103 c\u0103, locuin\u021ba a fost incendiat\u0103.<\/p>\n<blockquote><p><em>\u201ePriveam televizorul, \u00een momentul \u00een care s-a stins lumina, dup\u0103 care, am observat fl\u0103c\u0103rile. Eu presupun, c\u0103 cineva a incendiat casa. De ce, nu \u0219tiu. Un lucru \u0219tiu cu siguran\u021b\u0103, nu a fost un scurtcircuit. Au venit foarte mul\u021bi pompieri, foarte curajo\u0219i. Le mul\u021bumesc mult.\u201d<\/em><\/p><\/blockquote>\n<p>Pentru lichidarea incendiului au fost implicate trei autospeciale. Potrivit ofi\u021berului de pres\u0103 al Inspectoratului pentru situa\u021bii de urgen\u021b\u0103, Andrei Adam, speciali\u0219tii urmeaz\u0103 s\u0103 stabileasc\u0103 cauza izbucnirii incendiului.<\/p>\n<blockquote><p>ANDREI ADAM, OFI\u021aER DE PRES\u0102 AL INSPECTORATULUI PENTRU SITUA\u021aII DE URGEN\u021a\u0102:\u00a0<em>\u201eApelul la serviciul 902, a parvenit la ora 23:17. La fa\u021ba locului au intervenit trei autospeciale din cadrul Deta\u0219amentului c\u0103utare salvare nr.2. Incendiul a fost localizat la ora 00:40. \u00cen urma incendiului nimeni nu a avut de suferit. Toate circumstan\u021bele producerii incendiului se stabilesc.\u201d<\/em><\/p><\/blockquote>\n<p>Fl\u0103c\u0103rile au mistuit \u00een \u00eentregime terasa, par\u021bial acoperi\u0219ul \u0219i c\u00e2teva od\u0103i. Acum, femeia se teme c\u0103 nu va reu\u0219i s\u0103-\u0219i repare casa p\u00e2n\u0103 la venirea iernii.<\/p>\n","protected":false},"excerpt":{"rendered":"<p>Au r\u0103mas \u00een prag de iarn\u0103 cu casa ars\u0103, dar cel mai tragic pentru proprietari, f\u0103r\u0103 colec\u021biile adunate de o via\u021b\u0103. Este drama unei familii din B\u0103l\u021bi, care a tr\u0103it un adev\u0103rat co\u0219mar \u00een noaptea de joi spre vinei. Fl\u0103c\u0103rile au izbucnit la terasa locuin\u021bei, reu\u0219ind s\u0103 distrug\u0103 o mare parte din bunurile, care dateaz\u0103 [&hellip;]<\/p>\n","protected":false},"author":4,"featured_media":36153,"comment_status":"closed","ping_status":"closed","sticky":false,"template":"","format":"standard","meta":{"footnotes":""},"categories":[6353,6377],"tags":[],"class_list":["post-36152","post","type-post","status-publish","format-standard","has-post-thumbnail","hentry","category-oras","category-stiri"],"yoast_head":"<!-- This site is optimized with the Yoast SEO plugin v27.4 - https:\/\/yoast.com\/product\/yoast-seo-wordpress\/ -->\n<title>Colec\u021bii de icoane \u0219i c\u0103r\u021bi au ars \u00eentr-o cas\u0103 din B\u0103l\u021bi<\/title>\n<meta name=\"description\" content=\"Au r\u0103mas \u00een prag de iarn\u0103 cu casa ars\u0103, dar cel mai tragic pentru proprietari, f\u0103r\u0103 colec\u021biile adunate de o via\u021b\u0103. Este drama unei familii din B\u0103l\u021bi...\" \/>\n<meta name=\"robots\" content=\"index, follow, max-snippet:-1, max-image-preview:large, max-video-preview:-1\" \/>\n<link rel=\"canonical\" href=\"https:\/\/www.btv.md\/ro\/colectii-de-icoane-si-carti-au-ars-intr-o-casa-din-balti\/\" \/>\n<meta property=\"og:locale\" content=\"ro_RO\" \/>\n<meta property=\"og:type\" content=\"article\" \/>\n<meta property=\"og:title\" content=\"Colec\u021bii de icoane \u0219i c\u0103r\u021bi au ars \u00eentr-o cas\u0103 din B\u0103l\u021bi\" \/>\n<meta property=\"og:description\" content=\"Au r\u0103mas \u00een prag de iarn\u0103 cu casa ars\u0103, dar cel mai tragic pentru proprietari, f\u0103r\u0103 colec\u021biile adunate de o via\u021b\u0103. Este drama unei familii din B\u0103l\u021bi, care a tr\u0103it un adev\u0103rat co\u0219mar \u00een noaptea de joi spre vinei.\" \/>\n<meta property=\"og:url\" content=\"https:\/\/www.btv.md\/ro\/colectii-de-icoane-si-carti-au-ars-intr-o-casa-din-balti\/\" \/>\n<meta property=\"og:site_name\" content=\"BTV\" \/>\n<meta property=\"article:publisher\" content=\"https:\/\/www.facebook.com\/btvmoldova\/\" \/>\n<meta property=\"article:published_time\" content=\"2017-11-17T12:23:34+00:00\" \/>\n<meta property=\"article:modified_time\" content=\"2019-02-10T14:31:45+00:00\" \/>\n<meta property=\"og:image\" content=\"https:\/\/www.btv.md\/wp-content\/uploads\/2017\/11\/incendiu-1.png\" \/>\n\t<meta property=\"og:image:width\" content=\"1366\" \/>\n\t<meta property=\"og:image:height\" content=\"586\" \/>\n\t<meta property=\"og:image:type\" content=\"image\/png\" \/>\n<meta name=\"author\" content=\"admin\" \/>\n<meta name=\"twitter:label1\" content=\"Scris de\" \/>\n\t<meta name=\"twitter:data1\" content=\"admin\" \/>\n\t<meta name=\"twitter:label2\" content=\"Timp estimat pentru citire\" \/>\n\t<meta name=\"twitter:data2\" content=\"2 minute\" \/>\n<script type=\"application\/ld+json\" class=\"yoast-schema-graph\">{\"@context\":\"https:\\\/\\\/schema.org\",\"@graph\":[{\"@type\":\"Article\",\"@id\":\"https:\\\/\\\/www.btv.md\\\/ro\\\/colectii-de-icoane-si-carti-au-ars-intr-o-casa-din-balti\\\/#article\",\"isPartOf\":{\"@id\":\"https:\\\/\\\/www.btv.md\\\/ro\\\/colectii-de-icoane-si-carti-au-ars-intr-o-casa-din-balti\\\/\"},\"author\":{\"name\":\"admin\",\"@id\":\"https:\\\/\\\/www.btv.md\\\/#\\\/schema\\\/person\\\/8fadce81561b3ce2c34c46dadc4ccbf2\"},\"headline\":\"Colec\u021bii de icoane \u0219i c\u0103r\u021bi au ars \u00eentr-o cas\u0103 din B\u0103l\u021bi\",\"datePublished\":\"2017-11-17T12:23:34+00:00\",\"dateModified\":\"2019-02-10T14:31:45+00:00\",\"mainEntityOfPage\":{\"@id\":\"https:\\\/\\\/www.btv.md\\\/ro\\\/colectii-de-icoane-si-carti-au-ars-intr-o-casa-din-balti\\\/\"},\"wordCount\":396,\"image\":{\"@id\":\"https:\\\/\\\/www.btv.md\\\/ro\\\/colectii-de-icoane-si-carti-au-ars-intr-o-casa-din-balti\\\/#primaryimage\"},\"thumbnailUrl\":\"https:\\\/\\\/www.btv.md\\\/wp-content\\\/uploads\\\/2017\\\/11\\\/incendiu-1.png\",\"articleSection\":[\"Ora\u0219\",\"\u0218tiri\"],\"inLanguage\":\"ro-RO\"},{\"@type\":\"WebPage\",\"@id\":\"https:\\\/\\\/www.btv.md\\\/ro\\\/colectii-de-icoane-si-carti-au-ars-intr-o-casa-din-balti\\\/\",\"url\":\"https:\\\/\\\/www.btv.md\\\/ro\\\/colectii-de-icoane-si-carti-au-ars-intr-o-casa-din-balti\\\/\",\"name\":\"Colec\u021bii de icoane \u0219i c\u0103r\u021bi au ars \u00eentr-o cas\u0103 din B\u0103l\u021bi\",\"isPartOf\":{\"@id\":\"https:\\\/\\\/www.btv.md\\\/#website\"},\"primaryImageOfPage\":{\"@id\":\"https:\\\/\\\/www.btv.md\\\/ro\\\/colectii-de-icoane-si-carti-au-ars-intr-o-casa-din-balti\\\/#primaryimage\"},\"image\":{\"@id\":\"https:\\\/\\\/www.btv.md\\\/ro\\\/colectii-de-icoane-si-carti-au-ars-intr-o-casa-din-balti\\\/#primaryimage\"},\"thumbnailUrl\":\"https:\\\/\\\/www.btv.md\\\/wp-content\\\/uploads\\\/2017\\\/11\\\/incendiu-1.png\",\"datePublished\":\"2017-11-17T12:23:34+00:00\",\"dateModified\":\"2019-02-10T14:31:45+00:00\",\"author\":{\"@id\":\"https:\\\/\\\/www.btv.md\\\/#\\\/schema\\\/person\\\/8fadce81561b3ce2c34c46dadc4ccbf2\"},\"description\":\"Au r\u0103mas \u00een prag de iarn\u0103 cu casa ars\u0103, dar cel mai tragic pentru proprietari, f\u0103r\u0103 colec\u021biile adunate de o via\u021b\u0103. Este drama unei familii din B\u0103l\u021bi...\",\"inLanguage\":\"ro-RO\",\"potentialAction\":[{\"@type\":\"ReadAction\",\"target\":[\"https:\\\/\\\/www.btv.md\\\/ro\\\/colectii-de-icoane-si-carti-au-ars-intr-o-casa-din-balti\\\/\"]}]},{\"@type\":\"ImageObject\",\"inLanguage\":\"ro-RO\",\"@id\":\"https:\\\/\\\/www.btv.md\\\/ro\\\/colectii-de-icoane-si-carti-au-ars-intr-o-casa-din-balti\\\/#primaryimage\",\"url\":\"https:\\\/\\\/www.btv.md\\\/wp-content\\\/uploads\\\/2017\\\/11\\\/incendiu-1.png\",\"contentUrl\":\"https:\\\/\\\/www.btv.md\\\/wp-content\\\/uploads\\\/2017\\\/11\\\/incendiu-1.png\",\"width\":1366,\"height\":586,\"caption\":\"colec\u021bii de icoane \u0219i c\u0103r\u021bi\"},{\"@type\":\"WebSite\",\"@id\":\"https:\\\/\\\/www.btv.md\\\/#website\",\"url\":\"https:\\\/\\\/www.btv.md\\\/\",\"name\":\"BTV\",\"description\":\"\u0411\u0435\u043b\u044c\u0446\u043a\u043e\u0435 \u0442\u0435\u043b\u0435\u0432\u0438\u0434\u0435\u043d\u0438\u0435\",\"potentialAction\":[{\"@type\":\"SearchAction\",\"target\":{\"@type\":\"EntryPoint\",\"urlTemplate\":\"https:\\\/\\\/www.btv.md\\\/?s={search_term_string}\"},\"query-input\":{\"@type\":\"PropertyValueSpecification\",\"valueRequired\":true,\"valueName\":\"search_term_string\"}}],\"inLanguage\":\"ro-RO\"},{\"@type\":\"Person\",\"@id\":\"https:\\\/\\\/www.btv.md\\\/#\\\/schema\\\/person\\\/8fadce81561b3ce2c34c46dadc4ccbf2\",\"name\":\"admin\"}]}<\/script>\n<!-- \/ Yoast SEO plugin. -->","yoast_head_json":{"title":"Colec\u021bii de icoane \u0219i c\u0103r\u021bi au ars \u00eentr-o cas\u0103 din B\u0103l\u021bi","description":"Au r\u0103mas \u00een prag de iarn\u0103 cu casa ars\u0103, dar cel mai tragic pentru proprietari, f\u0103r\u0103 colec\u021biile adunate de o via\u021b\u0103. Este drama unei familii din B\u0103l\u021bi...","robots":{"index":"index","follow":"follow","max-snippet":"max-snippet:-1","max-image-preview":"max-image-preview:large","max-video-preview":"max-video-preview:-1"},"canonical":"https:\/\/www.btv.md\/ro\/colectii-de-icoane-si-carti-au-ars-intr-o-casa-din-balti\/","og_locale":"ro_RO","og_type":"article","og_title":"Colec\u021bii de icoane \u0219i c\u0103r\u021bi au ars \u00eentr-o cas\u0103 din B\u0103l\u021bi","og_description":"Au r\u0103mas \u00een prag de iarn\u0103 cu casa ars\u0103, dar cel mai tragic pentru proprietari, f\u0103r\u0103 colec\u021biile adunate de o via\u021b\u0103. Este drama unei familii din B\u0103l\u021bi, care a tr\u0103it un adev\u0103rat co\u0219mar \u00een noaptea de joi spre vinei.","og_url":"https:\/\/www.btv.md\/ro\/colectii-de-icoane-si-carti-au-ars-intr-o-casa-din-balti\/","og_site_name":"BTV","article_publisher":"https:\/\/www.facebook.com\/btvmoldova\/","article_published_time":"2017-11-17T12:23:34+00:00","article_modified_time":"2019-02-10T14:31:45+00:00","og_image":[{"width":1366,"height":586,"url":"https:\/\/www.btv.md\/wp-content\/uploads\/2017\/11\/incendiu-1.png","type":"image\/png"}],"author":"admin","twitter_misc":{"Scris de":"admin","Timp estimat pentru citire":"2 minute"},"schema":{"@context":"https:\/\/schema.org","@graph":[{"@type":"Article","@id":"https:\/\/www.btv.md\/ro\/colectii-de-icoane-si-carti-au-ars-intr-o-casa-din-balti\/#article","isPartOf":{"@id":"https:\/\/www.btv.md\/ro\/colectii-de-icoane-si-carti-au-ars-intr-o-casa-din-balti\/"},"author":{"name":"admin","@id":"https:\/\/www.btv.md\/#\/schema\/person\/8fadce81561b3ce2c34c46dadc4ccbf2"},"headline":"Colec\u021bii de icoane \u0219i c\u0103r\u021bi au ars \u00eentr-o cas\u0103 din B\u0103l\u021bi","datePublished":"2017-11-17T12:23:34+00:00","dateModified":"2019-02-10T14:31:45+00:00","mainEntityOfPage":{"@id":"https:\/\/www.btv.md\/ro\/colectii-de-icoane-si-carti-au-ars-intr-o-casa-din-balti\/"},"wordCount":396,"image":{"@id":"https:\/\/www.btv.md\/ro\/colectii-de-icoane-si-carti-au-ars-intr-o-casa-din-balti\/#primaryimage"},"thumbnailUrl":"https:\/\/www.btv.md\/wp-content\/uploads\/2017\/11\/incendiu-1.png","articleSection":["Ora\u0219","\u0218tiri"],"inLanguage":"ro-RO"},{"@type":"WebPage","@id":"https:\/\/www.btv.md\/ro\/colectii-de-icoane-si-carti-au-ars-intr-o-casa-din-balti\/","url":"https:\/\/www.btv.md\/ro\/colectii-de-icoane-si-carti-au-ars-intr-o-casa-din-balti\/","name":"Colec\u021bii de icoane \u0219i c\u0103r\u021bi au ars \u00eentr-o cas\u0103 din B\u0103l\u021bi","isPartOf":{"@id":"https:\/\/www.btv.md\/#website"},"primaryImageOfPage":{"@id":"https:\/\/www.btv.md\/ro\/colectii-de-icoane-si-carti-au-ars-intr-o-casa-din-balti\/#primaryimage"},"image":{"@id":"https:\/\/www.btv.md\/ro\/colectii-de-icoane-si-carti-au-ars-intr-o-casa-din-balti\/#primaryimage"},"thumbnailUrl":"https:\/\/www.btv.md\/wp-content\/uploads\/2017\/11\/incendiu-1.png","datePublished":"2017-11-17T12:23:34+00:00","dateModified":"2019-02-10T14:31:45+00:00","author":{"@id":"https:\/\/www.btv.md\/#\/schema\/person\/8fadce81561b3ce2c34c46dadc4ccbf2"},"description":"Au r\u0103mas \u00een prag de iarn\u0103 cu casa ars\u0103, dar cel mai tragic pentru proprietari, f\u0103r\u0103 colec\u021biile adunate de o via\u021b\u0103. Este drama unei familii din B\u0103l\u021bi...","inLanguage":"ro-RO","potentialAction":[{"@type":"ReadAction","target":["https:\/\/www.btv.md\/ro\/colectii-de-icoane-si-carti-au-ars-intr-o-casa-din-balti\/"]}]},{"@type":"ImageObject","inLanguage":"ro-RO","@id":"https:\/\/www.btv.md\/ro\/colectii-de-icoane-si-carti-au-ars-intr-o-casa-din-balti\/#primaryimage","url":"https:\/\/www.btv.md\/wp-content\/uploads\/2017\/11\/incendiu-1.png","contentUrl":"https:\/\/www.btv.md\/wp-content\/uploads\/2017\/11\/incendiu-1.png","width":1366,"height":586,"caption":"colec\u021bii de icoane \u0219i c\u0103r\u021bi"},{"@type":"WebSite","@id":"https:\/\/www.btv.md\/#website","url":"https:\/\/www.btv.md\/","name":"BTV","description":"\u0411\u0435\u043b\u044c\u0446\u043a\u043e\u0435 \u0442\u0435\u043b\u0435\u0432\u0438\u0434\u0435\u043d\u0438\u0435","potentialAction":[{"@type":"SearchAction","target":{"@type":"EntryPoint","urlTemplate":"https:\/\/www.btv.md\/?s={search_term_string}"},"query-input":{"@type":"PropertyValueSpecification","valueRequired":true,"valueName":"search_term_string"}}],"inLanguage":"ro-RO"},{"@type":"Person","@id":"https:\/\/www.btv.md\/#\/schema\/person\/8fadce81561b3ce2c34c46dadc4ccbf2","name":"admin"}]}},"_links":{"self":[{"href":"https:\/\/www.btv.md\/ro\/wp-json\/wp\/v2\/posts\/36152","targetHints":{"allow":["GET"]}}],"collection":[{"href":"https:\/\/www.btv.md\/ro\/wp-json\/wp\/v2\/posts"}],"about":[{"href":"https:\/\/www.btv.md\/ro\/wp-json\/wp\/v2\/types\/post"}],"author":[{"embeddable":true,"href":"https:\/\/www.btv.md\/ro\/wp-json\/wp\/v2\/users\/4"}],"replies":[{"embeddable":true,"href":"https:\/\/www.btv.md\/ro\/wp-json\/wp\/v2\/comments?post=36152"}],"version-history":[{"count":0,"href":"https:\/\/www.btv.md\/ro\/wp-json\/wp\/v2\/posts\/36152\/revisions"}],"wp:featuredmedia":[{"embeddable":true,"href":"https:\/\/www.btv.md\/ro\/wp-json\/wp\/v2\/media\/36153"}],"wp:attachment":[{"href":"https:\/\/www.btv.md\/ro\/wp-json\/wp\/v2\/media?parent=36152"}],"wp:term":[{"taxonomy":"category","embeddable":true,"href":"https:\/\/www.btv.md\/ro\/wp-json\/wp\/v2\/categories?post=36152"},{"taxonomy":"post_tag","embeddable":true,"href":"https:\/\/www.btv.md\/ro\/wp-json\/wp\/v2\/tags?post=36152"}],"curies":[{"name":"wp","href":"https:\/\/api.w.org\/{rel}","templated":true}]}}