{"id":36161,"date":"2017-11-17T12:41:20","date_gmt":"2017-11-17T09:41:20","guid":{"rendered":"http:\/\/btv.md\/?p=36161"},"modified":"2017-11-17T15:44:45","modified_gmt":"2017-11-17T12:44:45","slug":"ce-va-urma-dupa-modificarea-curriculumului-national-scolar","status":"publish","type":"post","link":"https:\/\/www.btv.md\/ro\/ce-va-urma-dupa-modificarea-curriculumului-national-scolar\/","title":{"rendered":"Ce va urma dup\u0103 modificarea curriculumului na\u021bional \u0219colar"},"content":{"rendered":"<p><strong>Ministerul Educa\u021biei, Culturii \u0219i Cercet\u0103rii (MECC) va desf\u0103\u015fura \u00een cea de-a doua jum\u0103tate a lunii curente consult\u0103ri publice zonale \u00een vederea dezvolt\u0103rii con\u021binuturilor curriculare la disciplinele \u0219colare, urm\u00e2nd ca, la finele anului, \u00een Guvern s\u0103 fie prezentat \u201eConceptul de modernizare a curriculumului \u015fcolar\u201d. MECC a identificat \u00een acest scop 15 milioane de lei, potrivit secretarului general de stat al al institu\u0163iei, Igor \u0218arov, informeaz\u0103 <a href=\"https:\/\/deschide.md\">Deschide.md.<\/a><\/strong><\/p>\n<p>\u00cen cadrul unui interviu acordat portalului de \u015ftiri Deschide.MD (n.r. interviul integral va fi publicat m\u00e2ine), \u015earov a men\u0163ionat c\u0103 modific\u0103rile vor conduce, \u00eentre altele, \u0219i la reducerea num\u0103rului de ore obligatorii studiate \u00een prezent \u00een ciclul liceal: \u201ePlanul cadru actual prevede un num\u0103r prea mare de ore obligatorii, pentru liceu, spre exemplu, lucru ce supra\u00eencarc\u0103 \u0219i de-motiveaz\u0103 elevii. Num\u0103rul excesiv de ore obligatorii studiate azi la liceu nu rezist\u0103 niciunei critici \u00een compara\u021bie cu statele europene, acest fapt av\u00e2nd o influen\u021b\u0103 negativ\u0103 \u0219i asupra op\u021biunilor elevilor de a studia discipline suplimentare, \u00een conformitate cu necesit\u0103\u021bile \u0219i interesele proprii\u201d.<\/p>\n<p>Chiar dac\u0103, afirm\u0103 sursa citat\u0103, elevii din Republica Moldova au rezultate bune la \u00eenv\u0103\u0163\u0103tur\u0103 (\u201edup\u0103 cum rezult\u0103 \u015fi din evaluarea PISA, Programului pentru Evaluarea Interna\u0163ional\u0103 a Elevilor), \u201enu putem nega \u0219i faptul c\u0103 sistemul educa\u021bional din Republica Moldova nu le ofer\u0103 elevilor destule oportunit\u0103\u021bi care ar contribui la formarea \u0219i dezvoltarea competen\u021belor de g\u00e2ndire critic\u0103, antreprenorial\u0103, a celor civice \u0219i estetice\u201d. \u015earov a \u0163inut s\u0103 sublinieze c\u0103 aspectul acesta, precum \u015fi capacitatea cadrelor didactice de a pune \u00een aplicare noul curriculum \u201ese afl\u0103 pe agend\u0103 noastr\u0103 curent\u0103 de activitate\u201d.<\/p>\n<p>Ini\u0163iativa \u00een discu\u0163ie a fost anun\u021bat\u0103 anterior \u0219i de ministrul Monica Babuc, care a precizat c\u0103 reforma curricular\u0103 va scoate \u201e<em>povara num\u0103rului mare de discipline \u0219colare de pe umerii elevilor, dar \u0219i povara numeroaselor rapoarte de pe umerii cadrelor didactice<\/em>\u201d.\u00a0<\/p>\n<p>Subiectul modific\u0103rii \u0219i perfec\u021bion\u0103rii curriculumului \u0219colar este intens dezb\u0103tut \u0219i pe re\u021belele sociale. P\u0103rerile internau\u021bilor sunt \u00eemp\u0103r\u021bite. Dac\u0103 unii consider\u0103 c\u0103 aceast\u0103 modificare este\u00a0indispensabil\u0103, al\u021bii c\u0103 va \u00eembun\u0103n\u0103\u0163i sistemul educa\u021bional.<\/p>\n","protected":false},"excerpt":{"rendered":"<p>Ministerul Educa\u021biei, Culturii \u0219i Cercet\u0103rii (MECC) va desf\u0103\u015fura \u00een cea de-a doua jum\u0103tate a lunii curente consult\u0103ri publice zonale \u00een vederea dezvolt\u0103rii con\u021binuturilor curriculare la disciplinele \u0219colare, urm\u00e2nd ca, la finele anului, \u00een Guvern s\u0103 fie prezentat \u201eConceptul de modernizare a curriculumului \u015fcolar\u201d. MECC a identificat \u00een acest scop 15 milioane de lei, potrivit secretarului [&hellip;]<\/p>\n","protected":false},"author":4,"featured_media":36162,"comment_status":"closed","ping_status":"closed","sticky":false,"template":"","format":"standard","meta":{"footnotes":""},"categories":[6349,6377],"tags":[],"class_list":["post-36161","post","type-post","status-publish","format-standard","has-post-thumbnail","hentry","category-social","category-stiri"],"yoast_head":"<!-- This site is optimized with the Yoast SEO plugin v27.4 - https:\/\/yoast.com\/product\/yoast-seo-wordpress\/ -->\n<title>Ce va urma dup\u0103 modificarea curriculumului na\u021bional \u0219colar<\/title>\n<meta name=\"robots\" content=\"index, follow, max-snippet:-1, max-image-preview:large, max-video-preview:-1\" \/>\n<link rel=\"canonical\" href=\"https:\/\/www.btv.md\/ro\/ce-va-urma-dupa-modificarea-curriculumului-national-scolar\/\" \/>\n<meta property=\"og:locale\" content=\"ro_RO\" \/>\n<meta property=\"og:type\" content=\"article\" \/>\n<meta property=\"og:title\" content=\"Ce va urma dup\u0103 modificarea curriculumului na\u021bional \u0219colar\" \/>\n<meta property=\"og:description\" content=\"Ministerul Educa\u021biei, Culturii \u0219i Cercet\u0103rii (MECC) va desf\u0103\u015fura \u00een cea de-a doua jum\u0103tate a lunii curente consult\u0103ri publice zonale \u00een vederea dezvolt\u0103rii con\u021binuturilor curriculare la disciplinele \u0219colare, urm\u00e2nd ca, la finele anului, \u00een Guvern s\u0103 fie prezentat \u201eConceptul de modernizare a curriculumului \u015fcolar\u201d. MECC a identificat \u00een acest scop 15 milioane de lei, potrivit secretarului [&hellip;]\" \/>\n<meta property=\"og:url\" content=\"https:\/\/www.btv.md\/ro\/ce-va-urma-dupa-modificarea-curriculumului-national-scolar\/\" \/>\n<meta property=\"og:site_name\" content=\"BTV\" \/>\n<meta property=\"article:publisher\" content=\"https:\/\/www.facebook.com\/btvmoldova\/\" \/>\n<meta property=\"article:published_time\" content=\"2017-11-17T09:41:20+00:00\" \/>\n<meta property=\"article:modified_time\" content=\"2017-11-17T12:44:45+00:00\" \/>\n<meta property=\"og:image\" content=\"https:\/\/www.btv.md\/wp-content\/uploads\/2017\/11\/copil-elev.jpg\" \/>\n\t<meta property=\"og:image:width\" content=\"758\" \/>\n\t<meta property=\"og:image:height\" content=\"426\" \/>\n\t<meta property=\"og:image:type\" content=\"image\/jpeg\" \/>\n<meta name=\"author\" content=\"admin\" \/>\n<meta name=\"twitter:label1\" content=\"Scris de\" \/>\n\t<meta name=\"twitter:data1\" content=\"admin\" \/>\n\t<meta name=\"twitter:label2\" content=\"Timp estimat pentru citire\" \/>\n\t<meta name=\"twitter:data2\" content=\"2 minute\" \/>\n<script type=\"application\/ld+json\" class=\"yoast-schema-graph\">{\"@context\":\"https:\\\/\\\/schema.org\",\"@graph\":[{\"@type\":\"Article\",\"@id\":\"https:\\\/\\\/www.btv.md\\\/ro\\\/ce-va-urma-dupa-modificarea-curriculumului-national-scolar\\\/#article\",\"isPartOf\":{\"@id\":\"https:\\\/\\\/www.btv.md\\\/ro\\\/ce-va-urma-dupa-modificarea-curriculumului-national-scolar\\\/\"},\"author\":{\"name\":\"admin\",\"@id\":\"https:\\\/\\\/www.btv.md\\\/#\\\/schema\\\/person\\\/8fadce81561b3ce2c34c46dadc4ccbf2\"},\"headline\":\"Ce va urma dup\u0103 modificarea curriculumului na\u021bional \u0219colar\",\"datePublished\":\"2017-11-17T09:41:20+00:00\",\"dateModified\":\"2017-11-17T12:44:45+00:00\",\"mainEntityOfPage\":{\"@id\":\"https:\\\/\\\/www.btv.md\\\/ro\\\/ce-va-urma-dupa-modificarea-curriculumului-national-scolar\\\/\"},\"wordCount\":378,\"image\":{\"@id\":\"https:\\\/\\\/www.btv.md\\\/ro\\\/ce-va-urma-dupa-modificarea-curriculumului-national-scolar\\\/#primaryimage\"},\"thumbnailUrl\":\"https:\\\/\\\/www.btv.md\\\/wp-content\\\/uploads\\\/2017\\\/11\\\/copil-elev.jpg\",\"articleSection\":[\"Social\",\"\u0218tiri\"],\"inLanguage\":\"ro-RO\"},{\"@type\":\"WebPage\",\"@id\":\"https:\\\/\\\/www.btv.md\\\/ro\\\/ce-va-urma-dupa-modificarea-curriculumului-national-scolar\\\/\",\"url\":\"https:\\\/\\\/www.btv.md\\\/ro\\\/ce-va-urma-dupa-modificarea-curriculumului-national-scolar\\\/\",\"name\":\"Ce va urma dup\u0103 modificarea curriculumului na\u021bional \u0219colar\",\"isPartOf\":{\"@id\":\"https:\\\/\\\/www.btv.md\\\/#website\"},\"primaryImageOfPage\":{\"@id\":\"https:\\\/\\\/www.btv.md\\\/ro\\\/ce-va-urma-dupa-modificarea-curriculumului-national-scolar\\\/#primaryimage\"},\"image\":{\"@id\":\"https:\\\/\\\/www.btv.md\\\/ro\\\/ce-va-urma-dupa-modificarea-curriculumului-national-scolar\\\/#primaryimage\"},\"thumbnailUrl\":\"https:\\\/\\\/www.btv.md\\\/wp-content\\\/uploads\\\/2017\\\/11\\\/copil-elev.jpg\",\"datePublished\":\"2017-11-17T09:41:20+00:00\",\"dateModified\":\"2017-11-17T12:44:45+00:00\",\"author\":{\"@id\":\"https:\\\/\\\/www.btv.md\\\/#\\\/schema\\\/person\\\/8fadce81561b3ce2c34c46dadc4ccbf2\"},\"inLanguage\":\"ro-RO\",\"potentialAction\":[{\"@type\":\"ReadAction\",\"target\":[\"https:\\\/\\\/www.btv.md\\\/ro\\\/ce-va-urma-dupa-modificarea-curriculumului-national-scolar\\\/\"]}]},{\"@type\":\"ImageObject\",\"inLanguage\":\"ro-RO\",\"@id\":\"https:\\\/\\\/www.btv.md\\\/ro\\\/ce-va-urma-dupa-modificarea-curriculumului-national-scolar\\\/#primaryimage\",\"url\":\"https:\\\/\\\/www.btv.md\\\/wp-content\\\/uploads\\\/2017\\\/11\\\/copil-elev.jpg\",\"contentUrl\":\"https:\\\/\\\/www.btv.md\\\/wp-content\\\/uploads\\\/2017\\\/11\\\/copil-elev.jpg\",\"width\":758,\"height\":426,\"caption\":\"curriculumul na\u021bional \u0219colar\"},{\"@type\":\"WebSite\",\"@id\":\"https:\\\/\\\/www.btv.md\\\/#website\",\"url\":\"https:\\\/\\\/www.btv.md\\\/\",\"name\":\"BTV\",\"description\":\"\u0411\u0435\u043b\u044c\u0446\u043a\u043e\u0435 \u0442\u0435\u043b\u0435\u0432\u0438\u0434\u0435\u043d\u0438\u0435\",\"potentialAction\":[{\"@type\":\"SearchAction\",\"target\":{\"@type\":\"EntryPoint\",\"urlTemplate\":\"https:\\\/\\\/www.btv.md\\\/?s={search_term_string}\"},\"query-input\":{\"@type\":\"PropertyValueSpecification\",\"valueRequired\":true,\"valueName\":\"search_term_string\"}}],\"inLanguage\":\"ro-RO\"},{\"@type\":\"Person\",\"@id\":\"https:\\\/\\\/www.btv.md\\\/#\\\/schema\\\/person\\\/8fadce81561b3ce2c34c46dadc4ccbf2\",\"name\":\"admin\"}]}<\/script>\n<!-- \/ Yoast SEO plugin. -->","yoast_head_json":{"title":"Ce va urma dup\u0103 modificarea curriculumului na\u021bional \u0219colar","robots":{"index":"index","follow":"follow","max-snippet":"max-snippet:-1","max-image-preview":"max-image-preview:large","max-video-preview":"max-video-preview:-1"},"canonical":"https:\/\/www.btv.md\/ro\/ce-va-urma-dupa-modificarea-curriculumului-national-scolar\/","og_locale":"ro_RO","og_type":"article","og_title":"Ce va urma dup\u0103 modificarea curriculumului na\u021bional \u0219colar","og_description":"Ministerul Educa\u021biei, Culturii \u0219i Cercet\u0103rii (MECC) va desf\u0103\u015fura \u00een cea de-a doua jum\u0103tate a lunii curente consult\u0103ri publice zonale \u00een vederea dezvolt\u0103rii con\u021binuturilor curriculare la disciplinele \u0219colare, urm\u00e2nd ca, la finele anului, \u00een Guvern s\u0103 fie prezentat \u201eConceptul de modernizare a curriculumului \u015fcolar\u201d. MECC a identificat \u00een acest scop 15 milioane de lei, potrivit secretarului [&hellip;]","og_url":"https:\/\/www.btv.md\/ro\/ce-va-urma-dupa-modificarea-curriculumului-national-scolar\/","og_site_name":"BTV","article_publisher":"https:\/\/www.facebook.com\/btvmoldova\/","article_published_time":"2017-11-17T09:41:20+00:00","article_modified_time":"2017-11-17T12:44:45+00:00","og_image":[{"width":758,"height":426,"url":"https:\/\/www.btv.md\/wp-content\/uploads\/2017\/11\/copil-elev.jpg","type":"image\/jpeg"}],"author":"admin","twitter_misc":{"Scris de":"admin","Timp estimat pentru citire":"2 minute"},"schema":{"@context":"https:\/\/schema.org","@graph":[{"@type":"Article","@id":"https:\/\/www.btv.md\/ro\/ce-va-urma-dupa-modificarea-curriculumului-national-scolar\/#article","isPartOf":{"@id":"https:\/\/www.btv.md\/ro\/ce-va-urma-dupa-modificarea-curriculumului-national-scolar\/"},"author":{"name":"admin","@id":"https:\/\/www.btv.md\/#\/schema\/person\/8fadce81561b3ce2c34c46dadc4ccbf2"},"headline":"Ce va urma dup\u0103 modificarea curriculumului na\u021bional \u0219colar","datePublished":"2017-11-17T09:41:20+00:00","dateModified":"2017-11-17T12:44:45+00:00","mainEntityOfPage":{"@id":"https:\/\/www.btv.md\/ro\/ce-va-urma-dupa-modificarea-curriculumului-national-scolar\/"},"wordCount":378,"image":{"@id":"https:\/\/www.btv.md\/ro\/ce-va-urma-dupa-modificarea-curriculumului-national-scolar\/#primaryimage"},"thumbnailUrl":"https:\/\/www.btv.md\/wp-content\/uploads\/2017\/11\/copil-elev.jpg","articleSection":["Social","\u0218tiri"],"inLanguage":"ro-RO"},{"@type":"WebPage","@id":"https:\/\/www.btv.md\/ro\/ce-va-urma-dupa-modificarea-curriculumului-national-scolar\/","url":"https:\/\/www.btv.md\/ro\/ce-va-urma-dupa-modificarea-curriculumului-national-scolar\/","name":"Ce va urma dup\u0103 modificarea curriculumului na\u021bional \u0219colar","isPartOf":{"@id":"https:\/\/www.btv.md\/#website"},"primaryImageOfPage":{"@id":"https:\/\/www.btv.md\/ro\/ce-va-urma-dupa-modificarea-curriculumului-national-scolar\/#primaryimage"},"image":{"@id":"https:\/\/www.btv.md\/ro\/ce-va-urma-dupa-modificarea-curriculumului-national-scolar\/#primaryimage"},"thumbnailUrl":"https:\/\/www.btv.md\/wp-content\/uploads\/2017\/11\/copil-elev.jpg","datePublished":"2017-11-17T09:41:20+00:00","dateModified":"2017-11-17T12:44:45+00:00","author":{"@id":"https:\/\/www.btv.md\/#\/schema\/person\/8fadce81561b3ce2c34c46dadc4ccbf2"},"inLanguage":"ro-RO","potentialAction":[{"@type":"ReadAction","target":["https:\/\/www.btv.md\/ro\/ce-va-urma-dupa-modificarea-curriculumului-national-scolar\/"]}]},{"@type":"ImageObject","inLanguage":"ro-RO","@id":"https:\/\/www.btv.md\/ro\/ce-va-urma-dupa-modificarea-curriculumului-national-scolar\/#primaryimage","url":"https:\/\/www.btv.md\/wp-content\/uploads\/2017\/11\/copil-elev.jpg","contentUrl":"https:\/\/www.btv.md\/wp-content\/uploads\/2017\/11\/copil-elev.jpg","width":758,"height":426,"caption":"curriculumul na\u021bional \u0219colar"},{"@type":"WebSite","@id":"https:\/\/www.btv.md\/#website","url":"https:\/\/www.btv.md\/","name":"BTV","description":"\u0411\u0435\u043b\u044c\u0446\u043a\u043e\u0435 \u0442\u0435\u043b\u0435\u0432\u0438\u0434\u0435\u043d\u0438\u0435","potentialAction":[{"@type":"SearchAction","target":{"@type":"EntryPoint","urlTemplate":"https:\/\/www.btv.md\/?s={search_term_string}"},"query-input":{"@type":"PropertyValueSpecification","valueRequired":true,"valueName":"search_term_string"}}],"inLanguage":"ro-RO"},{"@type":"Person","@id":"https:\/\/www.btv.md\/#\/schema\/person\/8fadce81561b3ce2c34c46dadc4ccbf2","name":"admin"}]}},"_links":{"self":[{"href":"https:\/\/www.btv.md\/ro\/wp-json\/wp\/v2\/posts\/36161","targetHints":{"allow":["GET"]}}],"collection":[{"href":"https:\/\/www.btv.md\/ro\/wp-json\/wp\/v2\/posts"}],"about":[{"href":"https:\/\/www.btv.md\/ro\/wp-json\/wp\/v2\/types\/post"}],"author":[{"embeddable":true,"href":"https:\/\/www.btv.md\/ro\/wp-json\/wp\/v2\/users\/4"}],"replies":[{"embeddable":true,"href":"https:\/\/www.btv.md\/ro\/wp-json\/wp\/v2\/comments?post=36161"}],"version-history":[{"count":0,"href":"https:\/\/www.btv.md\/ro\/wp-json\/wp\/v2\/posts\/36161\/revisions"}],"wp:featuredmedia":[{"embeddable":true,"href":"https:\/\/www.btv.md\/ro\/wp-json\/wp\/v2\/media\/36162"}],"wp:attachment":[{"href":"https:\/\/www.btv.md\/ro\/wp-json\/wp\/v2\/media?parent=36161"}],"wp:term":[{"taxonomy":"category","embeddable":true,"href":"https:\/\/www.btv.md\/ro\/wp-json\/wp\/v2\/categories?post=36161"},{"taxonomy":"post_tag","embeddable":true,"href":"https:\/\/www.btv.md\/ro\/wp-json\/wp\/v2\/tags?post=36161"}],"curies":[{"name":"wp","href":"https:\/\/api.w.org\/{rel}","templated":true}]}}