{"id":36164,"date":"2017-11-17T09:43:31","date_gmt":"2017-11-17T06:43:31","guid":{"rendered":"http:\/\/btv.md\/?p=36164"},"modified":"2019-02-10T15:59:19","modified_gmt":"2019-02-10T13:59:19","slug":"saptamana-viitoare-temperatura-aerului-va-scadea-pana-la-8-grade","status":"publish","type":"post","link":"https:\/\/www.btv.md\/ro\/saptamana-viitoare-temperatura-aerului-va-scadea-pana-la-8-grade\/","title":{"rendered":"S\u0103pt\u0103m\u00e2na viitoare  temperatura aerului va sc\u0103dea p\u00e2n\u0103 la -8 grade"},"content":{"rendered":"<p><strong>S\u0103pt\u0103m\u00e2na viitoare se va r\u0103ci sim\u021bitor. At\u00e2t noaptea, c\u00e2t \u0219i ziua, vom avea parte de temperaturi negative \u00een termometre, anun\u021b\u0103 Realitatea.<\/strong><\/p>\n<p>Valori termice negative vom avea la nord \u00eencep\u00e2nd cu ziua de<strong>\u00a0<\/strong>luni<strong>,<\/strong> c\u00e2nd minimele vor cobor\u00ee p\u00e2n\u0103 la -1 grad, pe timp de noapte, anun\u021b\u0103\u00a0<a href=\"http:\/\/www.realitatea.md\/vine-frigul--saptamana-viitoare-temperatura-aerului-va-scadea-pana-la--8-grade_67235.html\">Realitatea.md<\/a>.<\/p>\n<p>Mar\u021bi, la nord se va r\u0103ci p\u00e2n\u0103 la -4 grade noapte \u0219i p\u00e2n\u0103 la -1 grad ziua. La sud noaptea se va r\u0103ci p\u00e2n\u0103 la -2 grade, iar ziua, p\u00e2n\u0103 la -1 grade. \u00cen centrul \u021b\u0103rii vor fi p\u00e2n\u0103 la -3 grade noaptea, iar ziua, p\u00e2n\u0103 la +2 grade.<\/p>\n<p>Miercuri\u00a0se r\u0103ce\u0219te \u0219i mai mult. La nord, pe timp de noapte, mercurul din termometre va c\u0103dea p\u00e2n\u0103 la -7 grade, iar ziua vom avea minime de p\u00e2n\u0103 la -3 grade.<\/p>\n<p>\u00cen centru noaptea se va r\u0103ci p\u00e2n\u0103 la -6 grade, iar ziua, p\u00e2n\u0103 la -2 grade. Totodat\u0103, la sud vor fi minim -6 grade noaptea \u0219i -1 grad ziua.<\/p>\n<p>\u00cen ziua de joi, temperaturile aerului at\u00e2t pe timp de zi, c\u00e2t \u0219i pe timp de noapte, vor sc\u0103dea cu aproximativ un grad.<\/p>\n","protected":false},"excerpt":{"rendered":"<p>S\u0103pt\u0103m\u00e2na viitoare se va r\u0103ci sim\u021bitor. At\u00e2t noaptea, c\u00e2t \u0219i ziua, vom avea parte de temperaturi negative \u00een termometre, anun\u021b\u0103 Realitatea. Valori termice negative vom avea la nord \u00eencep\u00e2nd cu ziua de\u00a0luni, c\u00e2nd minimele vor cobor\u00ee p\u00e2n\u0103 la -1 grad, pe timp de noapte, anun\u021b\u0103\u00a0Realitatea.md. Mar\u021bi, la nord se va r\u0103ci p\u00e2n\u0103 la -4 grade [&hellip;]<\/p>\n","protected":false},"author":4,"featured_media":36165,"comment_status":"closed","ping_status":"closed","sticky":false,"template":"","format":"standard","meta":{"footnotes":""},"categories":[6349],"tags":[],"class_list":["post-36164","post","type-post","status-publish","format-standard","has-post-thumbnail","hentry","category-social"],"yoast_head":"<!-- This site is optimized with the Yoast SEO plugin v27.4 - https:\/\/yoast.com\/product\/yoast-seo-wordpress\/ -->\n<title>S\u0103pt\u0103m\u00e2na viitoare temperatura aerului va sc\u0103dea p\u00e2n\u0103 la -8 grade<\/title>\n<meta name=\"description\" content=\"S\u0103pt\u0103m\u00e2na viitoare se va r\u0103ci sim\u021bitor. At\u00e2t noaptea, c\u00e2t \u0219i ziua, vom avea parte de temperaturi negative \u00een termometre, anun\u021b\u0103 Realitatea.\" \/>\n<meta name=\"robots\" content=\"index, follow, max-snippet:-1, max-image-preview:large, max-video-preview:-1\" \/>\n<link rel=\"canonical\" href=\"https:\/\/www.btv.md\/ro\/saptamana-viitoare-temperatura-aerului-va-scadea-pana-la-8-grade\/\" \/>\n<meta property=\"og:locale\" content=\"ro_RO\" \/>\n<meta property=\"og:type\" content=\"article\" \/>\n<meta property=\"og:title\" content=\"S\u0103pt\u0103m\u00e2na viitoare temperatura aerului va sc\u0103dea p\u00e2n\u0103 la -8 grade\" \/>\n<meta property=\"og:description\" content=\"S\u0103pt\u0103m\u00e2na viitoare se va r\u0103ci sim\u021bitor. At\u00e2t noaptea, c\u00e2t \u0219i ziua, vom avea parte de temperaturi negative \u00een termometre, anun\u021b\u0103 Realitatea.\" \/>\n<meta property=\"og:url\" content=\"https:\/\/www.btv.md\/ro\/saptamana-viitoare-temperatura-aerului-va-scadea-pana-la-8-grade\/\" \/>\n<meta property=\"og:site_name\" content=\"BTV\" \/>\n<meta property=\"article:publisher\" content=\"https:\/\/www.facebook.com\/btvmoldova\/\" \/>\n<meta property=\"article:published_time\" content=\"2017-11-17T06:43:31+00:00\" \/>\n<meta property=\"article:modified_time\" content=\"2019-02-10T13:59:19+00:00\" \/>\n<meta property=\"og:image\" content=\"https:\/\/www.btv.md\/wp-content\/uploads\/2017\/11\/termometru.jpg\" \/>\n\t<meta property=\"og:image:width\" content=\"600\" \/>\n\t<meta property=\"og:image:height\" content=\"400\" \/>\n\t<meta property=\"og:image:type\" content=\"image\/jpeg\" \/>\n<meta name=\"author\" content=\"admin\" \/>\n<meta name=\"twitter:label1\" content=\"Scris de\" \/>\n\t<meta name=\"twitter:data1\" content=\"admin\" \/>\n\t<meta name=\"twitter:label2\" content=\"Timp estimat pentru citire\" \/>\n\t<meta name=\"twitter:data2\" content=\"1 minut\" \/>\n<script type=\"application\/ld+json\" class=\"yoast-schema-graph\">{\"@context\":\"https:\\\/\\\/schema.org\",\"@graph\":[{\"@type\":\"Article\",\"@id\":\"https:\\\/\\\/www.btv.md\\\/ro\\\/saptamana-viitoare-temperatura-aerului-va-scadea-pana-la-8-grade\\\/#article\",\"isPartOf\":{\"@id\":\"https:\\\/\\\/www.btv.md\\\/ro\\\/saptamana-viitoare-temperatura-aerului-va-scadea-pana-la-8-grade\\\/\"},\"author\":{\"name\":\"admin\",\"@id\":\"https:\\\/\\\/www.btv.md\\\/#\\\/schema\\\/person\\\/8fadce81561b3ce2c34c46dadc4ccbf2\"},\"headline\":\"S\u0103pt\u0103m\u00e2na viitoare temperatura aerului va sc\u0103dea p\u00e2n\u0103 la -8 grade\",\"datePublished\":\"2017-11-17T06:43:31+00:00\",\"dateModified\":\"2019-02-10T13:59:19+00:00\",\"mainEntityOfPage\":{\"@id\":\"https:\\\/\\\/www.btv.md\\\/ro\\\/saptamana-viitoare-temperatura-aerului-va-scadea-pana-la-8-grade\\\/\"},\"wordCount\":224,\"image\":{\"@id\":\"https:\\\/\\\/www.btv.md\\\/ro\\\/saptamana-viitoare-temperatura-aerului-va-scadea-pana-la-8-grade\\\/#primaryimage\"},\"thumbnailUrl\":\"https:\\\/\\\/www.btv.md\\\/wp-content\\\/uploads\\\/2017\\\/11\\\/termometru.jpg\",\"articleSection\":[\"Social\"],\"inLanguage\":\"ro-RO\"},{\"@type\":\"WebPage\",\"@id\":\"https:\\\/\\\/www.btv.md\\\/ro\\\/saptamana-viitoare-temperatura-aerului-va-scadea-pana-la-8-grade\\\/\",\"url\":\"https:\\\/\\\/www.btv.md\\\/ro\\\/saptamana-viitoare-temperatura-aerului-va-scadea-pana-la-8-grade\\\/\",\"name\":\"S\u0103pt\u0103m\u00e2na viitoare temperatura aerului va sc\u0103dea p\u00e2n\u0103 la -8 grade\",\"isPartOf\":{\"@id\":\"https:\\\/\\\/www.btv.md\\\/#website\"},\"primaryImageOfPage\":{\"@id\":\"https:\\\/\\\/www.btv.md\\\/ro\\\/saptamana-viitoare-temperatura-aerului-va-scadea-pana-la-8-grade\\\/#primaryimage\"},\"image\":{\"@id\":\"https:\\\/\\\/www.btv.md\\\/ro\\\/saptamana-viitoare-temperatura-aerului-va-scadea-pana-la-8-grade\\\/#primaryimage\"},\"thumbnailUrl\":\"https:\\\/\\\/www.btv.md\\\/wp-content\\\/uploads\\\/2017\\\/11\\\/termometru.jpg\",\"datePublished\":\"2017-11-17T06:43:31+00:00\",\"dateModified\":\"2019-02-10T13:59:19+00:00\",\"author\":{\"@id\":\"https:\\\/\\\/www.btv.md\\\/#\\\/schema\\\/person\\\/8fadce81561b3ce2c34c46dadc4ccbf2\"},\"description\":\"S\u0103pt\u0103m\u00e2na viitoare se va r\u0103ci sim\u021bitor. At\u00e2t noaptea, c\u00e2t \u0219i ziua, vom avea parte de temperaturi negative \u00een termometre, anun\u021b\u0103 Realitatea.\",\"inLanguage\":\"ro-RO\",\"potentialAction\":[{\"@type\":\"ReadAction\",\"target\":[\"https:\\\/\\\/www.btv.md\\\/ro\\\/saptamana-viitoare-temperatura-aerului-va-scadea-pana-la-8-grade\\\/\"]}]},{\"@type\":\"ImageObject\",\"inLanguage\":\"ro-RO\",\"@id\":\"https:\\\/\\\/www.btv.md\\\/ro\\\/saptamana-viitoare-temperatura-aerului-va-scadea-pana-la-8-grade\\\/#primaryimage\",\"url\":\"https:\\\/\\\/www.btv.md\\\/wp-content\\\/uploads\\\/2017\\\/11\\\/termometru.jpg\",\"contentUrl\":\"https:\\\/\\\/www.btv.md\\\/wp-content\\\/uploads\\\/2017\\\/11\\\/termometru.jpg\",\"width\":600,\"height\":400,\"caption\":\"temperatura aerului\"},{\"@type\":\"WebSite\",\"@id\":\"https:\\\/\\\/www.btv.md\\\/#website\",\"url\":\"https:\\\/\\\/www.btv.md\\\/\",\"name\":\"BTV\",\"description\":\"\u0411\u0435\u043b\u044c\u0446\u043a\u043e\u0435 \u0442\u0435\u043b\u0435\u0432\u0438\u0434\u0435\u043d\u0438\u0435\",\"potentialAction\":[{\"@type\":\"SearchAction\",\"target\":{\"@type\":\"EntryPoint\",\"urlTemplate\":\"https:\\\/\\\/www.btv.md\\\/?s={search_term_string}\"},\"query-input\":{\"@type\":\"PropertyValueSpecification\",\"valueRequired\":true,\"valueName\":\"search_term_string\"}}],\"inLanguage\":\"ro-RO\"},{\"@type\":\"Person\",\"@id\":\"https:\\\/\\\/www.btv.md\\\/#\\\/schema\\\/person\\\/8fadce81561b3ce2c34c46dadc4ccbf2\",\"name\":\"admin\"}]}<\/script>\n<!-- \/ Yoast SEO plugin. -->","yoast_head_json":{"title":"S\u0103pt\u0103m\u00e2na viitoare temperatura aerului va sc\u0103dea p\u00e2n\u0103 la -8 grade","description":"S\u0103pt\u0103m\u00e2na viitoare se va r\u0103ci sim\u021bitor. At\u00e2t noaptea, c\u00e2t \u0219i ziua, vom avea parte de temperaturi negative \u00een termometre, anun\u021b\u0103 Realitatea.","robots":{"index":"index","follow":"follow","max-snippet":"max-snippet:-1","max-image-preview":"max-image-preview:large","max-video-preview":"max-video-preview:-1"},"canonical":"https:\/\/www.btv.md\/ro\/saptamana-viitoare-temperatura-aerului-va-scadea-pana-la-8-grade\/","og_locale":"ro_RO","og_type":"article","og_title":"S\u0103pt\u0103m\u00e2na viitoare temperatura aerului va sc\u0103dea p\u00e2n\u0103 la -8 grade","og_description":"S\u0103pt\u0103m\u00e2na viitoare se va r\u0103ci sim\u021bitor. At\u00e2t noaptea, c\u00e2t \u0219i ziua, vom avea parte de temperaturi negative \u00een termometre, anun\u021b\u0103 Realitatea.","og_url":"https:\/\/www.btv.md\/ro\/saptamana-viitoare-temperatura-aerului-va-scadea-pana-la-8-grade\/","og_site_name":"BTV","article_publisher":"https:\/\/www.facebook.com\/btvmoldova\/","article_published_time":"2017-11-17T06:43:31+00:00","article_modified_time":"2019-02-10T13:59:19+00:00","og_image":[{"width":600,"height":400,"url":"https:\/\/www.btv.md\/wp-content\/uploads\/2017\/11\/termometru.jpg","type":"image\/jpeg"}],"author":"admin","twitter_misc":{"Scris de":"admin","Timp estimat pentru citire":"1 minut"},"schema":{"@context":"https:\/\/schema.org","@graph":[{"@type":"Article","@id":"https:\/\/www.btv.md\/ro\/saptamana-viitoare-temperatura-aerului-va-scadea-pana-la-8-grade\/#article","isPartOf":{"@id":"https:\/\/www.btv.md\/ro\/saptamana-viitoare-temperatura-aerului-va-scadea-pana-la-8-grade\/"},"author":{"name":"admin","@id":"https:\/\/www.btv.md\/#\/schema\/person\/8fadce81561b3ce2c34c46dadc4ccbf2"},"headline":"S\u0103pt\u0103m\u00e2na viitoare temperatura aerului va sc\u0103dea p\u00e2n\u0103 la -8 grade","datePublished":"2017-11-17T06:43:31+00:00","dateModified":"2019-02-10T13:59:19+00:00","mainEntityOfPage":{"@id":"https:\/\/www.btv.md\/ro\/saptamana-viitoare-temperatura-aerului-va-scadea-pana-la-8-grade\/"},"wordCount":224,"image":{"@id":"https:\/\/www.btv.md\/ro\/saptamana-viitoare-temperatura-aerului-va-scadea-pana-la-8-grade\/#primaryimage"},"thumbnailUrl":"https:\/\/www.btv.md\/wp-content\/uploads\/2017\/11\/termometru.jpg","articleSection":["Social"],"inLanguage":"ro-RO"},{"@type":"WebPage","@id":"https:\/\/www.btv.md\/ro\/saptamana-viitoare-temperatura-aerului-va-scadea-pana-la-8-grade\/","url":"https:\/\/www.btv.md\/ro\/saptamana-viitoare-temperatura-aerului-va-scadea-pana-la-8-grade\/","name":"S\u0103pt\u0103m\u00e2na viitoare temperatura aerului va sc\u0103dea p\u00e2n\u0103 la -8 grade","isPartOf":{"@id":"https:\/\/www.btv.md\/#website"},"primaryImageOfPage":{"@id":"https:\/\/www.btv.md\/ro\/saptamana-viitoare-temperatura-aerului-va-scadea-pana-la-8-grade\/#primaryimage"},"image":{"@id":"https:\/\/www.btv.md\/ro\/saptamana-viitoare-temperatura-aerului-va-scadea-pana-la-8-grade\/#primaryimage"},"thumbnailUrl":"https:\/\/www.btv.md\/wp-content\/uploads\/2017\/11\/termometru.jpg","datePublished":"2017-11-17T06:43:31+00:00","dateModified":"2019-02-10T13:59:19+00:00","author":{"@id":"https:\/\/www.btv.md\/#\/schema\/person\/8fadce81561b3ce2c34c46dadc4ccbf2"},"description":"S\u0103pt\u0103m\u00e2na viitoare se va r\u0103ci sim\u021bitor. At\u00e2t noaptea, c\u00e2t \u0219i ziua, vom avea parte de temperaturi negative \u00een termometre, anun\u021b\u0103 Realitatea.","inLanguage":"ro-RO","potentialAction":[{"@type":"ReadAction","target":["https:\/\/www.btv.md\/ro\/saptamana-viitoare-temperatura-aerului-va-scadea-pana-la-8-grade\/"]}]},{"@type":"ImageObject","inLanguage":"ro-RO","@id":"https:\/\/www.btv.md\/ro\/saptamana-viitoare-temperatura-aerului-va-scadea-pana-la-8-grade\/#primaryimage","url":"https:\/\/www.btv.md\/wp-content\/uploads\/2017\/11\/termometru.jpg","contentUrl":"https:\/\/www.btv.md\/wp-content\/uploads\/2017\/11\/termometru.jpg","width":600,"height":400,"caption":"temperatura aerului"},{"@type":"WebSite","@id":"https:\/\/www.btv.md\/#website","url":"https:\/\/www.btv.md\/","name":"BTV","description":"\u0411\u0435\u043b\u044c\u0446\u043a\u043e\u0435 \u0442\u0435\u043b\u0435\u0432\u0438\u0434\u0435\u043d\u0438\u0435","potentialAction":[{"@type":"SearchAction","target":{"@type":"EntryPoint","urlTemplate":"https:\/\/www.btv.md\/?s={search_term_string}"},"query-input":{"@type":"PropertyValueSpecification","valueRequired":true,"valueName":"search_term_string"}}],"inLanguage":"ro-RO"},{"@type":"Person","@id":"https:\/\/www.btv.md\/#\/schema\/person\/8fadce81561b3ce2c34c46dadc4ccbf2","name":"admin"}]}},"_links":{"self":[{"href":"https:\/\/www.btv.md\/ro\/wp-json\/wp\/v2\/posts\/36164","targetHints":{"allow":["GET"]}}],"collection":[{"href":"https:\/\/www.btv.md\/ro\/wp-json\/wp\/v2\/posts"}],"about":[{"href":"https:\/\/www.btv.md\/ro\/wp-json\/wp\/v2\/types\/post"}],"author":[{"embeddable":true,"href":"https:\/\/www.btv.md\/ro\/wp-json\/wp\/v2\/users\/4"}],"replies":[{"embeddable":true,"href":"https:\/\/www.btv.md\/ro\/wp-json\/wp\/v2\/comments?post=36164"}],"version-history":[{"count":0,"href":"https:\/\/www.btv.md\/ro\/wp-json\/wp\/v2\/posts\/36164\/revisions"}],"wp:featuredmedia":[{"embeddable":true,"href":"https:\/\/www.btv.md\/ro\/wp-json\/wp\/v2\/media\/36165"}],"wp:attachment":[{"href":"https:\/\/www.btv.md\/ro\/wp-json\/wp\/v2\/media?parent=36164"}],"wp:term":[{"taxonomy":"category","embeddable":true,"href":"https:\/\/www.btv.md\/ro\/wp-json\/wp\/v2\/categories?post=36164"},{"taxonomy":"post_tag","embeddable":true,"href":"https:\/\/www.btv.md\/ro\/wp-json\/wp\/v2\/tags?post=36164"}],"curies":[{"name":"wp","href":"https:\/\/api.w.org\/{rel}","templated":true}]}}