{"id":36167,"date":"2017-11-17T15:48:06","date_gmt":"2017-11-17T12:48:06","guid":{"rendered":"http:\/\/btv.md\/?p=36167"},"modified":"2019-02-10T16:30:08","modified_gmt":"2019-02-10T14:30:08","slug":"fiecare-al-doilea-cetatean-al-r-moldova-da-mita","status":"publish","type":"post","link":"https:\/\/www.btv.md\/ro\/fiecare-al-doilea-cetatean-al-r-moldova-da-mita\/","title":{"rendered":"Fiecare al doilea cet\u0103\u021bean al R. Moldova d\u0103 mit\u0103"},"content":{"rendered":"<p><strong>Guvernul este ineficient \u00een lupta \u00eempotriva corup\u021biei, la aceast\u0103 concluzie au ajuns autorii raportului\u00a0<\/strong><strong><a href=\"https:\/\/www.transparency.org\/news\/feature\/governments_are_doing_a_poor_job_at_fighting_corruption_across_europe\">\u201eOamenii \u0219i Corup\u021bia: Europa \u0219i Asia Central\u0103\u201d<\/a><\/strong><strong>. Transparency International a discutat cu peste 60.000 de cet\u0103\u021beni din 42 de \u021b\u0103ri din Europa \u0219i Asia Central\u0103 despre experien\u021ba lor zilnic\u0103 cu corup\u021bia.<\/strong><\/p>\n<p>Unul din trei oameni sunt de p\u0103rere c\u0103 una dintre cele mai grave probleme din \u021bara lor este corup\u021bia. \u00cen timp ce de aceast\u0103 p\u0103rere este fiecare al doilea moldovean, scrie <a href=\"https:\/\/www.zdg.md\/\">Ziarul de Gard\u0103.<\/a><\/p>\n<p>De asemenea, circa 84 % din cet\u0103\u021benii R. Moldova critic\u0103 guvernarea\u00a0 pentru c\u0103 nu lupt\u0103 eficient cu corup\u021bia. Totodat\u0103, 69% din responden\u021bii moldoveni spun c\u0103 demnitarii \u0219i persoanele care lucreaz\u0103 \u00een institu\u021biile de stat sunt corup\u021bi, asta comparativ c\u0103 de aceast\u0103 p\u0103rere sunt doar 6% din responden\u021bii germani.<\/p>\n<blockquote><p><em>\u201eCorup\u021bia este o problem\u0103 important\u0103. \u00cen \u021b\u0103rile UE mul\u021bi cet\u0103\u021beni observ\u0103 cum conducerea distruge sistemul legislativ \u0219i implementeaz\u0103 legi care s\u0103-i ajute s\u0103 se \u00eembog\u0103\u021beasc\u0103\u201d, sus\u021bine Jose Ugaz, directorul Transparency International. \u201ePur \u0219i simplu, guvernele nu ac\u021bioneaz\u0103 din simplul motiv c\u0103 beneficiarii principali ai corup\u021biei sunt anume ei sau apropia\u021bii lor. Ca s\u0103 pun\u0103 cap\u0103t acestei rela\u021bii infecte dintre putere, bog\u0103\u021bie \u0219i corup\u021bie, guvernele trebuie s\u0103 devin\u0103 transparente, \u0219i s\u0103 prezinte date concrete despre companiile care c\u00e2\u0219tig\u0103 licita\u021biile pentru oferirea serviciilor publice.\u00a0Este foarte greu s\u0103 dai jos oligarhii \u0219i elita care st\u0103 \u00een \u00een v\u00e2rful piramidei de putere. \u00cens\u0103, nu \u0219i imposibil. Trebuie s\u0103 ne unim for\u021bele \u0219i s\u0103 cerem guvernan\u021bilor s\u0103 ne reprezinte interesele \u0219i s\u0103 lupte cu f\u0103r\u0103delegile\u201d, este de p\u0103rere Ugaz.<\/em><\/p><\/blockquote>\n<p>Cu toate acestea, unul din patru oameni din lumea \u00eentreag\u0103 recunoa\u0219te c\u0103 a dat mit\u0103 \u00een ultimele 12 luni. \u00cen timp ce, \u00een R. Moldova, de la 40% p\u00e2n\u0103 la 50% cet\u0103\u021beni ai \u021b\u0103rii noastre m\u0103rturisesc c\u0103 dau mit\u0103 c\u00e2nd colaboreaz\u0103 cu reprezentan\u021bi ai institu\u021biilor de stat, se arat\u0103 \u00eentr-un alt raport prezentat de Transparency Interna\u021bional\u00a0<a href=\"https:\/\/transparency.org.ru\/projects\/GCB%20Citizens%20voices_FINAL.pdf\">\u201ePeople and Corruption: citizens` voices from around the world\u201d<\/a>.<\/p>\n","protected":false},"excerpt":{"rendered":"<p>Guvernul este ineficient \u00een lupta \u00eempotriva corup\u021biei, la aceast\u0103 concluzie au ajuns autorii raportului\u00a0\u201eOamenii \u0219i Corup\u021bia: Europa \u0219i Asia Central\u0103\u201d. Transparency International a discutat cu peste 60.000 de cet\u0103\u021beni din 42 de \u021b\u0103ri din Europa \u0219i Asia Central\u0103 despre experien\u021ba lor zilnic\u0103 cu corup\u021bia. Unul din trei oameni sunt de p\u0103rere c\u0103 una dintre cele [&hellip;]<\/p>\n","protected":false},"author":4,"featured_media":32505,"comment_status":"closed","ping_status":"closed","sticky":false,"template":"","format":"standard","meta":{"footnotes":""},"categories":[6349],"tags":[6491],"class_list":["post-36167","post","type-post","status-publish","format-standard","has-post-thumbnail","hentry","category-social","tag-mita-ro"],"yoast_head":"<!-- This site is optimized with the Yoast SEO plugin v27.4 - https:\/\/yoast.com\/product\/yoast-seo-wordpress\/ -->\n<title>Fiecare al doilea cet\u0103\u021bean al Republicii Moldova d\u0103 mit\u0103<\/title>\n<meta name=\"robots\" content=\"index, follow, max-snippet:-1, max-image-preview:large, max-video-preview:-1\" \/>\n<link rel=\"canonical\" href=\"https:\/\/www.btv.md\/ro\/amp\/fiecare-al-doilea-cetatean-al-r-moldova-da-mita\/\" \/>\n<meta property=\"og:locale\" content=\"ro_RO\" \/>\n<meta property=\"og:type\" content=\"article\" \/>\n<meta property=\"og:title\" content=\"Fiecare al doilea cet\u0103\u021bean al R. Moldova d\u0103 mit\u0103\" \/>\n<meta property=\"og:description\" content=\"Guvernul este ineficient \u00een lupta \u00eempotriva corup\u021biei, la aceast\u0103 concluzie au ajuns autorii raportului\u00a0\u201eOamenii \u0219i Corup\u021bia: Europa \u0219i Asia Central\u0103\u201d. Transparency International a discutat cu peste 60.000 de cet\u0103\u021beni din 42 de \u021b\u0103ri din Europa \u0219i Asia Central\u0103 despre experien\u021ba lor zilnic\u0103 cu corup\u021bia. Unul din trei oameni sunt de p\u0103rere c\u0103 una dintre cele [&hellip;]\" \/>\n<meta property=\"og:url\" content=\"https:\/\/www.btv.md\/ro\/amp\/fiecare-al-doilea-cetatean-al-r-moldova-da-mita\/\" \/>\n<meta property=\"og:site_name\" content=\"BTV\" \/>\n<meta property=\"article:publisher\" content=\"https:\/\/www.facebook.com\/btvmoldova\/\" \/>\n<meta property=\"article:published_time\" content=\"2017-11-17T12:48:06+00:00\" \/>\n<meta property=\"article:modified_time\" content=\"2019-02-10T14:30:08+00:00\" \/>\n<meta property=\"og:image\" content=\"https:\/\/www.btv.md\/wp-content\/uploads\/2017\/09\/mita-1.jpg\" \/>\n\t<meta property=\"og:image:width\" content=\"1200\" \/>\n\t<meta property=\"og:image:height\" content=\"798\" \/>\n\t<meta property=\"og:image:type\" content=\"image\/jpeg\" \/>\n<meta name=\"author\" content=\"admin\" \/>\n<meta name=\"twitter:label1\" content=\"Scris de\" \/>\n\t<meta name=\"twitter:data1\" content=\"admin\" \/>\n\t<meta name=\"twitter:label2\" content=\"Timp estimat pentru citire\" \/>\n\t<meta name=\"twitter:data2\" content=\"2 minute\" \/>\n<script type=\"application\/ld+json\" class=\"yoast-schema-graph\">{\"@context\":\"https:\\\/\\\/schema.org\",\"@graph\":[{\"@type\":\"Article\",\"@id\":\"https:\\\/\\\/www.btv.md\\\/ro\\\/amp\\\/fiecare-al-doilea-cetatean-al-r-moldova-da-mita\\\/#article\",\"isPartOf\":{\"@id\":\"https:\\\/\\\/www.btv.md\\\/ro\\\/amp\\\/fiecare-al-doilea-cetatean-al-r-moldova-da-mita\\\/\"},\"author\":{\"name\":\"admin\",\"@id\":\"https:\\\/\\\/www.btv.md\\\/#\\\/schema\\\/person\\\/8fadce81561b3ce2c34c46dadc4ccbf2\"},\"headline\":\"Fiecare al doilea cet\u0103\u021bean al R. Moldova d\u0103 mit\u0103\",\"datePublished\":\"2017-11-17T12:48:06+00:00\",\"dateModified\":\"2019-02-10T14:30:08+00:00\",\"mainEntityOfPage\":{\"@id\":\"https:\\\/\\\/www.btv.md\\\/ro\\\/amp\\\/fiecare-al-doilea-cetatean-al-r-moldova-da-mita\\\/\"},\"wordCount\":362,\"image\":{\"@id\":\"https:\\\/\\\/www.btv.md\\\/ro\\\/amp\\\/fiecare-al-doilea-cetatean-al-r-moldova-da-mita\\\/#primaryimage\"},\"thumbnailUrl\":\"https:\\\/\\\/www.btv.md\\\/wp-content\\\/uploads\\\/2017\\\/09\\\/mita-1.jpg\",\"keywords\":[\"mit\u0103\"],\"articleSection\":[\"Social\"],\"inLanguage\":\"ro-RO\"},{\"@type\":\"WebPage\",\"@id\":\"https:\\\/\\\/www.btv.md\\\/ro\\\/amp\\\/fiecare-al-doilea-cetatean-al-r-moldova-da-mita\\\/\",\"url\":\"https:\\\/\\\/www.btv.md\\\/ro\\\/amp\\\/fiecare-al-doilea-cetatean-al-r-moldova-da-mita\\\/\",\"name\":\"Fiecare al doilea cet\u0103\u021bean al Republicii Moldova d\u0103 mit\u0103\",\"isPartOf\":{\"@id\":\"https:\\\/\\\/www.btv.md\\\/#website\"},\"primaryImageOfPage\":{\"@id\":\"https:\\\/\\\/www.btv.md\\\/ro\\\/amp\\\/fiecare-al-doilea-cetatean-al-r-moldova-da-mita\\\/#primaryimage\"},\"image\":{\"@id\":\"https:\\\/\\\/www.btv.md\\\/ro\\\/amp\\\/fiecare-al-doilea-cetatean-al-r-moldova-da-mita\\\/#primaryimage\"},\"thumbnailUrl\":\"https:\\\/\\\/www.btv.md\\\/wp-content\\\/uploads\\\/2017\\\/09\\\/mita-1.jpg\",\"datePublished\":\"2017-11-17T12:48:06+00:00\",\"dateModified\":\"2019-02-10T14:30:08+00:00\",\"author\":{\"@id\":\"https:\\\/\\\/www.btv.md\\\/#\\\/schema\\\/person\\\/8fadce81561b3ce2c34c46dadc4ccbf2\"},\"inLanguage\":\"ro-RO\",\"potentialAction\":[{\"@type\":\"ReadAction\",\"target\":[\"https:\\\/\\\/www.btv.md\\\/ro\\\/amp\\\/fiecare-al-doilea-cetatean-al-r-moldova-da-mita\\\/\"]}]},{\"@type\":\"ImageObject\",\"inLanguage\":\"ro-RO\",\"@id\":\"https:\\\/\\\/www.btv.md\\\/ro\\\/amp\\\/fiecare-al-doilea-cetatean-al-r-moldova-da-mita\\\/#primaryimage\",\"url\":\"https:\\\/\\\/www.btv.md\\\/wp-content\\\/uploads\\\/2017\\\/09\\\/mita-1.jpg\",\"contentUrl\":\"https:\\\/\\\/www.btv.md\\\/wp-content\\\/uploads\\\/2017\\\/09\\\/mita-1.jpg\",\"width\":1200,\"height\":798,\"caption\":\"mit\u0103\"},{\"@type\":\"WebSite\",\"@id\":\"https:\\\/\\\/www.btv.md\\\/#website\",\"url\":\"https:\\\/\\\/www.btv.md\\\/\",\"name\":\"BTV\",\"description\":\"\u0411\u0435\u043b\u044c\u0446\u043a\u043e\u0435 \u0442\u0435\u043b\u0435\u0432\u0438\u0434\u0435\u043d\u0438\u0435\",\"potentialAction\":[{\"@type\":\"SearchAction\",\"target\":{\"@type\":\"EntryPoint\",\"urlTemplate\":\"https:\\\/\\\/www.btv.md\\\/?s={search_term_string}\"},\"query-input\":{\"@type\":\"PropertyValueSpecification\",\"valueRequired\":true,\"valueName\":\"search_term_string\"}}],\"inLanguage\":\"ro-RO\"},{\"@type\":\"Person\",\"@id\":\"https:\\\/\\\/www.btv.md\\\/#\\\/schema\\\/person\\\/8fadce81561b3ce2c34c46dadc4ccbf2\",\"name\":\"admin\"}]}<\/script>\n<!-- \/ Yoast SEO plugin. -->","yoast_head_json":{"title":"Fiecare al doilea cet\u0103\u021bean al Republicii Moldova d\u0103 mit\u0103","robots":{"index":"index","follow":"follow","max-snippet":"max-snippet:-1","max-image-preview":"max-image-preview:large","max-video-preview":"max-video-preview:-1"},"canonical":"https:\/\/www.btv.md\/ro\/amp\/fiecare-al-doilea-cetatean-al-r-moldova-da-mita\/","og_locale":"ro_RO","og_type":"article","og_title":"Fiecare al doilea cet\u0103\u021bean al R. Moldova d\u0103 mit\u0103","og_description":"Guvernul este ineficient \u00een lupta \u00eempotriva corup\u021biei, la aceast\u0103 concluzie au ajuns autorii raportului\u00a0\u201eOamenii \u0219i Corup\u021bia: Europa \u0219i Asia Central\u0103\u201d. Transparency International a discutat cu peste 60.000 de cet\u0103\u021beni din 42 de \u021b\u0103ri din Europa \u0219i Asia Central\u0103 despre experien\u021ba lor zilnic\u0103 cu corup\u021bia. Unul din trei oameni sunt de p\u0103rere c\u0103 una dintre cele [&hellip;]","og_url":"https:\/\/www.btv.md\/ro\/amp\/fiecare-al-doilea-cetatean-al-r-moldova-da-mita\/","og_site_name":"BTV","article_publisher":"https:\/\/www.facebook.com\/btvmoldova\/","article_published_time":"2017-11-17T12:48:06+00:00","article_modified_time":"2019-02-10T14:30:08+00:00","og_image":[{"width":1200,"height":798,"url":"https:\/\/www.btv.md\/wp-content\/uploads\/2017\/09\/mita-1.jpg","type":"image\/jpeg"}],"author":"admin","twitter_misc":{"Scris de":"admin","Timp estimat pentru citire":"2 minute"},"schema":{"@context":"https:\/\/schema.org","@graph":[{"@type":"Article","@id":"https:\/\/www.btv.md\/ro\/amp\/fiecare-al-doilea-cetatean-al-r-moldova-da-mita\/#article","isPartOf":{"@id":"https:\/\/www.btv.md\/ro\/amp\/fiecare-al-doilea-cetatean-al-r-moldova-da-mita\/"},"author":{"name":"admin","@id":"https:\/\/www.btv.md\/#\/schema\/person\/8fadce81561b3ce2c34c46dadc4ccbf2"},"headline":"Fiecare al doilea cet\u0103\u021bean al R. Moldova d\u0103 mit\u0103","datePublished":"2017-11-17T12:48:06+00:00","dateModified":"2019-02-10T14:30:08+00:00","mainEntityOfPage":{"@id":"https:\/\/www.btv.md\/ro\/amp\/fiecare-al-doilea-cetatean-al-r-moldova-da-mita\/"},"wordCount":362,"image":{"@id":"https:\/\/www.btv.md\/ro\/amp\/fiecare-al-doilea-cetatean-al-r-moldova-da-mita\/#primaryimage"},"thumbnailUrl":"https:\/\/www.btv.md\/wp-content\/uploads\/2017\/09\/mita-1.jpg","keywords":["mit\u0103"],"articleSection":["Social"],"inLanguage":"ro-RO"},{"@type":"WebPage","@id":"https:\/\/www.btv.md\/ro\/amp\/fiecare-al-doilea-cetatean-al-r-moldova-da-mita\/","url":"https:\/\/www.btv.md\/ro\/amp\/fiecare-al-doilea-cetatean-al-r-moldova-da-mita\/","name":"Fiecare al doilea cet\u0103\u021bean al Republicii Moldova d\u0103 mit\u0103","isPartOf":{"@id":"https:\/\/www.btv.md\/#website"},"primaryImageOfPage":{"@id":"https:\/\/www.btv.md\/ro\/amp\/fiecare-al-doilea-cetatean-al-r-moldova-da-mita\/#primaryimage"},"image":{"@id":"https:\/\/www.btv.md\/ro\/amp\/fiecare-al-doilea-cetatean-al-r-moldova-da-mita\/#primaryimage"},"thumbnailUrl":"https:\/\/www.btv.md\/wp-content\/uploads\/2017\/09\/mita-1.jpg","datePublished":"2017-11-17T12:48:06+00:00","dateModified":"2019-02-10T14:30:08+00:00","author":{"@id":"https:\/\/www.btv.md\/#\/schema\/person\/8fadce81561b3ce2c34c46dadc4ccbf2"},"inLanguage":"ro-RO","potentialAction":[{"@type":"ReadAction","target":["https:\/\/www.btv.md\/ro\/amp\/fiecare-al-doilea-cetatean-al-r-moldova-da-mita\/"]}]},{"@type":"ImageObject","inLanguage":"ro-RO","@id":"https:\/\/www.btv.md\/ro\/amp\/fiecare-al-doilea-cetatean-al-r-moldova-da-mita\/#primaryimage","url":"https:\/\/www.btv.md\/wp-content\/uploads\/2017\/09\/mita-1.jpg","contentUrl":"https:\/\/www.btv.md\/wp-content\/uploads\/2017\/09\/mita-1.jpg","width":1200,"height":798,"caption":"mit\u0103"},{"@type":"WebSite","@id":"https:\/\/www.btv.md\/#website","url":"https:\/\/www.btv.md\/","name":"BTV","description":"\u0411\u0435\u043b\u044c\u0446\u043a\u043e\u0435 \u0442\u0435\u043b\u0435\u0432\u0438\u0434\u0435\u043d\u0438\u0435","potentialAction":[{"@type":"SearchAction","target":{"@type":"EntryPoint","urlTemplate":"https:\/\/www.btv.md\/?s={search_term_string}"},"query-input":{"@type":"PropertyValueSpecification","valueRequired":true,"valueName":"search_term_string"}}],"inLanguage":"ro-RO"},{"@type":"Person","@id":"https:\/\/www.btv.md\/#\/schema\/person\/8fadce81561b3ce2c34c46dadc4ccbf2","name":"admin"}]}},"_links":{"self":[{"href":"https:\/\/www.btv.md\/ro\/wp-json\/wp\/v2\/posts\/36167","targetHints":{"allow":["GET"]}}],"collection":[{"href":"https:\/\/www.btv.md\/ro\/wp-json\/wp\/v2\/posts"}],"about":[{"href":"https:\/\/www.btv.md\/ro\/wp-json\/wp\/v2\/types\/post"}],"author":[{"embeddable":true,"href":"https:\/\/www.btv.md\/ro\/wp-json\/wp\/v2\/users\/4"}],"replies":[{"embeddable":true,"href":"https:\/\/www.btv.md\/ro\/wp-json\/wp\/v2\/comments?post=36167"}],"version-history":[{"count":0,"href":"https:\/\/www.btv.md\/ro\/wp-json\/wp\/v2\/posts\/36167\/revisions"}],"wp:featuredmedia":[{"embeddable":true,"href":"https:\/\/www.btv.md\/ro\/wp-json\/wp\/v2\/media\/32505"}],"wp:attachment":[{"href":"https:\/\/www.btv.md\/ro\/wp-json\/wp\/v2\/media?parent=36167"}],"wp:term":[{"taxonomy":"category","embeddable":true,"href":"https:\/\/www.btv.md\/ro\/wp-json\/wp\/v2\/categories?post=36167"},{"taxonomy":"post_tag","embeddable":true,"href":"https:\/\/www.btv.md\/ro\/wp-json\/wp\/v2\/tags?post=36167"}],"curies":[{"name":"wp","href":"https:\/\/api.w.org\/{rel}","templated":true}]}}