{"id":37196,"date":"2017-12-05T13:29:51","date_gmt":"2017-12-05T10:29:51","guid":{"rendered":"http:\/\/btv.md\/?p=37196"},"modified":"2019-02-09T15:43:07","modified_gmt":"2019-02-09T13:43:07","slug":"femeile-fac-business-si-politica-indiferent-de-stereotipuri","status":"publish","type":"post","link":"https:\/\/www.btv.md\/ro\/femeile-fac-business-si-politica-indiferent-de-stereotipuri\/","title":{"rendered":"Femeile fac business \u0219i politic\u0103 indiferent de stereotipuri"},"content":{"rendered":"<p><strong>Am \u00eent\u00e2lnit-o pe Arina Sp\u0103taru acum un an, la un eveniment de promovare a drepturilor femeilor.<i> <\/i>Ingenioas\u0103, activ\u0103 \u0219i plin\u0103 de for\u021b\u0103, a reu\u0219it s\u0103 fie cunoscut\u0103 nu doar \u00een municipiu.<\/strong><\/p>\n<p style=\"text-align: center;\"><iframe data-src=\"https:\/\/www.youtube.com\/embed\/sIEfTYRZIKY\" width=\"854\" height=\"480\" frameborder=\"0\" allowfullscreen=\"allowfullscreen\" src=\"data:image\/svg+xml;base64,PHN2ZyB3aWR0aD0iMSIgaGVpZ2h0PSIxIiB4bWxucz0iaHR0cDovL3d3dy53My5vcmcvMjAwMC9zdmciPjwvc3ZnPg==\" class=\"lazyload\" data-load-mode=\"1\"><\/iframe><\/p>\n<p>Mereu s-a l\u0103sat ghidat\u0103 de motoul: \u00cen spatele unui b\u0103rbat de succes st\u0103 o femeie puternic\u0103. A decis, c\u0103 nu mai vrea s\u0103 stea \u00een umbr\u0103 \u0219i a \u00eencercat s\u0103-\u0219i manifeste poten\u021bialul. Are un atelier, \u00een care, \u00eempreun\u0103 cu echipa sa, creeaz\u0103 articole vestimentare.<\/p>\n<p>Rudele au fost printre primii clien\u021bi ai Arinei Sp\u0103taru, pentru care, o bun\u0103 vreme, a cusut haine absolut gratis.<\/p>\n<p>Pentru a fi mai aproape de angaja\u021bi \u0219i de cei trei copii, \u00een atelier a fost\u00a0 amenajat un spa\u021biu special pentru ei. Locul de munc\u0103 trebuie s\u0103 \u00eentruneasc\u0103 toate condi\u021biile, spune Arina.<\/p>\n<blockquote><p>EVELINA FARIN, ANGAJAT\u0102: \u201d<em>Am ajuns aici dup\u0103 colegiu. Sincer, tot timpul am visat la asta. Nu doream s\u0103 lucrez \u00eentr-un colectiv mare. Este interesant, mereu afl\u0103m ceva nou. Putem lucra cu fiecare om \u00een parte \u0219i s\u0103-i oferim ceea ce \u00ee\u0219i dore\u0219te<\/em>\u201d.<\/p>\n<p>LUDMILA TURTURICA, ANGAJAT\u0102: \u201d<em>\u00cemi place mult aici. E mai interesant dec\u00e2t \u00eentr-un colectiv mare. Arina este o \u0219ef\u0103 bun\u0103 \u0219i un om creativ\u201d<\/em>.<\/p>\n<p>ELENA ANDONII, ANGAJAT\u0102: <em>\u201dIndiferent de stereotipuri, femeile se pozi\u021bioneaz\u0103 tot mai bine \u00een mediul de afaceri. Este p\u0103rerea lui Ion Ciobanu, specialist \u00een drepturile omului, care crede c\u0103, femeia poate gestiona un business mult mai bine dec\u00e2t un b\u0103rbat<\/em>\u201d.<\/p>\n<p>ION CIOBANU, LECTOR UNIVERSITATEA DE STAT \u201eALECU RUSSO\u201d B\u0102L\u021aI: \u201d<em>\u00cen ultima perioad\u0103 o vedem mai des pe la tv. Este rezultatul deciziei sale de a se implica \u00een via\u021ba politic\u0103 \u0219i social\u0103 a \u021b\u0103rii, al\u0103turi de partidul Platforma Demnitate \u0219i Adev\u0103r\u201d.<\/em><\/p><\/blockquote>\n<p>Recent, Arina Sp\u0103taru, a ob\u021binut un grant \u00een cadrul proiectului \u201eBugetul civic\u201d, lansat de prim\u0103rie. Scopul acestuia este de a stabili o colaborare mai str\u00e2ns\u0103 cu cet\u0103\u021benii ora\u0219ului \u0219i de a-i antrena \u00een implementarea proiectelor sociale pe teritoriul mun. B\u0103l\u021bi.<\/p>\n<p>Arina Sp\u0103taru ne-a dezv\u0103luit mici secrete, pe care dac\u0103 le urmezi cu aten\u021bie, treptele succesului nu-\u021bi vor mai p\u0103rea at\u00e2t de dificile.<\/p>\n<p>Datele statistice ale Camerei \u00cenregistr\u0103ri de Stat, arat\u0103 c\u0103, \u00een ultimii trei ani, tot mai multe femei decid s\u0103-\u0219i deschid\u0103 o afacere. Astfe, \u00een perioada 2015-2017, din cele 80 de \u00eentreprinderi individuale \u00eenregistrate la B\u0103l\u021bi, 50 sunt gestionate de femei. Totodat\u0103, \u00een ace\u0219ti ani, au fost fondate peste 650 de SRL-uri. Circa 200 dintre ele sunt fondate de reprezentantele sexului frumos.<\/p>\n<blockquote><p><em>\u201eDe la femei ca Arina Sp\u0103taru avem multe de \u00eenv\u0103\u021bat. Un lucru este evident, avem poten\u021bial, e nevoie doar s\u0103 c\u0103p\u0103t\u0103m mai mult\u0103 \u00eencredere \u00een for\u021bele proprii, pentru a devein, femei care inspir\u0103.\u201d<\/em><\/p><\/blockquote>\n<p>Nu a l\u0103sat \u00a0munca doar pe umerii angaja\u021bilor , a\u0219a c\u0103 lucreaz\u0103 cot la cot cu me\u0219teri\u021bele sale. \u00centrebat\u0103 de ce a ales s\u0103-\u0219i deschide \u00a0afacerea la B\u0103l\u021bi, antreprenoarea ne-a m\u0103rturisit c\u0103 aici i-a fost mai u\u0219or s\u0103-\u0219i g\u0103seasc\u0103 clientela. Angajatele admir\u0103 calit\u0103\u021bile de lider ale Arinei \u0219i spun c\u0103 munca pe care o fac \u00eempreun\u0103 le aduce nu doar venit, dar \u0219i satisfac\u021bie.<\/p>\n","protected":false},"excerpt":{"rendered":"<p>Am \u00eent\u00e2lnit-o pe Arina Sp\u0103taru acum un an, la un eveniment de promovare a drepturilor femeilor. Ingenioas\u0103, activ\u0103 \u0219i plin\u0103 de for\u021b\u0103, a reu\u0219it s\u0103 fie cunoscut\u0103 nu doar \u00een municipiu. Mereu s-a l\u0103sat ghidat\u0103 de motoul: \u00cen spatele unui b\u0103rbat de succes st\u0103 o femeie puternic\u0103. A decis, c\u0103 nu mai vrea s\u0103 stea [&hellip;]<\/p>\n","protected":false},"author":4,"featured_media":37203,"comment_status":"closed","ping_status":"closed","sticky":false,"template":"","format":"standard","meta":{"footnotes":""},"categories":[6369,6353,6377],"tags":[],"class_list":["post-37196","post","type-post","status-publish","format-standard","has-post-thumbnail","hentry","category-economie-ro","category-oras","category-stiri"],"yoast_head":"<!-- This site is optimized with the Yoast SEO plugin v27.4 - https:\/\/yoast.com\/product\/yoast-seo-wordpress\/ -->\n<title>Femeile fac business \u0219i politic\u0103 indiferent de stereotipuri<\/title>\n<meta name=\"description\" content=\"Am \u00eent\u00e2lnit-o pe Arina Sp\u0103taru acum un an, la un eveniment de promovare a drepturilor femeilor. Ingenioas\u0103, activ\u0103 \u0219i plin\u0103 de for\u021b\u0103.\" \/>\n<meta name=\"robots\" content=\"index, follow, max-snippet:-1, max-image-preview:large, max-video-preview:-1\" \/>\n<link rel=\"canonical\" href=\"https:\/\/www.btv.md\/ro\/femeile-fac-business-si-politica-indiferent-de-stereotipuri\/\" \/>\n<meta property=\"og:locale\" content=\"ro_RO\" \/>\n<meta property=\"og:type\" content=\"article\" \/>\n<meta property=\"og:title\" content=\"Femeile fac business \u0219i politic\u0103 indiferent de stereotipuri\" \/>\n<meta property=\"og:description\" content=\"Am \u00eent\u00e2lnit-o pe Arina Sp\u0103taru acum un an, la un eveniment de promovare a drepturilor femeilor. Ingenioas\u0103, activ\u0103 \u0219i plin\u0103 de for\u021b\u0103, a reu\u0219it s\u0103 fie cunoscut\u0103 nu doar \u00een municipiu.\" \/>\n<meta property=\"og:url\" content=\"https:\/\/www.btv.md\/ro\/femeile-fac-business-si-politica-indiferent-de-stereotipuri\/\" \/>\n<meta property=\"og:site_name\" content=\"BTV\" \/>\n<meta property=\"article:publisher\" content=\"https:\/\/www.facebook.com\/btvmoldova\/\" \/>\n<meta property=\"article:published_time\" content=\"2017-12-05T10:29:51+00:00\" \/>\n<meta property=\"article:modified_time\" content=\"2019-02-09T13:43:07+00:00\" \/>\n<meta property=\"og:image\" content=\"https:\/\/www.btv.md\/wp-content\/uploads\/2017\/12\/spataru.png\" \/>\n\t<meta property=\"og:image:width\" content=\"1366\" \/>\n\t<meta property=\"og:image:height\" content=\"589\" \/>\n\t<meta property=\"og:image:type\" content=\"image\/png\" \/>\n<meta name=\"author\" content=\"admin\" \/>\n<meta name=\"twitter:label1\" content=\"Scris de\" \/>\n\t<meta name=\"twitter:data1\" content=\"admin\" \/>\n\t<meta name=\"twitter:label2\" content=\"Timp estimat pentru citire\" \/>\n\t<meta name=\"twitter:data2\" content=\"3 minute\" \/>\n<script type=\"application\/ld+json\" class=\"yoast-schema-graph\">{\"@context\":\"https:\\\/\\\/schema.org\",\"@graph\":[{\"@type\":\"Article\",\"@id\":\"https:\\\/\\\/www.btv.md\\\/ro\\\/femeile-fac-business-si-politica-indiferent-de-stereotipuri\\\/#article\",\"isPartOf\":{\"@id\":\"https:\\\/\\\/www.btv.md\\\/ro\\\/femeile-fac-business-si-politica-indiferent-de-stereotipuri\\\/\"},\"author\":{\"name\":\"admin\",\"@id\":\"https:\\\/\\\/www.btv.md\\\/#\\\/schema\\\/person\\\/8fadce81561b3ce2c34c46dadc4ccbf2\"},\"headline\":\"Femeile fac business \u0219i politic\u0103 indiferent de stereotipuri\",\"datePublished\":\"2017-12-05T10:29:51+00:00\",\"dateModified\":\"2019-02-09T13:43:07+00:00\",\"mainEntityOfPage\":{\"@id\":\"https:\\\/\\\/www.btv.md\\\/ro\\\/femeile-fac-business-si-politica-indiferent-de-stereotipuri\\\/\"},\"wordCount\":563,\"image\":{\"@id\":\"https:\\\/\\\/www.btv.md\\\/ro\\\/femeile-fac-business-si-politica-indiferent-de-stereotipuri\\\/#primaryimage\"},\"thumbnailUrl\":\"https:\\\/\\\/www.btv.md\\\/wp-content\\\/uploads\\\/2017\\\/12\\\/spataru.png\",\"articleSection\":[\"Economie\",\"Ora\u0219\",\"\u0218tiri\"],\"inLanguage\":\"ro-RO\"},{\"@type\":\"WebPage\",\"@id\":\"https:\\\/\\\/www.btv.md\\\/ro\\\/femeile-fac-business-si-politica-indiferent-de-stereotipuri\\\/\",\"url\":\"https:\\\/\\\/www.btv.md\\\/ro\\\/femeile-fac-business-si-politica-indiferent-de-stereotipuri\\\/\",\"name\":\"Femeile fac business \u0219i politic\u0103 indiferent de stereotipuri\",\"isPartOf\":{\"@id\":\"https:\\\/\\\/www.btv.md\\\/#website\"},\"primaryImageOfPage\":{\"@id\":\"https:\\\/\\\/www.btv.md\\\/ro\\\/femeile-fac-business-si-politica-indiferent-de-stereotipuri\\\/#primaryimage\"},\"image\":{\"@id\":\"https:\\\/\\\/www.btv.md\\\/ro\\\/femeile-fac-business-si-politica-indiferent-de-stereotipuri\\\/#primaryimage\"},\"thumbnailUrl\":\"https:\\\/\\\/www.btv.md\\\/wp-content\\\/uploads\\\/2017\\\/12\\\/spataru.png\",\"datePublished\":\"2017-12-05T10:29:51+00:00\",\"dateModified\":\"2019-02-09T13:43:07+00:00\",\"author\":{\"@id\":\"https:\\\/\\\/www.btv.md\\\/#\\\/schema\\\/person\\\/8fadce81561b3ce2c34c46dadc4ccbf2\"},\"description\":\"Am \u00eent\u00e2lnit-o pe Arina Sp\u0103taru acum un an, la un eveniment de promovare a drepturilor femeilor. Ingenioas\u0103, activ\u0103 \u0219i plin\u0103 de for\u021b\u0103.\",\"inLanguage\":\"ro-RO\",\"potentialAction\":[{\"@type\":\"ReadAction\",\"target\":[\"https:\\\/\\\/www.btv.md\\\/ro\\\/femeile-fac-business-si-politica-indiferent-de-stereotipuri\\\/\"]}]},{\"@type\":\"ImageObject\",\"inLanguage\":\"ro-RO\",\"@id\":\"https:\\\/\\\/www.btv.md\\\/ro\\\/femeile-fac-business-si-politica-indiferent-de-stereotipuri\\\/#primaryimage\",\"url\":\"https:\\\/\\\/www.btv.md\\\/wp-content\\\/uploads\\\/2017\\\/12\\\/spataru.png\",\"contentUrl\":\"https:\\\/\\\/www.btv.md\\\/wp-content\\\/uploads\\\/2017\\\/12\\\/spataru.png\",\"width\":1366,\"height\":589,\"caption\":\"antreprenoriatul feminin\"},{\"@type\":\"WebSite\",\"@id\":\"https:\\\/\\\/www.btv.md\\\/#website\",\"url\":\"https:\\\/\\\/www.btv.md\\\/\",\"name\":\"BTV\",\"description\":\"\u0411\u0435\u043b\u044c\u0446\u043a\u043e\u0435 \u0442\u0435\u043b\u0435\u0432\u0438\u0434\u0435\u043d\u0438\u0435\",\"potentialAction\":[{\"@type\":\"SearchAction\",\"target\":{\"@type\":\"EntryPoint\",\"urlTemplate\":\"https:\\\/\\\/www.btv.md\\\/?s={search_term_string}\"},\"query-input\":{\"@type\":\"PropertyValueSpecification\",\"valueRequired\":true,\"valueName\":\"search_term_string\"}}],\"inLanguage\":\"ro-RO\"},{\"@type\":\"Person\",\"@id\":\"https:\\\/\\\/www.btv.md\\\/#\\\/schema\\\/person\\\/8fadce81561b3ce2c34c46dadc4ccbf2\",\"name\":\"admin\"}]}<\/script>\n<!-- \/ Yoast SEO plugin. -->","yoast_head_json":{"title":"Femeile fac business \u0219i politic\u0103 indiferent de stereotipuri","description":"Am \u00eent\u00e2lnit-o pe Arina Sp\u0103taru acum un an, la un eveniment de promovare a drepturilor femeilor. Ingenioas\u0103, activ\u0103 \u0219i plin\u0103 de for\u021b\u0103.","robots":{"index":"index","follow":"follow","max-snippet":"max-snippet:-1","max-image-preview":"max-image-preview:large","max-video-preview":"max-video-preview:-1"},"canonical":"https:\/\/www.btv.md\/ro\/femeile-fac-business-si-politica-indiferent-de-stereotipuri\/","og_locale":"ro_RO","og_type":"article","og_title":"Femeile fac business \u0219i politic\u0103 indiferent de stereotipuri","og_description":"Am \u00eent\u00e2lnit-o pe Arina Sp\u0103taru acum un an, la un eveniment de promovare a drepturilor femeilor. Ingenioas\u0103, activ\u0103 \u0219i plin\u0103 de for\u021b\u0103, a reu\u0219it s\u0103 fie cunoscut\u0103 nu doar \u00een municipiu.","og_url":"https:\/\/www.btv.md\/ro\/femeile-fac-business-si-politica-indiferent-de-stereotipuri\/","og_site_name":"BTV","article_publisher":"https:\/\/www.facebook.com\/btvmoldova\/","article_published_time":"2017-12-05T10:29:51+00:00","article_modified_time":"2019-02-09T13:43:07+00:00","og_image":[{"width":1366,"height":589,"url":"https:\/\/www.btv.md\/wp-content\/uploads\/2017\/12\/spataru.png","type":"image\/png"}],"author":"admin","twitter_misc":{"Scris de":"admin","Timp estimat pentru citire":"3 minute"},"schema":{"@context":"https:\/\/schema.org","@graph":[{"@type":"Article","@id":"https:\/\/www.btv.md\/ro\/femeile-fac-business-si-politica-indiferent-de-stereotipuri\/#article","isPartOf":{"@id":"https:\/\/www.btv.md\/ro\/femeile-fac-business-si-politica-indiferent-de-stereotipuri\/"},"author":{"name":"admin","@id":"https:\/\/www.btv.md\/#\/schema\/person\/8fadce81561b3ce2c34c46dadc4ccbf2"},"headline":"Femeile fac business \u0219i politic\u0103 indiferent de stereotipuri","datePublished":"2017-12-05T10:29:51+00:00","dateModified":"2019-02-09T13:43:07+00:00","mainEntityOfPage":{"@id":"https:\/\/www.btv.md\/ro\/femeile-fac-business-si-politica-indiferent-de-stereotipuri\/"},"wordCount":563,"image":{"@id":"https:\/\/www.btv.md\/ro\/femeile-fac-business-si-politica-indiferent-de-stereotipuri\/#primaryimage"},"thumbnailUrl":"https:\/\/www.btv.md\/wp-content\/uploads\/2017\/12\/spataru.png","articleSection":["Economie","Ora\u0219","\u0218tiri"],"inLanguage":"ro-RO"},{"@type":"WebPage","@id":"https:\/\/www.btv.md\/ro\/femeile-fac-business-si-politica-indiferent-de-stereotipuri\/","url":"https:\/\/www.btv.md\/ro\/femeile-fac-business-si-politica-indiferent-de-stereotipuri\/","name":"Femeile fac business \u0219i politic\u0103 indiferent de stereotipuri","isPartOf":{"@id":"https:\/\/www.btv.md\/#website"},"primaryImageOfPage":{"@id":"https:\/\/www.btv.md\/ro\/femeile-fac-business-si-politica-indiferent-de-stereotipuri\/#primaryimage"},"image":{"@id":"https:\/\/www.btv.md\/ro\/femeile-fac-business-si-politica-indiferent-de-stereotipuri\/#primaryimage"},"thumbnailUrl":"https:\/\/www.btv.md\/wp-content\/uploads\/2017\/12\/spataru.png","datePublished":"2017-12-05T10:29:51+00:00","dateModified":"2019-02-09T13:43:07+00:00","author":{"@id":"https:\/\/www.btv.md\/#\/schema\/person\/8fadce81561b3ce2c34c46dadc4ccbf2"},"description":"Am \u00eent\u00e2lnit-o pe Arina Sp\u0103taru acum un an, la un eveniment de promovare a drepturilor femeilor. Ingenioas\u0103, activ\u0103 \u0219i plin\u0103 de for\u021b\u0103.","inLanguage":"ro-RO","potentialAction":[{"@type":"ReadAction","target":["https:\/\/www.btv.md\/ro\/femeile-fac-business-si-politica-indiferent-de-stereotipuri\/"]}]},{"@type":"ImageObject","inLanguage":"ro-RO","@id":"https:\/\/www.btv.md\/ro\/femeile-fac-business-si-politica-indiferent-de-stereotipuri\/#primaryimage","url":"https:\/\/www.btv.md\/wp-content\/uploads\/2017\/12\/spataru.png","contentUrl":"https:\/\/www.btv.md\/wp-content\/uploads\/2017\/12\/spataru.png","width":1366,"height":589,"caption":"antreprenoriatul feminin"},{"@type":"WebSite","@id":"https:\/\/www.btv.md\/#website","url":"https:\/\/www.btv.md\/","name":"BTV","description":"\u0411\u0435\u043b\u044c\u0446\u043a\u043e\u0435 \u0442\u0435\u043b\u0435\u0432\u0438\u0434\u0435\u043d\u0438\u0435","potentialAction":[{"@type":"SearchAction","target":{"@type":"EntryPoint","urlTemplate":"https:\/\/www.btv.md\/?s={search_term_string}"},"query-input":{"@type":"PropertyValueSpecification","valueRequired":true,"valueName":"search_term_string"}}],"inLanguage":"ro-RO"},{"@type":"Person","@id":"https:\/\/www.btv.md\/#\/schema\/person\/8fadce81561b3ce2c34c46dadc4ccbf2","name":"admin"}]}},"_links":{"self":[{"href":"https:\/\/www.btv.md\/ro\/wp-json\/wp\/v2\/posts\/37196","targetHints":{"allow":["GET"]}}],"collection":[{"href":"https:\/\/www.btv.md\/ro\/wp-json\/wp\/v2\/posts"}],"about":[{"href":"https:\/\/www.btv.md\/ro\/wp-json\/wp\/v2\/types\/post"}],"author":[{"embeddable":true,"href":"https:\/\/www.btv.md\/ro\/wp-json\/wp\/v2\/users\/4"}],"replies":[{"embeddable":true,"href":"https:\/\/www.btv.md\/ro\/wp-json\/wp\/v2\/comments?post=37196"}],"version-history":[{"count":0,"href":"https:\/\/www.btv.md\/ro\/wp-json\/wp\/v2\/posts\/37196\/revisions"}],"wp:featuredmedia":[{"embeddable":true,"href":"https:\/\/www.btv.md\/ro\/wp-json\/wp\/v2\/media\/37203"}],"wp:attachment":[{"href":"https:\/\/www.btv.md\/ro\/wp-json\/wp\/v2\/media?parent=37196"}],"wp:term":[{"taxonomy":"category","embeddable":true,"href":"https:\/\/www.btv.md\/ro\/wp-json\/wp\/v2\/categories?post=37196"},{"taxonomy":"post_tag","embeddable":true,"href":"https:\/\/www.btv.md\/ro\/wp-json\/wp\/v2\/tags?post=37196"}],"curies":[{"name":"wp","href":"https:\/\/api.w.org\/{rel}","templated":true}]}}