{"id":37853,"date":"2017-12-13T09:44:47","date_gmt":"2017-12-13T06:44:47","guid":{"rendered":"http:\/\/btv.md\/?p=37853"},"modified":"2017-12-12T16:48:46","modified_gmt":"2017-12-12T13:48:46","slug":"daunele-produse-copiilor-nenascuti-de-poluarea-atmosferica","status":"publish","type":"post","link":"https:\/\/www.btv.md\/ro\/daunele-produse-copiilor-nenascuti-de-poluarea-atmosferica\/","title":{"rendered":"Daunele produse copiilor nen\u0103scu\u0163i de poluarea atmosferic\u0103"},"content":{"rendered":"<p><strong>Un nou studiu britanic stabile\u015fte existen\u0163a unei leg\u0103turi \u00eentre noxele din atmosfer\u0103 \u015fi na\u015fterea unor copii cu greutate mic\u0103, care sunt susceptibili s\u0103 sufere de afec\u0163iuni pe toat\u0103 durata vie\u0163ii lor, ceea ce provoac\u0103 temeri c\u0103 milioane de copii din lumea \u00eentreag\u0103 ar putea fi afecta\u0163i.<\/strong><\/p>\n<div>Poluarea atmosferic\u0103 cre\u015fte semnificativ riscul na\u015fterii unor copii cu greutate mic\u0103, ceea ce duce la instalarea unor afec\u0163iuni de care pot suferi toat\u0103 via\u0163a, conform unui nou studiu de propor\u0163ii, scrie\u00a0<a href=\"http:\/\/www.rador.ro\/2017\/12\/07\/daunele-produse-copiilor-nenascuti-de-poluarea-atmosferica-ar-putea-constitui-o-catastrofa-medicala-globala\/\" target=\"_blank\" rel=\"noopener\">Rador<\/a>. Cercet\u0103rile au fost realizate la Londra, dar constat\u0103rile acestora vizeaz\u0103 multe milioane de femei din ora\u015fe mari din lumea \u00eentreag\u0103, cu niveluri mult mai grave de poluare, \u015fi reprezint\u0103 \u201eceva ce se apropie de o catastrof\u0103 \u00een domeniul s\u0103n\u0103t\u0103\u0163ii publice\u201d, au spus medicii care au luat parte la studiu.<\/div>\n<div>\u00a0<\/div>\n<div>La nivel global, dou\u0103 miliarde de copii \u2013 adic\u0103 90% din num\u0103rul total al micu\u0163ilor \u2013 sunt expu\u015fi la o poluare aerian\u0103 peste nivelul prev\u0103zut de Organiza\u0163ia Mondial\u0103 a S\u0103n\u0103t\u0103\u0163ii (OMS). Un studiu UNICEF publicat tot miercuri constat\u0103 c\u0103 17 milioane de copii sufer\u0103 din cauza aerului care este de \u015fase ori mai toxic dec\u00e2t prevede OMS.<\/div>\n<div>\u00a0<\/div>\n<div>Studiul a analizat toate na\u015fterile de copii vii din Londra, pe o perioad\u0103 de patru ani \u2013 \u00een total peste 540.000 \u2013 \u015fi a stabilit leg\u0103tura care exist\u0103 \u00eentre poluarea atmosferic\u0103 suportat\u0103 de mam\u0103 \u015fi greutatea mic\u0103 la na\u015ftere a copilului, definit\u0103 ca fiind sub 2,5 kg. Oamenii de \u015ftiin\u0163\u0103 au constatat o cre\u015ftere cu 15% a riscului unei greut\u0103\u0163i mici la na\u015ftere pentru fiecare 5 micrograme suplimentare de particule fine poluante per metru cub.<\/div>\n","protected":false},"excerpt":{"rendered":"<p>Un nou studiu britanic stabile\u015fte existen\u0163a unei leg\u0103turi \u00eentre noxele din atmosfer\u0103 \u015fi na\u015fterea unor copii cu greutate mic\u0103, care sunt susceptibili s\u0103 sufere de afec\u0163iuni pe toat\u0103 durata vie\u0163ii lor, ceea ce provoac\u0103 temeri c\u0103 milioane de copii din lumea \u00eentreag\u0103 ar putea fi afecta\u0163i. Poluarea atmosferic\u0103 cre\u015fte semnificativ riscul na\u015fterii unor copii cu [&hellip;]<\/p>\n","protected":false},"author":4,"featured_media":37854,"comment_status":"closed","ping_status":"closed","sticky":false,"template":"","format":"standard","meta":{"footnotes":""},"categories":[6354],"tags":[],"class_list":["post-37853","post","type-post","status-publish","format-standard","has-post-thumbnail","hentry","category-externe-ro"],"yoast_head":"<!-- This site is optimized with the Yoast SEO plugin v27.4 - https:\/\/yoast.com\/product\/yoast-seo-wordpress\/ -->\n<title>Daunele produse copiilor nen\u0103scu\u0163i de poluarea atmosferic\u0103<\/title>\n<meta name=\"robots\" content=\"index, follow, max-snippet:-1, max-image-preview:large, max-video-preview:-1\" \/>\n<link rel=\"canonical\" href=\"https:\/\/www.btv.md\/ro\/daunele-produse-copiilor-nenascuti-de-poluarea-atmosferica\/\" \/>\n<meta property=\"og:locale\" content=\"ro_RO\" \/>\n<meta property=\"og:type\" content=\"article\" \/>\n<meta property=\"og:title\" content=\"Daunele produse copiilor nen\u0103scu\u0163i de poluarea atmosferic\u0103\" \/>\n<meta property=\"og:description\" content=\"Un nou studiu britanic stabile\u015fte existen\u0163a unei leg\u0103turi \u00eentre noxele din atmosfer\u0103 \u015fi na\u015fterea unor copii cu greutate mic\u0103, care sunt susceptibili s\u0103 sufere de afec\u0163iuni pe toat\u0103 durata vie\u0163ii lor, ceea ce provoac\u0103 temeri c\u0103 milioane de copii din lumea \u00eentreag\u0103 ar putea fi afecta\u0163i. Poluarea atmosferic\u0103 cre\u015fte semnificativ riscul na\u015fterii unor copii cu [&hellip;]\" \/>\n<meta property=\"og:url\" content=\"https:\/\/www.btv.md\/ro\/daunele-produse-copiilor-nenascuti-de-poluarea-atmosferica\/\" \/>\n<meta property=\"og:site_name\" content=\"BTV\" \/>\n<meta property=\"article:publisher\" content=\"https:\/\/www.facebook.com\/btvmoldova\/\" \/>\n<meta property=\"article:published_time\" content=\"2017-12-13T06:44:47+00:00\" \/>\n<meta property=\"og:image\" content=\"https:\/\/www.btv.md\/wp-content\/uploads\/2017\/12\/gravida.jpg\" \/>\n\t<meta property=\"og:image:width\" content=\"618\" \/>\n\t<meta property=\"og:image:height\" content=\"357\" \/>\n\t<meta property=\"og:image:type\" content=\"image\/jpeg\" \/>\n<meta name=\"author\" content=\"admin\" \/>\n<meta name=\"twitter:label1\" content=\"Scris de\" \/>\n\t<meta name=\"twitter:data1\" content=\"admin\" \/>\n\t<meta name=\"twitter:label2\" content=\"Timp estimat pentru citire\" \/>\n\t<meta name=\"twitter:data2\" content=\"1 minut\" \/>\n<script type=\"application\/ld+json\" class=\"yoast-schema-graph\">{\"@context\":\"https:\\\/\\\/schema.org\",\"@graph\":[{\"@type\":\"Article\",\"@id\":\"https:\\\/\\\/www.btv.md\\\/ro\\\/daunele-produse-copiilor-nenascuti-de-poluarea-atmosferica\\\/#article\",\"isPartOf\":{\"@id\":\"https:\\\/\\\/www.btv.md\\\/ro\\\/daunele-produse-copiilor-nenascuti-de-poluarea-atmosferica\\\/\"},\"author\":{\"name\":\"admin\",\"@id\":\"https:\\\/\\\/www.btv.md\\\/#\\\/schema\\\/person\\\/8fadce81561b3ce2c34c46dadc4ccbf2\"},\"headline\":\"Daunele produse copiilor nen\u0103scu\u0163i de poluarea atmosferic\u0103\",\"datePublished\":\"2017-12-13T06:44:47+00:00\",\"mainEntityOfPage\":{\"@id\":\"https:\\\/\\\/www.btv.md\\\/ro\\\/daunele-produse-copiilor-nenascuti-de-poluarea-atmosferica\\\/\"},\"wordCount\":291,\"image\":{\"@id\":\"https:\\\/\\\/www.btv.md\\\/ro\\\/daunele-produse-copiilor-nenascuti-de-poluarea-atmosferica\\\/#primaryimage\"},\"thumbnailUrl\":\"https:\\\/\\\/www.btv.md\\\/wp-content\\\/uploads\\\/2017\\\/12\\\/gravida.jpg\",\"articleSection\":[\"Externe\"],\"inLanguage\":\"ro-RO\"},{\"@type\":\"WebPage\",\"@id\":\"https:\\\/\\\/www.btv.md\\\/ro\\\/daunele-produse-copiilor-nenascuti-de-poluarea-atmosferica\\\/\",\"url\":\"https:\\\/\\\/www.btv.md\\\/ro\\\/daunele-produse-copiilor-nenascuti-de-poluarea-atmosferica\\\/\",\"name\":\"Daunele produse copiilor nen\u0103scu\u0163i de poluarea atmosferic\u0103\",\"isPartOf\":{\"@id\":\"https:\\\/\\\/www.btv.md\\\/#website\"},\"primaryImageOfPage\":{\"@id\":\"https:\\\/\\\/www.btv.md\\\/ro\\\/daunele-produse-copiilor-nenascuti-de-poluarea-atmosferica\\\/#primaryimage\"},\"image\":{\"@id\":\"https:\\\/\\\/www.btv.md\\\/ro\\\/daunele-produse-copiilor-nenascuti-de-poluarea-atmosferica\\\/#primaryimage\"},\"thumbnailUrl\":\"https:\\\/\\\/www.btv.md\\\/wp-content\\\/uploads\\\/2017\\\/12\\\/gravida.jpg\",\"datePublished\":\"2017-12-13T06:44:47+00:00\",\"author\":{\"@id\":\"https:\\\/\\\/www.btv.md\\\/#\\\/schema\\\/person\\\/8fadce81561b3ce2c34c46dadc4ccbf2\"},\"inLanguage\":\"ro-RO\",\"potentialAction\":[{\"@type\":\"ReadAction\",\"target\":[\"https:\\\/\\\/www.btv.md\\\/ro\\\/daunele-produse-copiilor-nenascuti-de-poluarea-atmosferica\\\/\"]}]},{\"@type\":\"ImageObject\",\"inLanguage\":\"ro-RO\",\"@id\":\"https:\\\/\\\/www.btv.md\\\/ro\\\/daunele-produse-copiilor-nenascuti-de-poluarea-atmosferica\\\/#primaryimage\",\"url\":\"https:\\\/\\\/www.btv.md\\\/wp-content\\\/uploads\\\/2017\\\/12\\\/gravida.jpg\",\"contentUrl\":\"https:\\\/\\\/www.btv.md\\\/wp-content\\\/uploads\\\/2017\\\/12\\\/gravida.jpg\",\"width\":618,\"height\":357,\"caption\":\"poluarea atmosferic\u0103\"},{\"@type\":\"WebSite\",\"@id\":\"https:\\\/\\\/www.btv.md\\\/#website\",\"url\":\"https:\\\/\\\/www.btv.md\\\/\",\"name\":\"BTV\",\"description\":\"\u0411\u0435\u043b\u044c\u0446\u043a\u043e\u0435 \u0442\u0435\u043b\u0435\u0432\u0438\u0434\u0435\u043d\u0438\u0435\",\"potentialAction\":[{\"@type\":\"SearchAction\",\"target\":{\"@type\":\"EntryPoint\",\"urlTemplate\":\"https:\\\/\\\/www.btv.md\\\/?s={search_term_string}\"},\"query-input\":{\"@type\":\"PropertyValueSpecification\",\"valueRequired\":true,\"valueName\":\"search_term_string\"}}],\"inLanguage\":\"ro-RO\"},{\"@type\":\"Person\",\"@id\":\"https:\\\/\\\/www.btv.md\\\/#\\\/schema\\\/person\\\/8fadce81561b3ce2c34c46dadc4ccbf2\",\"name\":\"admin\"}]}<\/script>\n<!-- \/ Yoast SEO plugin. -->","yoast_head_json":{"title":"Daunele produse copiilor nen\u0103scu\u0163i de poluarea atmosferic\u0103","robots":{"index":"index","follow":"follow","max-snippet":"max-snippet:-1","max-image-preview":"max-image-preview:large","max-video-preview":"max-video-preview:-1"},"canonical":"https:\/\/www.btv.md\/ro\/daunele-produse-copiilor-nenascuti-de-poluarea-atmosferica\/","og_locale":"ro_RO","og_type":"article","og_title":"Daunele produse copiilor nen\u0103scu\u0163i de poluarea atmosferic\u0103","og_description":"Un nou studiu britanic stabile\u015fte existen\u0163a unei leg\u0103turi \u00eentre noxele din atmosfer\u0103 \u015fi na\u015fterea unor copii cu greutate mic\u0103, care sunt susceptibili s\u0103 sufere de afec\u0163iuni pe toat\u0103 durata vie\u0163ii lor, ceea ce provoac\u0103 temeri c\u0103 milioane de copii din lumea \u00eentreag\u0103 ar putea fi afecta\u0163i. Poluarea atmosferic\u0103 cre\u015fte semnificativ riscul na\u015fterii unor copii cu [&hellip;]","og_url":"https:\/\/www.btv.md\/ro\/daunele-produse-copiilor-nenascuti-de-poluarea-atmosferica\/","og_site_name":"BTV","article_publisher":"https:\/\/www.facebook.com\/btvmoldova\/","article_published_time":"2017-12-13T06:44:47+00:00","og_image":[{"width":618,"height":357,"url":"https:\/\/www.btv.md\/wp-content\/uploads\/2017\/12\/gravida.jpg","type":"image\/jpeg"}],"author":"admin","twitter_misc":{"Scris de":"admin","Timp estimat pentru citire":"1 minut"},"schema":{"@context":"https:\/\/schema.org","@graph":[{"@type":"Article","@id":"https:\/\/www.btv.md\/ro\/daunele-produse-copiilor-nenascuti-de-poluarea-atmosferica\/#article","isPartOf":{"@id":"https:\/\/www.btv.md\/ro\/daunele-produse-copiilor-nenascuti-de-poluarea-atmosferica\/"},"author":{"name":"admin","@id":"https:\/\/www.btv.md\/#\/schema\/person\/8fadce81561b3ce2c34c46dadc4ccbf2"},"headline":"Daunele produse copiilor nen\u0103scu\u0163i de poluarea atmosferic\u0103","datePublished":"2017-12-13T06:44:47+00:00","mainEntityOfPage":{"@id":"https:\/\/www.btv.md\/ro\/daunele-produse-copiilor-nenascuti-de-poluarea-atmosferica\/"},"wordCount":291,"image":{"@id":"https:\/\/www.btv.md\/ro\/daunele-produse-copiilor-nenascuti-de-poluarea-atmosferica\/#primaryimage"},"thumbnailUrl":"https:\/\/www.btv.md\/wp-content\/uploads\/2017\/12\/gravida.jpg","articleSection":["Externe"],"inLanguage":"ro-RO"},{"@type":"WebPage","@id":"https:\/\/www.btv.md\/ro\/daunele-produse-copiilor-nenascuti-de-poluarea-atmosferica\/","url":"https:\/\/www.btv.md\/ro\/daunele-produse-copiilor-nenascuti-de-poluarea-atmosferica\/","name":"Daunele produse copiilor nen\u0103scu\u0163i de poluarea atmosferic\u0103","isPartOf":{"@id":"https:\/\/www.btv.md\/#website"},"primaryImageOfPage":{"@id":"https:\/\/www.btv.md\/ro\/daunele-produse-copiilor-nenascuti-de-poluarea-atmosferica\/#primaryimage"},"image":{"@id":"https:\/\/www.btv.md\/ro\/daunele-produse-copiilor-nenascuti-de-poluarea-atmosferica\/#primaryimage"},"thumbnailUrl":"https:\/\/www.btv.md\/wp-content\/uploads\/2017\/12\/gravida.jpg","datePublished":"2017-12-13T06:44:47+00:00","author":{"@id":"https:\/\/www.btv.md\/#\/schema\/person\/8fadce81561b3ce2c34c46dadc4ccbf2"},"inLanguage":"ro-RO","potentialAction":[{"@type":"ReadAction","target":["https:\/\/www.btv.md\/ro\/daunele-produse-copiilor-nenascuti-de-poluarea-atmosferica\/"]}]},{"@type":"ImageObject","inLanguage":"ro-RO","@id":"https:\/\/www.btv.md\/ro\/daunele-produse-copiilor-nenascuti-de-poluarea-atmosferica\/#primaryimage","url":"https:\/\/www.btv.md\/wp-content\/uploads\/2017\/12\/gravida.jpg","contentUrl":"https:\/\/www.btv.md\/wp-content\/uploads\/2017\/12\/gravida.jpg","width":618,"height":357,"caption":"poluarea atmosferic\u0103"},{"@type":"WebSite","@id":"https:\/\/www.btv.md\/#website","url":"https:\/\/www.btv.md\/","name":"BTV","description":"\u0411\u0435\u043b\u044c\u0446\u043a\u043e\u0435 \u0442\u0435\u043b\u0435\u0432\u0438\u0434\u0435\u043d\u0438\u0435","potentialAction":[{"@type":"SearchAction","target":{"@type":"EntryPoint","urlTemplate":"https:\/\/www.btv.md\/?s={search_term_string}"},"query-input":{"@type":"PropertyValueSpecification","valueRequired":true,"valueName":"search_term_string"}}],"inLanguage":"ro-RO"},{"@type":"Person","@id":"https:\/\/www.btv.md\/#\/schema\/person\/8fadce81561b3ce2c34c46dadc4ccbf2","name":"admin"}]}},"_links":{"self":[{"href":"https:\/\/www.btv.md\/ro\/wp-json\/wp\/v2\/posts\/37853","targetHints":{"allow":["GET"]}}],"collection":[{"href":"https:\/\/www.btv.md\/ro\/wp-json\/wp\/v2\/posts"}],"about":[{"href":"https:\/\/www.btv.md\/ro\/wp-json\/wp\/v2\/types\/post"}],"author":[{"embeddable":true,"href":"https:\/\/www.btv.md\/ro\/wp-json\/wp\/v2\/users\/4"}],"replies":[{"embeddable":true,"href":"https:\/\/www.btv.md\/ro\/wp-json\/wp\/v2\/comments?post=37853"}],"version-history":[{"count":0,"href":"https:\/\/www.btv.md\/ro\/wp-json\/wp\/v2\/posts\/37853\/revisions"}],"wp:featuredmedia":[{"embeddable":true,"href":"https:\/\/www.btv.md\/ro\/wp-json\/wp\/v2\/media\/37854"}],"wp:attachment":[{"href":"https:\/\/www.btv.md\/ro\/wp-json\/wp\/v2\/media?parent=37853"}],"wp:term":[{"taxonomy":"category","embeddable":true,"href":"https:\/\/www.btv.md\/ro\/wp-json\/wp\/v2\/categories?post=37853"},{"taxonomy":"post_tag","embeddable":true,"href":"https:\/\/www.btv.md\/ro\/wp-json\/wp\/v2\/tags?post=37853"}],"curies":[{"name":"wp","href":"https:\/\/api.w.org\/{rel}","templated":true}]}}