{"id":37918,"date":"2017-12-13T16:03:01","date_gmt":"2017-12-13T13:03:01","guid":{"rendered":"http:\/\/btv.md\/?p=37918"},"modified":"2017-12-13T16:03:01","modified_gmt":"2017-12-13T13:03:01","slug":"magia-din-cutia-pentru-pantofi-si-tu-poti-fi-mos-craciun","status":"publish","type":"post","link":"https:\/\/www.btv.md\/ro\/magia-din-cutia-pentru-pantofi-si-tu-poti-fi-mos-craciun\/","title":{"rendered":"Magia din cutia pentru pantofi. \u0218i tu po\u021bi fi Mo\u0219 Cr\u0103ciun!"},"content":{"rendered":"<p><strong>\u00cen ajunul s\u0103rb\u0103torilor de iarn\u0103 fi\u021bi mai buni \u0219i \u00eemp\u0103rt\u0103\u0219i\u021bi magia s\u0103rb\u0103torilor \u0219i c\u0103ldura sufleteasc\u0103 cu cei din jur. Este \u00eendemnul unor doamne din B\u0103l\u021bi, care au demarat o ac\u021biune de caritate menit\u0103 s\u0103 bucure copiii din familiile vulnerabile. \u201eMagia din cutia pentru pantofi\u201d va ajunge la B\u0103l\u021bi, S\u00e2ngerei \u0219i F\u0103le\u0219ti.<\/strong><\/p>\n<p style=\"text-align: center;\"><iframe data-src=\"https:\/\/www.youtube.com\/embed\/wQzXK98OHdE\" width=\"854\" height=\"480\" frameborder=\"0\" allowfullscreen=\"allowfullscreen\" src=\"data:image\/svg+xml;base64,PHN2ZyB3aWR0aD0iMSIgaGVpZ2h0PSIxIiB4bWxucz0iaHR0cDovL3d3dy53My5vcmcvMjAwMC9zdmciPjwvc3ZnPg==\" class=\"lazyload\" data-load-mode=\"1\"><\/iframe><\/p>\n<blockquote>\n<p>ARINA SP\u0102TARU,\u00a0 INI\u021aIATOAREA AC\u021aIUNII DE CARITATE:\u00a0<em>\u201ePrieteni, recent am avut o \u00eent\u00e2mplare mai pu\u021bin pl\u0103cut\u0103, \u00een care mi-a fost furat\u0103 o pereche de pantofi, la care \u021bineam foarte mult. \u00cent\u00e2mplarea a f\u0103cut ca s\u0103 r\u0103m\u00e2n cu o cutie goal\u0103 \u0219i m-am g\u00e2ndit c\u0103 ar fi bine s\u0103 o umplu cu daruri frumoase pentru un copil mai pu\u021bin fericit, pentru a-i oferi o adev\u0103rat\u0103 s\u0103rb\u0103toare de Cr\u0103ciun. M-am g\u00e2ndit, c\u0103 aceast\u0103 experien\u021b\u0103, ar putea fi preluat\u0103 \u0219i de alte femei, pentru c\u0103 fiecare doamn\u0103 are cu certitudine o cutie pentru pantofi, pe care \u0219i-ar dori s\u0103 o umple cu daruri utile \u0219i pl\u0103cute, pentru a face o adev\u0103rat\u0103 magie din cutia pentru pantofi.\u201d<\/em><\/p>\n<p>ELENA BORDIANU, INI\u021aIATOAREA AC\u021aIUNII DE CARITATE:\u00a0<em>\u201eUn vis pe care \u00eel ai singur, r\u0103m\u00e2ne a fi doar un vis. Un vis pe care \u00eel ai al\u0103turi de alte persoane, poate deveni realitate. Asta \u00eenseamn\u0103 solidaritate. De aceast\u0103 dat\u0103 chem\u0103m spre solidaritate. Femei ca \u0219i tine, ca \u0219i mine, pot umple cutiile pentru pantofi nu doar cu daruri , cu g\u00eenduri bune, cu magie. Aici avem o cutie de pantofi pe care o putem umple cu orice<\/em><em>: o gentu\u021b\u0103, produse pentru igien\u0103 personal\u0103, dulciuri \u0219i neap\u0103rat o felicitare.\u201d<\/em><\/p>\n<\/blockquote>\n<p>\u00centre timp, oamenii cu suflet mare au \u00eenceput s\u0103 aduc\u0103 daruri. Mai mult, datorit\u0103 re\u021belelor de socializare, despre ac\u021biunea de caritate au aflat \u0219i moldovenii din diaspor\u0103, care au trimis deja primele colete.<\/p>\n<p>Cutiile cu cadouri pot fi aduse pe adresa strada Sf\u00e2ntul Nicolae 61 sau donate direct \u00een ziua de 24 decembrie, atunci c\u00e2nd va avea loc evenimentul de caritate, plin de surprize muzicale, mult dans \u0219i magie de s\u0103rb\u0103toare.<\/p>\n<blockquote>\n<p><em>\u201eEvenimentul de caritate va avea loc \u00een incinta restaurantului Drum Bun, pe data de 24 decembrie, la ora 11:00. Fiecare femeia care vine la eveniment sau face daruri va primi cadou o e\u0219arf\u0103 magic\u0103.\u201d<\/em><\/p>\n<p><em>\u201eVoi fie eu, va fi ea, vino \u0219i tu, fii al\u0103trui de noi. Cine spune c\u0103 nu exist\u0103 solidaritate feminin\u0103 s\u0103 ne aud\u0103 \u00eendemnul, s\u0103 ne sus\u021bin\u0103 cauza, s\u0103 vin\u0103 al\u0103turi de noi pe 24 decembrie la un eveniment de caritate altfel.\u201d<\/em><\/p>\n<\/blockquote>\n","protected":false},"excerpt":{"rendered":"<p>\u00cen ajunul s\u0103rb\u0103torilor de iarn\u0103 fi\u021bi mai buni \u0219i \u00eemp\u0103rt\u0103\u0219i\u021bi magia s\u0103rb\u0103torilor \u0219i c\u0103ldura sufleteasc\u0103 cu cei din jur. Este \u00eendemnul unor doamne din B\u0103l\u021bi, care au demarat o ac\u021biune de caritate menit\u0103 s\u0103 bucure copiii din familiile vulnerabile. \u201eMagia din cutia pentru pantofi\u201d va ajunge la B\u0103l\u021bi, S\u00e2ngerei \u0219i F\u0103le\u0219ti. ARINA SP\u0102TARU,\u00a0 INI\u021aIATOAREA AC\u021aIUNII [&hellip;]<\/p>\n","protected":false},"author":4,"featured_media":37920,"comment_status":"closed","ping_status":"closed","sticky":false,"template":"","format":"standard","meta":{"footnotes":""},"categories":[6353],"tags":[],"class_list":["post-37918","post","type-post","status-publish","format-standard","has-post-thumbnail","hentry","category-oras"],"yoast_head":"<!-- This site is optimized with the Yoast SEO plugin v27.4 - https:\/\/yoast.com\/product\/yoast-seo-wordpress\/ -->\n<title>Magia din cutia pentru pantofi. \u0218i tu po\u021bi fi Mo\u0219 Cr\u0103ciun!<\/title>\n<meta name=\"description\" content=\"\u00cen ajunul s\u0103rb\u0103torilor de iarn\u0103 fi\u021bi mai buni \u0219i \u00eemp\u0103rt\u0103\u0219i\u021bi magia s\u0103rb\u0103torilor \u0219i c\u0103ldura sufleteasc\u0103 cu cei din jur.........\" \/>\n<meta name=\"robots\" content=\"index, follow, max-snippet:-1, max-image-preview:large, max-video-preview:-1\" \/>\n<link rel=\"canonical\" href=\"https:\/\/www.btv.md\/ro\/magia-din-cutia-pentru-pantofi-si-tu-poti-fi-mos-craciun\/\" \/>\n<meta property=\"og:locale\" content=\"ro_RO\" \/>\n<meta property=\"og:type\" content=\"article\" \/>\n<meta property=\"og:title\" content=\"Magia din cutia pentru pantofi. \u0218i tu po\u021bi fi Mo\u0219 Cr\u0103ciun!\" \/>\n<meta property=\"og:description\" content=\"\u00cen ajunul s\u0103rb\u0103torilor de iarn\u0103 fi\u021bi mai buni \u0219i \u00eemp\u0103rt\u0103\u0219i\u021bi magia s\u0103rb\u0103torilor \u0219i c\u0103ldura sufleteasc\u0103 cu cei din jur.\" \/>\n<meta property=\"og:url\" content=\"https:\/\/www.btv.md\/ro\/magia-din-cutia-pentru-pantofi-si-tu-poti-fi-mos-craciun\/\" \/>\n<meta property=\"og:site_name\" content=\"BTV\" \/>\n<meta property=\"article:publisher\" content=\"https:\/\/www.facebook.com\/btvmoldova\/\" \/>\n<meta property=\"article:published_time\" content=\"2017-12-13T13:03:01+00:00\" \/>\n<meta property=\"og:image\" content=\"https:\/\/www.btv.md\/wp-content\/uploads\/2017\/12\/spataru-arina-cutia-pentru-pantofi.png\" \/>\n\t<meta property=\"og:image:width\" content=\"1340\" \/>\n\t<meta property=\"og:image:height\" content=\"563\" \/>\n\t<meta property=\"og:image:type\" content=\"image\/png\" \/>\n<meta name=\"author\" content=\"admin\" \/>\n<meta name=\"twitter:label1\" content=\"Scris de\" \/>\n\t<meta name=\"twitter:data1\" content=\"admin\" \/>\n\t<meta name=\"twitter:label2\" content=\"Timp estimat pentru citire\" \/>\n\t<meta name=\"twitter:data2\" content=\"2 minute\" \/>\n<script type=\"application\/ld+json\" class=\"yoast-schema-graph\">{\"@context\":\"https:\\\/\\\/schema.org\",\"@graph\":[{\"@type\":\"Article\",\"@id\":\"https:\\\/\\\/www.btv.md\\\/ro\\\/magia-din-cutia-pentru-pantofi-si-tu-poti-fi-mos-craciun\\\/#article\",\"isPartOf\":{\"@id\":\"https:\\\/\\\/www.btv.md\\\/ro\\\/magia-din-cutia-pentru-pantofi-si-tu-poti-fi-mos-craciun\\\/\"},\"author\":{\"name\":\"admin\",\"@id\":\"https:\\\/\\\/www.btv.md\\\/#\\\/schema\\\/person\\\/8fadce81561b3ce2c34c46dadc4ccbf2\"},\"headline\":\"Magia din cutia pentru pantofi. \u0218i tu po\u021bi fi Mo\u0219 Cr\u0103ciun!\",\"datePublished\":\"2017-12-13T13:03:01+00:00\",\"mainEntityOfPage\":{\"@id\":\"https:\\\/\\\/www.btv.md\\\/ro\\\/magia-din-cutia-pentru-pantofi-si-tu-poti-fi-mos-craciun\\\/\"},\"wordCount\":458,\"image\":{\"@id\":\"https:\\\/\\\/www.btv.md\\\/ro\\\/magia-din-cutia-pentru-pantofi-si-tu-poti-fi-mos-craciun\\\/#primaryimage\"},\"thumbnailUrl\":\"https:\\\/\\\/www.btv.md\\\/wp-content\\\/uploads\\\/2017\\\/12\\\/spataru-arina-cutia-pentru-pantofi.png\",\"articleSection\":[\"Ora\u0219\"],\"inLanguage\":\"ro-RO\"},{\"@type\":\"WebPage\",\"@id\":\"https:\\\/\\\/www.btv.md\\\/ro\\\/magia-din-cutia-pentru-pantofi-si-tu-poti-fi-mos-craciun\\\/\",\"url\":\"https:\\\/\\\/www.btv.md\\\/ro\\\/magia-din-cutia-pentru-pantofi-si-tu-poti-fi-mos-craciun\\\/\",\"name\":\"Magia din cutia pentru pantofi. \u0218i tu po\u021bi fi Mo\u0219 Cr\u0103ciun!\",\"isPartOf\":{\"@id\":\"https:\\\/\\\/www.btv.md\\\/#website\"},\"primaryImageOfPage\":{\"@id\":\"https:\\\/\\\/www.btv.md\\\/ro\\\/magia-din-cutia-pentru-pantofi-si-tu-poti-fi-mos-craciun\\\/#primaryimage\"},\"image\":{\"@id\":\"https:\\\/\\\/www.btv.md\\\/ro\\\/magia-din-cutia-pentru-pantofi-si-tu-poti-fi-mos-craciun\\\/#primaryimage\"},\"thumbnailUrl\":\"https:\\\/\\\/www.btv.md\\\/wp-content\\\/uploads\\\/2017\\\/12\\\/spataru-arina-cutia-pentru-pantofi.png\",\"datePublished\":\"2017-12-13T13:03:01+00:00\",\"author\":{\"@id\":\"https:\\\/\\\/www.btv.md\\\/#\\\/schema\\\/person\\\/8fadce81561b3ce2c34c46dadc4ccbf2\"},\"description\":\"\u00cen ajunul s\u0103rb\u0103torilor de iarn\u0103 fi\u021bi mai buni \u0219i \u00eemp\u0103rt\u0103\u0219i\u021bi magia s\u0103rb\u0103torilor \u0219i c\u0103ldura sufleteasc\u0103 cu cei din jur.........\",\"inLanguage\":\"ro-RO\",\"potentialAction\":[{\"@type\":\"ReadAction\",\"target\":[\"https:\\\/\\\/www.btv.md\\\/ro\\\/magia-din-cutia-pentru-pantofi-si-tu-poti-fi-mos-craciun\\\/\"]}]},{\"@type\":\"ImageObject\",\"inLanguage\":\"ro-RO\",\"@id\":\"https:\\\/\\\/www.btv.md\\\/ro\\\/magia-din-cutia-pentru-pantofi-si-tu-poti-fi-mos-craciun\\\/#primaryimage\",\"url\":\"https:\\\/\\\/www.btv.md\\\/wp-content\\\/uploads\\\/2017\\\/12\\\/spataru-arina-cutia-pentru-pantofi.png\",\"contentUrl\":\"https:\\\/\\\/www.btv.md\\\/wp-content\\\/uploads\\\/2017\\\/12\\\/spataru-arina-cutia-pentru-pantofi.png\",\"width\":1340,\"height\":563,\"caption\":\"cutia pentru pantofi\"},{\"@type\":\"WebSite\",\"@id\":\"https:\\\/\\\/www.btv.md\\\/#website\",\"url\":\"https:\\\/\\\/www.btv.md\\\/\",\"name\":\"BTV\",\"description\":\"\u0411\u0435\u043b\u044c\u0446\u043a\u043e\u0435 \u0442\u0435\u043b\u0435\u0432\u0438\u0434\u0435\u043d\u0438\u0435\",\"potentialAction\":[{\"@type\":\"SearchAction\",\"target\":{\"@type\":\"EntryPoint\",\"urlTemplate\":\"https:\\\/\\\/www.btv.md\\\/?s={search_term_string}\"},\"query-input\":{\"@type\":\"PropertyValueSpecification\",\"valueRequired\":true,\"valueName\":\"search_term_string\"}}],\"inLanguage\":\"ro-RO\"},{\"@type\":\"Person\",\"@id\":\"https:\\\/\\\/www.btv.md\\\/#\\\/schema\\\/person\\\/8fadce81561b3ce2c34c46dadc4ccbf2\",\"name\":\"admin\"}]}<\/script>\n<!-- \/ Yoast SEO plugin. -->","yoast_head_json":{"title":"Magia din cutia pentru pantofi. \u0218i tu po\u021bi fi Mo\u0219 Cr\u0103ciun!","description":"\u00cen ajunul s\u0103rb\u0103torilor de iarn\u0103 fi\u021bi mai buni \u0219i \u00eemp\u0103rt\u0103\u0219i\u021bi magia s\u0103rb\u0103torilor \u0219i c\u0103ldura sufleteasc\u0103 cu cei din jur.........","robots":{"index":"index","follow":"follow","max-snippet":"max-snippet:-1","max-image-preview":"max-image-preview:large","max-video-preview":"max-video-preview:-1"},"canonical":"https:\/\/www.btv.md\/ro\/magia-din-cutia-pentru-pantofi-si-tu-poti-fi-mos-craciun\/","og_locale":"ro_RO","og_type":"article","og_title":"Magia din cutia pentru pantofi. \u0218i tu po\u021bi fi Mo\u0219 Cr\u0103ciun!","og_description":"\u00cen ajunul s\u0103rb\u0103torilor de iarn\u0103 fi\u021bi mai buni \u0219i \u00eemp\u0103rt\u0103\u0219i\u021bi magia s\u0103rb\u0103torilor \u0219i c\u0103ldura sufleteasc\u0103 cu cei din jur.","og_url":"https:\/\/www.btv.md\/ro\/magia-din-cutia-pentru-pantofi-si-tu-poti-fi-mos-craciun\/","og_site_name":"BTV","article_publisher":"https:\/\/www.facebook.com\/btvmoldova\/","article_published_time":"2017-12-13T13:03:01+00:00","og_image":[{"width":1340,"height":563,"url":"https:\/\/www.btv.md\/wp-content\/uploads\/2017\/12\/spataru-arina-cutia-pentru-pantofi.png","type":"image\/png"}],"author":"admin","twitter_misc":{"Scris de":"admin","Timp estimat pentru citire":"2 minute"},"schema":{"@context":"https:\/\/schema.org","@graph":[{"@type":"Article","@id":"https:\/\/www.btv.md\/ro\/magia-din-cutia-pentru-pantofi-si-tu-poti-fi-mos-craciun\/#article","isPartOf":{"@id":"https:\/\/www.btv.md\/ro\/magia-din-cutia-pentru-pantofi-si-tu-poti-fi-mos-craciun\/"},"author":{"name":"admin","@id":"https:\/\/www.btv.md\/#\/schema\/person\/8fadce81561b3ce2c34c46dadc4ccbf2"},"headline":"Magia din cutia pentru pantofi. \u0218i tu po\u021bi fi Mo\u0219 Cr\u0103ciun!","datePublished":"2017-12-13T13:03:01+00:00","mainEntityOfPage":{"@id":"https:\/\/www.btv.md\/ro\/magia-din-cutia-pentru-pantofi-si-tu-poti-fi-mos-craciun\/"},"wordCount":458,"image":{"@id":"https:\/\/www.btv.md\/ro\/magia-din-cutia-pentru-pantofi-si-tu-poti-fi-mos-craciun\/#primaryimage"},"thumbnailUrl":"https:\/\/www.btv.md\/wp-content\/uploads\/2017\/12\/spataru-arina-cutia-pentru-pantofi.png","articleSection":["Ora\u0219"],"inLanguage":"ro-RO"},{"@type":"WebPage","@id":"https:\/\/www.btv.md\/ro\/magia-din-cutia-pentru-pantofi-si-tu-poti-fi-mos-craciun\/","url":"https:\/\/www.btv.md\/ro\/magia-din-cutia-pentru-pantofi-si-tu-poti-fi-mos-craciun\/","name":"Magia din cutia pentru pantofi. \u0218i tu po\u021bi fi Mo\u0219 Cr\u0103ciun!","isPartOf":{"@id":"https:\/\/www.btv.md\/#website"},"primaryImageOfPage":{"@id":"https:\/\/www.btv.md\/ro\/magia-din-cutia-pentru-pantofi-si-tu-poti-fi-mos-craciun\/#primaryimage"},"image":{"@id":"https:\/\/www.btv.md\/ro\/magia-din-cutia-pentru-pantofi-si-tu-poti-fi-mos-craciun\/#primaryimage"},"thumbnailUrl":"https:\/\/www.btv.md\/wp-content\/uploads\/2017\/12\/spataru-arina-cutia-pentru-pantofi.png","datePublished":"2017-12-13T13:03:01+00:00","author":{"@id":"https:\/\/www.btv.md\/#\/schema\/person\/8fadce81561b3ce2c34c46dadc4ccbf2"},"description":"\u00cen ajunul s\u0103rb\u0103torilor de iarn\u0103 fi\u021bi mai buni \u0219i \u00eemp\u0103rt\u0103\u0219i\u021bi magia s\u0103rb\u0103torilor \u0219i c\u0103ldura sufleteasc\u0103 cu cei din jur.........","inLanguage":"ro-RO","potentialAction":[{"@type":"ReadAction","target":["https:\/\/www.btv.md\/ro\/magia-din-cutia-pentru-pantofi-si-tu-poti-fi-mos-craciun\/"]}]},{"@type":"ImageObject","inLanguage":"ro-RO","@id":"https:\/\/www.btv.md\/ro\/magia-din-cutia-pentru-pantofi-si-tu-poti-fi-mos-craciun\/#primaryimage","url":"https:\/\/www.btv.md\/wp-content\/uploads\/2017\/12\/spataru-arina-cutia-pentru-pantofi.png","contentUrl":"https:\/\/www.btv.md\/wp-content\/uploads\/2017\/12\/spataru-arina-cutia-pentru-pantofi.png","width":1340,"height":563,"caption":"cutia pentru pantofi"},{"@type":"WebSite","@id":"https:\/\/www.btv.md\/#website","url":"https:\/\/www.btv.md\/","name":"BTV","description":"\u0411\u0435\u043b\u044c\u0446\u043a\u043e\u0435 \u0442\u0435\u043b\u0435\u0432\u0438\u0434\u0435\u043d\u0438\u0435","potentialAction":[{"@type":"SearchAction","target":{"@type":"EntryPoint","urlTemplate":"https:\/\/www.btv.md\/?s={search_term_string}"},"query-input":{"@type":"PropertyValueSpecification","valueRequired":true,"valueName":"search_term_string"}}],"inLanguage":"ro-RO"},{"@type":"Person","@id":"https:\/\/www.btv.md\/#\/schema\/person\/8fadce81561b3ce2c34c46dadc4ccbf2","name":"admin"}]}},"_links":{"self":[{"href":"https:\/\/www.btv.md\/ro\/wp-json\/wp\/v2\/posts\/37918","targetHints":{"allow":["GET"]}}],"collection":[{"href":"https:\/\/www.btv.md\/ro\/wp-json\/wp\/v2\/posts"}],"about":[{"href":"https:\/\/www.btv.md\/ro\/wp-json\/wp\/v2\/types\/post"}],"author":[{"embeddable":true,"href":"https:\/\/www.btv.md\/ro\/wp-json\/wp\/v2\/users\/4"}],"replies":[{"embeddable":true,"href":"https:\/\/www.btv.md\/ro\/wp-json\/wp\/v2\/comments?post=37918"}],"version-history":[{"count":0,"href":"https:\/\/www.btv.md\/ro\/wp-json\/wp\/v2\/posts\/37918\/revisions"}],"wp:featuredmedia":[{"embeddable":true,"href":"https:\/\/www.btv.md\/ro\/wp-json\/wp\/v2\/media\/37920"}],"wp:attachment":[{"href":"https:\/\/www.btv.md\/ro\/wp-json\/wp\/v2\/media?parent=37918"}],"wp:term":[{"taxonomy":"category","embeddable":true,"href":"https:\/\/www.btv.md\/ro\/wp-json\/wp\/v2\/categories?post=37918"},{"taxonomy":"post_tag","embeddable":true,"href":"https:\/\/www.btv.md\/ro\/wp-json\/wp\/v2\/tags?post=37918"}],"curies":[{"name":"wp","href":"https:\/\/api.w.org\/{rel}","templated":true}]}}