{"id":37931,"date":"2017-12-13T16:58:58","date_gmt":"2017-12-13T13:58:58","guid":{"rendered":"http:\/\/btv.md\/?p=37931"},"modified":"2017-12-13T16:58:58","modified_gmt":"2017-12-13T13:58:58","slug":"cit-vor-plati-proprietarii-locuintelor-de-lux-din-moldova-in-buget","status":"publish","type":"post","link":"https:\/\/www.btv.md\/ro\/cit-vor-plati-proprietarii-locuintelor-de-lux-din-moldova-in-buget\/","title":{"rendered":"C\u00eet vor pl\u0103ti proprietarii locuin\u021belor de lux din Moldova \u00een buget?"},"content":{"rendered":"<p><strong>Serviciul Fiscal de Stat a reamintit c\u0103 ziua de 25 decembrie este ultima zi de plat\u0103 a impozitului pe avere a proprietarilor locuin\u021belor de lux.<\/strong><\/p>\n<p style=\"text-align: center;\"><iframe data-src=\"https:\/\/www.youtube.com\/embed\/vWRLyohZ9Vs\" width=\"854\" height=\"480\" frameborder=\"0\" allowfullscreen=\"allowfullscreen\" src=\"data:image\/svg+xml;base64,PHN2ZyB3aWR0aD0iMSIgaGVpZ2h0PSIxIiB4bWxucz0iaHR0cDovL3d3dy53My5vcmcvMjAwMC9zdmciPjwvc3ZnPg==\" class=\"lazyload\" data-load-mode=\"1\"><\/iframe><\/p>\n<p>Dup\u0103 aceast\u0103 dat\u0103, vor fi percepute penalit\u0103\u021bi pentru fiecare zi de \u00eent\u00eerziere a pl\u0103\u021bilor, informeaz\u0103 <a href=\"http:\/\/www.noi.md\/md\/news_id\/259965\">NOI.md<\/a>.<\/p>\n<p>Potrivit informa\u021biilor reamintite de Serviciul Fiscal de Stat, persoanele fizice care, conform datelor reflectate \u00een Registrul bunurilor imobile la situa\u021bia din 1 noiembrie 2017, au fost \u00eenregistrate \u00een calitate de proprietari ai obiectelor impunerii \u2013 bunurilor imobiliare cu destina\u021bie locativ\u0103, inclusiv c\u0103su\u021bele de vacan\u021b\u0103 (cu excep\u021bia terenurilor), precum \u0219i cotele-p\u0103r\u021bi, a c\u0103ror totalitate este estimat\u0103 la valoarea 1,5 milioane lei \u0219i mai mult, iar suprafa\u021ba total\u0103 constituie 120 m2 \u0219i mai mult, s\u00eent calificate drept subiec\u021bi ai impunerii cu impozitul pe avere.<\/p>\n<p>Baza impozabil\u0103 a obiectelor impunerii constituie valoarea estimat\u0103 a acestor bunuri, apreciat\u0103 de c\u0103tre organele cadastrale teritoriale, fa\u021b\u0103 de care se aplic\u0103 impozitul pe avere, la cota de 0,8%.<\/p>\n<p>Termenul de achitare a impozitului pe avere este data de 25 decembrie a anului de gestiune.<\/p>\n<p>\u00cen total, \u00een Republica Moldova s\u00eent \u00eenregistra\u021bi 2287 de subiec\u021bi ai impunerii cu impozitul de avere, care corespund criteriilor stabilite la situa\u021bia din 1 noiembrie 2017. Dintre ace\u0219tia: &#8211; 2075 sau 90,7 % din num\u0103rul total &#8211; \u00een raza mun. Chi\u0219in\u0103u.<\/p>\n<p>Tuturor acestor persoane le-au fost prezentate avizele de plat\u0103 pentru achitarea impozitului. Suma total\u0103 a impozitului pe avere, care a fost estimat\u0103 spre a fi \u00eencasat\u0103 \u00een bugetul de stat constituie 43, 52 milioane lei.<\/p>\n<p>\u00cen cazul neachit\u0103rii obliga\u021biilor fiscale aferente impozitului pe avere \u00een termenul prev\u0103zut de legisla\u021bie, subiec\u021bilor le vor fi aplicate major\u0103ri de \u00eent\u00eerziere (penalitate, pentru fiecare zi de \u00eent\u00eerziere).<\/p>\n","protected":false},"excerpt":{"rendered":"<p>Serviciul Fiscal de Stat a reamintit c\u0103 ziua de 25 decembrie este ultima zi de plat\u0103 a impozitului pe avere a proprietarilor locuin\u021belor de lux. Dup\u0103 aceast\u0103 dat\u0103, vor fi percepute penalit\u0103\u021bi pentru fiecare zi de \u00eent\u00eerziere a pl\u0103\u021bilor, informeaz\u0103 NOI.md. Potrivit informa\u021biilor reamintite de Serviciul Fiscal de Stat, persoanele fizice care, conform datelor reflectate [&hellip;]<\/p>\n","protected":false},"author":4,"featured_media":31610,"comment_status":"closed","ping_status":"closed","sticky":false,"template":"","format":"standard","meta":{"footnotes":""},"categories":[6369],"tags":[],"class_list":["post-37931","post","type-post","status-publish","format-standard","has-post-thumbnail","hentry","category-economie-ro"],"yoast_head":"<!-- This site is optimized with the Yoast SEO plugin v27.4 - https:\/\/yoast.com\/product\/yoast-seo-wordpress\/ -->\n<title>C\u00eet vor pl\u0103ti proprietarii locuin\u021belor de lux din Moldova \u00een buget?<\/title>\n<meta name=\"robots\" content=\"index, follow, max-snippet:-1, max-image-preview:large, max-video-preview:-1\" \/>\n<link rel=\"canonical\" href=\"https:\/\/www.btv.md\/ro\/cit-vor-plati-proprietarii-locuintelor-de-lux-din-moldova-in-buget\/\" \/>\n<meta property=\"og:locale\" content=\"ro_RO\" \/>\n<meta property=\"og:type\" content=\"article\" \/>\n<meta property=\"og:title\" content=\"C\u00eet vor pl\u0103ti proprietarii locuin\u021belor de lux din Moldova \u00een buget?\" \/>\n<meta property=\"og:description\" content=\"Serviciul Fiscal de Stat a reamintit c\u0103 ziua de 25 decembrie este ultima zi de plat\u0103 a impozitului pe avere a proprietarilor locuin\u021belor de lux. Dup\u0103 aceast\u0103 dat\u0103, vor fi percepute penalit\u0103\u021bi pentru fiecare zi de \u00eent\u00eerziere a pl\u0103\u021bilor, informeaz\u0103 NOI.md. Potrivit informa\u021biilor reamintite de Serviciul Fiscal de Stat, persoanele fizice care, conform datelor reflectate [&hellip;]\" \/>\n<meta property=\"og:url\" content=\"https:\/\/www.btv.md\/ro\/cit-vor-plati-proprietarii-locuintelor-de-lux-din-moldova-in-buget\/\" \/>\n<meta property=\"og:site_name\" content=\"BTV\" \/>\n<meta property=\"article:publisher\" content=\"https:\/\/www.facebook.com\/btvmoldova\/\" \/>\n<meta property=\"article:published_time\" content=\"2017-12-13T13:58:58+00:00\" \/>\n<meta property=\"og:image\" content=\"https:\/\/www.btv.md\/wp-content\/uploads\/2017\/09\/fisc-e1504692633686.jpg\" \/>\n\t<meta property=\"og:image:width\" content=\"1220\" \/>\n\t<meta property=\"og:image:height\" content=\"688\" \/>\n\t<meta property=\"og:image:type\" content=\"image\/jpeg\" \/>\n<meta name=\"author\" content=\"admin\" \/>\n<meta name=\"twitter:label1\" content=\"Scris de\" \/>\n\t<meta name=\"twitter:data1\" content=\"admin\" \/>\n\t<meta name=\"twitter:label2\" content=\"Timp estimat pentru citire\" \/>\n\t<meta name=\"twitter:data2\" content=\"1 minut\" \/>\n<script type=\"application\/ld+json\" class=\"yoast-schema-graph\">{\"@context\":\"https:\\\/\\\/schema.org\",\"@graph\":[{\"@type\":\"Article\",\"@id\":\"https:\\\/\\\/www.btv.md\\\/ro\\\/cit-vor-plati-proprietarii-locuintelor-de-lux-din-moldova-in-buget\\\/#article\",\"isPartOf\":{\"@id\":\"https:\\\/\\\/www.btv.md\\\/ro\\\/cit-vor-plati-proprietarii-locuintelor-de-lux-din-moldova-in-buget\\\/\"},\"author\":{\"name\":\"admin\",\"@id\":\"https:\\\/\\\/www.btv.md\\\/#\\\/schema\\\/person\\\/8fadce81561b3ce2c34c46dadc4ccbf2\"},\"headline\":\"C\u00eet vor pl\u0103ti proprietarii locuin\u021belor de lux din Moldova \u00een buget?\",\"datePublished\":\"2017-12-13T13:58:58+00:00\",\"mainEntityOfPage\":{\"@id\":\"https:\\\/\\\/www.btv.md\\\/ro\\\/cit-vor-plati-proprietarii-locuintelor-de-lux-din-moldova-in-buget\\\/\"},\"wordCount\":304,\"image\":{\"@id\":\"https:\\\/\\\/www.btv.md\\\/ro\\\/cit-vor-plati-proprietarii-locuintelor-de-lux-din-moldova-in-buget\\\/#primaryimage\"},\"thumbnailUrl\":\"https:\\\/\\\/www.btv.md\\\/wp-content\\\/uploads\\\/2017\\\/09\\\/fisc-e1504692633686.jpg\",\"articleSection\":[\"Economie\"],\"inLanguage\":\"ro-RO\"},{\"@type\":\"WebPage\",\"@id\":\"https:\\\/\\\/www.btv.md\\\/ro\\\/cit-vor-plati-proprietarii-locuintelor-de-lux-din-moldova-in-buget\\\/\",\"url\":\"https:\\\/\\\/www.btv.md\\\/ro\\\/cit-vor-plati-proprietarii-locuintelor-de-lux-din-moldova-in-buget\\\/\",\"name\":\"C\u00eet vor pl\u0103ti proprietarii locuin\u021belor de lux din Moldova \u00een buget?\",\"isPartOf\":{\"@id\":\"https:\\\/\\\/www.btv.md\\\/#website\"},\"primaryImageOfPage\":{\"@id\":\"https:\\\/\\\/www.btv.md\\\/ro\\\/cit-vor-plati-proprietarii-locuintelor-de-lux-din-moldova-in-buget\\\/#primaryimage\"},\"image\":{\"@id\":\"https:\\\/\\\/www.btv.md\\\/ro\\\/cit-vor-plati-proprietarii-locuintelor-de-lux-din-moldova-in-buget\\\/#primaryimage\"},\"thumbnailUrl\":\"https:\\\/\\\/www.btv.md\\\/wp-content\\\/uploads\\\/2017\\\/09\\\/fisc-e1504692633686.jpg\",\"datePublished\":\"2017-12-13T13:58:58+00:00\",\"author\":{\"@id\":\"https:\\\/\\\/www.btv.md\\\/#\\\/schema\\\/person\\\/8fadce81561b3ce2c34c46dadc4ccbf2\"},\"inLanguage\":\"ro-RO\",\"potentialAction\":[{\"@type\":\"ReadAction\",\"target\":[\"https:\\\/\\\/www.btv.md\\\/ro\\\/cit-vor-plati-proprietarii-locuintelor-de-lux-din-moldova-in-buget\\\/\"]}]},{\"@type\":\"ImageObject\",\"inLanguage\":\"ro-RO\",\"@id\":\"https:\\\/\\\/www.btv.md\\\/ro\\\/cit-vor-plati-proprietarii-locuintelor-de-lux-din-moldova-in-buget\\\/#primaryimage\",\"url\":\"https:\\\/\\\/www.btv.md\\\/wp-content\\\/uploads\\\/2017\\\/09\\\/fisc-e1504692633686.jpg\",\"contentUrl\":\"https:\\\/\\\/www.btv.md\\\/wp-content\\\/uploads\\\/2017\\\/09\\\/fisc-e1504692633686.jpg\",\"width\":1220,\"height\":688,\"caption\":\"dau apartamente \u00een chirie\"},{\"@type\":\"WebSite\",\"@id\":\"https:\\\/\\\/www.btv.md\\\/#website\",\"url\":\"https:\\\/\\\/www.btv.md\\\/\",\"name\":\"BTV\",\"description\":\"\u0411\u0435\u043b\u044c\u0446\u043a\u043e\u0435 \u0442\u0435\u043b\u0435\u0432\u0438\u0434\u0435\u043d\u0438\u0435\",\"potentialAction\":[{\"@type\":\"SearchAction\",\"target\":{\"@type\":\"EntryPoint\",\"urlTemplate\":\"https:\\\/\\\/www.btv.md\\\/?s={search_term_string}\"},\"query-input\":{\"@type\":\"PropertyValueSpecification\",\"valueRequired\":true,\"valueName\":\"search_term_string\"}}],\"inLanguage\":\"ro-RO\"},{\"@type\":\"Person\",\"@id\":\"https:\\\/\\\/www.btv.md\\\/#\\\/schema\\\/person\\\/8fadce81561b3ce2c34c46dadc4ccbf2\",\"name\":\"admin\"}]}<\/script>\n<!-- \/ Yoast SEO plugin. -->","yoast_head_json":{"title":"C\u00eet vor pl\u0103ti proprietarii locuin\u021belor de lux din Moldova \u00een buget?","robots":{"index":"index","follow":"follow","max-snippet":"max-snippet:-1","max-image-preview":"max-image-preview:large","max-video-preview":"max-video-preview:-1"},"canonical":"https:\/\/www.btv.md\/ro\/cit-vor-plati-proprietarii-locuintelor-de-lux-din-moldova-in-buget\/","og_locale":"ro_RO","og_type":"article","og_title":"C\u00eet vor pl\u0103ti proprietarii locuin\u021belor de lux din Moldova \u00een buget?","og_description":"Serviciul Fiscal de Stat a reamintit c\u0103 ziua de 25 decembrie este ultima zi de plat\u0103 a impozitului pe avere a proprietarilor locuin\u021belor de lux. Dup\u0103 aceast\u0103 dat\u0103, vor fi percepute penalit\u0103\u021bi pentru fiecare zi de \u00eent\u00eerziere a pl\u0103\u021bilor, informeaz\u0103 NOI.md. Potrivit informa\u021biilor reamintite de Serviciul Fiscal de Stat, persoanele fizice care, conform datelor reflectate [&hellip;]","og_url":"https:\/\/www.btv.md\/ro\/cit-vor-plati-proprietarii-locuintelor-de-lux-din-moldova-in-buget\/","og_site_name":"BTV","article_publisher":"https:\/\/www.facebook.com\/btvmoldova\/","article_published_time":"2017-12-13T13:58:58+00:00","og_image":[{"width":1220,"height":688,"url":"https:\/\/www.btv.md\/wp-content\/uploads\/2017\/09\/fisc-e1504692633686.jpg","type":"image\/jpeg"}],"author":"admin","twitter_misc":{"Scris de":"admin","Timp estimat pentru citire":"1 minut"},"schema":{"@context":"https:\/\/schema.org","@graph":[{"@type":"Article","@id":"https:\/\/www.btv.md\/ro\/cit-vor-plati-proprietarii-locuintelor-de-lux-din-moldova-in-buget\/#article","isPartOf":{"@id":"https:\/\/www.btv.md\/ro\/cit-vor-plati-proprietarii-locuintelor-de-lux-din-moldova-in-buget\/"},"author":{"name":"admin","@id":"https:\/\/www.btv.md\/#\/schema\/person\/8fadce81561b3ce2c34c46dadc4ccbf2"},"headline":"C\u00eet vor pl\u0103ti proprietarii locuin\u021belor de lux din Moldova \u00een buget?","datePublished":"2017-12-13T13:58:58+00:00","mainEntityOfPage":{"@id":"https:\/\/www.btv.md\/ro\/cit-vor-plati-proprietarii-locuintelor-de-lux-din-moldova-in-buget\/"},"wordCount":304,"image":{"@id":"https:\/\/www.btv.md\/ro\/cit-vor-plati-proprietarii-locuintelor-de-lux-din-moldova-in-buget\/#primaryimage"},"thumbnailUrl":"https:\/\/www.btv.md\/wp-content\/uploads\/2017\/09\/fisc-e1504692633686.jpg","articleSection":["Economie"],"inLanguage":"ro-RO"},{"@type":"WebPage","@id":"https:\/\/www.btv.md\/ro\/cit-vor-plati-proprietarii-locuintelor-de-lux-din-moldova-in-buget\/","url":"https:\/\/www.btv.md\/ro\/cit-vor-plati-proprietarii-locuintelor-de-lux-din-moldova-in-buget\/","name":"C\u00eet vor pl\u0103ti proprietarii locuin\u021belor de lux din Moldova \u00een buget?","isPartOf":{"@id":"https:\/\/www.btv.md\/#website"},"primaryImageOfPage":{"@id":"https:\/\/www.btv.md\/ro\/cit-vor-plati-proprietarii-locuintelor-de-lux-din-moldova-in-buget\/#primaryimage"},"image":{"@id":"https:\/\/www.btv.md\/ro\/cit-vor-plati-proprietarii-locuintelor-de-lux-din-moldova-in-buget\/#primaryimage"},"thumbnailUrl":"https:\/\/www.btv.md\/wp-content\/uploads\/2017\/09\/fisc-e1504692633686.jpg","datePublished":"2017-12-13T13:58:58+00:00","author":{"@id":"https:\/\/www.btv.md\/#\/schema\/person\/8fadce81561b3ce2c34c46dadc4ccbf2"},"inLanguage":"ro-RO","potentialAction":[{"@type":"ReadAction","target":["https:\/\/www.btv.md\/ro\/cit-vor-plati-proprietarii-locuintelor-de-lux-din-moldova-in-buget\/"]}]},{"@type":"ImageObject","inLanguage":"ro-RO","@id":"https:\/\/www.btv.md\/ro\/cit-vor-plati-proprietarii-locuintelor-de-lux-din-moldova-in-buget\/#primaryimage","url":"https:\/\/www.btv.md\/wp-content\/uploads\/2017\/09\/fisc-e1504692633686.jpg","contentUrl":"https:\/\/www.btv.md\/wp-content\/uploads\/2017\/09\/fisc-e1504692633686.jpg","width":1220,"height":688,"caption":"dau apartamente \u00een chirie"},{"@type":"WebSite","@id":"https:\/\/www.btv.md\/#website","url":"https:\/\/www.btv.md\/","name":"BTV","description":"\u0411\u0435\u043b\u044c\u0446\u043a\u043e\u0435 \u0442\u0435\u043b\u0435\u0432\u0438\u0434\u0435\u043d\u0438\u0435","potentialAction":[{"@type":"SearchAction","target":{"@type":"EntryPoint","urlTemplate":"https:\/\/www.btv.md\/?s={search_term_string}"},"query-input":{"@type":"PropertyValueSpecification","valueRequired":true,"valueName":"search_term_string"}}],"inLanguage":"ro-RO"},{"@type":"Person","@id":"https:\/\/www.btv.md\/#\/schema\/person\/8fadce81561b3ce2c34c46dadc4ccbf2","name":"admin"}]}},"_links":{"self":[{"href":"https:\/\/www.btv.md\/ro\/wp-json\/wp\/v2\/posts\/37931","targetHints":{"allow":["GET"]}}],"collection":[{"href":"https:\/\/www.btv.md\/ro\/wp-json\/wp\/v2\/posts"}],"about":[{"href":"https:\/\/www.btv.md\/ro\/wp-json\/wp\/v2\/types\/post"}],"author":[{"embeddable":true,"href":"https:\/\/www.btv.md\/ro\/wp-json\/wp\/v2\/users\/4"}],"replies":[{"embeddable":true,"href":"https:\/\/www.btv.md\/ro\/wp-json\/wp\/v2\/comments?post=37931"}],"version-history":[{"count":0,"href":"https:\/\/www.btv.md\/ro\/wp-json\/wp\/v2\/posts\/37931\/revisions"}],"wp:featuredmedia":[{"embeddable":true,"href":"https:\/\/www.btv.md\/ro\/wp-json\/wp\/v2\/media\/31610"}],"wp:attachment":[{"href":"https:\/\/www.btv.md\/ro\/wp-json\/wp\/v2\/media?parent=37931"}],"wp:term":[{"taxonomy":"category","embeddable":true,"href":"https:\/\/www.btv.md\/ro\/wp-json\/wp\/v2\/categories?post=37931"},{"taxonomy":"post_tag","embeddable":true,"href":"https:\/\/www.btv.md\/ro\/wp-json\/wp\/v2\/tags?post=37931"}],"curies":[{"name":"wp","href":"https:\/\/api.w.org\/{rel}","templated":true}]}}