{"id":37933,"date":"2017-12-13T17:10:28","date_gmt":"2017-12-13T14:10:28","guid":{"rendered":"http:\/\/btv.md\/?p=37933"},"modified":"2017-12-13T17:10:28","modified_gmt":"2017-12-13T14:10:28","slug":"judecata-cu-scantei-la-balti-rapirea-si-bataia-i-a-costat-ani-grei-de-puscarie","status":"publish","type":"post","link":"https:\/\/www.btv.md\/ro\/judecata-cu-scantei-la-balti-rapirea-si-bataia-i-a-costat-ani-grei-de-puscarie\/","title":{"rendered":"Judecat\u0103 cu sc\u00e2ntei la B\u0103l\u021bi. R\u0103pirea \u0219i b\u0103taia i-a costat ani grei de pu\u0219c\u0103rie"},"content":{"rendered":"<p><strong>\u0218edin\u021b\u0103 cu sc\u00e2ntei la Judec\u0103toria B\u0103l\u021bi. Cinci b\u0103rba\u021bi au fost condamna\u021bi la ani grei de pu\u0219c\u0103rii dup\u0103 ce \u00een luna decembrie anul trecut au r\u0103pit dintr-un bar un b\u0103rbat, l-au urcat cu for\u0163a \u00een portbagajul unui automobil \u015fi l-au dus la cimitirul or\u0103\u015fenesc. Ulterior,\u00a0agresorii l-au snopit \u00een b\u0103taie \u0219i l-au impus s\u0103-\u0219i sape morm\u00e2ntul. Principalul \u00eenvinuit ar fi fiul vitreg al victimei, care s-a ales cu o pedeaps\u0103 de 15 ani, iar restul inculpa\u021bilor cu deten\u021bie de la 10 p\u00e2n\u0103 la 14 ani.<\/strong><\/p>\n<p style=\"text-align: center;\"><iframe data-src=\"https:\/\/www.youtube.com\/embed\/--kHU7oZu1g\" width=\"854\" height=\"480\" frameborder=\"0\" allowfullscreen=\"allowfullscreen\" src=\"data:image\/svg+xml;base64,PHN2ZyB3aWR0aD0iMSIgaGVpZ2h0PSIxIiB4bWxucz0iaHR0cDovL3d3dy53My5vcmcvMjAwMC9zdmciPjwvc3ZnPg==\" class=\"lazyload\" data-load-mode=\"1\"><\/iframe><\/p>\n<blockquote>\n<p>COJOCARU MIHAIL, JUDEC\u0102TOR: \u201d<em>\u00cen baza prevederii art.84 alin. <\/em><em>1 Cod Penal al Republicii Moldova prin concurs de infrac\u021biuni, <\/em><em>prin<\/em><em> cumul par\u021bial al pedepselor se stabile\u0219te: Petra\u0219iuc Alexandru Ion pedeaps\u0103 cu \u00eenchisoare pe un termen de 14 ani. <\/em><em>\u00cen temeiul articolului 85 Cod Penal se stabile\u0219te\u00a0 pedeaps\u0103 definitiv\u0103 lui Petra\u0219iuc sub form\u0103 de \u00eenchisoare de 15 ani\u201d.<\/em>\u00a0<\/p>\n<\/blockquote>\n<p>Dup\u0103 ce au aflat sentin\u021ba rudele \u0219i cei apropia\u021bi condamna\u021bilor s-au dat \u00een spectacol.<\/p>\n<p>Avocatul \u0219i rudele principalului \u00eenvinuit, Alexandru Petra\u0219ciuc, nu sunt de acord cu decizia primei instan\u021be \u0219i o vor ataca la Curtea de Apel.<\/p>\n<blockquote>\n<p>IANA LICHII, AVOCAT: \u201d<em>Nu suntem de acord cu decizia judec\u0103torului. Mai mult ca at\u00e2t clientul a fost adus pe targ\u0103 \u00een sala de judecat\u0103. Medicul a constatat\u00a0 c\u0103 este apt \u0219i imediat a fost etapat la penitenciarul Pruncul. Au fost chemate dou\u0103 salv\u0103ri care nu au reac\u021bionat \u00een niciun fel.\u00a0 Consider\u0103m c\u0103 sentin\u021ba este ilegal\u0103 \u0219i o vom ataca la Curtea de Apel\u201d<\/em>.\u00a0<\/p>\n<\/blockquote>\n<blockquote>\n<p>INGA LEBEDEVA, MAMA: \u201d<em>Eu m\u0103 voi pl\u00e2nge pe procuror, pe judec\u0103tor, pe \u0219eful penitenciarului, pe medicul din penitenciar \u0219i pe urgen\u021b\u0103, care nu i-a acordat ajutorul medical.\u00a0 Voi ajunge la judec\u0103toria de la Strasburg. Nu voi l\u0103sa a\u0219a acest proces<\/em>.\u00a0<em>Fiul m-a ap\u0103rat de fostul so\u021b.\u00a0 Acest caz nu a fost analizat detaliat. Nimeni nu a p\u0103truns \u00een esen\u021ba lui. De ce s-a produs conflictul\u201d<\/em>.<\/p>\n<\/blockquote>\n<p>Procurorul care a gestionat cazul spune c\u0103, hot\u0103r\u00e2rea magistratului de la Judec\u0103toria B\u0103l\u021bi este corect\u0103.<\/p>\n<blockquote>\n<p>TATIANA NADULI\u0218NEAC, PROCUROR: \u201d<em>Noi consider\u0103m c\u0103 categoriile pedepselor sunt aplicate corect, pentru c\u0103 ele sunt echitabile faptelor, care au fost comise de inculpa\u021bii \u00een cauz\u0103. Dup\u0103 ce vom face cuno\u0219tin\u021b\u0103 cu sentin\u021ba motivat\u0103, vom veni cu detalii\u201d.<\/em><\/p>\n<\/blockquote>\n<p>P\u00e2n\u0103 la pronun\u021barea sentin\u021bei de miercuri, mar\u021bi s-a desf\u0103\u0219urat penultima \u0219edin\u021b\u0103 de judecat\u0103, \u00een care inculpa\u021bii au \u021binut ultimele cuv\u00e2nt\u0103ri. Potrivit ap\u0103r\u0103rii, procesul s-a desf\u0103\u0219urat cu \u00eenc\u0103lc\u0103ri, deoarece principalul \u00eenvinuit \u00a0a fost adus cu for\u021ba, invoc\u00e2nd probleme de s\u0103n\u0103tate.<\/p>\n<blockquote>\n<p>ALEXANDRU PETRA\u0218CIUC, CONDAMNAT: \u201d<em>Ar putea s\u0103 pornesc\u0103 o cangren\u0103 la picior.\u00a0 \u00cen decizia medicului este indicat c\u0103 am probleme de s\u0103n\u0103tate. \u00cen pofida acesteia eu am fost adus la proces. Nu conteaz\u0103 pentru al\u021bii c\u0103 eu nu pot merge\u201d<\/em>.<\/p>\n<p>IANA LICHII, AVOCAT: \u201d<em>Clientul meu se afla \u00een stare grav\u0103 de s\u0103n\u0103tate. El a fost etapat de la spital. Afost adus pe targ\u0103 la indica\u021bia procurorului, silit. El are probleme la picior. Asta este nu doar prima \u00eenc\u0103lcare. \u0218edin\u021ba s-a desf\u0103\u0219urat la orele mesei. \u00cen a\u0219a mod de\u021binutul a fost lipsit de mas\u0103\u201d.<\/em><\/p>\n<\/blockquote>\n<p>Potrivit judec\u0103torului sentin\u021ba este cu drept de atac.<\/p>\n","protected":false},"excerpt":{"rendered":"<p>\u0218edin\u021b\u0103 cu sc\u00e2ntei la Judec\u0103toria B\u0103l\u021bi. Cinci b\u0103rba\u021bi au fost condamna\u021bi la ani grei de pu\u0219c\u0103rii dup\u0103 ce \u00een luna decembrie anul trecut au r\u0103pit dintr-un bar un b\u0103rbat, l-au urcat cu for\u0163a \u00een portbagajul unui automobil \u015fi l-au dus la cimitirul or\u0103\u015fenesc. Ulterior,\u00a0agresorii l-au snopit \u00een b\u0103taie \u0219i l-au impus s\u0103-\u0219i sape morm\u00e2ntul. Principalul [&hellip;]<\/p>\n","protected":false},"author":4,"featured_media":37934,"comment_status":"closed","ping_status":"closed","sticky":false,"template":"","format":"standard","meta":{"footnotes":""},"categories":[12],"tags":[],"class_list":["post-37933","post","type-post","status-publish","format-standard","has-post-thumbnail","hentry","category-balti"],"yoast_head":"<!-- This site is optimized with the Yoast SEO plugin v27.4 - https:\/\/yoast.com\/product\/yoast-seo-wordpress\/ -->\n<title>Judecat\u0103 cu sc\u00e2ntei la B\u0103l\u021bi. R\u0103pirea \u0219i b\u0103taia i-a costat ani de pu\u0219c\u0103rie<\/title>\n<meta name=\"description\" content=\"\u0218edin\u021b\u0103 cu sc\u00e2ntei la Judec\u0103toria B\u0103l\u021bi. Cinci b\u0103rba\u021bi au fost condamna\u021bi la ani grei de pu\u0219c\u0103rii dup\u0103 ce \u00een luna decembrie anul trecut au r\u0103pit un b\u0103rbat.\" \/>\n<meta name=\"robots\" content=\"index, follow, max-snippet:-1, max-image-preview:large, max-video-preview:-1\" \/>\n<link rel=\"canonical\" href=\"https:\/\/www.btv.md\/ro\/judecata-cu-scantei-la-balti-rapirea-si-bataia-i-a-costat-ani-grei-de-puscarie\/\" \/>\n<meta property=\"og:locale\" content=\"ro_RO\" \/>\n<meta property=\"og:type\" content=\"article\" \/>\n<meta property=\"og:title\" content=\"Judecat\u0103 cu sc\u00e2ntei la B\u0103l\u021bi. R\u0103pirea \u0219i b\u0103taia i-a costat ani grei de pu\u0219c\u0103rie\" \/>\n<meta property=\"og:description\" content=\"\u0218edin\u021b\u0103 cu sc\u00e2ntei la Judec\u0103toria B\u0103l\u021bi. Cinci b\u0103rba\u021bi au fost condamna\u021bi la ani grei de pu\u0219c\u0103rii dup\u0103 ce \u00een luna decembrie anul trecut au r\u0103pit dintr-un bar un b\u0103rbat.\" \/>\n<meta property=\"og:url\" content=\"https:\/\/www.btv.md\/ro\/judecata-cu-scantei-la-balti-rapirea-si-bataia-i-a-costat-ani-grei-de-puscarie\/\" \/>\n<meta property=\"og:site_name\" content=\"BTV\" \/>\n<meta property=\"article:publisher\" content=\"https:\/\/www.facebook.com\/btvmoldova\/\" \/>\n<meta property=\"article:published_time\" content=\"2017-12-13T14:10:28+00:00\" \/>\n<meta property=\"og:image\" content=\"https:\/\/www.btv.md\/wp-content\/uploads\/2017\/12\/judecatoria-balti.png\" \/>\n\t<meta property=\"og:image:width\" content=\"1366\" \/>\n\t<meta property=\"og:image:height\" content=\"589\" \/>\n\t<meta property=\"og:image:type\" content=\"image\/png\" \/>\n<meta name=\"author\" content=\"admin\" \/>\n<meta name=\"twitter:label1\" content=\"Scris de\" \/>\n\t<meta name=\"twitter:data1\" content=\"admin\" \/>\n\t<meta name=\"twitter:label2\" content=\"Timp estimat pentru citire\" \/>\n\t<meta name=\"twitter:data2\" content=\"3 minute\" \/>\n<script type=\"application\/ld+json\" class=\"yoast-schema-graph\">{\"@context\":\"https:\\\/\\\/schema.org\",\"@graph\":[{\"@type\":\"Article\",\"@id\":\"https:\\\/\\\/www.btv.md\\\/ro\\\/judecata-cu-scantei-la-balti-rapirea-si-bataia-i-a-costat-ani-grei-de-puscarie\\\/#article\",\"isPartOf\":{\"@id\":\"https:\\\/\\\/www.btv.md\\\/ro\\\/judecata-cu-scantei-la-balti-rapirea-si-bataia-i-a-costat-ani-grei-de-puscarie\\\/\"},\"author\":{\"name\":\"admin\",\"@id\":\"https:\\\/\\\/www.btv.md\\\/#\\\/schema\\\/person\\\/8fadce81561b3ce2c34c46dadc4ccbf2\"},\"headline\":\"Judecat\u0103 cu sc\u00e2ntei la B\u0103l\u021bi. R\u0103pirea \u0219i b\u0103taia i-a costat ani grei de pu\u0219c\u0103rie\",\"datePublished\":\"2017-12-13T14:10:28+00:00\",\"mainEntityOfPage\":{\"@id\":\"https:\\\/\\\/www.btv.md\\\/ro\\\/judecata-cu-scantei-la-balti-rapirea-si-bataia-i-a-costat-ani-grei-de-puscarie\\\/\"},\"wordCount\":597,\"image\":{\"@id\":\"https:\\\/\\\/www.btv.md\\\/ro\\\/judecata-cu-scantei-la-balti-rapirea-si-bataia-i-a-costat-ani-grei-de-puscarie\\\/#primaryimage\"},\"thumbnailUrl\":\"https:\\\/\\\/www.btv.md\\\/wp-content\\\/uploads\\\/2017\\\/12\\\/judecatoria-balti.png\",\"articleSection\":[\"\u0413\u043e\u0440\u043e\u0434\"],\"inLanguage\":\"ro-RO\"},{\"@type\":\"WebPage\",\"@id\":\"https:\\\/\\\/www.btv.md\\\/ro\\\/judecata-cu-scantei-la-balti-rapirea-si-bataia-i-a-costat-ani-grei-de-puscarie\\\/\",\"url\":\"https:\\\/\\\/www.btv.md\\\/ro\\\/judecata-cu-scantei-la-balti-rapirea-si-bataia-i-a-costat-ani-grei-de-puscarie\\\/\",\"name\":\"Judecat\u0103 cu sc\u00e2ntei la B\u0103l\u021bi. R\u0103pirea \u0219i b\u0103taia i-a costat ani de pu\u0219c\u0103rie\",\"isPartOf\":{\"@id\":\"https:\\\/\\\/www.btv.md\\\/#website\"},\"primaryImageOfPage\":{\"@id\":\"https:\\\/\\\/www.btv.md\\\/ro\\\/judecata-cu-scantei-la-balti-rapirea-si-bataia-i-a-costat-ani-grei-de-puscarie\\\/#primaryimage\"},\"image\":{\"@id\":\"https:\\\/\\\/www.btv.md\\\/ro\\\/judecata-cu-scantei-la-balti-rapirea-si-bataia-i-a-costat-ani-grei-de-puscarie\\\/#primaryimage\"},\"thumbnailUrl\":\"https:\\\/\\\/www.btv.md\\\/wp-content\\\/uploads\\\/2017\\\/12\\\/judecatoria-balti.png\",\"datePublished\":\"2017-12-13T14:10:28+00:00\",\"author\":{\"@id\":\"https:\\\/\\\/www.btv.md\\\/#\\\/schema\\\/person\\\/8fadce81561b3ce2c34c46dadc4ccbf2\"},\"description\":\"\u0218edin\u021b\u0103 cu sc\u00e2ntei la Judec\u0103toria B\u0103l\u021bi. Cinci b\u0103rba\u021bi au fost condamna\u021bi la ani grei de pu\u0219c\u0103rii dup\u0103 ce \u00een luna decembrie anul trecut au r\u0103pit un b\u0103rbat.\",\"inLanguage\":\"ro-RO\",\"potentialAction\":[{\"@type\":\"ReadAction\",\"target\":[\"https:\\\/\\\/www.btv.md\\\/ro\\\/judecata-cu-scantei-la-balti-rapirea-si-bataia-i-a-costat-ani-grei-de-puscarie\\\/\"]}]},{\"@type\":\"ImageObject\",\"inLanguage\":\"ro-RO\",\"@id\":\"https:\\\/\\\/www.btv.md\\\/ro\\\/judecata-cu-scantei-la-balti-rapirea-si-bataia-i-a-costat-ani-grei-de-puscarie\\\/#primaryimage\",\"url\":\"https:\\\/\\\/www.btv.md\\\/wp-content\\\/uploads\\\/2017\\\/12\\\/judecatoria-balti.png\",\"contentUrl\":\"https:\\\/\\\/www.btv.md\\\/wp-content\\\/uploads\\\/2017\\\/12\\\/judecatoria-balti.png\",\"width\":1366,\"height\":589,\"caption\":\"judecat\u0103\"},{\"@type\":\"WebSite\",\"@id\":\"https:\\\/\\\/www.btv.md\\\/#website\",\"url\":\"https:\\\/\\\/www.btv.md\\\/\",\"name\":\"BTV\",\"description\":\"\u0411\u0435\u043b\u044c\u0446\u043a\u043e\u0435 \u0442\u0435\u043b\u0435\u0432\u0438\u0434\u0435\u043d\u0438\u0435\",\"potentialAction\":[{\"@type\":\"SearchAction\",\"target\":{\"@type\":\"EntryPoint\",\"urlTemplate\":\"https:\\\/\\\/www.btv.md\\\/?s={search_term_string}\"},\"query-input\":{\"@type\":\"PropertyValueSpecification\",\"valueRequired\":true,\"valueName\":\"search_term_string\"}}],\"inLanguage\":\"ro-RO\"},{\"@type\":\"Person\",\"@id\":\"https:\\\/\\\/www.btv.md\\\/#\\\/schema\\\/person\\\/8fadce81561b3ce2c34c46dadc4ccbf2\",\"name\":\"admin\"}]}<\/script>\n<!-- \/ Yoast SEO plugin. -->","yoast_head_json":{"title":"Judecat\u0103 cu sc\u00e2ntei la B\u0103l\u021bi. R\u0103pirea \u0219i b\u0103taia i-a costat ani de pu\u0219c\u0103rie","description":"\u0218edin\u021b\u0103 cu sc\u00e2ntei la Judec\u0103toria B\u0103l\u021bi. Cinci b\u0103rba\u021bi au fost condamna\u021bi la ani grei de pu\u0219c\u0103rii dup\u0103 ce \u00een luna decembrie anul trecut au r\u0103pit un b\u0103rbat.","robots":{"index":"index","follow":"follow","max-snippet":"max-snippet:-1","max-image-preview":"max-image-preview:large","max-video-preview":"max-video-preview:-1"},"canonical":"https:\/\/www.btv.md\/ro\/judecata-cu-scantei-la-balti-rapirea-si-bataia-i-a-costat-ani-grei-de-puscarie\/","og_locale":"ro_RO","og_type":"article","og_title":"Judecat\u0103 cu sc\u00e2ntei la B\u0103l\u021bi. R\u0103pirea \u0219i b\u0103taia i-a costat ani grei de pu\u0219c\u0103rie","og_description":"\u0218edin\u021b\u0103 cu sc\u00e2ntei la Judec\u0103toria B\u0103l\u021bi. Cinci b\u0103rba\u021bi au fost condamna\u021bi la ani grei de pu\u0219c\u0103rii dup\u0103 ce \u00een luna decembrie anul trecut au r\u0103pit dintr-un bar un b\u0103rbat.","og_url":"https:\/\/www.btv.md\/ro\/judecata-cu-scantei-la-balti-rapirea-si-bataia-i-a-costat-ani-grei-de-puscarie\/","og_site_name":"BTV","article_publisher":"https:\/\/www.facebook.com\/btvmoldova\/","article_published_time":"2017-12-13T14:10:28+00:00","og_image":[{"width":1366,"height":589,"url":"https:\/\/www.btv.md\/wp-content\/uploads\/2017\/12\/judecatoria-balti.png","type":"image\/png"}],"author":"admin","twitter_misc":{"Scris de":"admin","Timp estimat pentru citire":"3 minute"},"schema":{"@context":"https:\/\/schema.org","@graph":[{"@type":"Article","@id":"https:\/\/www.btv.md\/ro\/judecata-cu-scantei-la-balti-rapirea-si-bataia-i-a-costat-ani-grei-de-puscarie\/#article","isPartOf":{"@id":"https:\/\/www.btv.md\/ro\/judecata-cu-scantei-la-balti-rapirea-si-bataia-i-a-costat-ani-grei-de-puscarie\/"},"author":{"name":"admin","@id":"https:\/\/www.btv.md\/#\/schema\/person\/8fadce81561b3ce2c34c46dadc4ccbf2"},"headline":"Judecat\u0103 cu sc\u00e2ntei la B\u0103l\u021bi. R\u0103pirea \u0219i b\u0103taia i-a costat ani grei de pu\u0219c\u0103rie","datePublished":"2017-12-13T14:10:28+00:00","mainEntityOfPage":{"@id":"https:\/\/www.btv.md\/ro\/judecata-cu-scantei-la-balti-rapirea-si-bataia-i-a-costat-ani-grei-de-puscarie\/"},"wordCount":597,"image":{"@id":"https:\/\/www.btv.md\/ro\/judecata-cu-scantei-la-balti-rapirea-si-bataia-i-a-costat-ani-grei-de-puscarie\/#primaryimage"},"thumbnailUrl":"https:\/\/www.btv.md\/wp-content\/uploads\/2017\/12\/judecatoria-balti.png","articleSection":["\u0413\u043e\u0440\u043e\u0434"],"inLanguage":"ro-RO"},{"@type":"WebPage","@id":"https:\/\/www.btv.md\/ro\/judecata-cu-scantei-la-balti-rapirea-si-bataia-i-a-costat-ani-grei-de-puscarie\/","url":"https:\/\/www.btv.md\/ro\/judecata-cu-scantei-la-balti-rapirea-si-bataia-i-a-costat-ani-grei-de-puscarie\/","name":"Judecat\u0103 cu sc\u00e2ntei la B\u0103l\u021bi. R\u0103pirea \u0219i b\u0103taia i-a costat ani de pu\u0219c\u0103rie","isPartOf":{"@id":"https:\/\/www.btv.md\/#website"},"primaryImageOfPage":{"@id":"https:\/\/www.btv.md\/ro\/judecata-cu-scantei-la-balti-rapirea-si-bataia-i-a-costat-ani-grei-de-puscarie\/#primaryimage"},"image":{"@id":"https:\/\/www.btv.md\/ro\/judecata-cu-scantei-la-balti-rapirea-si-bataia-i-a-costat-ani-grei-de-puscarie\/#primaryimage"},"thumbnailUrl":"https:\/\/www.btv.md\/wp-content\/uploads\/2017\/12\/judecatoria-balti.png","datePublished":"2017-12-13T14:10:28+00:00","author":{"@id":"https:\/\/www.btv.md\/#\/schema\/person\/8fadce81561b3ce2c34c46dadc4ccbf2"},"description":"\u0218edin\u021b\u0103 cu sc\u00e2ntei la Judec\u0103toria B\u0103l\u021bi. Cinci b\u0103rba\u021bi au fost condamna\u021bi la ani grei de pu\u0219c\u0103rii dup\u0103 ce \u00een luna decembrie anul trecut au r\u0103pit un b\u0103rbat.","inLanguage":"ro-RO","potentialAction":[{"@type":"ReadAction","target":["https:\/\/www.btv.md\/ro\/judecata-cu-scantei-la-balti-rapirea-si-bataia-i-a-costat-ani-grei-de-puscarie\/"]}]},{"@type":"ImageObject","inLanguage":"ro-RO","@id":"https:\/\/www.btv.md\/ro\/judecata-cu-scantei-la-balti-rapirea-si-bataia-i-a-costat-ani-grei-de-puscarie\/#primaryimage","url":"https:\/\/www.btv.md\/wp-content\/uploads\/2017\/12\/judecatoria-balti.png","contentUrl":"https:\/\/www.btv.md\/wp-content\/uploads\/2017\/12\/judecatoria-balti.png","width":1366,"height":589,"caption":"judecat\u0103"},{"@type":"WebSite","@id":"https:\/\/www.btv.md\/#website","url":"https:\/\/www.btv.md\/","name":"BTV","description":"\u0411\u0435\u043b\u044c\u0446\u043a\u043e\u0435 \u0442\u0435\u043b\u0435\u0432\u0438\u0434\u0435\u043d\u0438\u0435","potentialAction":[{"@type":"SearchAction","target":{"@type":"EntryPoint","urlTemplate":"https:\/\/www.btv.md\/?s={search_term_string}"},"query-input":{"@type":"PropertyValueSpecification","valueRequired":true,"valueName":"search_term_string"}}],"inLanguage":"ro-RO"},{"@type":"Person","@id":"https:\/\/www.btv.md\/#\/schema\/person\/8fadce81561b3ce2c34c46dadc4ccbf2","name":"admin"}]}},"_links":{"self":[{"href":"https:\/\/www.btv.md\/ro\/wp-json\/wp\/v2\/posts\/37933","targetHints":{"allow":["GET"]}}],"collection":[{"href":"https:\/\/www.btv.md\/ro\/wp-json\/wp\/v2\/posts"}],"about":[{"href":"https:\/\/www.btv.md\/ro\/wp-json\/wp\/v2\/types\/post"}],"author":[{"embeddable":true,"href":"https:\/\/www.btv.md\/ro\/wp-json\/wp\/v2\/users\/4"}],"replies":[{"embeddable":true,"href":"https:\/\/www.btv.md\/ro\/wp-json\/wp\/v2\/comments?post=37933"}],"version-history":[{"count":0,"href":"https:\/\/www.btv.md\/ro\/wp-json\/wp\/v2\/posts\/37933\/revisions"}],"wp:featuredmedia":[{"embeddable":true,"href":"https:\/\/www.btv.md\/ro\/wp-json\/wp\/v2\/media\/37934"}],"wp:attachment":[{"href":"https:\/\/www.btv.md\/ro\/wp-json\/wp\/v2\/media?parent=37933"}],"wp:term":[{"taxonomy":"category","embeddable":true,"href":"https:\/\/www.btv.md\/ro\/wp-json\/wp\/v2\/categories?post=37933"},{"taxonomy":"post_tag","embeddable":true,"href":"https:\/\/www.btv.md\/ro\/wp-json\/wp\/v2\/tags?post=37933"}],"curies":[{"name":"wp","href":"https:\/\/api.w.org\/{rel}","templated":true}]}}